{"id":653,"date":"2020-07-18T00:49:00","date_gmt":"2020-07-18T05:49:00","guid":{"rendered":"https:\/\/esp.championforest.org\/devotionals\/?p=653"},"modified":"2020-07-15T15:52:12","modified_gmt":"2020-07-15T20:52:12","slug":"7-18-2020","status":"publish","type":"post","link":"https:\/\/esp.championforest.org\/devotionals\/7-18-2020\/","title":{"rendered":"Devocionales Diarios:  Julio 18"},"content":{"rendered":"\n<p>Julio 18 2020<\/p>\n\n\n\n<p><\/p>\n\n\n\n<div class=\"wp-block-ugb-container ugb-container ugb-7df4d1d ugb-container--v2 ugb-container--design-basic ugb-main-block\" id=\"\"><style>.ugb-7df4d1d-wrapper.ugb-container__wrapper{border-radius:12px !important;background-color:#f1f1f1 !important}.ugb-7df4d1d-content-wrapper.ugb-container__content-wrapper{width:100% !important}.ugb-7df4d1d-wrapper.ugb-container__wrapper:before{background-color:#f1f1f1 !important}.ugb-7df4d1d-content-wrapper > h1,.ugb-7df4d1d-content-wrapper > h2,.ugb-7df4d1d-content-wrapper > h3,.ugb-7df4d1d-content-wrapper > h4,.ugb-7df4d1d-content-wrapper > h5,.ugb-7df4d1d-content-wrapper > h6{color:#222222}.ugb-7df4d1d-content-wrapper > p,.ugb-7df4d1d-content-wrapper > ol li,.ugb-7df4d1d-content-wrapper > ul li{color:#222222}<\/style><div class=\"ugb-inner-block\"><div class=\"ugb-block-content\"><div class=\"ugb-container__wrapper ugb-7df4d1d-wrapper ugb--shadow-3\"><div class=\"ugb-container__side\"><div class=\"ugb-container__content-wrapper ugb-7df4d1d-content-wrapper\">\n<h3 class=\"wp-block-heading\">1 Corintios 2<\/h3>\n\n\n\n<h5 class=\"wp-block-heading\">Proclamando a Cristo crucificado<\/h5>\n\n\n\n<p><strong>2&nbsp;<\/strong>&nbsp;As\u00ed que, hermanos, cuando fui a vosotros para anunciaros el testimonio de Dios, no fui con excelencia de palabras o de sabidur\u00eda.<\/p>\n\n\n\n<p><sup>2&nbsp;<\/sup>Pues me propuse no saber entre vosotros cosa alguna sino a Jesucristo, y a \u00e9ste crucificado.<\/p>\n\n\n\n<p><sup>3&nbsp;<\/sup>Y estuve entre vosotros con debilidad, y mucho temor y temblor;<\/p>\n\n\n\n<p><sup>4&nbsp;<\/sup>y ni mi palabra ni mi predicaci\u00f3n fue con palabras persuasivas de humana sabidur\u00eda, sino con demostraci\u00f3n del Esp\u00edritu y de poder,<\/p>\n\n\n\n<p><sup>5&nbsp;<\/sup>para que vuestra fe no est\u00e9 fundada en la sabidur\u00eda de los hombres, sino en el poder de Dios.<\/p>\n\n\n\n<h5 class=\"wp-block-heading\">La revelaci\u00f3n por el Esp\u00edritu de Dios<\/h5>\n\n\n\n<p><sup>6&nbsp;<\/sup>Sin embargo, hablamos sabidur\u00eda entre los que han alcanzado madurez; y sabidur\u00eda, no de este siglo, ni de los pr\u00edncipes de este siglo, que perecen.<\/p>\n\n\n\n<p><sup>7&nbsp;<\/sup>Mas hablamos sabidur\u00eda de Dios en misterio, la sabidur\u00eda oculta, la cual Dios predestin\u00f3 antes de los siglos para nuestra gloria,<\/p>\n\n\n\n<p><sup>8&nbsp;<\/sup>la que ninguno de los pr\u00edncipes de este siglo conoci\u00f3; porque si la hubieran conocido, nunca habr\u00edan crucificado al Se\u00f1or de gloria.<\/p>\n\n\n\n<p><sup>9&nbsp;<\/sup>Antes bien, como est\u00e1 escrito:<br>&nbsp;&nbsp;&nbsp;&nbsp;Cosas que ojo no vio, ni o\u00eddo oy\u00f3,<br>&nbsp;&nbsp;&nbsp;&nbsp;Ni han subido en coraz\u00f3n de hombre,<br>&nbsp;&nbsp;&nbsp;&nbsp;Son las que Dios ha preparado para los que le aman.&nbsp;m<\/p>\n\n\n\n<p><sup>10&nbsp;<\/sup>Pero Dios nos las revel\u00f3 a nosotros por el Esp\u00edritu; porque el Esp\u00edritu todo lo escudri\u00f1a, aun lo profundo de Dios.<\/p>\n\n\n\n<p><sup>11&nbsp;<\/sup>Porque \u00bfqui\u00e9n de los hombres sabe las cosas del hombre, sino el esp\u00edritu del hombre que est\u00e1 en \u00e9l? As\u00ed tampoco nadie conoci\u00f3 las cosas de Dios, sino el Esp\u00edritu de Dios.<\/p>\n\n\n\n<p><sup>12&nbsp;<\/sup>Y nosotros no hemos recibido el esp\u00edritu del mundo, sino el Esp\u00edritu que proviene de Dios, para que sepamos lo que Dios nos ha concedido,<\/p>\n\n\n\n<p><sup>13&nbsp;<\/sup>lo cual tambi\u00e9n hablamos, no con palabras ense\u00f1adas por sabidur\u00eda humana, sino con las que ense\u00f1a el Esp\u00edritu, acomodando lo espiritual a lo espiritual.<\/p>\n\n\n\n<p><sup>14&nbsp;<\/sup>Pero el hombre natural no percibe las cosas que son del Esp\u00edritu de Dios, porque para \u00e9l son locura, y no las puede entender, porque se han de discernir espiritualmente.<\/p>\n\n\n\n<p><sup>15&nbsp;<\/sup>En cambio el espiritual juzga todas las cosas; pero \u00e9l no es juzgado de nadie.<\/p>\n\n\n\n<p><sup>16&nbsp;<\/sup>Porque \u00bfqui\u00e9n conoci\u00f3 la mente del Se\u00f1or? \u00bfQui\u00e9n le instruir\u00e1?&nbsp;Mas nosotros tenemos la mente de Cristo.<\/p>\n\n\n\n<p><em>Versi\u00f3n Reina-Valera 1960 \u00a9 Sociedades B\u00edblicas en Am\u00e9rica Latina, 1960. Renovado \u00a9 Sociedades B\u00edblicas Unidas, 1988.<\/em><\/p>\n<\/div><\/div><\/div><\/div><\/div><\/div>\n\n\n\n<p><\/p>\n\n\n\n<p><\/p>\n","protected":false},"excerpt":{"rendered":"<p>Julio 18 2020 1 Corintios 2 Proclamando a Cristo crucificado 2&nbsp;&nbsp;As\u00ed que, hermanos, cuando fui a vosotros para anunciaros el testimonio de Dios, no fui con excelencia de palabras o de sabidur\u00eda. 2&nbsp;Pues me propuse no saber entre vosotros cosa alguna sino a Jesucristo, y a \u00e9ste crucificado. 3&nbsp;Y estuve entre vosotros con debilidad, y &hellip; <a href=\"https:\/\/esp.championforest.org\/devotionals\/7-18-2020\/\" class=\"more-link\">Continue reading <span class=\"screen-reader-text\">Devocionales Diarios:  Julio 18<\/span><\/a><\/p>\n","protected":false},"author":3,"featured_media":9,"comment_status":"open","ping_status":"open","sticky":false,"template":"","format":"standard","meta":{"footnotes":""},"categories":[6],"tags":[12],"class_list":["post-653","post","type-post","status-publish","format-standard","has-post-thumbnail","hentry","category-devocionales","tag-corintios"],"featured_image_urls_v2":{"full":["https:\/\/esp.championforest.org\/devotionals\/wp-content\/uploads\/2019\/11\/bible-banner.jpg",2000,733,false],"thumbnail":["https:\/\/esp.championforest.org\/devotionals\/wp-content\/uploads\/2019\/11\/bible-banner-150x150.jpg",150,150,true],"medium":["https:\/\/esp.championforest.org\/devotionals\/wp-content\/uploads\/2019\/11\/bible-banner-300x110.jpg",300,110,true],"medium_large":["https:\/\/esp.championforest.org\/devotionals\/wp-content\/uploads\/2019\/11\/bible-banner-768x281.jpg",768,281,true],"large":["https:\/\/esp.championforest.org\/devotionals\/wp-content\/uploads\/2019\/11\/bible-banner-1024x375.jpg",900,330,true],"1536x1536":["https:\/\/esp.championforest.org\/devotionals\/wp-content\/uploads\/2019\/11\/bible-banner-1536x563.jpg",1536,563,true],"2048x2048":["https:\/\/esp.championforest.org\/devotionals\/wp-content\/uploads\/2019\/11\/bible-banner.jpg",2000,733,false],"post-thumbnail":["https:\/\/esp.championforest.org\/devotionals\/wp-content\/uploads\/2019\/11\/bible-banner.jpg",2000,733,false]},"post_excerpt_stackable_v2":"<p>Julio 18 2020 1 Corintios 2 Proclamando a Cristo crucificado 2&nbsp;&nbsp;As\u00ed que, hermanos, cuando fui a vosotros para anunciaros el testimonio de Dios, no fui con excelencia de palabras o de sabidur\u00eda. 2&nbsp;Pues me propuse no saber entre vosotros cosa alguna sino a Jesucristo, y a \u00e9ste crucificado. 3&nbsp;Y estuve entre vosotros con debilidad, y mucho temor y temblor; 4&nbsp;y ni mi palabra ni mi predicaci\u00f3n fue con palabras persuasivas de humana sabidur\u00eda, sino con demostraci\u00f3n del Esp\u00edritu y de poder, 5&nbsp;para que vuestra fe no est\u00e9 fundada en la sabidur\u00eda de los hombres, sino en el poder de Dios.&hellip;<\/p>\n","category_list_v2":"<a href=\"https:\/\/esp.championforest.org\/devotionals\/category\/devocionales\/\" rel=\"category tag\">Devocionales<\/a>","author_info_v2":{"name":"Nhora Medina","url":"https:\/\/esp.championforest.org\/devotionals\/author\/devo-editor-medina\/"},"comments_num_v2":"0 comments","yoast_head":"<!-- This site is optimized with the Yoast SEO plugin v27.3 - https:\/\/yoast.com\/product\/yoast-seo-wordpress\/ -->\n<title>Devocionales Diarios: Julio 18 - Devocionales<\/title>\n<meta name=\"robots\" content=\"index, follow, max-snippet:-1, max-image-preview:large, max-video-preview:-1\" \/>\n<link rel=\"canonical\" href=\"https:\/\/esp.championforest.org\/devotionals\/7-18-2020\/\" \/>\n<meta property=\"og:locale\" content=\"en_US\" \/>\n<meta property=\"og:type\" content=\"article\" \/>\n<meta property=\"og:title\" content=\"Devocionales Diarios: Julio 18 - Devocionales\" \/>\n<meta property=\"og:description\" content=\"Julio 18 2020 1 Corintios 2 Proclamando a Cristo crucificado 2&nbsp;&nbsp;As\u00ed que, hermanos, cuando fui a vosotros para anunciaros el testimonio de Dios, no fui con excelencia de palabras o de sabidur\u00eda. 2&nbsp;Pues me propuse no saber entre vosotros cosa alguna sino a Jesucristo, y a \u00e9ste crucificado. 3&nbsp;Y estuve entre vosotros con debilidad, y &hellip; Continue reading Devocionales Diarios: Julio 18\" \/>\n<meta property=\"og:url\" content=\"https:\/\/esp.championforest.org\/devotionals\/7-18-2020\/\" \/>\n<meta property=\"og:site_name\" content=\"Devocionales\" \/>\n<meta property=\"article:published_time\" content=\"2020-07-18T05:49:00+00:00\" \/>\n<meta property=\"og:image\" content=\"https:\/\/esp.championforest.org\/devotionals\/wp-content\/uploads\/2019\/11\/bible-banner.jpg\" \/>\n\t<meta property=\"og:image:width\" content=\"2000\" \/>\n\t<meta property=\"og:image:height\" content=\"733\" \/>\n\t<meta property=\"og:image:type\" content=\"image\/jpeg\" \/>\n<meta name=\"author\" content=\"Nhora Medina\" \/>\n<meta name=\"twitter:card\" content=\"summary_large_image\" \/>\n<meta name=\"twitter:label1\" content=\"Written by\" \/>\n\t<meta name=\"twitter:data1\" content=\"Nhora Medina\" \/>\n\t<meta name=\"twitter:label2\" content=\"Est. reading time\" \/>\n\t<meta name=\"twitter:data2\" content=\"2 minutes\" \/>\n<script type=\"application\/ld+json\" class=\"yoast-schema-graph\">{\"@context\":\"https:\\\/\\\/schema.org\",\"@graph\":[{\"@type\":\"Article\",\"@id\":\"https:\\\/\\\/esp.championforest.org\\\/devotionals\\\/7-18-2020\\\/#article\",\"isPartOf\":{\"@id\":\"https:\\\/\\\/esp.championforest.org\\\/devotionals\\\/7-18-2020\\\/\"},\"author\":{\"name\":\"Nhora Medina\",\"@id\":\"https:\\\/\\\/esp.championforest.org\\\/devotionals\\\/#\\\/schema\\\/person\\\/0096378efd42d36516bcf765eed089b3\"},\"headline\":\"Devocionales Diarios: Julio 18\",\"datePublished\":\"2020-07-18T05:49:00+00:00\",\"mainEntityOfPage\":{\"@id\":\"https:\\\/\\\/esp.championforest.org\\\/devotionals\\\/7-18-2020\\\/\"},\"wordCount\":451,\"commentCount\":0,\"image\":{\"@id\":\"https:\\\/\\\/esp.championforest.org\\\/devotionals\\\/7-18-2020\\\/#primaryimage\"},\"thumbnailUrl\":\"https:\\\/\\\/esp.championforest.org\\\/devotionals\\\/wp-content\\\/uploads\\\/2019\\\/11\\\/bible-banner.jpg\",\"keywords\":[\"CORINTIOS\"],\"articleSection\":[\"Devocionales\"],\"inLanguage\":\"en-US\",\"potentialAction\":[{\"@type\":\"CommentAction\",\"name\":\"Comment\",\"target\":[\"https:\\\/\\\/esp.championforest.org\\\/devotionals\\\/7-18-2020\\\/#respond\"]}]},{\"@type\":\"WebPage\",\"@id\":\"https:\\\/\\\/esp.championforest.org\\\/devotionals\\\/7-18-2020\\\/\",\"url\":\"https:\\\/\\\/esp.championforest.org\\\/devotionals\\\/7-18-2020\\\/\",\"name\":\"Devocionales Diarios: Julio 18 - Devocionales\",\"isPartOf\":{\"@id\":\"https:\\\/\\\/esp.championforest.org\\\/devotionals\\\/#website\"},\"primaryImageOfPage\":{\"@id\":\"https:\\\/\\\/esp.championforest.org\\\/devotionals\\\/7-18-2020\\\/#primaryimage\"},\"image\":{\"@id\":\"https:\\\/\\\/esp.championforest.org\\\/devotionals\\\/7-18-2020\\\/#primaryimage\"},\"thumbnailUrl\":\"https:\\\/\\\/esp.championforest.org\\\/devotionals\\\/wp-content\\\/uploads\\\/2019\\\/11\\\/bible-banner.jpg\",\"datePublished\":\"2020-07-18T05:49:00+00:00\",\"author\":{\"@id\":\"https:\\\/\\\/esp.championforest.org\\\/devotionals\\\/#\\\/schema\\\/person\\\/0096378efd42d36516bcf765eed089b3\"},\"breadcrumb\":{\"@id\":\"https:\\\/\\\/esp.championforest.org\\\/devotionals\\\/7-18-2020\\\/#breadcrumb\"},\"inLanguage\":\"en-US\",\"potentialAction\":[{\"@type\":\"ReadAction\",\"target\":[\"https:\\\/\\\/esp.championforest.org\\\/devotionals\\\/7-18-2020\\\/\"]}]},{\"@type\":\"ImageObject\",\"inLanguage\":\"en-US\",\"@id\":\"https:\\\/\\\/esp.championforest.org\\\/devotionals\\\/7-18-2020\\\/#primaryimage\",\"url\":\"https:\\\/\\\/esp.championforest.org\\\/devotionals\\\/wp-content\\\/uploads\\\/2019\\\/11\\\/bible-banner.jpg\",\"contentUrl\":\"https:\\\/\\\/esp.championforest.org\\\/devotionals\\\/wp-content\\\/uploads\\\/2019\\\/11\\\/bible-banner.jpg\",\"width\":2000,\"height\":733},{\"@type\":\"BreadcrumbList\",\"@id\":\"https:\\\/\\\/esp.championforest.org\\\/devotionals\\\/7-18-2020\\\/#breadcrumb\",\"itemListElement\":[{\"@type\":\"ListItem\",\"position\":1,\"name\":\"Casa\",\"item\":\"https:\\\/\\\/esp.championforest.org\\\/devotionals\\\/\"},{\"@type\":\"ListItem\",\"position\":2,\"name\":\"Devocionales Diarios: Julio 18\"}]},{\"@type\":\"WebSite\",\"@id\":\"https:\\\/\\\/esp.championforest.org\\\/devotionals\\\/#website\",\"url\":\"https:\\\/\\\/esp.championforest.org\\\/devotionals\\\/\",\"name\":\"Devocionales\",\"description\":\"\",\"potentialAction\":[{\"@type\":\"SearchAction\",\"target\":{\"@type\":\"EntryPoint\",\"urlTemplate\":\"https:\\\/\\\/esp.championforest.org\\\/devotionals\\\/?s={search_term_string}\"},\"query-input\":{\"@type\":\"PropertyValueSpecification\",\"valueRequired\":true,\"valueName\":\"search_term_string\"}}],\"inLanguage\":\"en-US\"},{\"@type\":\"Person\",\"@id\":\"https:\\\/\\\/esp.championforest.org\\\/devotionals\\\/#\\\/schema\\\/person\\\/0096378efd42d36516bcf765eed089b3\",\"name\":\"Nhora Medina\",\"image\":{\"@type\":\"ImageObject\",\"inLanguage\":\"en-US\",\"@id\":\"https:\\\/\\\/secure.gravatar.com\\\/avatar\\\/3050849107c1f0db2f382da068401423bd10ce56c232b7ec7497a009890983b9?s=96&d=mm&r=g\",\"url\":\"https:\\\/\\\/secure.gravatar.com\\\/avatar\\\/3050849107c1f0db2f382da068401423bd10ce56c232b7ec7497a009890983b9?s=96&d=mm&r=g\",\"contentUrl\":\"https:\\\/\\\/secure.gravatar.com\\\/avatar\\\/3050849107c1f0db2f382da068401423bd10ce56c232b7ec7497a009890983b9?s=96&d=mm&r=g\",\"caption\":\"Nhora Medina\"},\"url\":\"https:\\\/\\\/esp.championforest.org\\\/devotionals\\\/author\\\/devo-editor-medina\\\/\"}]}<\/script>\n<!-- \/ Yoast SEO plugin. -->","yoast_head_json":{"title":"Devocionales Diarios: Julio 18 - Devocionales","robots":{"index":"index","follow":"follow","max-snippet":"max-snippet:-1","max-image-preview":"max-image-preview:large","max-video-preview":"max-video-preview:-1"},"canonical":"https:\/\/esp.championforest.org\/devotionals\/7-18-2020\/","og_locale":"en_US","og_type":"article","og_title":"Devocionales Diarios: Julio 18 - Devocionales","og_description":"Julio 18 2020 1 Corintios 2 Proclamando a Cristo crucificado 2&nbsp;&nbsp;As\u00ed que, hermanos, cuando fui a vosotros para anunciaros el testimonio de Dios, no fui con excelencia de palabras o de sabidur\u00eda. 2&nbsp;Pues me propuse no saber entre vosotros cosa alguna sino a Jesucristo, y a \u00e9ste crucificado. 3&nbsp;Y estuve entre vosotros con debilidad, y &hellip; Continue reading Devocionales Diarios: Julio 18","og_url":"https:\/\/esp.championforest.org\/devotionals\/7-18-2020\/","og_site_name":"Devocionales","article_published_time":"2020-07-18T05:49:00+00:00","og_image":[{"width":2000,"height":733,"url":"https:\/\/esp.championforest.org\/devotionals\/wp-content\/uploads\/2019\/11\/bible-banner.jpg","type":"image\/jpeg"}],"author":"Nhora Medina","twitter_card":"summary_large_image","twitter_misc":{"Written by":"Nhora Medina","Est. reading time":"2 minutes"},"schema":{"@context":"https:\/\/schema.org","@graph":[{"@type":"Article","@id":"https:\/\/esp.championforest.org\/devotionals\/7-18-2020\/#article","isPartOf":{"@id":"https:\/\/esp.championforest.org\/devotionals\/7-18-2020\/"},"author":{"name":"Nhora Medina","@id":"https:\/\/esp.championforest.org\/devotionals\/#\/schema\/person\/0096378efd42d36516bcf765eed089b3"},"headline":"Devocionales Diarios: Julio 18","datePublished":"2020-07-18T05:49:00+00:00","mainEntityOfPage":{"@id":"https:\/\/esp.championforest.org\/devotionals\/7-18-2020\/"},"wordCount":451,"commentCount":0,"image":{"@id":"https:\/\/esp.championforest.org\/devotionals\/7-18-2020\/#primaryimage"},"thumbnailUrl":"https:\/\/esp.championforest.org\/devotionals\/wp-content\/uploads\/2019\/11\/bible-banner.jpg","keywords":["CORINTIOS"],"articleSection":["Devocionales"],"inLanguage":"en-US","potentialAction":[{"@type":"CommentAction","name":"Comment","target":["https:\/\/esp.championforest.org\/devotionals\/7-18-2020\/#respond"]}]},{"@type":"WebPage","@id":"https:\/\/esp.championforest.org\/devotionals\/7-18-2020\/","url":"https:\/\/esp.championforest.org\/devotionals\/7-18-2020\/","name":"Devocionales Diarios: Julio 18 - Devocionales","isPartOf":{"@id":"https:\/\/esp.championforest.org\/devotionals\/#website"},"primaryImageOfPage":{"@id":"https:\/\/esp.championforest.org\/devotionals\/7-18-2020\/#primaryimage"},"image":{"@id":"https:\/\/esp.championforest.org\/devotionals\/7-18-2020\/#primaryimage"},"thumbnailUrl":"https:\/\/esp.championforest.org\/devotionals\/wp-content\/uploads\/2019\/11\/bible-banner.jpg","datePublished":"2020-07-18T05:49:00+00:00","author":{"@id":"https:\/\/esp.championforest.org\/devotionals\/#\/schema\/person\/0096378efd42d36516bcf765eed089b3"},"breadcrumb":{"@id":"https:\/\/esp.championforest.org\/devotionals\/7-18-2020\/#breadcrumb"},"inLanguage":"en-US","potentialAction":[{"@type":"ReadAction","target":["https:\/\/esp.championforest.org\/devotionals\/7-18-2020\/"]}]},{"@type":"ImageObject","inLanguage":"en-US","@id":"https:\/\/esp.championforest.org\/devotionals\/7-18-2020\/#primaryimage","url":"https:\/\/esp.championforest.org\/devotionals\/wp-content\/uploads\/2019\/11\/bible-banner.jpg","contentUrl":"https:\/\/esp.championforest.org\/devotionals\/wp-content\/uploads\/2019\/11\/bible-banner.jpg","width":2000,"height":733},{"@type":"BreadcrumbList","@id":"https:\/\/esp.championforest.org\/devotionals\/7-18-2020\/#breadcrumb","itemListElement":[{"@type":"ListItem","position":1,"name":"Casa","item":"https:\/\/esp.championforest.org\/devotionals\/"},{"@type":"ListItem","position":2,"name":"Devocionales Diarios: Julio 18"}]},{"@type":"WebSite","@id":"https:\/\/esp.championforest.org\/devotionals\/#website","url":"https:\/\/esp.championforest.org\/devotionals\/","name":"Devocionales","description":"","potentialAction":[{"@type":"SearchAction","target":{"@type":"EntryPoint","urlTemplate":"https:\/\/esp.championforest.org\/devotionals\/?s={search_term_string}"},"query-input":{"@type":"PropertyValueSpecification","valueRequired":true,"valueName":"search_term_string"}}],"inLanguage":"en-US"},{"@type":"Person","@id":"https:\/\/esp.championforest.org\/devotionals\/#\/schema\/person\/0096378efd42d36516bcf765eed089b3","name":"Nhora Medina","image":{"@type":"ImageObject","inLanguage":"en-US","@id":"https:\/\/secure.gravatar.com\/avatar\/3050849107c1f0db2f382da068401423bd10ce56c232b7ec7497a009890983b9?s=96&d=mm&r=g","url":"https:\/\/secure.gravatar.com\/avatar\/3050849107c1f0db2f382da068401423bd10ce56c232b7ec7497a009890983b9?s=96&d=mm&r=g","contentUrl":"https:\/\/secure.gravatar.com\/avatar\/3050849107c1f0db2f382da068401423bd10ce56c232b7ec7497a009890983b9?s=96&d=mm&r=g","caption":"Nhora Medina"},"url":"https:\/\/esp.championforest.org\/devotionals\/author\/devo-editor-medina\/"}]}},"_links":{"self":[{"href":"https:\/\/esp.championforest.org\/devotionals\/wp-json\/wp\/v2\/posts\/653","targetHints":{"allow":["GET"]}}],"collection":[{"href":"https:\/\/esp.championforest.org\/devotionals\/wp-json\/wp\/v2\/posts"}],"about":[{"href":"https:\/\/esp.championforest.org\/devotionals\/wp-json\/wp\/v2\/types\/post"}],"author":[{"embeddable":true,"href":"https:\/\/esp.championforest.org\/devotionals\/wp-json\/wp\/v2\/users\/3"}],"replies":[{"embeddable":true,"href":"https:\/\/esp.championforest.org\/devotionals\/wp-json\/wp\/v2\/comments?post=653"}],"version-history":[{"count":1,"href":"https:\/\/esp.championforest.org\/devotionals\/wp-json\/wp\/v2\/posts\/653\/revisions"}],"predecessor-version":[{"id":654,"href":"https:\/\/esp.championforest.org\/devotionals\/wp-json\/wp\/v2\/posts\/653\/revisions\/654"}],"wp:featuredmedia":[{"embeddable":true,"href":"https:\/\/esp.championforest.org\/devotionals\/wp-json\/wp\/v2\/media\/9"}],"wp:attachment":[{"href":"https:\/\/esp.championforest.org\/devotionals\/wp-json\/wp\/v2\/media?parent=653"}],"wp:term":[{"taxonomy":"category","embeddable":true,"href":"https:\/\/esp.championforest.org\/devotionals\/wp-json\/wp\/v2\/categories?post=653"},{"taxonomy":"post_tag","embeddable":true,"href":"https:\/\/esp.championforest.org\/devotionals\/wp-json\/wp\/v2\/tags?post=653"}],"curies":[{"name":"wp","href":"https:\/\/api.w.org\/{rel}","templated":true}]}}