{"id":644,"date":"2020-07-14T00:30:25","date_gmt":"2020-07-14T05:30:25","guid":{"rendered":"https:\/\/esp.championforest.org\/devotionals\/?p=644"},"modified":"2020-07-10T11:33:11","modified_gmt":"2020-07-10T16:33:11","slug":"7-14-2020","status":"publish","type":"post","link":"https:\/\/esp.championforest.org\/devotionals\/7-14-2020\/","title":{"rendered":"Devocionales Diarios:  Julio 14"},"content":{"rendered":"\n<p>Julio 14 2020<\/p>\n\n\n\n<p><\/p>\n\n\n\n<div class=\"wp-block-ugb-container ugb-container ugb-c4d7cf8 ugb-container--v2 ugb-container--design-basic ugb-main-block\" id=\"\"><style>.ugb-c4d7cf8-wrapper.ugb-container__wrapper{border-radius:12px !important;background-color:#f1f1f1 !important}.ugb-c4d7cf8-content-wrapper.ugb-container__content-wrapper{width:100% !important}.ugb-c4d7cf8-wrapper.ugb-container__wrapper:before{background-color:#f1f1f1 !important}.ugb-c4d7cf8-content-wrapper > h1,.ugb-c4d7cf8-content-wrapper > h2,.ugb-c4d7cf8-content-wrapper > h3,.ugb-c4d7cf8-content-wrapper > h4,.ugb-c4d7cf8-content-wrapper > h5,.ugb-c4d7cf8-content-wrapper > h6{color:#222222}.ugb-c4d7cf8-content-wrapper > p,.ugb-c4d7cf8-content-wrapper > ol li,.ugb-c4d7cf8-content-wrapper > ul li{color:#222222}<\/style><div class=\"ugb-inner-block\"><div class=\"ugb-block-content\"><div class=\"ugb-container__wrapper ugb-c4d7cf8-wrapper ugb--shadow-3\"><div class=\"ugb-container__side\"><div class=\"ugb-container__content-wrapper ugb-c4d7cf8-content-wrapper\">\n<h3 class=\"wp-block-heading\">Salmos 132<\/h3>\n\n\n\n<h5 class=\"wp-block-heading\">Plegaria por bendici\u00f3n sobre el santuario<\/h5>\n\n\n\n<h5 class=\"wp-block-heading\">C\u00e1ntico gradual.<\/h5>\n\n\n\n<p><strong>1\u00a0<\/strong>Acu\u00e9rdate, oh Jehov\u00e1, de David,<br>\u00a0\u00a0\u00a0\u00a0Y de toda su aflicci\u00f3n;<\/p>\n\n\n\n<p><sup>2&nbsp;<\/sup>De c\u00f3mo jur\u00f3 a Jehov\u00e1,<br>Y prometi\u00f3 al Fuerte de Jacob:<\/p>\n\n\n\n<p><sup>3&nbsp;<\/sup>No entrar\u00e9 en la morada de mi casa,<br>Ni subir\u00e9 sobre el lecho de mi estrado;<\/p>\n\n\n\n<p><sup>4&nbsp;<\/sup>No dar\u00e9 sue\u00f1o a mis ojos,<br>Ni a mis p\u00e1rpados adormecimiento,<\/p>\n\n\n\n<p><sup>5&nbsp;<\/sup>Hasta que halle lugar para Jehov\u00e1,<br>Morada para el Fuerte de Jacob.<\/p>\n\n\n\n<p><sup>6&nbsp;<\/sup>He aqu\u00ed en Efrata lo o\u00edmos;<br>Lo hallamos en los campos del bosque.<\/p>\n\n\n\n<p><sup>7&nbsp;<\/sup>Entraremos en su tabern\u00e1culo;<br>Nos postraremos ante el estrado de sus pies.<\/p>\n\n\n\n<p><sup>8&nbsp;<\/sup>Lev\u00e1ntate, oh Jehov\u00e1, al lugar de tu reposo,<br>T\u00fa y el arca de tu poder.<\/p>\n\n\n\n<p><sup>9&nbsp;<\/sup>Tus sacerdotes se vistan de justicia,<br>Y se regocijen tus santos.<\/p>\n\n\n\n<p><sup>10&nbsp;<\/sup>Por amor de David tu siervo<br>No vuelvas de tu ungido el rostro.<\/p>\n\n\n\n<p><sup>11&nbsp;<\/sup>En verdad jur\u00f3 Jehov\u00e1 a David,<br>Y no se retractar\u00e1 de ello:<br>De tu descendencia pondr\u00e9 sobre tu trono.<\/p>\n\n\n\n<p><sup>12&nbsp;<\/sup>Si tus hijos guardaren mi pacto,<br>Y mi testimonio que yo les ense\u00f1ar\u00e9,<br>Sus hijos tambi\u00e9n se sentar\u00e1n sobre tu trono para siempre.<\/p>\n\n\n\n<p><sup>13&nbsp;<\/sup>Porque Jehov\u00e1 ha elegido a Sion;<br>La quiso por habitaci\u00f3n para s\u00ed.<\/p>\n\n\n\n<p><sup>14&nbsp;<\/sup>Este es para siempre el lugar de mi reposo;<br>Aqu\u00ed habitar\u00e9, porque la he querido.<\/p>\n\n\n\n<p><sup>15&nbsp;<\/sup>Bendecir\u00e9 abundantemente su provisi\u00f3n;<br>A sus pobres saciar\u00e9 de pan.<\/p>\n\n\n\n<p><sup>16&nbsp;<\/sup>Asimismo vestir\u00e9 de salvaci\u00f3n a sus sacerdotes,<br>Y sus santos dar\u00e1n voces de j\u00fabilo.<\/p>\n\n\n\n<p><sup>17&nbsp;<\/sup>All\u00ed har\u00e9 reto\u00f1ar el poder de David;<br>He dispuesto l\u00e1mpara a mi ungido.<\/p>\n\n\n\n<p><sup>18&nbsp;<\/sup>A sus enemigos vestir\u00e9 de confusi\u00f3n,<br>Mas sobre \u00e9l florecer\u00e1 su corona.<\/p>\n\n\n\n<p><em>Versi\u00f3n Reina-Valera 1960 \u00a9 Sociedades B\u00edblicas en Am\u00e9rica Latina, 1960. Renovado \u00a9 Sociedades B\u00edblicas Unidas, 1988.<\/em><\/p>\n<\/div><\/div><\/div><\/div><\/div><\/div>\n\n\n\n<p><\/p>\n\n\n\n<p><\/p>\n","protected":false},"excerpt":{"rendered":"<p>Julio 14 2020 Salmos 132 Plegaria por bendici\u00f3n sobre el santuario C\u00e1ntico gradual. 1\u00a0Acu\u00e9rdate, oh Jehov\u00e1, de David,\u00a0\u00a0\u00a0\u00a0Y de toda su aflicci\u00f3n; 2&nbsp;De c\u00f3mo jur\u00f3 a Jehov\u00e1,Y prometi\u00f3 al Fuerte de Jacob: 3&nbsp;No entrar\u00e9 en la morada de mi casa,Ni subir\u00e9 sobre el lecho de mi estrado; 4&nbsp;No dar\u00e9 sue\u00f1o a mis ojos,Ni a mis &hellip; <a href=\"https:\/\/esp.championforest.org\/devotionals\/7-14-2020\/\" class=\"more-link\">Continue reading <span class=\"screen-reader-text\">Devocionales Diarios:  Julio 14<\/span><\/a><\/p>\n","protected":false},"author":3,"featured_media":9,"comment_status":"open","ping_status":"open","sticky":false,"template":"","format":"standard","meta":{"footnotes":""},"categories":[6],"tags":[11],"class_list":["post-644","post","type-post","status-publish","format-standard","has-post-thumbnail","hentry","category-devocionales","tag-salmos-de-ascenso"],"featured_image_urls_v2":{"full":["https:\/\/esp.championforest.org\/devotionals\/wp-content\/uploads\/2019\/11\/bible-banner.jpg",2000,733,false],"thumbnail":["https:\/\/esp.championforest.org\/devotionals\/wp-content\/uploads\/2019\/11\/bible-banner-150x150.jpg",150,150,true],"medium":["https:\/\/esp.championforest.org\/devotionals\/wp-content\/uploads\/2019\/11\/bible-banner-300x110.jpg",300,110,true],"medium_large":["https:\/\/esp.championforest.org\/devotionals\/wp-content\/uploads\/2019\/11\/bible-banner-768x281.jpg",768,281,true],"large":["https:\/\/esp.championforest.org\/devotionals\/wp-content\/uploads\/2019\/11\/bible-banner-1024x375.jpg",900,330,true],"1536x1536":["https:\/\/esp.championforest.org\/devotionals\/wp-content\/uploads\/2019\/11\/bible-banner-1536x563.jpg",1536,563,true],"2048x2048":["https:\/\/esp.championforest.org\/devotionals\/wp-content\/uploads\/2019\/11\/bible-banner.jpg",2000,733,false],"post-thumbnail":["https:\/\/esp.championforest.org\/devotionals\/wp-content\/uploads\/2019\/11\/bible-banner.jpg",2000,733,false]},"post_excerpt_stackable_v2":"<p>Julio 14 2020 Salmos 132 Plegaria por bendici\u00f3n sobre el santuario C\u00e1ntico gradual. 1\u00a0Acu\u00e9rdate, oh Jehov\u00e1, de David,\u00a0\u00a0\u00a0\u00a0Y de toda su aflicci\u00f3n; 2&nbsp;De c\u00f3mo jur\u00f3 a Jehov\u00e1,Y prometi\u00f3 al Fuerte de Jacob: 3&nbsp;No entrar\u00e9 en la morada de mi casa,Ni subir\u00e9 sobre el lecho de mi estrado; 4&nbsp;No dar\u00e9 sue\u00f1o a mis ojos,Ni a mis p\u00e1rpados adormecimiento, 5&nbsp;Hasta que halle lugar para Jehov\u00e1,Morada para el Fuerte de Jacob. 6&nbsp;He aqu\u00ed en Efrata lo o\u00edmos;Lo hallamos en los campos del bosque. 7&nbsp;Entraremos en su tabern\u00e1culo;Nos postraremos ante el estrado de sus pies. 8&nbsp;Lev\u00e1ntate, oh Jehov\u00e1, al lugar de tu reposo,T\u00fa y&hellip;<\/p>\n","category_list_v2":"<a href=\"https:\/\/esp.championforest.org\/devotionals\/category\/devocionales\/\" rel=\"category tag\">Devocionales<\/a>","author_info_v2":{"name":"Nhora Medina","url":"https:\/\/esp.championforest.org\/devotionals\/author\/devo-editor-medina\/"},"comments_num_v2":"0 comments","yoast_head":"<!-- This site is optimized with the Yoast SEO plugin v27.3 - https:\/\/yoast.com\/product\/yoast-seo-wordpress\/ -->\n<title>Devocionales Diarios: Julio 14 - Devocionales<\/title>\n<meta name=\"robots\" content=\"index, follow, max-snippet:-1, max-image-preview:large, max-video-preview:-1\" \/>\n<link rel=\"canonical\" href=\"https:\/\/esp.championforest.org\/devotionals\/7-14-2020\/\" \/>\n<meta property=\"og:locale\" content=\"en_US\" \/>\n<meta property=\"og:type\" content=\"article\" \/>\n<meta property=\"og:title\" content=\"Devocionales Diarios: Julio 14 - Devocionales\" \/>\n<meta property=\"og:description\" content=\"Julio 14 2020 Salmos 132 Plegaria por bendici\u00f3n sobre el santuario C\u00e1ntico gradual. 1\u00a0Acu\u00e9rdate, oh Jehov\u00e1, de David,\u00a0\u00a0\u00a0\u00a0Y de toda su aflicci\u00f3n; 2&nbsp;De c\u00f3mo jur\u00f3 a Jehov\u00e1,Y prometi\u00f3 al Fuerte de Jacob: 3&nbsp;No entrar\u00e9 en la morada de mi casa,Ni subir\u00e9 sobre el lecho de mi estrado; 4&nbsp;No dar\u00e9 sue\u00f1o a mis ojos,Ni a mis &hellip; Continue reading Devocionales Diarios: Julio 14\" \/>\n<meta property=\"og:url\" content=\"https:\/\/esp.championforest.org\/devotionals\/7-14-2020\/\" \/>\n<meta property=\"og:site_name\" content=\"Devocionales\" \/>\n<meta property=\"article:published_time\" content=\"2020-07-14T05:30:25+00:00\" \/>\n<meta property=\"og:image\" content=\"https:\/\/esp.championforest.org\/devotionals\/wp-content\/uploads\/2019\/11\/bible-banner.jpg\" \/>\n\t<meta property=\"og:image:width\" content=\"2000\" \/>\n\t<meta property=\"og:image:height\" content=\"733\" \/>\n\t<meta property=\"og:image:type\" content=\"image\/jpeg\" \/>\n<meta name=\"author\" content=\"Nhora Medina\" \/>\n<meta name=\"twitter:card\" content=\"summary_large_image\" \/>\n<meta name=\"twitter:label1\" content=\"Written by\" \/>\n\t<meta name=\"twitter:data1\" content=\"Nhora Medina\" \/>\n\t<meta name=\"twitter:label2\" content=\"Est. reading time\" \/>\n\t<meta name=\"twitter:data2\" content=\"2 minutes\" \/>\n<script type=\"application\/ld+json\" class=\"yoast-schema-graph\">{\"@context\":\"https:\\\/\\\/schema.org\",\"@graph\":[{\"@type\":\"Article\",\"@id\":\"https:\\\/\\\/esp.championforest.org\\\/devotionals\\\/7-14-2020\\\/#article\",\"isPartOf\":{\"@id\":\"https:\\\/\\\/esp.championforest.org\\\/devotionals\\\/7-14-2020\\\/\"},\"author\":{\"name\":\"Nhora Medina\",\"@id\":\"https:\\\/\\\/esp.championforest.org\\\/devotionals\\\/#\\\/schema\\\/person\\\/0096378efd42d36516bcf765eed089b3\"},\"headline\":\"Devocionales Diarios: Julio 14\",\"datePublished\":\"2020-07-14T05:30:25+00:00\",\"mainEntityOfPage\":{\"@id\":\"https:\\\/\\\/esp.championforest.org\\\/devotionals\\\/7-14-2020\\\/\"},\"wordCount\":307,\"commentCount\":0,\"image\":{\"@id\":\"https:\\\/\\\/esp.championforest.org\\\/devotionals\\\/7-14-2020\\\/#primaryimage\"},\"thumbnailUrl\":\"https:\\\/\\\/esp.championforest.org\\\/devotionals\\\/wp-content\\\/uploads\\\/2019\\\/11\\\/bible-banner.jpg\",\"keywords\":[\"Salmos de ascenso\"],\"articleSection\":[\"Devocionales\"],\"inLanguage\":\"en-US\",\"potentialAction\":[{\"@type\":\"CommentAction\",\"name\":\"Comment\",\"target\":[\"https:\\\/\\\/esp.championforest.org\\\/devotionals\\\/7-14-2020\\\/#respond\"]}]},{\"@type\":\"WebPage\",\"@id\":\"https:\\\/\\\/esp.championforest.org\\\/devotionals\\\/7-14-2020\\\/\",\"url\":\"https:\\\/\\\/esp.championforest.org\\\/devotionals\\\/7-14-2020\\\/\",\"name\":\"Devocionales Diarios: Julio 14 - Devocionales\",\"isPartOf\":{\"@id\":\"https:\\\/\\\/esp.championforest.org\\\/devotionals\\\/#website\"},\"primaryImageOfPage\":{\"@id\":\"https:\\\/\\\/esp.championforest.org\\\/devotionals\\\/7-14-2020\\\/#primaryimage\"},\"image\":{\"@id\":\"https:\\\/\\\/esp.championforest.org\\\/devotionals\\\/7-14-2020\\\/#primaryimage\"},\"thumbnailUrl\":\"https:\\\/\\\/esp.championforest.org\\\/devotionals\\\/wp-content\\\/uploads\\\/2019\\\/11\\\/bible-banner.jpg\",\"datePublished\":\"2020-07-14T05:30:25+00:00\",\"author\":{\"@id\":\"https:\\\/\\\/esp.championforest.org\\\/devotionals\\\/#\\\/schema\\\/person\\\/0096378efd42d36516bcf765eed089b3\"},\"breadcrumb\":{\"@id\":\"https:\\\/\\\/esp.championforest.org\\\/devotionals\\\/7-14-2020\\\/#breadcrumb\"},\"inLanguage\":\"en-US\",\"potentialAction\":[{\"@type\":\"ReadAction\",\"target\":[\"https:\\\/\\\/esp.championforest.org\\\/devotionals\\\/7-14-2020\\\/\"]}]},{\"@type\":\"ImageObject\",\"inLanguage\":\"en-US\",\"@id\":\"https:\\\/\\\/esp.championforest.org\\\/devotionals\\\/7-14-2020\\\/#primaryimage\",\"url\":\"https:\\\/\\\/esp.championforest.org\\\/devotionals\\\/wp-content\\\/uploads\\\/2019\\\/11\\\/bible-banner.jpg\",\"contentUrl\":\"https:\\\/\\\/esp.championforest.org\\\/devotionals\\\/wp-content\\\/uploads\\\/2019\\\/11\\\/bible-banner.jpg\",\"width\":2000,\"height\":733},{\"@type\":\"BreadcrumbList\",\"@id\":\"https:\\\/\\\/esp.championforest.org\\\/devotionals\\\/7-14-2020\\\/#breadcrumb\",\"itemListElement\":[{\"@type\":\"ListItem\",\"position\":1,\"name\":\"Casa\",\"item\":\"https:\\\/\\\/esp.championforest.org\\\/devotionals\\\/\"},{\"@type\":\"ListItem\",\"position\":2,\"name\":\"Devocionales Diarios: Julio 14\"}]},{\"@type\":\"WebSite\",\"@id\":\"https:\\\/\\\/esp.championforest.org\\\/devotionals\\\/#website\",\"url\":\"https:\\\/\\\/esp.championforest.org\\\/devotionals\\\/\",\"name\":\"Devocionales\",\"description\":\"\",\"potentialAction\":[{\"@type\":\"SearchAction\",\"target\":{\"@type\":\"EntryPoint\",\"urlTemplate\":\"https:\\\/\\\/esp.championforest.org\\\/devotionals\\\/?s={search_term_string}\"},\"query-input\":{\"@type\":\"PropertyValueSpecification\",\"valueRequired\":true,\"valueName\":\"search_term_string\"}}],\"inLanguage\":\"en-US\"},{\"@type\":\"Person\",\"@id\":\"https:\\\/\\\/esp.championforest.org\\\/devotionals\\\/#\\\/schema\\\/person\\\/0096378efd42d36516bcf765eed089b3\",\"name\":\"Nhora Medina\",\"image\":{\"@type\":\"ImageObject\",\"inLanguage\":\"en-US\",\"@id\":\"https:\\\/\\\/secure.gravatar.com\\\/avatar\\\/3050849107c1f0db2f382da068401423bd10ce56c232b7ec7497a009890983b9?s=96&d=mm&r=g\",\"url\":\"https:\\\/\\\/secure.gravatar.com\\\/avatar\\\/3050849107c1f0db2f382da068401423bd10ce56c232b7ec7497a009890983b9?s=96&d=mm&r=g\",\"contentUrl\":\"https:\\\/\\\/secure.gravatar.com\\\/avatar\\\/3050849107c1f0db2f382da068401423bd10ce56c232b7ec7497a009890983b9?s=96&d=mm&r=g\",\"caption\":\"Nhora Medina\"},\"url\":\"https:\\\/\\\/esp.championforest.org\\\/devotionals\\\/author\\\/devo-editor-medina\\\/\"}]}<\/script>\n<!-- \/ Yoast SEO plugin. -->","yoast_head_json":{"title":"Devocionales Diarios: Julio 14 - Devocionales","robots":{"index":"index","follow":"follow","max-snippet":"max-snippet:-1","max-image-preview":"max-image-preview:large","max-video-preview":"max-video-preview:-1"},"canonical":"https:\/\/esp.championforest.org\/devotionals\/7-14-2020\/","og_locale":"en_US","og_type":"article","og_title":"Devocionales Diarios: Julio 14 - Devocionales","og_description":"Julio 14 2020 Salmos 132 Plegaria por bendici\u00f3n sobre el santuario C\u00e1ntico gradual. 1\u00a0Acu\u00e9rdate, oh Jehov\u00e1, de David,\u00a0\u00a0\u00a0\u00a0Y de toda su aflicci\u00f3n; 2&nbsp;De c\u00f3mo jur\u00f3 a Jehov\u00e1,Y prometi\u00f3 al Fuerte de Jacob: 3&nbsp;No entrar\u00e9 en la morada de mi casa,Ni subir\u00e9 sobre el lecho de mi estrado; 4&nbsp;No dar\u00e9 sue\u00f1o a mis ojos,Ni a mis &hellip; Continue reading Devocionales Diarios: Julio 14","og_url":"https:\/\/esp.championforest.org\/devotionals\/7-14-2020\/","og_site_name":"Devocionales","article_published_time":"2020-07-14T05:30:25+00:00","og_image":[{"width":2000,"height":733,"url":"https:\/\/esp.championforest.org\/devotionals\/wp-content\/uploads\/2019\/11\/bible-banner.jpg","type":"image\/jpeg"}],"author":"Nhora Medina","twitter_card":"summary_large_image","twitter_misc":{"Written by":"Nhora Medina","Est. reading time":"2 minutes"},"schema":{"@context":"https:\/\/schema.org","@graph":[{"@type":"Article","@id":"https:\/\/esp.championforest.org\/devotionals\/7-14-2020\/#article","isPartOf":{"@id":"https:\/\/esp.championforest.org\/devotionals\/7-14-2020\/"},"author":{"name":"Nhora Medina","@id":"https:\/\/esp.championforest.org\/devotionals\/#\/schema\/person\/0096378efd42d36516bcf765eed089b3"},"headline":"Devocionales Diarios: Julio 14","datePublished":"2020-07-14T05:30:25+00:00","mainEntityOfPage":{"@id":"https:\/\/esp.championforest.org\/devotionals\/7-14-2020\/"},"wordCount":307,"commentCount":0,"image":{"@id":"https:\/\/esp.championforest.org\/devotionals\/7-14-2020\/#primaryimage"},"thumbnailUrl":"https:\/\/esp.championforest.org\/devotionals\/wp-content\/uploads\/2019\/11\/bible-banner.jpg","keywords":["Salmos de ascenso"],"articleSection":["Devocionales"],"inLanguage":"en-US","potentialAction":[{"@type":"CommentAction","name":"Comment","target":["https:\/\/esp.championforest.org\/devotionals\/7-14-2020\/#respond"]}]},{"@type":"WebPage","@id":"https:\/\/esp.championforest.org\/devotionals\/7-14-2020\/","url":"https:\/\/esp.championforest.org\/devotionals\/7-14-2020\/","name":"Devocionales Diarios: Julio 14 - Devocionales","isPartOf":{"@id":"https:\/\/esp.championforest.org\/devotionals\/#website"},"primaryImageOfPage":{"@id":"https:\/\/esp.championforest.org\/devotionals\/7-14-2020\/#primaryimage"},"image":{"@id":"https:\/\/esp.championforest.org\/devotionals\/7-14-2020\/#primaryimage"},"thumbnailUrl":"https:\/\/esp.championforest.org\/devotionals\/wp-content\/uploads\/2019\/11\/bible-banner.jpg","datePublished":"2020-07-14T05:30:25+00:00","author":{"@id":"https:\/\/esp.championforest.org\/devotionals\/#\/schema\/person\/0096378efd42d36516bcf765eed089b3"},"breadcrumb":{"@id":"https:\/\/esp.championforest.org\/devotionals\/7-14-2020\/#breadcrumb"},"inLanguage":"en-US","potentialAction":[{"@type":"ReadAction","target":["https:\/\/esp.championforest.org\/devotionals\/7-14-2020\/"]}]},{"@type":"ImageObject","inLanguage":"en-US","@id":"https:\/\/esp.championforest.org\/devotionals\/7-14-2020\/#primaryimage","url":"https:\/\/esp.championforest.org\/devotionals\/wp-content\/uploads\/2019\/11\/bible-banner.jpg","contentUrl":"https:\/\/esp.championforest.org\/devotionals\/wp-content\/uploads\/2019\/11\/bible-banner.jpg","width":2000,"height":733},{"@type":"BreadcrumbList","@id":"https:\/\/esp.championforest.org\/devotionals\/7-14-2020\/#breadcrumb","itemListElement":[{"@type":"ListItem","position":1,"name":"Casa","item":"https:\/\/esp.championforest.org\/devotionals\/"},{"@type":"ListItem","position":2,"name":"Devocionales Diarios: Julio 14"}]},{"@type":"WebSite","@id":"https:\/\/esp.championforest.org\/devotionals\/#website","url":"https:\/\/esp.championforest.org\/devotionals\/","name":"Devocionales","description":"","potentialAction":[{"@type":"SearchAction","target":{"@type":"EntryPoint","urlTemplate":"https:\/\/esp.championforest.org\/devotionals\/?s={search_term_string}"},"query-input":{"@type":"PropertyValueSpecification","valueRequired":true,"valueName":"search_term_string"}}],"inLanguage":"en-US"},{"@type":"Person","@id":"https:\/\/esp.championforest.org\/devotionals\/#\/schema\/person\/0096378efd42d36516bcf765eed089b3","name":"Nhora Medina","image":{"@type":"ImageObject","inLanguage":"en-US","@id":"https:\/\/secure.gravatar.com\/avatar\/3050849107c1f0db2f382da068401423bd10ce56c232b7ec7497a009890983b9?s=96&d=mm&r=g","url":"https:\/\/secure.gravatar.com\/avatar\/3050849107c1f0db2f382da068401423bd10ce56c232b7ec7497a009890983b9?s=96&d=mm&r=g","contentUrl":"https:\/\/secure.gravatar.com\/avatar\/3050849107c1f0db2f382da068401423bd10ce56c232b7ec7497a009890983b9?s=96&d=mm&r=g","caption":"Nhora Medina"},"url":"https:\/\/esp.championforest.org\/devotionals\/author\/devo-editor-medina\/"}]}},"_links":{"self":[{"href":"https:\/\/esp.championforest.org\/devotionals\/wp-json\/wp\/v2\/posts\/644","targetHints":{"allow":["GET"]}}],"collection":[{"href":"https:\/\/esp.championforest.org\/devotionals\/wp-json\/wp\/v2\/posts"}],"about":[{"href":"https:\/\/esp.championforest.org\/devotionals\/wp-json\/wp\/v2\/types\/post"}],"author":[{"embeddable":true,"href":"https:\/\/esp.championforest.org\/devotionals\/wp-json\/wp\/v2\/users\/3"}],"replies":[{"embeddable":true,"href":"https:\/\/esp.championforest.org\/devotionals\/wp-json\/wp\/v2\/comments?post=644"}],"version-history":[{"count":1,"href":"https:\/\/esp.championforest.org\/devotionals\/wp-json\/wp\/v2\/posts\/644\/revisions"}],"predecessor-version":[{"id":645,"href":"https:\/\/esp.championforest.org\/devotionals\/wp-json\/wp\/v2\/posts\/644\/revisions\/645"}],"wp:featuredmedia":[{"embeddable":true,"href":"https:\/\/esp.championforest.org\/devotionals\/wp-json\/wp\/v2\/media\/9"}],"wp:attachment":[{"href":"https:\/\/esp.championforest.org\/devotionals\/wp-json\/wp\/v2\/media?parent=644"}],"wp:term":[{"taxonomy":"category","embeddable":true,"href":"https:\/\/esp.championforest.org\/devotionals\/wp-json\/wp\/v2\/categories?post=644"},{"taxonomy":"post_tag","embeddable":true,"href":"https:\/\/esp.championforest.org\/devotionals\/wp-json\/wp\/v2\/tags?post=644"}],"curies":[{"name":"wp","href":"https:\/\/api.w.org\/{rel}","templated":true}]}}