{"id":584,"date":"2020-06-21T00:30:00","date_gmt":"2020-06-21T05:30:00","guid":{"rendered":"https:\/\/esp.championforest.org\/devotionals\/?p=584"},"modified":"2020-06-23T21:06:26","modified_gmt":"2020-06-24T02:06:26","slug":"6-21-2020","status":"publish","type":"post","link":"https:\/\/esp.championforest.org\/devotionals\/6-21-2020\/","title":{"rendered":"Devocionales Diarios:  Junio 21"},"content":{"rendered":"\n<p>Junio 21 2020<\/p>\n\n\n\n<p>Este pasaje comienza un patr\u00f3n que continuar\u00e1 con el resto del cap\u00edtulo 5 en el que Jes\u00fas declara &#8220;Has o\u00eddo que se dijo (mandamiento del Antiguo Testamento), pero te digo (algo m\u00e1s)&#8221;. Lo que Jes\u00fas est\u00e1 haciendo en estas secciones es ir m\u00e1s all\u00e1 de la superficie de la Ley del Antiguo Testamento para exponer el coraz\u00f3n que se encuentra detr\u00e1s de ella. Hoy, Jes\u00fas aborda el tema de la ira.<\/p>\n\n\n\n<p>Jes\u00fas explica que el acto de asesinato aparentemente pecaminoso es el resultado directo de un coraz\u00f3n vencido por la ira. Jes\u00fas dice que es pecado cuando permitimos que la ira nos mueva a arremeter contra otros. El ejemplo extremo es el asesinato, pero Jes\u00fas tambi\u00e9n se\u00f1ala insultar o maldecir a otros como ejemplos de esta actitud pecaminosa del coraz\u00f3n.<\/p>\n\n\n\n<p>Jes\u00fas est\u00e1 llamando a sus seguidores no solo a rehusarse a ser vencidos por la ira, sino a reconciliarse y hacer las paces (v\u00e9anse los vers\u00edculos 23-24), y nos advierte que las consecuencias podr\u00edan ser bastante graves si no lo hacemos. \u00a1Jes\u00fas nos llama a dominar nuestra ira en lugar de dominarla!<\/p>\n\n\n\n<div class=\"wp-block-ugb-container ugb-container ugb-ea375cd ugb-container--v2 ugb-container--design-basic ugb-main-block\" id=\"\"><style>.ugb-ea375cd-wrapper.ugb-container__wrapper{border-radius:12px !important;background-color:#f1f1f1 !important}.ugb-ea375cd-content-wrapper.ugb-container__content-wrapper{width:100% !important}.ugb-ea375cd-wrapper.ugb-container__wrapper:before{background-color:#f1f1f1 !important}.ugb-ea375cd-content-wrapper > h1,.ugb-ea375cd-content-wrapper > h2,.ugb-ea375cd-content-wrapper > h3,.ugb-ea375cd-content-wrapper > h4,.ugb-ea375cd-content-wrapper > h5,.ugb-ea375cd-content-wrapper > h6{color:#222222}.ugb-ea375cd-content-wrapper > p,.ugb-ea375cd-content-wrapper > ol li,.ugb-ea375cd-content-wrapper > ul li{color:#222222}<\/style><div class=\"ugb-inner-block\"><div class=\"ugb-block-content\"><div class=\"ugb-container__wrapper ugb-ea375cd-wrapper ugb--shadow-3\"><div class=\"ugb-container__side\"><div class=\"ugb-container__content-wrapper ugb-ea375cd-content-wrapper\">\n<h3 class=\"wp-block-heading\">Mateo 5:21-26<\/h3>\n\n\n\n<h5 class=\"wp-block-heading\">Jes\u00fas y la ira<\/h5>\n\n\n\n<h6 class=\"wp-block-heading\">(Lc. 12.57-59)<\/h6>\n\n\n\n<p><sup>21&nbsp;<\/sup>O\u00edsteis que fue dicho a los antiguos: No matar\u00e1s;&nbsp;y cualquiera que matare ser\u00e1 culpable de juicio.<\/p>\n\n\n\n<p><sup>22&nbsp;<\/sup>Pero yo os digo que cualquiera que se enoje contra su hermano, ser\u00e1 culpable de juicio; y cualquiera que diga: Necio, a su hermano, ser\u00e1 culpable ante el concilio; y cualquiera que le diga: Fatuo, quedar\u00e1 expuesto al infierno de fuego.<\/p>\n\n\n\n<p><sup>23&nbsp;<\/sup>Por tanto, si traes tu ofrenda al altar, y all\u00ed te acuerdas de que tu hermano tiene algo contra ti,<\/p>\n\n\n\n<p><sup>24&nbsp;<\/sup>deja all\u00ed tu ofrenda delante del altar, y anda, reconc\u00edliate primero con tu hermano, y entonces ven y presenta tu ofrenda.<\/p>\n\n\n\n<p><sup>25&nbsp;<\/sup>Ponte de acuerdo con tu adversario pronto, entre tanto que est\u00e1s con \u00e9l en el camino, no sea que el adversario te entregue al juez, y el juez al alguacil, y seas echado en la c\u00e1rcel.<\/p>\n\n\n\n<p><sup>26&nbsp;<\/sup>De cierto te digo que no saldr\u00e1s de all\u00ed, hasta que pagues el \u00faltimo cuadrante.<\/p>\n\n\n\n<p><em>Versi\u00f3n Reina-Valera 1960 \u00a9 Sociedades B\u00edblicas en Am\u00e9rica Latina, 1960. Renovado \u00a9 Sociedades B\u00edblicas Unidas, 1988.<\/em><\/p>\n<\/div><\/div><\/div><\/div><\/div><\/div>\n\n\n\n<p><strong><em>Pregunta de discusi\u00f3n familiar:<\/em><\/strong><\/p>\n\n\n\n<p>\u00bfCu\u00e1les son algunas formas en que la ira puede movernos a actuar de manera que no honre a Dios? \u00bfC\u00f3mo podemos elegir ser personas de paz?<\/p>\n\n\n\n<p>Junio 21 2020<\/p>\n","protected":false},"excerpt":{"rendered":"<p>Junio 21 2020 Este pasaje comienza un patr\u00f3n que continuar\u00e1 con el resto del cap\u00edtulo 5 en el que Jes\u00fas declara &#8220;Has o\u00eddo que se dijo (mandamiento del Antiguo Testamento), pero te digo (algo m\u00e1s)&#8221;. Lo que Jes\u00fas est\u00e1 haciendo en estas secciones es ir m\u00e1s all\u00e1 de la superficie de la Ley del Antiguo &hellip; <a href=\"https:\/\/esp.championforest.org\/devotionals\/6-21-2020\/\" class=\"more-link\">Continue reading <span class=\"screen-reader-text\">Devocionales Diarios:  Junio 21<\/span><\/a><\/p>\n","protected":false},"author":3,"featured_media":9,"comment_status":"open","ping_status":"open","sticky":false,"template":"","format":"standard","meta":{"footnotes":""},"categories":[6],"tags":[10],"class_list":["post-584","post","type-post","status-publish","format-standard","has-post-thumbnail","hentry","category-devocionales","tag-el-sermon-del-monte"],"featured_image_urls_v2":{"full":["https:\/\/esp.championforest.org\/devotionals\/wp-content\/uploads\/2019\/11\/bible-banner.jpg",2000,733,false],"thumbnail":["https:\/\/esp.championforest.org\/devotionals\/wp-content\/uploads\/2019\/11\/bible-banner-150x150.jpg",150,150,true],"medium":["https:\/\/esp.championforest.org\/devotionals\/wp-content\/uploads\/2019\/11\/bible-banner-300x110.jpg",300,110,true],"medium_large":["https:\/\/esp.championforest.org\/devotionals\/wp-content\/uploads\/2019\/11\/bible-banner-768x281.jpg",768,281,true],"large":["https:\/\/esp.championforest.org\/devotionals\/wp-content\/uploads\/2019\/11\/bible-banner-1024x375.jpg",900,330,true],"1536x1536":["https:\/\/esp.championforest.org\/devotionals\/wp-content\/uploads\/2019\/11\/bible-banner-1536x563.jpg",1536,563,true],"2048x2048":["https:\/\/esp.championforest.org\/devotionals\/wp-content\/uploads\/2019\/11\/bible-banner.jpg",2000,733,false],"post-thumbnail":["https:\/\/esp.championforest.org\/devotionals\/wp-content\/uploads\/2019\/11\/bible-banner.jpg",2000,733,false]},"post_excerpt_stackable_v2":"<p>Junio 21 2020 Este pasaje comienza un patr\u00f3n que continuar\u00e1 con el resto del cap\u00edtulo 5 en el que Jes\u00fas declara &#8220;Has o\u00eddo que se dijo (mandamiento del Antiguo Testamento), pero te digo (algo m\u00e1s)&#8221;. Lo que Jes\u00fas est\u00e1 haciendo en estas secciones es ir m\u00e1s all\u00e1 de la superficie de la Ley del Antiguo Testamento para exponer el coraz\u00f3n que se encuentra detr\u00e1s de ella. Hoy, Jes\u00fas aborda el tema de la ira. Jes\u00fas explica que el acto de asesinato aparentemente pecaminoso es el resultado directo de un coraz\u00f3n vencido por la ira. Jes\u00fas dice que es pecado cuando&hellip;<\/p>\n","category_list_v2":"<a href=\"https:\/\/esp.championforest.org\/devotionals\/category\/devocionales\/\" rel=\"category tag\">Devocionales<\/a>","author_info_v2":{"name":"Nhora Medina","url":"https:\/\/esp.championforest.org\/devotionals\/author\/devo-editor-medina\/"},"comments_num_v2":"0 comments","yoast_head":"<!-- This site is optimized with the Yoast SEO plugin v27.3 - https:\/\/yoast.com\/product\/yoast-seo-wordpress\/ -->\n<title>Devocionales Diarios: Junio 21 - Devocionales<\/title>\n<meta name=\"robots\" content=\"index, follow, max-snippet:-1, max-image-preview:large, max-video-preview:-1\" \/>\n<link rel=\"canonical\" href=\"https:\/\/esp.championforest.org\/devotionals\/6-21-2020\/\" \/>\n<meta property=\"og:locale\" content=\"en_US\" \/>\n<meta property=\"og:type\" content=\"article\" \/>\n<meta property=\"og:title\" content=\"Devocionales Diarios: Junio 21 - Devocionales\" \/>\n<meta property=\"og:description\" content=\"Junio 21 2020 Este pasaje comienza un patr\u00f3n que continuar\u00e1 con el resto del cap\u00edtulo 5 en el que Jes\u00fas declara &#8220;Has o\u00eddo que se dijo (mandamiento del Antiguo Testamento), pero te digo (algo m\u00e1s)&#8221;. Lo que Jes\u00fas est\u00e1 haciendo en estas secciones es ir m\u00e1s all\u00e1 de la superficie de la Ley del Antiguo &hellip; Continue reading Devocionales Diarios: Junio 21\" \/>\n<meta property=\"og:url\" content=\"https:\/\/esp.championforest.org\/devotionals\/6-21-2020\/\" \/>\n<meta property=\"og:site_name\" content=\"Devocionales\" \/>\n<meta property=\"article:published_time\" content=\"2020-06-21T05:30:00+00:00\" \/>\n<meta property=\"article:modified_time\" content=\"2020-06-24T02:06:26+00:00\" \/>\n<meta property=\"og:image\" content=\"https:\/\/esp.championforest.org\/devotionals\/wp-content\/uploads\/2019\/11\/bible-banner.jpg\" \/>\n\t<meta property=\"og:image:width\" content=\"2000\" \/>\n\t<meta property=\"og:image:height\" content=\"733\" \/>\n\t<meta property=\"og:image:type\" content=\"image\/jpeg\" \/>\n<meta name=\"author\" content=\"Nhora Medina\" \/>\n<meta name=\"twitter:card\" content=\"summary_large_image\" \/>\n<meta name=\"twitter:label1\" content=\"Written by\" \/>\n\t<meta name=\"twitter:data1\" content=\"Nhora Medina\" \/>\n\t<meta name=\"twitter:label2\" content=\"Est. reading time\" \/>\n\t<meta name=\"twitter:data2\" content=\"2 minutes\" \/>\n<script type=\"application\/ld+json\" class=\"yoast-schema-graph\">{\"@context\":\"https:\\\/\\\/schema.org\",\"@graph\":[{\"@type\":\"Article\",\"@id\":\"https:\\\/\\\/esp.championforest.org\\\/devotionals\\\/6-21-2020\\\/#article\",\"isPartOf\":{\"@id\":\"https:\\\/\\\/esp.championforest.org\\\/devotionals\\\/6-21-2020\\\/\"},\"author\":{\"name\":\"Nhora Medina\",\"@id\":\"https:\\\/\\\/esp.championforest.org\\\/devotionals\\\/#\\\/schema\\\/person\\\/0096378efd42d36516bcf765eed089b3\"},\"headline\":\"Devocionales Diarios: Junio 21\",\"datePublished\":\"2020-06-21T05:30:00+00:00\",\"dateModified\":\"2020-06-24T02:06:26+00:00\",\"mainEntityOfPage\":{\"@id\":\"https:\\\/\\\/esp.championforest.org\\\/devotionals\\\/6-21-2020\\\/\"},\"wordCount\":428,\"commentCount\":0,\"image\":{\"@id\":\"https:\\\/\\\/esp.championforest.org\\\/devotionals\\\/6-21-2020\\\/#primaryimage\"},\"thumbnailUrl\":\"https:\\\/\\\/esp.championforest.org\\\/devotionals\\\/wp-content\\\/uploads\\\/2019\\\/11\\\/bible-banner.jpg\",\"keywords\":[\"El Serm\u00f3n del monte\"],\"articleSection\":[\"Devocionales\"],\"inLanguage\":\"en-US\",\"potentialAction\":[{\"@type\":\"CommentAction\",\"name\":\"Comment\",\"target\":[\"https:\\\/\\\/esp.championforest.org\\\/devotionals\\\/6-21-2020\\\/#respond\"]}]},{\"@type\":\"WebPage\",\"@id\":\"https:\\\/\\\/esp.championforest.org\\\/devotionals\\\/6-21-2020\\\/\",\"url\":\"https:\\\/\\\/esp.championforest.org\\\/devotionals\\\/6-21-2020\\\/\",\"name\":\"Devocionales Diarios: Junio 21 - Devocionales\",\"isPartOf\":{\"@id\":\"https:\\\/\\\/esp.championforest.org\\\/devotionals\\\/#website\"},\"primaryImageOfPage\":{\"@id\":\"https:\\\/\\\/esp.championforest.org\\\/devotionals\\\/6-21-2020\\\/#primaryimage\"},\"image\":{\"@id\":\"https:\\\/\\\/esp.championforest.org\\\/devotionals\\\/6-21-2020\\\/#primaryimage\"},\"thumbnailUrl\":\"https:\\\/\\\/esp.championforest.org\\\/devotionals\\\/wp-content\\\/uploads\\\/2019\\\/11\\\/bible-banner.jpg\",\"datePublished\":\"2020-06-21T05:30:00+00:00\",\"dateModified\":\"2020-06-24T02:06:26+00:00\",\"author\":{\"@id\":\"https:\\\/\\\/esp.championforest.org\\\/devotionals\\\/#\\\/schema\\\/person\\\/0096378efd42d36516bcf765eed089b3\"},\"breadcrumb\":{\"@id\":\"https:\\\/\\\/esp.championforest.org\\\/devotionals\\\/6-21-2020\\\/#breadcrumb\"},\"inLanguage\":\"en-US\",\"potentialAction\":[{\"@type\":\"ReadAction\",\"target\":[\"https:\\\/\\\/esp.championforest.org\\\/devotionals\\\/6-21-2020\\\/\"]}]},{\"@type\":\"ImageObject\",\"inLanguage\":\"en-US\",\"@id\":\"https:\\\/\\\/esp.championforest.org\\\/devotionals\\\/6-21-2020\\\/#primaryimage\",\"url\":\"https:\\\/\\\/esp.championforest.org\\\/devotionals\\\/wp-content\\\/uploads\\\/2019\\\/11\\\/bible-banner.jpg\",\"contentUrl\":\"https:\\\/\\\/esp.championforest.org\\\/devotionals\\\/wp-content\\\/uploads\\\/2019\\\/11\\\/bible-banner.jpg\",\"width\":2000,\"height\":733},{\"@type\":\"BreadcrumbList\",\"@id\":\"https:\\\/\\\/esp.championforest.org\\\/devotionals\\\/6-21-2020\\\/#breadcrumb\",\"itemListElement\":[{\"@type\":\"ListItem\",\"position\":1,\"name\":\"Casa\",\"item\":\"https:\\\/\\\/esp.championforest.org\\\/devotionals\\\/\"},{\"@type\":\"ListItem\",\"position\":2,\"name\":\"Devocionales Diarios: Junio 21\"}]},{\"@type\":\"WebSite\",\"@id\":\"https:\\\/\\\/esp.championforest.org\\\/devotionals\\\/#website\",\"url\":\"https:\\\/\\\/esp.championforest.org\\\/devotionals\\\/\",\"name\":\"Devocionales\",\"description\":\"\",\"potentialAction\":[{\"@type\":\"SearchAction\",\"target\":{\"@type\":\"EntryPoint\",\"urlTemplate\":\"https:\\\/\\\/esp.championforest.org\\\/devotionals\\\/?s={search_term_string}\"},\"query-input\":{\"@type\":\"PropertyValueSpecification\",\"valueRequired\":true,\"valueName\":\"search_term_string\"}}],\"inLanguage\":\"en-US\"},{\"@type\":\"Person\",\"@id\":\"https:\\\/\\\/esp.championforest.org\\\/devotionals\\\/#\\\/schema\\\/person\\\/0096378efd42d36516bcf765eed089b3\",\"name\":\"Nhora Medina\",\"image\":{\"@type\":\"ImageObject\",\"inLanguage\":\"en-US\",\"@id\":\"https:\\\/\\\/secure.gravatar.com\\\/avatar\\\/3050849107c1f0db2f382da068401423bd10ce56c232b7ec7497a009890983b9?s=96&d=mm&r=g\",\"url\":\"https:\\\/\\\/secure.gravatar.com\\\/avatar\\\/3050849107c1f0db2f382da068401423bd10ce56c232b7ec7497a009890983b9?s=96&d=mm&r=g\",\"contentUrl\":\"https:\\\/\\\/secure.gravatar.com\\\/avatar\\\/3050849107c1f0db2f382da068401423bd10ce56c232b7ec7497a009890983b9?s=96&d=mm&r=g\",\"caption\":\"Nhora Medina\"},\"url\":\"https:\\\/\\\/esp.championforest.org\\\/devotionals\\\/author\\\/devo-editor-medina\\\/\"}]}<\/script>\n<!-- \/ Yoast SEO plugin. -->","yoast_head_json":{"title":"Devocionales Diarios: Junio 21 - Devocionales","robots":{"index":"index","follow":"follow","max-snippet":"max-snippet:-1","max-image-preview":"max-image-preview:large","max-video-preview":"max-video-preview:-1"},"canonical":"https:\/\/esp.championforest.org\/devotionals\/6-21-2020\/","og_locale":"en_US","og_type":"article","og_title":"Devocionales Diarios: Junio 21 - Devocionales","og_description":"Junio 21 2020 Este pasaje comienza un patr\u00f3n que continuar\u00e1 con el resto del cap\u00edtulo 5 en el que Jes\u00fas declara &#8220;Has o\u00eddo que se dijo (mandamiento del Antiguo Testamento), pero te digo (algo m\u00e1s)&#8221;. Lo que Jes\u00fas est\u00e1 haciendo en estas secciones es ir m\u00e1s all\u00e1 de la superficie de la Ley del Antiguo &hellip; Continue reading Devocionales Diarios: Junio 21","og_url":"https:\/\/esp.championforest.org\/devotionals\/6-21-2020\/","og_site_name":"Devocionales","article_published_time":"2020-06-21T05:30:00+00:00","article_modified_time":"2020-06-24T02:06:26+00:00","og_image":[{"width":2000,"height":733,"url":"https:\/\/esp.championforest.org\/devotionals\/wp-content\/uploads\/2019\/11\/bible-banner.jpg","type":"image\/jpeg"}],"author":"Nhora Medina","twitter_card":"summary_large_image","twitter_misc":{"Written by":"Nhora Medina","Est. reading time":"2 minutes"},"schema":{"@context":"https:\/\/schema.org","@graph":[{"@type":"Article","@id":"https:\/\/esp.championforest.org\/devotionals\/6-21-2020\/#article","isPartOf":{"@id":"https:\/\/esp.championforest.org\/devotionals\/6-21-2020\/"},"author":{"name":"Nhora Medina","@id":"https:\/\/esp.championforest.org\/devotionals\/#\/schema\/person\/0096378efd42d36516bcf765eed089b3"},"headline":"Devocionales Diarios: Junio 21","datePublished":"2020-06-21T05:30:00+00:00","dateModified":"2020-06-24T02:06:26+00:00","mainEntityOfPage":{"@id":"https:\/\/esp.championforest.org\/devotionals\/6-21-2020\/"},"wordCount":428,"commentCount":0,"image":{"@id":"https:\/\/esp.championforest.org\/devotionals\/6-21-2020\/#primaryimage"},"thumbnailUrl":"https:\/\/esp.championforest.org\/devotionals\/wp-content\/uploads\/2019\/11\/bible-banner.jpg","keywords":["El Serm\u00f3n del monte"],"articleSection":["Devocionales"],"inLanguage":"en-US","potentialAction":[{"@type":"CommentAction","name":"Comment","target":["https:\/\/esp.championforest.org\/devotionals\/6-21-2020\/#respond"]}]},{"@type":"WebPage","@id":"https:\/\/esp.championforest.org\/devotionals\/6-21-2020\/","url":"https:\/\/esp.championforest.org\/devotionals\/6-21-2020\/","name":"Devocionales Diarios: Junio 21 - Devocionales","isPartOf":{"@id":"https:\/\/esp.championforest.org\/devotionals\/#website"},"primaryImageOfPage":{"@id":"https:\/\/esp.championforest.org\/devotionals\/6-21-2020\/#primaryimage"},"image":{"@id":"https:\/\/esp.championforest.org\/devotionals\/6-21-2020\/#primaryimage"},"thumbnailUrl":"https:\/\/esp.championforest.org\/devotionals\/wp-content\/uploads\/2019\/11\/bible-banner.jpg","datePublished":"2020-06-21T05:30:00+00:00","dateModified":"2020-06-24T02:06:26+00:00","author":{"@id":"https:\/\/esp.championforest.org\/devotionals\/#\/schema\/person\/0096378efd42d36516bcf765eed089b3"},"breadcrumb":{"@id":"https:\/\/esp.championforest.org\/devotionals\/6-21-2020\/#breadcrumb"},"inLanguage":"en-US","potentialAction":[{"@type":"ReadAction","target":["https:\/\/esp.championforest.org\/devotionals\/6-21-2020\/"]}]},{"@type":"ImageObject","inLanguage":"en-US","@id":"https:\/\/esp.championforest.org\/devotionals\/6-21-2020\/#primaryimage","url":"https:\/\/esp.championforest.org\/devotionals\/wp-content\/uploads\/2019\/11\/bible-banner.jpg","contentUrl":"https:\/\/esp.championforest.org\/devotionals\/wp-content\/uploads\/2019\/11\/bible-banner.jpg","width":2000,"height":733},{"@type":"BreadcrumbList","@id":"https:\/\/esp.championforest.org\/devotionals\/6-21-2020\/#breadcrumb","itemListElement":[{"@type":"ListItem","position":1,"name":"Casa","item":"https:\/\/esp.championforest.org\/devotionals\/"},{"@type":"ListItem","position":2,"name":"Devocionales Diarios: Junio 21"}]},{"@type":"WebSite","@id":"https:\/\/esp.championforest.org\/devotionals\/#website","url":"https:\/\/esp.championforest.org\/devotionals\/","name":"Devocionales","description":"","potentialAction":[{"@type":"SearchAction","target":{"@type":"EntryPoint","urlTemplate":"https:\/\/esp.championforest.org\/devotionals\/?s={search_term_string}"},"query-input":{"@type":"PropertyValueSpecification","valueRequired":true,"valueName":"search_term_string"}}],"inLanguage":"en-US"},{"@type":"Person","@id":"https:\/\/esp.championforest.org\/devotionals\/#\/schema\/person\/0096378efd42d36516bcf765eed089b3","name":"Nhora Medina","image":{"@type":"ImageObject","inLanguage":"en-US","@id":"https:\/\/secure.gravatar.com\/avatar\/3050849107c1f0db2f382da068401423bd10ce56c232b7ec7497a009890983b9?s=96&d=mm&r=g","url":"https:\/\/secure.gravatar.com\/avatar\/3050849107c1f0db2f382da068401423bd10ce56c232b7ec7497a009890983b9?s=96&d=mm&r=g","contentUrl":"https:\/\/secure.gravatar.com\/avatar\/3050849107c1f0db2f382da068401423bd10ce56c232b7ec7497a009890983b9?s=96&d=mm&r=g","caption":"Nhora Medina"},"url":"https:\/\/esp.championforest.org\/devotionals\/author\/devo-editor-medina\/"}]}},"_links":{"self":[{"href":"https:\/\/esp.championforest.org\/devotionals\/wp-json\/wp\/v2\/posts\/584","targetHints":{"allow":["GET"]}}],"collection":[{"href":"https:\/\/esp.championforest.org\/devotionals\/wp-json\/wp\/v2\/posts"}],"about":[{"href":"https:\/\/esp.championforest.org\/devotionals\/wp-json\/wp\/v2\/types\/post"}],"author":[{"embeddable":true,"href":"https:\/\/esp.championforest.org\/devotionals\/wp-json\/wp\/v2\/users\/3"}],"replies":[{"embeddable":true,"href":"https:\/\/esp.championforest.org\/devotionals\/wp-json\/wp\/v2\/comments?post=584"}],"version-history":[{"count":3,"href":"https:\/\/esp.championforest.org\/devotionals\/wp-json\/wp\/v2\/posts\/584\/revisions"}],"predecessor-version":[{"id":599,"href":"https:\/\/esp.championforest.org\/devotionals\/wp-json\/wp\/v2\/posts\/584\/revisions\/599"}],"wp:featuredmedia":[{"embeddable":true,"href":"https:\/\/esp.championforest.org\/devotionals\/wp-json\/wp\/v2\/media\/9"}],"wp:attachment":[{"href":"https:\/\/esp.championforest.org\/devotionals\/wp-json\/wp\/v2\/media?parent=584"}],"wp:term":[{"taxonomy":"category","embeddable":true,"href":"https:\/\/esp.championforest.org\/devotionals\/wp-json\/wp\/v2\/categories?post=584"},{"taxonomy":"post_tag","embeddable":true,"href":"https:\/\/esp.championforest.org\/devotionals\/wp-json\/wp\/v2\/tags?post=584"}],"curies":[{"name":"wp","href":"https:\/\/api.w.org\/{rel}","templated":true}]}}