{"id":231,"date":"2020-04-07T01:00:00","date_gmt":"2020-04-07T07:00:00","guid":{"rendered":"https:\/\/esp.championforest.org\/devotionals\/?p=231"},"modified":"2020-04-19T13:47:28","modified_gmt":"2020-04-19T19:47:28","slug":"abril-7-2020","status":"publish","type":"post","link":"https:\/\/esp.championforest.org\/devotionals\/abril-7-2020\/","title":{"rendered":"Juan 12:37-50"},"content":{"rendered":"\n<div class=\"wp-block-ugb-container ugb-container ugb-c3657fa ugb-container--v2 ugb-container--design-basic ugb-main-block\" id=\"\"><style>.ugb-c3657fa-wrapper.ugb-container__wrapper{border-radius:12px !important;background-color:#f1f1f1 !important}.ugb-c3657fa-content-wrapper.ugb-container__content-wrapper{width:100% !important}.ugb-c3657fa-wrapper.ugb-container__wrapper:before{background-color:#f1f1f1 !important}.ugb-c3657fa-content-wrapper > h1,.ugb-c3657fa-content-wrapper > h2,.ugb-c3657fa-content-wrapper > h3,.ugb-c3657fa-content-wrapper > h4,.ugb-c3657fa-content-wrapper > h5,.ugb-c3657fa-content-wrapper > h6{color:#222222}.ugb-c3657fa-content-wrapper > p,.ugb-c3657fa-content-wrapper > ol li,.ugb-c3657fa-content-wrapper > ul li{color:#222222}<\/style><div class=\"ugb-inner-block\"><div class=\"ugb-block-content\"><div class=\"ugb-container__wrapper ugb-c3657fa-wrapper ugb--shadow-3\"><div class=\"ugb-container__side\"><div class=\"ugb-container__content-wrapper ugb-c3657fa-content-wrapper\">\n<h3 class=\"wp-block-heading\">Juan 12:37-50<\/h3>\n\n\n\n<p><sup>37&nbsp;<\/sup>Pero a pesar de que hab\u00eda hecho tantas se\u00f1ales delante de ellos, no cre\u00edan en \u00e9l;<\/p>\n\n\n\n<p><sup>38&nbsp;<\/sup>para que se cumpliese la palabra del profeta Isa\u00edas, que dijo:<br>&nbsp;&nbsp;&nbsp;&nbsp;Se\u00f1or, \u00bfqui\u00e9n ha cre\u00eddo a nuestro anuncio?<br>&nbsp;&nbsp;&nbsp;&nbsp;\u00bfY a qui\u00e9n se ha revelado el brazo del Se\u00f1or?&nbsp;m<\/p>\n\n\n\n<p><sup>39&nbsp;<\/sup>Por esto no pod\u00edan creer, porque tambi\u00e9n dijo Isa\u00edas:<\/p>\n\n\n\n<p><sup>40&nbsp;<\/sup>Ceg\u00f3 los ojos de ellos, y endureci\u00f3 su coraz\u00f3n;<br>Para que no vean con los ojos, y entiendan con el coraz\u00f3n,<br>Y se conviertan, y yo los sane.&nbsp;m<\/p>\n\n\n\n<p><sup>41&nbsp;<\/sup>Isa\u00edas dijo esto cuando vio su gloria, y habl\u00f3 acerca de \u00e9l.<\/p>\n\n\n\n<p><sup>42&nbsp;<\/sup>Con todo eso, aun de los gobernantes, muchos creyeron en \u00e9l; pero a causa de los fariseos no lo confesaban, para no ser expulsados de la sinagoga.<\/p>\n\n\n\n<p><sup>43&nbsp;<\/sup>Porque amaban m\u00e1s la gloria de los hombres que la gloria de Dios.<\/p>\n\n\n\n<h5 class=\"wp-block-heading\">Las palabras de Jes\u00fas juzgar\u00e1n a los hombres<\/h5>\n\n\n\n<p><sup>44&nbsp;<\/sup>Jes\u00fas clam\u00f3 y dijo: El que cree en m\u00ed, no cree en m\u00ed, sino en el que me envi\u00f3;<\/p>\n\n\n\n<p><sup>45&nbsp;<\/sup>y el que me ve, ve al que me envi\u00f3.<\/p>\n\n\n\n<p><sup>46&nbsp;<\/sup>Yo, la luz, he venido al mundo, para que todo aquel que cree en m\u00ed no permanezca en tinieblas.<\/p>\n\n\n\n<p><sup>47&nbsp;<\/sup>Al que oye mis palabras, y no las guarda, yo no le juzgo; porque no he venido a juzgar al mundo, sino a salvar al mundo.<\/p>\n\n\n\n<p><sup>48&nbsp;<\/sup>El que me rechaza, y no recibe mis palabras, tiene quien le juzgue; la palabra que he hablado, ella le juzgar\u00e1 en el d\u00eda postrero.<\/p>\n\n\n\n<p><sup>49&nbsp;<\/sup>Porque yo no he hablado por mi propia cuenta; el Padre que me envi\u00f3, \u00e9l me dio mandamiento de lo que he de decir, y de lo que he de hablar.<\/p>\n\n\n\n<p><sup>50&nbsp;<\/sup>Y s\u00e9 que su mandamiento es vida eterna. As\u00ed pues, lo que yo hablo, lo hablo como el Padre me lo ha dicho.<\/p>\n\n\n\n<p>Versi\u00f3n Reina-Valera 1960 \u00a9 Sociedades B\u00edblicas en Am\u00e9rica Latina, 1960. Renovado \u00a9 Sociedades B\u00edblicas Unidas, 1988.<\/p>\n<\/div><\/div><\/div><\/div><\/div><\/div>\n","protected":false},"excerpt":{"rendered":"<p>Juan 12:37-50 37&nbsp;Pero a pesar de que hab\u00eda hecho tantas se\u00f1ales delante de ellos, no cre\u00edan en \u00e9l; 38&nbsp;para que se cumpliese la palabra del profeta Isa\u00edas, que dijo:&nbsp;&nbsp;&nbsp;&nbsp;Se\u00f1or, \u00bfqui\u00e9n ha cre\u00eddo a nuestro anuncio?&nbsp;&nbsp;&nbsp;&nbsp;\u00bfY a qui\u00e9n se ha revelado el brazo del Se\u00f1or?&nbsp;m 39&nbsp;Por esto no pod\u00edan creer, porque tambi\u00e9n dijo Isa\u00edas: 40&nbsp;Ceg\u00f3 los &hellip; <a href=\"https:\/\/esp.championforest.org\/devotionals\/abril-7-2020\/\" class=\"more-link\">Continue reading <span class=\"screen-reader-text\">Juan 12:37-50<\/span><\/a><\/p>\n","protected":false},"author":2,"featured_media":9,"comment_status":"open","ping_status":"open","sticky":false,"template":"","format":"standard","meta":{"footnotes":""},"categories":[5],"tags":[],"class_list":["post-231","post","type-post","status-publish","format-standard","has-post-thumbnail","hentry","category-semana-santa"],"featured_image_urls_v2":{"full":["https:\/\/esp.championforest.org\/devotionals\/wp-content\/uploads\/2019\/11\/bible-banner.jpg",2000,733,false],"thumbnail":["https:\/\/esp.championforest.org\/devotionals\/wp-content\/uploads\/2019\/11\/bible-banner-150x150.jpg",150,150,true],"medium":["https:\/\/esp.championforest.org\/devotionals\/wp-content\/uploads\/2019\/11\/bible-banner-300x110.jpg",300,110,true],"medium_large":["https:\/\/esp.championforest.org\/devotionals\/wp-content\/uploads\/2019\/11\/bible-banner-768x281.jpg",768,281,true],"large":["https:\/\/esp.championforest.org\/devotionals\/wp-content\/uploads\/2019\/11\/bible-banner-1024x375.jpg",900,330,true],"1536x1536":["https:\/\/esp.championforest.org\/devotionals\/wp-content\/uploads\/2019\/11\/bible-banner-1536x563.jpg",1536,563,true],"2048x2048":["https:\/\/esp.championforest.org\/devotionals\/wp-content\/uploads\/2019\/11\/bible-banner.jpg",2000,733,false],"post-thumbnail":["https:\/\/esp.championforest.org\/devotionals\/wp-content\/uploads\/2019\/11\/bible-banner.jpg",2000,733,false]},"post_excerpt_stackable_v2":"<p>Juan 12:37-50 37&nbsp;Pero a pesar de que hab\u00eda hecho tantas se\u00f1ales delante de ellos, no cre\u00edan en \u00e9l; 38&nbsp;para que se cumpliese la palabra del profeta Isa\u00edas, que dijo:&nbsp;&nbsp;&nbsp;&nbsp;Se\u00f1or, \u00bfqui\u00e9n ha cre\u00eddo a nuestro anuncio?&nbsp;&nbsp;&nbsp;&nbsp;\u00bfY a qui\u00e9n se ha revelado el brazo del Se\u00f1or?&nbsp;m 39&nbsp;Por esto no pod\u00edan creer, porque tambi\u00e9n dijo Isa\u00edas: 40&nbsp;Ceg\u00f3 los ojos de ellos, y endureci\u00f3 su coraz\u00f3n;Para que no vean con los ojos, y entiendan con el coraz\u00f3n,Y se conviertan, y yo los sane.&nbsp;m 41&nbsp;Isa\u00edas dijo esto cuando vio su gloria, y habl\u00f3 acerca de \u00e9l. 42&nbsp;Con todo eso, aun de los gobernantes, muchos creyeron&hellip;<\/p>\n","category_list_v2":"<a href=\"https:\/\/esp.championforest.org\/devotionals\/category\/semana-santa\/\" rel=\"category tag\">Semana Santa<\/a>","author_info_v2":{"name":"Champion Forest","url":"https:\/\/esp.championforest.org\/devotionals\/author\/cfbcms_admin\/"},"comments_num_v2":"3 comments","yoast_head":"<!-- This site is optimized with the Yoast SEO plugin v27.3 - https:\/\/yoast.com\/product\/yoast-seo-wordpress\/ -->\n<title>Juan 12:37-50 - Devocionales<\/title>\n<meta name=\"robots\" content=\"index, follow, max-snippet:-1, max-image-preview:large, max-video-preview:-1\" \/>\n<link rel=\"canonical\" href=\"https:\/\/esp.championforest.org\/devotionals\/abril-7-2020\/\" \/>\n<meta property=\"og:locale\" content=\"en_US\" \/>\n<meta property=\"og:type\" content=\"article\" \/>\n<meta property=\"og:title\" content=\"Juan 12:37-50 - Devocionales\" \/>\n<meta property=\"og:description\" content=\"Juan 12:37-50 37&nbsp;Pero a pesar de que hab\u00eda hecho tantas se\u00f1ales delante de ellos, no cre\u00edan en \u00e9l; 38&nbsp;para que se cumpliese la palabra del profeta Isa\u00edas, que dijo:&nbsp;&nbsp;&nbsp;&nbsp;Se\u00f1or, \u00bfqui\u00e9n ha cre\u00eddo a nuestro anuncio?&nbsp;&nbsp;&nbsp;&nbsp;\u00bfY a qui\u00e9n se ha revelado el brazo del Se\u00f1or?&nbsp;m 39&nbsp;Por esto no pod\u00edan creer, porque tambi\u00e9n dijo Isa\u00edas: 40&nbsp;Ceg\u00f3 los &hellip; Continue reading Juan 12:37-50\" \/>\n<meta property=\"og:url\" content=\"https:\/\/esp.championforest.org\/devotionals\/abril-7-2020\/\" \/>\n<meta property=\"og:site_name\" content=\"Devocionales\" \/>\n<meta property=\"article:published_time\" content=\"2020-04-07T07:00:00+00:00\" \/>\n<meta property=\"article:modified_time\" content=\"2020-04-19T19:47:28+00:00\" \/>\n<meta property=\"og:image\" content=\"https:\/\/esp.championforest.org\/devotionals\/wp-content\/uploads\/2019\/11\/bible-banner.jpg\" \/>\n\t<meta property=\"og:image:width\" content=\"2000\" \/>\n\t<meta property=\"og:image:height\" content=\"733\" \/>\n\t<meta property=\"og:image:type\" content=\"image\/jpeg\" \/>\n<meta name=\"author\" content=\"Champion Forest\" \/>\n<meta name=\"twitter:card\" content=\"summary_large_image\" \/>\n<meta name=\"twitter:label1\" content=\"Written by\" \/>\n\t<meta name=\"twitter:data1\" content=\"Champion Forest\" \/>\n\t<meta name=\"twitter:label2\" content=\"Est. reading time\" \/>\n\t<meta name=\"twitter:data2\" content=\"2 minutes\" \/>\n<script type=\"application\/ld+json\" class=\"yoast-schema-graph\">{\"@context\":\"https:\\\/\\\/schema.org\",\"@graph\":[{\"@type\":\"Article\",\"@id\":\"https:\\\/\\\/esp.championforest.org\\\/devotionals\\\/abril-7-2020\\\/#article\",\"isPartOf\":{\"@id\":\"https:\\\/\\\/esp.championforest.org\\\/devotionals\\\/abril-7-2020\\\/\"},\"author\":{\"name\":\"Champion Forest\",\"@id\":\"https:\\\/\\\/esp.championforest.org\\\/devotionals\\\/#\\\/schema\\\/person\\\/0d7b32cb6698781087962c699912c666\"},\"headline\":\"Juan 12:37-50\",\"datePublished\":\"2020-04-07T07:00:00+00:00\",\"dateModified\":\"2020-04-19T19:47:28+00:00\",\"mainEntityOfPage\":{\"@id\":\"https:\\\/\\\/esp.championforest.org\\\/devotionals\\\/abril-7-2020\\\/\"},\"wordCount\":359,\"commentCount\":3,\"image\":{\"@id\":\"https:\\\/\\\/esp.championforest.org\\\/devotionals\\\/abril-7-2020\\\/#primaryimage\"},\"thumbnailUrl\":\"https:\\\/\\\/esp.championforest.org\\\/devotionals\\\/wp-content\\\/uploads\\\/2019\\\/11\\\/bible-banner.jpg\",\"articleSection\":[\"Semana Santa\"],\"inLanguage\":\"en-US\",\"potentialAction\":[{\"@type\":\"CommentAction\",\"name\":\"Comment\",\"target\":[\"https:\\\/\\\/esp.championforest.org\\\/devotionals\\\/abril-7-2020\\\/#respond\"]}]},{\"@type\":\"WebPage\",\"@id\":\"https:\\\/\\\/esp.championforest.org\\\/devotionals\\\/abril-7-2020\\\/\",\"url\":\"https:\\\/\\\/esp.championforest.org\\\/devotionals\\\/abril-7-2020\\\/\",\"name\":\"Juan 12:37-50 - Devocionales\",\"isPartOf\":{\"@id\":\"https:\\\/\\\/esp.championforest.org\\\/devotionals\\\/#website\"},\"primaryImageOfPage\":{\"@id\":\"https:\\\/\\\/esp.championforest.org\\\/devotionals\\\/abril-7-2020\\\/#primaryimage\"},\"image\":{\"@id\":\"https:\\\/\\\/esp.championforest.org\\\/devotionals\\\/abril-7-2020\\\/#primaryimage\"},\"thumbnailUrl\":\"https:\\\/\\\/esp.championforest.org\\\/devotionals\\\/wp-content\\\/uploads\\\/2019\\\/11\\\/bible-banner.jpg\",\"datePublished\":\"2020-04-07T07:00:00+00:00\",\"dateModified\":\"2020-04-19T19:47:28+00:00\",\"author\":{\"@id\":\"https:\\\/\\\/esp.championforest.org\\\/devotionals\\\/#\\\/schema\\\/person\\\/0d7b32cb6698781087962c699912c666\"},\"breadcrumb\":{\"@id\":\"https:\\\/\\\/esp.championforest.org\\\/devotionals\\\/abril-7-2020\\\/#breadcrumb\"},\"inLanguage\":\"en-US\",\"potentialAction\":[{\"@type\":\"ReadAction\",\"target\":[\"https:\\\/\\\/esp.championforest.org\\\/devotionals\\\/abril-7-2020\\\/\"]}]},{\"@type\":\"ImageObject\",\"inLanguage\":\"en-US\",\"@id\":\"https:\\\/\\\/esp.championforest.org\\\/devotionals\\\/abril-7-2020\\\/#primaryimage\",\"url\":\"https:\\\/\\\/esp.championforest.org\\\/devotionals\\\/wp-content\\\/uploads\\\/2019\\\/11\\\/bible-banner.jpg\",\"contentUrl\":\"https:\\\/\\\/esp.championforest.org\\\/devotionals\\\/wp-content\\\/uploads\\\/2019\\\/11\\\/bible-banner.jpg\",\"width\":2000,\"height\":733},{\"@type\":\"BreadcrumbList\",\"@id\":\"https:\\\/\\\/esp.championforest.org\\\/devotionals\\\/abril-7-2020\\\/#breadcrumb\",\"itemListElement\":[{\"@type\":\"ListItem\",\"position\":1,\"name\":\"Casa\",\"item\":\"https:\\\/\\\/esp.championforest.org\\\/devotionals\\\/\"},{\"@type\":\"ListItem\",\"position\":2,\"name\":\"Juan 12:37-50\"}]},{\"@type\":\"WebSite\",\"@id\":\"https:\\\/\\\/esp.championforest.org\\\/devotionals\\\/#website\",\"url\":\"https:\\\/\\\/esp.championforest.org\\\/devotionals\\\/\",\"name\":\"Devocionales\",\"description\":\"\",\"potentialAction\":[{\"@type\":\"SearchAction\",\"target\":{\"@type\":\"EntryPoint\",\"urlTemplate\":\"https:\\\/\\\/esp.championforest.org\\\/devotionals\\\/?s={search_term_string}\"},\"query-input\":{\"@type\":\"PropertyValueSpecification\",\"valueRequired\":true,\"valueName\":\"search_term_string\"}}],\"inLanguage\":\"en-US\"},{\"@type\":\"Person\",\"@id\":\"https:\\\/\\\/esp.championforest.org\\\/devotionals\\\/#\\\/schema\\\/person\\\/0d7b32cb6698781087962c699912c666\",\"name\":\"Champion Forest\",\"image\":{\"@type\":\"ImageObject\",\"inLanguage\":\"en-US\",\"@id\":\"https:\\\/\\\/secure.gravatar.com\\\/avatar\\\/978ba5d6180fa65624708e969f442efde16543b129f0679a2cb301024d170062?s=96&d=mm&r=g\",\"url\":\"https:\\\/\\\/secure.gravatar.com\\\/avatar\\\/978ba5d6180fa65624708e969f442efde16543b129f0679a2cb301024d170062?s=96&d=mm&r=g\",\"contentUrl\":\"https:\\\/\\\/secure.gravatar.com\\\/avatar\\\/978ba5d6180fa65624708e969f442efde16543b129f0679a2cb301024d170062?s=96&d=mm&r=g\",\"caption\":\"Champion Forest\"},\"url\":\"https:\\\/\\\/esp.championforest.org\\\/devotionals\\\/author\\\/cfbcms_admin\\\/\"}]}<\/script>\n<!-- \/ Yoast SEO plugin. -->","yoast_head_json":{"title":"Juan 12:37-50 - Devocionales","robots":{"index":"index","follow":"follow","max-snippet":"max-snippet:-1","max-image-preview":"max-image-preview:large","max-video-preview":"max-video-preview:-1"},"canonical":"https:\/\/esp.championforest.org\/devotionals\/abril-7-2020\/","og_locale":"en_US","og_type":"article","og_title":"Juan 12:37-50 - Devocionales","og_description":"Juan 12:37-50 37&nbsp;Pero a pesar de que hab\u00eda hecho tantas se\u00f1ales delante de ellos, no cre\u00edan en \u00e9l; 38&nbsp;para que se cumpliese la palabra del profeta Isa\u00edas, que dijo:&nbsp;&nbsp;&nbsp;&nbsp;Se\u00f1or, \u00bfqui\u00e9n ha cre\u00eddo a nuestro anuncio?&nbsp;&nbsp;&nbsp;&nbsp;\u00bfY a qui\u00e9n se ha revelado el brazo del Se\u00f1or?&nbsp;m 39&nbsp;Por esto no pod\u00edan creer, porque tambi\u00e9n dijo Isa\u00edas: 40&nbsp;Ceg\u00f3 los &hellip; Continue reading Juan 12:37-50","og_url":"https:\/\/esp.championforest.org\/devotionals\/abril-7-2020\/","og_site_name":"Devocionales","article_published_time":"2020-04-07T07:00:00+00:00","article_modified_time":"2020-04-19T19:47:28+00:00","og_image":[{"width":2000,"height":733,"url":"https:\/\/esp.championforest.org\/devotionals\/wp-content\/uploads\/2019\/11\/bible-banner.jpg","type":"image\/jpeg"}],"author":"Champion Forest","twitter_card":"summary_large_image","twitter_misc":{"Written by":"Champion Forest","Est. reading time":"2 minutes"},"schema":{"@context":"https:\/\/schema.org","@graph":[{"@type":"Article","@id":"https:\/\/esp.championforest.org\/devotionals\/abril-7-2020\/#article","isPartOf":{"@id":"https:\/\/esp.championforest.org\/devotionals\/abril-7-2020\/"},"author":{"name":"Champion Forest","@id":"https:\/\/esp.championforest.org\/devotionals\/#\/schema\/person\/0d7b32cb6698781087962c699912c666"},"headline":"Juan 12:37-50","datePublished":"2020-04-07T07:00:00+00:00","dateModified":"2020-04-19T19:47:28+00:00","mainEntityOfPage":{"@id":"https:\/\/esp.championforest.org\/devotionals\/abril-7-2020\/"},"wordCount":359,"commentCount":3,"image":{"@id":"https:\/\/esp.championforest.org\/devotionals\/abril-7-2020\/#primaryimage"},"thumbnailUrl":"https:\/\/esp.championforest.org\/devotionals\/wp-content\/uploads\/2019\/11\/bible-banner.jpg","articleSection":["Semana Santa"],"inLanguage":"en-US","potentialAction":[{"@type":"CommentAction","name":"Comment","target":["https:\/\/esp.championforest.org\/devotionals\/abril-7-2020\/#respond"]}]},{"@type":"WebPage","@id":"https:\/\/esp.championforest.org\/devotionals\/abril-7-2020\/","url":"https:\/\/esp.championforest.org\/devotionals\/abril-7-2020\/","name":"Juan 12:37-50 - Devocionales","isPartOf":{"@id":"https:\/\/esp.championforest.org\/devotionals\/#website"},"primaryImageOfPage":{"@id":"https:\/\/esp.championforest.org\/devotionals\/abril-7-2020\/#primaryimage"},"image":{"@id":"https:\/\/esp.championforest.org\/devotionals\/abril-7-2020\/#primaryimage"},"thumbnailUrl":"https:\/\/esp.championforest.org\/devotionals\/wp-content\/uploads\/2019\/11\/bible-banner.jpg","datePublished":"2020-04-07T07:00:00+00:00","dateModified":"2020-04-19T19:47:28+00:00","author":{"@id":"https:\/\/esp.championforest.org\/devotionals\/#\/schema\/person\/0d7b32cb6698781087962c699912c666"},"breadcrumb":{"@id":"https:\/\/esp.championforest.org\/devotionals\/abril-7-2020\/#breadcrumb"},"inLanguage":"en-US","potentialAction":[{"@type":"ReadAction","target":["https:\/\/esp.championforest.org\/devotionals\/abril-7-2020\/"]}]},{"@type":"ImageObject","inLanguage":"en-US","@id":"https:\/\/esp.championforest.org\/devotionals\/abril-7-2020\/#primaryimage","url":"https:\/\/esp.championforest.org\/devotionals\/wp-content\/uploads\/2019\/11\/bible-banner.jpg","contentUrl":"https:\/\/esp.championforest.org\/devotionals\/wp-content\/uploads\/2019\/11\/bible-banner.jpg","width":2000,"height":733},{"@type":"BreadcrumbList","@id":"https:\/\/esp.championforest.org\/devotionals\/abril-7-2020\/#breadcrumb","itemListElement":[{"@type":"ListItem","position":1,"name":"Casa","item":"https:\/\/esp.championforest.org\/devotionals\/"},{"@type":"ListItem","position":2,"name":"Juan 12:37-50"}]},{"@type":"WebSite","@id":"https:\/\/esp.championforest.org\/devotionals\/#website","url":"https:\/\/esp.championforest.org\/devotionals\/","name":"Devocionales","description":"","potentialAction":[{"@type":"SearchAction","target":{"@type":"EntryPoint","urlTemplate":"https:\/\/esp.championforest.org\/devotionals\/?s={search_term_string}"},"query-input":{"@type":"PropertyValueSpecification","valueRequired":true,"valueName":"search_term_string"}}],"inLanguage":"en-US"},{"@type":"Person","@id":"https:\/\/esp.championforest.org\/devotionals\/#\/schema\/person\/0d7b32cb6698781087962c699912c666","name":"Champion Forest","image":{"@type":"ImageObject","inLanguage":"en-US","@id":"https:\/\/secure.gravatar.com\/avatar\/978ba5d6180fa65624708e969f442efde16543b129f0679a2cb301024d170062?s=96&d=mm&r=g","url":"https:\/\/secure.gravatar.com\/avatar\/978ba5d6180fa65624708e969f442efde16543b129f0679a2cb301024d170062?s=96&d=mm&r=g","contentUrl":"https:\/\/secure.gravatar.com\/avatar\/978ba5d6180fa65624708e969f442efde16543b129f0679a2cb301024d170062?s=96&d=mm&r=g","caption":"Champion Forest"},"url":"https:\/\/esp.championforest.org\/devotionals\/author\/cfbcms_admin\/"}]}},"_links":{"self":[{"href":"https:\/\/esp.championforest.org\/devotionals\/wp-json\/wp\/v2\/posts\/231","targetHints":{"allow":["GET"]}}],"collection":[{"href":"https:\/\/esp.championforest.org\/devotionals\/wp-json\/wp\/v2\/posts"}],"about":[{"href":"https:\/\/esp.championforest.org\/devotionals\/wp-json\/wp\/v2\/types\/post"}],"author":[{"embeddable":true,"href":"https:\/\/esp.championforest.org\/devotionals\/wp-json\/wp\/v2\/users\/2"}],"replies":[{"embeddable":true,"href":"https:\/\/esp.championforest.org\/devotionals\/wp-json\/wp\/v2\/comments?post=231"}],"version-history":[{"count":2,"href":"https:\/\/esp.championforest.org\/devotionals\/wp-json\/wp\/v2\/posts\/231\/revisions"}],"predecessor-version":[{"id":238,"href":"https:\/\/esp.championforest.org\/devotionals\/wp-json\/wp\/v2\/posts\/231\/revisions\/238"}],"wp:featuredmedia":[{"embeddable":true,"href":"https:\/\/esp.championforest.org\/devotionals\/wp-json\/wp\/v2\/media\/9"}],"wp:attachment":[{"href":"https:\/\/esp.championforest.org\/devotionals\/wp-json\/wp\/v2\/media?parent=231"}],"wp:term":[{"taxonomy":"category","embeddable":true,"href":"https:\/\/esp.championforest.org\/devotionals\/wp-json\/wp\/v2\/categories?post=231"},{"taxonomy":"post_tag","embeddable":true,"href":"https:\/\/esp.championforest.org\/devotionals\/wp-json\/wp\/v2\/tags?post=231"}],"curies":[{"name":"wp","href":"https:\/\/api.w.org\/{rel}","templated":true}]}}