{"id":227,"date":"2020-04-06T01:00:00","date_gmt":"2020-04-06T07:00:00","guid":{"rendered":"https:\/\/esp.championforest.org\/devotionals\/?p=227"},"modified":"2020-03-31T10:20:21","modified_gmt":"2020-03-31T16:20:21","slug":"marcos-abril-6","status":"publish","type":"post","link":"https:\/\/esp.championforest.org\/devotionals\/marcos-abril-6\/","title":{"rendered":"Marcos Cap\u00edtulo 16"},"content":{"rendered":"\n<div class=\"wp-block-ugb-container ugb-container ugb-e9df508 ugb-container--v2 ugb-container--design-basic ugb-main-block\" id=\"\"><style>.ugb-e9df508-wrapper.ugb-container__wrapper{border-radius:12px !important;background-color:#f1f1f1 !important}.ugb-e9df508-content-wrapper.ugb-container__content-wrapper{width:100% !important}.ugb-e9df508-wrapper.ugb-container__wrapper:before{background-color:#f1f1f1 !important}.ugb-e9df508-content-wrapper > h1,.ugb-e9df508-content-wrapper > h2,.ugb-e9df508-content-wrapper > h3,.ugb-e9df508-content-wrapper > h4,.ugb-e9df508-content-wrapper > h5,.ugb-e9df508-content-wrapper > h6{color:#222222}.ugb-e9df508-content-wrapper > p,.ugb-e9df508-content-wrapper > ol li,.ugb-e9df508-content-wrapper > ul li{color:#222222}<\/style><div class=\"ugb-inner-block\"><div class=\"ugb-block-content\"><div class=\"ugb-container__wrapper ugb-e9df508-wrapper ugb--shadow-3\"><div class=\"ugb-container__side\"><div class=\"ugb-container__content-wrapper ugb-e9df508-content-wrapper\">\n<h3 class=\"wp-block-heading\">Marcos 16<\/h3>\n\n\n\n<h5 class=\"wp-block-heading\">La resurrecci\u00f3n<\/h5>\n\n\n\n<h6 class=\"wp-block-heading\">(Mt. 28.1-10; Lc. 24.1-12; Jn. 20.1-10)<\/h6>\n\n\n\n<p>1\u00a0\u00a0Cuando pas\u00f3 el d\u00eda de reposo,\u00a0Mar\u00eda Magdalena, Mar\u00eda la madre de Jacobo, y Salom\u00e9, compraron especias arom\u00e1ticas para ir a ungirle.<\/p>\n\n\n\n<p><sup>2&nbsp;<\/sup>Y muy de ma\u00f1ana, el primer d\u00eda de la semana, vinieron al sepulcro, ya salido el sol.<\/p>\n\n\n\n<p><sup>3&nbsp;<\/sup>Pero dec\u00edan entre s\u00ed: \u00bfQui\u00e9n nos remover\u00e1 la piedra de la entrada del sepulcro?<\/p>\n\n\n\n<p><sup>4&nbsp;<\/sup>Pero cuando miraron, vieron removida la piedra, que era muy grande.<\/p>\n\n\n\n<p><sup>5&nbsp;<\/sup>Y cuando entraron en el sepulcro, vieron a un joven sentado al lado derecho, cubierto de una larga ropa blanca; y se espantaron.<\/p>\n\n\n\n<p><sup>6&nbsp;<\/sup>Mas \u00e9l les dijo: No os asust\u00e9is; busc\u00e1is a Jes\u00fas nazareno, el que fue crucificado; ha resucitado, no est\u00e1 aqu\u00ed; mirad el lugar en donde le pusieron.<\/p>\n\n\n\n<p><sup>7&nbsp;<\/sup>Pero id, decid a sus disc\u00edpulos, y a Pedro, que \u00e9l va delante de vosotros a Galilea;&nbsp;all\u00ed le ver\u00e9is, como os dijo.<\/p>\n\n\n\n<p><sup>8&nbsp;<\/sup>Y ellas se fueron huyendo del sepulcro, porque les hab\u00eda tomado temblor y espanto; ni dec\u00edan nada a nadie, porque ten\u00edan miedo.<\/p>\n\n\n\n<h5 class=\"wp-block-heading\">Jes\u00fas se aparece a Mar\u00eda Magdalena<\/h5>\n\n\n\n<h6 class=\"wp-block-heading\">(Jn. 20.11-18)<\/h6>\n\n\n\n<p><sup>9&nbsp;<\/sup>Habiendo, pues, resucitado Jes\u00fas por la ma\u00f1ana, el primer d\u00eda de la semana, apareci\u00f3 primeramente a Mar\u00eda Magdalena, de quien hab\u00eda echado siete demonios.<\/p>\n\n\n\n<p><sup>10&nbsp;<\/sup>Yendo ella, lo hizo saber a los que hab\u00edan estado con \u00e9l, que estaban tristes y llorando.<\/p>\n\n\n\n<p><sup>11&nbsp;<\/sup>Ellos, cuando oyeron que viv\u00eda, y que hab\u00eda sido visto por ella, no lo creyeron.<\/p>\n\n\n\n<h5 class=\"wp-block-heading\">Jes\u00fas se aparece a dos de sus disc\u00edpulos<\/h5>\n\n\n\n<h6 class=\"wp-block-heading\">(Lc. 24.13-35)<\/h6>\n\n\n\n<p><sup>12&nbsp;<\/sup>Pero despu\u00e9s apareci\u00f3 en otra forma a dos de ellos que iban de camino, yendo al campo.<\/p>\n\n\n\n<p><sup>13&nbsp;<\/sup>Ellos fueron y lo hicieron saber a los otros; y ni aun a ellos creyeron.<\/p>\n\n\n\n<h5 class=\"wp-block-heading\">Jes\u00fas comisiona a los ap\u00f3stoles<\/h5>\n\n\n\n<h6 class=\"wp-block-heading\">(Mt. 28.16-20; Lc. 24.36-49; Jn. 20.19-23)<\/h6>\n\n\n\n<p><sup>14&nbsp;<\/sup>Finalmente se apareci\u00f3 a los once mismos, estando ellos sentados a la mesa, y les reproch\u00f3 su incredulidad y dureza de coraz\u00f3n, porque no hab\u00edan cre\u00eddo a los que le hab\u00edan visto resucitado.<\/p>\n\n\n\n<p><sup>15&nbsp;<\/sup>Y les dijo: Id por todo el mundo y predicad el evangelio a toda criatura.<\/p>\n\n\n\n<p><sup>16&nbsp;<\/sup>El que creyere y fuere bautizado, ser\u00e1 salvo; mas el que no creyere, ser\u00e1 condenado.<\/p>\n\n\n\n<p><sup>17&nbsp;<\/sup>Y estas se\u00f1ales seguir\u00e1n a los que creen: En mi nombre echar\u00e1n fuera demonios; hablar\u00e1n nuevas lenguas;<\/p>\n\n\n\n<p><sup>18&nbsp;<\/sup>tomar\u00e1n en las manos serpientes, y si bebieren cosa mort\u00edfera, no les har\u00e1 da\u00f1o; sobre los enfermos pondr\u00e1n sus manos, y sanar\u00e1n.<\/p>\n\n\n\n<h5 class=\"wp-block-heading\">La ascensi\u00f3n<\/h5>\n\n\n\n<h6 class=\"wp-block-heading\">(Lc. 24.50-53)<\/h6>\n\n\n\n<p><sup>19&nbsp;<\/sup>Y el Se\u00f1or, despu\u00e9s que les habl\u00f3, fue recibido arriba en el cielo,&nbsp;y se sent\u00f3 a la diestra de Dios.<\/p>\n\n\n\n<p><sup>20&nbsp;<\/sup>Y ellos, saliendo, predicaron en todas partes, ayud\u00e1ndoles el Se\u00f1or y confirmando la palabra con las se\u00f1ales que la segu\u00edan. Am\u00e9n.<\/p>\n\n\n\n<p>Versi\u00f3n Reina-Valera 1960 \u00a9 Sociedades B\u00edblicas en Am\u00e9rica Latina, 1960. Renovado \u00a9 Sociedades B\u00edblicas Unidas, 1988.<\/p>\n<\/div><\/div><\/div><\/div><\/div><\/div>\n","protected":false},"excerpt":{"rendered":"<p>Marcos 16 La resurrecci\u00f3n (Mt. 28.1-10; Lc. 24.1-12; Jn. 20.1-10) 1\u00a0\u00a0Cuando pas\u00f3 el d\u00eda de reposo,\u00a0Mar\u00eda Magdalena, Mar\u00eda la madre de Jacobo, y Salom\u00e9, compraron especias arom\u00e1ticas para ir a ungirle. 2&nbsp;Y muy de ma\u00f1ana, el primer d\u00eda de la semana, vinieron al sepulcro, ya salido el sol. 3&nbsp;Pero dec\u00edan entre s\u00ed: \u00bfQui\u00e9n nos remover\u00e1 &hellip; <a href=\"https:\/\/esp.championforest.org\/devotionals\/marcos-abril-6\/\" class=\"more-link\">Continue reading <span class=\"screen-reader-text\">Marcos Cap\u00edtulo 16<\/span><\/a><\/p>\n","protected":false},"author":2,"featured_media":9,"comment_status":"open","ping_status":"open","sticky":false,"template":"","format":"standard","meta":{"footnotes":""},"categories":[3],"tags":[],"class_list":["post-227","post","type-post","status-publish","format-standard","has-post-thumbnail","hentry","category-marcos"],"featured_image_urls_v2":{"full":["https:\/\/esp.championforest.org\/devotionals\/wp-content\/uploads\/2019\/11\/bible-banner.jpg",2000,733,false],"thumbnail":["https:\/\/esp.championforest.org\/devotionals\/wp-content\/uploads\/2019\/11\/bible-banner-150x150.jpg",150,150,true],"medium":["https:\/\/esp.championforest.org\/devotionals\/wp-content\/uploads\/2019\/11\/bible-banner-300x110.jpg",300,110,true],"medium_large":["https:\/\/esp.championforest.org\/devotionals\/wp-content\/uploads\/2019\/11\/bible-banner-768x281.jpg",768,281,true],"large":["https:\/\/esp.championforest.org\/devotionals\/wp-content\/uploads\/2019\/11\/bible-banner-1024x375.jpg",900,330,true],"1536x1536":["https:\/\/esp.championforest.org\/devotionals\/wp-content\/uploads\/2019\/11\/bible-banner-1536x563.jpg",1536,563,true],"2048x2048":["https:\/\/esp.championforest.org\/devotionals\/wp-content\/uploads\/2019\/11\/bible-banner.jpg",2000,733,false],"post-thumbnail":["https:\/\/esp.championforest.org\/devotionals\/wp-content\/uploads\/2019\/11\/bible-banner.jpg",2000,733,false]},"post_excerpt_stackable_v2":"<p>Marcos 16 La resurrecci\u00f3n (Mt. 28.1-10; Lc. 24.1-12; Jn. 20.1-10) 1\u00a0\u00a0Cuando pas\u00f3 el d\u00eda de reposo,\u00a0Mar\u00eda Magdalena, Mar\u00eda la madre de Jacobo, y Salom\u00e9, compraron especias arom\u00e1ticas para ir a ungirle. 2&nbsp;Y muy de ma\u00f1ana, el primer d\u00eda de la semana, vinieron al sepulcro, ya salido el sol. 3&nbsp;Pero dec\u00edan entre s\u00ed: \u00bfQui\u00e9n nos remover\u00e1 la piedra de la entrada del sepulcro? 4&nbsp;Pero cuando miraron, vieron removida la piedra, que era muy grande. 5&nbsp;Y cuando entraron en el sepulcro, vieron a un joven sentado al lado derecho, cubierto de una larga ropa blanca; y se espantaron. 6&nbsp;Mas \u00e9l les dijo:&hellip;<\/p>\n","category_list_v2":"<a href=\"https:\/\/esp.championforest.org\/devotionals\/category\/marcos\/\" rel=\"category tag\">Marcos<\/a>","author_info_v2":{"name":"Champion Forest","url":"https:\/\/esp.championforest.org\/devotionals\/author\/cfbcms_admin\/"},"comments_num_v2":"3 comments","yoast_head":"<!-- This site is optimized with the Yoast SEO plugin v27.3 - https:\/\/yoast.com\/product\/yoast-seo-wordpress\/ -->\n<title>Marcos Cap\u00edtulo 16 - Devocionales<\/title>\n<meta name=\"robots\" content=\"index, follow, max-snippet:-1, max-image-preview:large, max-video-preview:-1\" \/>\n<link rel=\"canonical\" href=\"https:\/\/esp.championforest.org\/devotionals\/marcos-abril-6\/\" \/>\n<meta property=\"og:locale\" content=\"en_US\" \/>\n<meta property=\"og:type\" content=\"article\" \/>\n<meta property=\"og:title\" content=\"Marcos Cap\u00edtulo 16 - Devocionales\" \/>\n<meta property=\"og:description\" content=\"Marcos 16 La resurrecci\u00f3n (Mt. 28.1-10; Lc. 24.1-12; Jn. 20.1-10) 1\u00a0\u00a0Cuando pas\u00f3 el d\u00eda de reposo,\u00a0Mar\u00eda Magdalena, Mar\u00eda la madre de Jacobo, y Salom\u00e9, compraron especias arom\u00e1ticas para ir a ungirle. 2&nbsp;Y muy de ma\u00f1ana, el primer d\u00eda de la semana, vinieron al sepulcro, ya salido el sol. 3&nbsp;Pero dec\u00edan entre s\u00ed: \u00bfQui\u00e9n nos remover\u00e1 &hellip; Continue reading Marcos Cap\u00edtulo 16\" \/>\n<meta property=\"og:url\" content=\"https:\/\/esp.championforest.org\/devotionals\/marcos-abril-6\/\" \/>\n<meta property=\"og:site_name\" content=\"Devocionales\" \/>\n<meta property=\"article:published_time\" content=\"2020-04-06T07:00:00+00:00\" \/>\n<meta property=\"og:image\" content=\"https:\/\/esp.championforest.org\/devotionals\/wp-content\/uploads\/2019\/11\/bible-banner.jpg\" \/>\n\t<meta property=\"og:image:width\" content=\"2000\" \/>\n\t<meta property=\"og:image:height\" content=\"733\" \/>\n\t<meta property=\"og:image:type\" content=\"image\/jpeg\" \/>\n<meta name=\"author\" content=\"Champion Forest\" \/>\n<meta name=\"twitter:card\" content=\"summary_large_image\" \/>\n<meta name=\"twitter:label1\" content=\"Written by\" \/>\n\t<meta name=\"twitter:data1\" content=\"Champion Forest\" \/>\n\t<meta name=\"twitter:label2\" content=\"Est. reading time\" \/>\n\t<meta name=\"twitter:data2\" content=\"3 minutes\" \/>\n<script type=\"application\/ld+json\" class=\"yoast-schema-graph\">{\"@context\":\"https:\\\/\\\/schema.org\",\"@graph\":[{\"@type\":\"Article\",\"@id\":\"https:\\\/\\\/esp.championforest.org\\\/devotionals\\\/marcos-abril-6\\\/#article\",\"isPartOf\":{\"@id\":\"https:\\\/\\\/esp.championforest.org\\\/devotionals\\\/marcos-abril-6\\\/\"},\"author\":{\"name\":\"Champion Forest\",\"@id\":\"https:\\\/\\\/esp.championforest.org\\\/devotionals\\\/#\\\/schema\\\/person\\\/0d7b32cb6698781087962c699912c666\"},\"headline\":\"Marcos Cap\u00edtulo 16\",\"datePublished\":\"2020-04-06T07:00:00+00:00\",\"mainEntityOfPage\":{\"@id\":\"https:\\\/\\\/esp.championforest.org\\\/devotionals\\\/marcos-abril-6\\\/\"},\"wordCount\":525,\"commentCount\":3,\"image\":{\"@id\":\"https:\\\/\\\/esp.championforest.org\\\/devotionals\\\/marcos-abril-6\\\/#primaryimage\"},\"thumbnailUrl\":\"https:\\\/\\\/esp.championforest.org\\\/devotionals\\\/wp-content\\\/uploads\\\/2019\\\/11\\\/bible-banner.jpg\",\"articleSection\":[\"Marcos\"],\"inLanguage\":\"en-US\",\"potentialAction\":[{\"@type\":\"CommentAction\",\"name\":\"Comment\",\"target\":[\"https:\\\/\\\/esp.championforest.org\\\/devotionals\\\/marcos-abril-6\\\/#respond\"]}]},{\"@type\":\"WebPage\",\"@id\":\"https:\\\/\\\/esp.championforest.org\\\/devotionals\\\/marcos-abril-6\\\/\",\"url\":\"https:\\\/\\\/esp.championforest.org\\\/devotionals\\\/marcos-abril-6\\\/\",\"name\":\"Marcos Cap\u00edtulo 16 - Devocionales\",\"isPartOf\":{\"@id\":\"https:\\\/\\\/esp.championforest.org\\\/devotionals\\\/#website\"},\"primaryImageOfPage\":{\"@id\":\"https:\\\/\\\/esp.championforest.org\\\/devotionals\\\/marcos-abril-6\\\/#primaryimage\"},\"image\":{\"@id\":\"https:\\\/\\\/esp.championforest.org\\\/devotionals\\\/marcos-abril-6\\\/#primaryimage\"},\"thumbnailUrl\":\"https:\\\/\\\/esp.championforest.org\\\/devotionals\\\/wp-content\\\/uploads\\\/2019\\\/11\\\/bible-banner.jpg\",\"datePublished\":\"2020-04-06T07:00:00+00:00\",\"author\":{\"@id\":\"https:\\\/\\\/esp.championforest.org\\\/devotionals\\\/#\\\/schema\\\/person\\\/0d7b32cb6698781087962c699912c666\"},\"breadcrumb\":{\"@id\":\"https:\\\/\\\/esp.championforest.org\\\/devotionals\\\/marcos-abril-6\\\/#breadcrumb\"},\"inLanguage\":\"en-US\",\"potentialAction\":[{\"@type\":\"ReadAction\",\"target\":[\"https:\\\/\\\/esp.championforest.org\\\/devotionals\\\/marcos-abril-6\\\/\"]}]},{\"@type\":\"ImageObject\",\"inLanguage\":\"en-US\",\"@id\":\"https:\\\/\\\/esp.championforest.org\\\/devotionals\\\/marcos-abril-6\\\/#primaryimage\",\"url\":\"https:\\\/\\\/esp.championforest.org\\\/devotionals\\\/wp-content\\\/uploads\\\/2019\\\/11\\\/bible-banner.jpg\",\"contentUrl\":\"https:\\\/\\\/esp.championforest.org\\\/devotionals\\\/wp-content\\\/uploads\\\/2019\\\/11\\\/bible-banner.jpg\",\"width\":2000,\"height\":733},{\"@type\":\"BreadcrumbList\",\"@id\":\"https:\\\/\\\/esp.championforest.org\\\/devotionals\\\/marcos-abril-6\\\/#breadcrumb\",\"itemListElement\":[{\"@type\":\"ListItem\",\"position\":1,\"name\":\"Casa\",\"item\":\"https:\\\/\\\/esp.championforest.org\\\/devotionals\\\/\"},{\"@type\":\"ListItem\",\"position\":2,\"name\":\"Marcos Cap\u00edtulo 16\"}]},{\"@type\":\"WebSite\",\"@id\":\"https:\\\/\\\/esp.championforest.org\\\/devotionals\\\/#website\",\"url\":\"https:\\\/\\\/esp.championforest.org\\\/devotionals\\\/\",\"name\":\"Devocionales\",\"description\":\"\",\"potentialAction\":[{\"@type\":\"SearchAction\",\"target\":{\"@type\":\"EntryPoint\",\"urlTemplate\":\"https:\\\/\\\/esp.championforest.org\\\/devotionals\\\/?s={search_term_string}\"},\"query-input\":{\"@type\":\"PropertyValueSpecification\",\"valueRequired\":true,\"valueName\":\"search_term_string\"}}],\"inLanguage\":\"en-US\"},{\"@type\":\"Person\",\"@id\":\"https:\\\/\\\/esp.championforest.org\\\/devotionals\\\/#\\\/schema\\\/person\\\/0d7b32cb6698781087962c699912c666\",\"name\":\"Champion Forest\",\"image\":{\"@type\":\"ImageObject\",\"inLanguage\":\"en-US\",\"@id\":\"https:\\\/\\\/secure.gravatar.com\\\/avatar\\\/978ba5d6180fa65624708e969f442efde16543b129f0679a2cb301024d170062?s=96&d=mm&r=g\",\"url\":\"https:\\\/\\\/secure.gravatar.com\\\/avatar\\\/978ba5d6180fa65624708e969f442efde16543b129f0679a2cb301024d170062?s=96&d=mm&r=g\",\"contentUrl\":\"https:\\\/\\\/secure.gravatar.com\\\/avatar\\\/978ba5d6180fa65624708e969f442efde16543b129f0679a2cb301024d170062?s=96&d=mm&r=g\",\"caption\":\"Champion Forest\"},\"url\":\"https:\\\/\\\/esp.championforest.org\\\/devotionals\\\/author\\\/cfbcms_admin\\\/\"}]}<\/script>\n<!-- \/ Yoast SEO plugin. -->","yoast_head_json":{"title":"Marcos Cap\u00edtulo 16 - Devocionales","robots":{"index":"index","follow":"follow","max-snippet":"max-snippet:-1","max-image-preview":"max-image-preview:large","max-video-preview":"max-video-preview:-1"},"canonical":"https:\/\/esp.championforest.org\/devotionals\/marcos-abril-6\/","og_locale":"en_US","og_type":"article","og_title":"Marcos Cap\u00edtulo 16 - Devocionales","og_description":"Marcos 16 La resurrecci\u00f3n (Mt. 28.1-10; Lc. 24.1-12; Jn. 20.1-10) 1\u00a0\u00a0Cuando pas\u00f3 el d\u00eda de reposo,\u00a0Mar\u00eda Magdalena, Mar\u00eda la madre de Jacobo, y Salom\u00e9, compraron especias arom\u00e1ticas para ir a ungirle. 2&nbsp;Y muy de ma\u00f1ana, el primer d\u00eda de la semana, vinieron al sepulcro, ya salido el sol. 3&nbsp;Pero dec\u00edan entre s\u00ed: \u00bfQui\u00e9n nos remover\u00e1 &hellip; Continue reading Marcos Cap\u00edtulo 16","og_url":"https:\/\/esp.championforest.org\/devotionals\/marcos-abril-6\/","og_site_name":"Devocionales","article_published_time":"2020-04-06T07:00:00+00:00","og_image":[{"width":2000,"height":733,"url":"https:\/\/esp.championforest.org\/devotionals\/wp-content\/uploads\/2019\/11\/bible-banner.jpg","type":"image\/jpeg"}],"author":"Champion Forest","twitter_card":"summary_large_image","twitter_misc":{"Written by":"Champion Forest","Est. reading time":"3 minutes"},"schema":{"@context":"https:\/\/schema.org","@graph":[{"@type":"Article","@id":"https:\/\/esp.championforest.org\/devotionals\/marcos-abril-6\/#article","isPartOf":{"@id":"https:\/\/esp.championforest.org\/devotionals\/marcos-abril-6\/"},"author":{"name":"Champion Forest","@id":"https:\/\/esp.championforest.org\/devotionals\/#\/schema\/person\/0d7b32cb6698781087962c699912c666"},"headline":"Marcos Cap\u00edtulo 16","datePublished":"2020-04-06T07:00:00+00:00","mainEntityOfPage":{"@id":"https:\/\/esp.championforest.org\/devotionals\/marcos-abril-6\/"},"wordCount":525,"commentCount":3,"image":{"@id":"https:\/\/esp.championforest.org\/devotionals\/marcos-abril-6\/#primaryimage"},"thumbnailUrl":"https:\/\/esp.championforest.org\/devotionals\/wp-content\/uploads\/2019\/11\/bible-banner.jpg","articleSection":["Marcos"],"inLanguage":"en-US","potentialAction":[{"@type":"CommentAction","name":"Comment","target":["https:\/\/esp.championforest.org\/devotionals\/marcos-abril-6\/#respond"]}]},{"@type":"WebPage","@id":"https:\/\/esp.championforest.org\/devotionals\/marcos-abril-6\/","url":"https:\/\/esp.championforest.org\/devotionals\/marcos-abril-6\/","name":"Marcos Cap\u00edtulo 16 - Devocionales","isPartOf":{"@id":"https:\/\/esp.championforest.org\/devotionals\/#website"},"primaryImageOfPage":{"@id":"https:\/\/esp.championforest.org\/devotionals\/marcos-abril-6\/#primaryimage"},"image":{"@id":"https:\/\/esp.championforest.org\/devotionals\/marcos-abril-6\/#primaryimage"},"thumbnailUrl":"https:\/\/esp.championforest.org\/devotionals\/wp-content\/uploads\/2019\/11\/bible-banner.jpg","datePublished":"2020-04-06T07:00:00+00:00","author":{"@id":"https:\/\/esp.championforest.org\/devotionals\/#\/schema\/person\/0d7b32cb6698781087962c699912c666"},"breadcrumb":{"@id":"https:\/\/esp.championforest.org\/devotionals\/marcos-abril-6\/#breadcrumb"},"inLanguage":"en-US","potentialAction":[{"@type":"ReadAction","target":["https:\/\/esp.championforest.org\/devotionals\/marcos-abril-6\/"]}]},{"@type":"ImageObject","inLanguage":"en-US","@id":"https:\/\/esp.championforest.org\/devotionals\/marcos-abril-6\/#primaryimage","url":"https:\/\/esp.championforest.org\/devotionals\/wp-content\/uploads\/2019\/11\/bible-banner.jpg","contentUrl":"https:\/\/esp.championforest.org\/devotionals\/wp-content\/uploads\/2019\/11\/bible-banner.jpg","width":2000,"height":733},{"@type":"BreadcrumbList","@id":"https:\/\/esp.championforest.org\/devotionals\/marcos-abril-6\/#breadcrumb","itemListElement":[{"@type":"ListItem","position":1,"name":"Casa","item":"https:\/\/esp.championforest.org\/devotionals\/"},{"@type":"ListItem","position":2,"name":"Marcos Cap\u00edtulo 16"}]},{"@type":"WebSite","@id":"https:\/\/esp.championforest.org\/devotionals\/#website","url":"https:\/\/esp.championforest.org\/devotionals\/","name":"Devocionales","description":"","potentialAction":[{"@type":"SearchAction","target":{"@type":"EntryPoint","urlTemplate":"https:\/\/esp.championforest.org\/devotionals\/?s={search_term_string}"},"query-input":{"@type":"PropertyValueSpecification","valueRequired":true,"valueName":"search_term_string"}}],"inLanguage":"en-US"},{"@type":"Person","@id":"https:\/\/esp.championforest.org\/devotionals\/#\/schema\/person\/0d7b32cb6698781087962c699912c666","name":"Champion Forest","image":{"@type":"ImageObject","inLanguage":"en-US","@id":"https:\/\/secure.gravatar.com\/avatar\/978ba5d6180fa65624708e969f442efde16543b129f0679a2cb301024d170062?s=96&d=mm&r=g","url":"https:\/\/secure.gravatar.com\/avatar\/978ba5d6180fa65624708e969f442efde16543b129f0679a2cb301024d170062?s=96&d=mm&r=g","contentUrl":"https:\/\/secure.gravatar.com\/avatar\/978ba5d6180fa65624708e969f442efde16543b129f0679a2cb301024d170062?s=96&d=mm&r=g","caption":"Champion Forest"},"url":"https:\/\/esp.championforest.org\/devotionals\/author\/cfbcms_admin\/"}]}},"_links":{"self":[{"href":"https:\/\/esp.championforest.org\/devotionals\/wp-json\/wp\/v2\/posts\/227","targetHints":{"allow":["GET"]}}],"collection":[{"href":"https:\/\/esp.championforest.org\/devotionals\/wp-json\/wp\/v2\/posts"}],"about":[{"href":"https:\/\/esp.championforest.org\/devotionals\/wp-json\/wp\/v2\/types\/post"}],"author":[{"embeddable":true,"href":"https:\/\/esp.championforest.org\/devotionals\/wp-json\/wp\/v2\/users\/2"}],"replies":[{"embeddable":true,"href":"https:\/\/esp.championforest.org\/devotionals\/wp-json\/wp\/v2\/comments?post=227"}],"version-history":[{"count":1,"href":"https:\/\/esp.championforest.org\/devotionals\/wp-json\/wp\/v2\/posts\/227\/revisions"}],"predecessor-version":[{"id":230,"href":"https:\/\/esp.championforest.org\/devotionals\/wp-json\/wp\/v2\/posts\/227\/revisions\/230"}],"wp:featuredmedia":[{"embeddable":true,"href":"https:\/\/esp.championforest.org\/devotionals\/wp-json\/wp\/v2\/media\/9"}],"wp:attachment":[{"href":"https:\/\/esp.championforest.org\/devotionals\/wp-json\/wp\/v2\/media?parent=227"}],"wp:term":[{"taxonomy":"category","embeddable":true,"href":"https:\/\/esp.championforest.org\/devotionals\/wp-json\/wp\/v2\/categories?post=227"},{"taxonomy":"post_tag","embeddable":true,"href":"https:\/\/esp.championforest.org\/devotionals\/wp-json\/wp\/v2\/tags?post=227"}],"curies":[{"name":"wp","href":"https:\/\/api.w.org\/{rel}","templated":true}]}}