{"id":224,"date":"2020-04-05T01:00:08","date_gmt":"2020-04-05T07:00:08","guid":{"rendered":"https:\/\/esp.championforest.org\/devotionals\/?p=224"},"modified":"2020-03-31T10:09:54","modified_gmt":"2020-03-31T16:09:54","slug":"marcos-abril-5","status":"publish","type":"post","link":"https:\/\/esp.championforest.org\/devotionals\/marcos-abril-5\/","title":{"rendered":"Marcos Cap\u00edtulo 15"},"content":{"rendered":"\n<div class=\"wp-block-ugb-container ugb-container ugb-43999f7 ugb-container--v2 ugb-container--design-basic ugb-main-block\" id=\"\"><style>.ugb-43999f7-wrapper.ugb-container__wrapper{border-radius:12px !important;background-color:#f1f1f1 !important}.ugb-43999f7-content-wrapper.ugb-container__content-wrapper{width:100% !important}.ugb-43999f7-wrapper.ugb-container__wrapper:before{background-color:#f1f1f1 !important}.ugb-43999f7-content-wrapper > h1,.ugb-43999f7-content-wrapper > h2,.ugb-43999f7-content-wrapper > h3,.ugb-43999f7-content-wrapper > h4,.ugb-43999f7-content-wrapper > h5,.ugb-43999f7-content-wrapper > h6{color:#222222}.ugb-43999f7-content-wrapper > p,.ugb-43999f7-content-wrapper > ol li,.ugb-43999f7-content-wrapper > ul li{color:#222222}<\/style><div class=\"ugb-inner-block\"><div class=\"ugb-block-content\"><div class=\"ugb-container__wrapper ugb-43999f7-wrapper ugb--shadow-3\"><div class=\"ugb-container__side\"><div class=\"ugb-container__content-wrapper ugb-43999f7-content-wrapper\">\n<h3 class=\"wp-block-heading\">Marcos 15<\/h3>\n\n\n\n<h5 class=\"wp-block-heading\">Jes\u00fas ante Pilato<\/h5>\n\n\n\n<h6 class=\"wp-block-heading\">(Mt. 27.1-2,11-14; Lc. 23.1-5; Jn. 18.28-38)<\/h6>\n\n\n\n<p>1\u00a0\u00a0Muy de ma\u00f1ana, habiendo tenido consejo los principales sacerdotes con los ancianos, con los escribas y con todo el concilio, llevaron a Jes\u00fas atado, y le entregaron a Pilato.<\/p>\n\n\n\n<p><sup>2&nbsp;<\/sup>Pilato le pregunt\u00f3: \u00bfEres t\u00fa el Rey de los jud\u00edos? Respondiendo \u00e9l, le dijo: T\u00fa lo dices.<\/p>\n\n\n\n<p><sup>3&nbsp;<\/sup>Y los principales sacerdotes le acusaban mucho.<\/p>\n\n\n\n<p><sup>4&nbsp;<\/sup>Otra vez le pregunt\u00f3 Pilato, diciendo: \u00bfNada respondes? Mira de cu\u00e1ntas cosas te acusan.<\/p>\n\n\n\n<p><sup>5&nbsp;<\/sup>Mas Jes\u00fas ni aun con eso respondi\u00f3; de modo que Pilato se maravillaba.<\/p>\n\n\n\n<h5 class=\"wp-block-heading\">Jes\u00fas sentenciado a muerte<\/h5>\n\n\n\n<h6 class=\"wp-block-heading\">(Mt. 27.15-31; Lc. 23.13-25; Jn. 18.38&#8211;19.16)<\/h6>\n\n\n\n<p><sup>6&nbsp;<\/sup>Ahora bien, en el d\u00eda de la fiesta les soltaba un preso, cualquiera que pidiesen.<\/p>\n\n\n\n<p><sup>7&nbsp;<\/sup>Y hab\u00eda uno que se llamaba Barrab\u00e1s, preso con sus compa\u00f1eros de mot\u00edn que hab\u00edan cometido homicidio en una revuelta.<\/p>\n\n\n\n<p><sup>8&nbsp;<\/sup>Y viniendo la multitud, comenz\u00f3 a pedir que hiciese como siempre les hab\u00eda hecho.<\/p>\n\n\n\n<p><sup>9&nbsp;<\/sup>Y Pilato les respondi\u00f3 diciendo: \u00bfQuer\u00e9is que os suelte al Rey de los jud\u00edos?<\/p>\n\n\n\n<p><sup>10&nbsp;<\/sup>Porque conoc\u00eda que por envidia le hab\u00edan entregado los principales sacerdotes.<\/p>\n\n\n\n<p><sup>11&nbsp;<\/sup>Mas los principales sacerdotes incitaron a la multitud para que les soltase m\u00e1s bien a Barrab\u00e1s.<\/p>\n\n\n\n<p><sup>12&nbsp;<\/sup>Respondiendo Pilato, les dijo otra vez: \u00bfQu\u00e9, pues, quer\u00e9is que haga del que llam\u00e1is Rey de los jud\u00edos?<\/p>\n\n\n\n<p><sup>13&nbsp;<\/sup>Y ellos volvieron a dar voces: !!Crucif\u00edcale!<\/p>\n\n\n\n<p><sup>14&nbsp;<\/sup>Pilato les dec\u00eda: \u00bfPues qu\u00e9 mal ha hecho? Pero ellos gritaban aun m\u00e1s: !!Crucif\u00edcale!<\/p>\n\n\n\n<p><sup>15&nbsp;<\/sup>Y Pilato, queriendo satisfacer al pueblo, les solt\u00f3 a Barrab\u00e1s, y entreg\u00f3 a Jes\u00fas, despu\u00e9s de azotarle, para que fuese crucificado.<\/p>\n\n\n\n<p><sup>16&nbsp;<\/sup>Entonces los soldados le llevaron dentro del atrio, esto es, al pretorio, y convocaron a toda la compa\u00f1\u00eda.<\/p>\n\n\n\n<p><sup>17&nbsp;<\/sup>Y le vistieron de p\u00farpura, y poni\u00e9ndole una corona tejida de espinas,<\/p>\n\n\n\n<p><sup>18&nbsp;<\/sup>comenzaron luego a saludarle: !!Salve, Rey de los jud\u00edos!<\/p>\n\n\n\n<p><sup>19&nbsp;<\/sup>Y le golpeaban en la cabeza con una ca\u00f1a, y le escup\u00edan, y puestos de rodillas le hac\u00edan reverencias.<\/p>\n\n\n\n<p><sup>20&nbsp;<\/sup>Despu\u00e9s de haberle escarnecido, le desnudaron la p\u00farpura, y le pusieron sus propios vestidos, y le sacaron para crucificarle.<\/p>\n\n\n\n<h5 class=\"wp-block-heading\">Crucifixi\u00f3n y muerte de Jes\u00fas<\/h5>\n\n\n\n<h6 class=\"wp-block-heading\">(Mt. 27.32-56; Lc. 23.26-49; Jn. 19.17-30)<\/h6>\n\n\n\n<p><sup>21&nbsp;<\/sup>Y obligaron a uno que pasaba, Sim\u00f3n de Cirene, padre de Alejandro y de Rufo,&nbsp;que ven\u00eda del campo, a que le llevase la cruz.<\/p>\n\n\n\n<p><sup>22&nbsp;<\/sup>Y le llevaron a un lugar llamado G\u00f3lgota, que traducido es: Lugar de la Calavera.<\/p>\n\n\n\n<p><sup>23&nbsp;<\/sup>Y le dieron a beber vino mezclado con mirra; mas \u00e9l no lo tom\u00f3.<\/p>\n\n\n\n<p><sup>24&nbsp;<\/sup>Cuando le hubieron crucificado, repartieron entre s\u00ed sus vestidos, echando suertes sobre ellos&nbsp;para ver qu\u00e9 se llevar\u00eda cada uno.<\/p>\n\n\n\n<p><sup>25&nbsp;<\/sup>Era la hora tercera cuando le crucificaron.<\/p>\n\n\n\n<p><sup>26&nbsp;<\/sup>Y el t\u00edtulo escrito de su causa era: EL REY DE LOS JUD\u00cdOS.<\/p>\n\n\n\n<p><sup>27&nbsp;<\/sup>Crucificaron tambi\u00e9n con \u00e9l a dos ladrones, uno a su derecha, y el otro a su izquierda.<\/p>\n\n\n\n<p><sup>28&nbsp;<\/sup>Y se cumpli\u00f3 la Escritura que dice: Y fue contado con los inicuos.<\/p>\n\n\n\n<p><sup>29&nbsp;<\/sup>Y los que pasaban le injuriaban, meneando la cabeza&nbsp;y diciendo: !!Bah! t\u00fa que derribas el templo de Dios, y en tres d\u00edas lo reedificas,<\/p>\n\n\n\n<p><sup>30&nbsp;<\/sup>s\u00e1lvate a ti mismo, y desciende de la cruz.<\/p>\n\n\n\n<p><sup>31&nbsp;<\/sup>De esta manera tambi\u00e9n los principales sacerdotes, escarneciendo, se dec\u00edan unos a otros, con los escribas: A otros salv\u00f3, a s\u00ed mismo no se puede salvar.<\/p>\n\n\n\n<p><sup>32&nbsp;<\/sup>El Cristo, Rey de Israel, descienda ahora de la cruz, para que veamos y creamos. Tambi\u00e9n los que estaban crucificados con \u00e9l le injuriaban.<\/p>\n\n\n\n<p><sup>33&nbsp;<\/sup>Cuando vino la hora sexta, hubo tinieblas sobre toda la tierra hasta la hora novena.<\/p>\n\n\n\n<p><sup>34&nbsp;<\/sup>Y a la hora novena Jes\u00fas clam\u00f3 a gran voz, diciendo: Eloi, Eloi, \u00bflama sabactani? que traducido es: Dios m\u00edo, Dios m\u00edo, \u00bfpor qu\u00e9 me has desamparado?<\/p>\n\n\n\n<p><sup>35&nbsp;<\/sup>Y algunos de los que estaban all\u00ed dec\u00edan, al o\u00edrlo: Mirad, llama a El\u00edas.<\/p>\n\n\n\n<p><sup>36&nbsp;<\/sup>Y corri\u00f3 uno, y empapando una esponja en vinagre, y poni\u00e9ndola en una ca\u00f1a, le dio a beber,&nbsp;diciendo: Dejad, veamos si viene El\u00edas a bajarle.<\/p>\n\n\n\n<p><sup>37&nbsp;<\/sup>Mas Jes\u00fas, dando una gran voz, expir\u00f3.<\/p>\n\n\n\n<p><sup>38&nbsp;<\/sup>Entonces el velo&nbsp;del templo se rasg\u00f3 en dos, de arriba abajo.<\/p>\n\n\n\n<p><sup>39&nbsp;<\/sup>Y el centuri\u00f3n que estaba frente a \u00e9l, viendo que despu\u00e9s de clamar hab\u00eda expirado as\u00ed, dijo: Verdaderamente este hombre era Hijo de Dios.<\/p>\n\n\n\n<p><sup>40&nbsp;<\/sup>Tambi\u00e9n hab\u00eda algunas mujeres mirando de lejos, entre las cuales estaban Mar\u00eda Magdalena, Mar\u00eda la madre de Jacobo el menor y de Jos\u00e9, y Salom\u00e9,<\/p>\n\n\n\n<p><sup>41&nbsp;<\/sup>quienes, cuando \u00e9l estaba en Galilea, le segu\u00edan y le serv\u00edan;&nbsp;y otras muchas que hab\u00edan subido con \u00e9l a Jerusal\u00e9n.<\/p>\n\n\n\n<h5 class=\"wp-block-heading\">Jes\u00fas es sepultado<\/h5>\n\n\n\n<h6 class=\"wp-block-heading\">(Mt. 27.57-61; Lc. 23.50-56; Jn. 19.38-42)<\/h6>\n\n\n\n<p><sup>42\u00a0<\/sup>Cuando lleg\u00f3 la noche, porque era la preparaci\u00f3n, es decir, la v\u00edspera del d\u00eda de reposo,<\/p>\n\n\n\n<p><sup>43&nbsp;<\/sup>Jos\u00e9 de Arimatea, miembro noble del concilio, que tambi\u00e9n esperaba el reino de Dios, vino y entr\u00f3 osadamente a Pilato, y pidi\u00f3 el cuerpo de Jes\u00fas.<\/p>\n\n\n\n<p><sup>44&nbsp;<\/sup>Pilato se sorprendi\u00f3 de que ya hubiese muerto; y haciendo venir al centuri\u00f3n, le pregunt\u00f3 si ya estaba muerto.<\/p>\n\n\n\n<p><sup>45&nbsp;<\/sup>E informado por el centuri\u00f3n, dio el cuerpo a Jos\u00e9,<\/p>\n\n\n\n<p><sup>46&nbsp;<\/sup>el cual compr\u00f3 una s\u00e1bana, y quit\u00e1ndolo, lo envolvi\u00f3 en la s\u00e1bana, y lo puso en un sepulcro que estaba cavado en una pe\u00f1a, e hizo rodar una piedra a la entrada del sepulcro.<\/p>\n\n\n\n<p><sup>47&nbsp;<\/sup>Y Mar\u00eda Magdalena y Mar\u00eda madre de Jos\u00e9 miraban d\u00f3nde lo pon\u00edan.<\/p>\n\n\n\n<p>Versi\u00f3n Reina-Valera 1960 \u00a9 Sociedades B\u00edblicas en Am\u00e9rica Latina, 1960. Renovado \u00a9 Sociedades B\u00edblicas Unidas, 1988.<\/p>\n<\/div><\/div><\/div><\/div><\/div><\/div>\n","protected":false},"excerpt":{"rendered":"<p>Marcos 15 Jes\u00fas ante Pilato (Mt. 27.1-2,11-14; Lc. 23.1-5; Jn. 18.28-38) 1\u00a0\u00a0Muy de ma\u00f1ana, habiendo tenido consejo los principales sacerdotes con los ancianos, con los escribas y con todo el concilio, llevaron a Jes\u00fas atado, y le entregaron a Pilato. 2&nbsp;Pilato le pregunt\u00f3: \u00bfEres t\u00fa el Rey de los jud\u00edos? Respondiendo \u00e9l, le dijo: T\u00fa &hellip; <a href=\"https:\/\/esp.championforest.org\/devotionals\/marcos-abril-5\/\" class=\"more-link\">Continue reading <span class=\"screen-reader-text\">Marcos Cap\u00edtulo 15<\/span><\/a><\/p>\n","protected":false},"author":2,"featured_media":9,"comment_status":"open","ping_status":"open","sticky":false,"template":"","format":"standard","meta":{"footnotes":""},"categories":[3],"tags":[],"class_list":["post-224","post","type-post","status-publish","format-standard","has-post-thumbnail","hentry","category-marcos"],"featured_image_urls_v2":{"full":["https:\/\/esp.championforest.org\/devotionals\/wp-content\/uploads\/2019\/11\/bible-banner.jpg",2000,733,false],"thumbnail":["https:\/\/esp.championforest.org\/devotionals\/wp-content\/uploads\/2019\/11\/bible-banner-150x150.jpg",150,150,true],"medium":["https:\/\/esp.championforest.org\/devotionals\/wp-content\/uploads\/2019\/11\/bible-banner-300x110.jpg",300,110,true],"medium_large":["https:\/\/esp.championforest.org\/devotionals\/wp-content\/uploads\/2019\/11\/bible-banner-768x281.jpg",768,281,true],"large":["https:\/\/esp.championforest.org\/devotionals\/wp-content\/uploads\/2019\/11\/bible-banner-1024x375.jpg",900,330,true],"1536x1536":["https:\/\/esp.championforest.org\/devotionals\/wp-content\/uploads\/2019\/11\/bible-banner-1536x563.jpg",1536,563,true],"2048x2048":["https:\/\/esp.championforest.org\/devotionals\/wp-content\/uploads\/2019\/11\/bible-banner.jpg",2000,733,false],"post-thumbnail":["https:\/\/esp.championforest.org\/devotionals\/wp-content\/uploads\/2019\/11\/bible-banner.jpg",2000,733,false]},"post_excerpt_stackable_v2":"<p>Marcos 15 Jes\u00fas ante Pilato (Mt. 27.1-2,11-14; Lc. 23.1-5; Jn. 18.28-38) 1\u00a0\u00a0Muy de ma\u00f1ana, habiendo tenido consejo los principales sacerdotes con los ancianos, con los escribas y con todo el concilio, llevaron a Jes\u00fas atado, y le entregaron a Pilato. 2&nbsp;Pilato le pregunt\u00f3: \u00bfEres t\u00fa el Rey de los jud\u00edos? Respondiendo \u00e9l, le dijo: T\u00fa lo dices. 3&nbsp;Y los principales sacerdotes le acusaban mucho. 4&nbsp;Otra vez le pregunt\u00f3 Pilato, diciendo: \u00bfNada respondes? Mira de cu\u00e1ntas cosas te acusan. 5&nbsp;Mas Jes\u00fas ni aun con eso respondi\u00f3; de modo que Pilato se maravillaba. Jes\u00fas sentenciado a muerte (Mt. 27.15-31; Lc. 23.13-25; Jn.&hellip;<\/p>\n","category_list_v2":"<a href=\"https:\/\/esp.championforest.org\/devotionals\/category\/marcos\/\" rel=\"category tag\">Marcos<\/a>","author_info_v2":{"name":"Champion Forest","url":"https:\/\/esp.championforest.org\/devotionals\/author\/cfbcms_admin\/"},"comments_num_v2":"2 comments","yoast_head":"<!-- This site is optimized with the Yoast SEO plugin v27.3 - https:\/\/yoast.com\/product\/yoast-seo-wordpress\/ -->\n<title>Marcos Cap\u00edtulo 15 - Devocionales<\/title>\n<meta name=\"robots\" content=\"index, follow, max-snippet:-1, max-image-preview:large, max-video-preview:-1\" \/>\n<link rel=\"canonical\" href=\"https:\/\/esp.championforest.org\/devotionals\/marcos-abril-5\/\" \/>\n<meta property=\"og:locale\" content=\"en_US\" \/>\n<meta property=\"og:type\" content=\"article\" \/>\n<meta property=\"og:title\" content=\"Marcos Cap\u00edtulo 15 - Devocionales\" \/>\n<meta property=\"og:description\" content=\"Marcos 15 Jes\u00fas ante Pilato (Mt. 27.1-2,11-14; Lc. 23.1-5; Jn. 18.28-38) 1\u00a0\u00a0Muy de ma\u00f1ana, habiendo tenido consejo los principales sacerdotes con los ancianos, con los escribas y con todo el concilio, llevaron a Jes\u00fas atado, y le entregaron a Pilato. 2&nbsp;Pilato le pregunt\u00f3: \u00bfEres t\u00fa el Rey de los jud\u00edos? Respondiendo \u00e9l, le dijo: T\u00fa &hellip; Continue reading Marcos Cap\u00edtulo 15\" \/>\n<meta property=\"og:url\" content=\"https:\/\/esp.championforest.org\/devotionals\/marcos-abril-5\/\" \/>\n<meta property=\"og:site_name\" content=\"Devocionales\" \/>\n<meta property=\"article:published_time\" content=\"2020-04-05T07:00:08+00:00\" \/>\n<meta property=\"og:image\" content=\"https:\/\/esp.championforest.org\/devotionals\/wp-content\/uploads\/2019\/11\/bible-banner.jpg\" \/>\n\t<meta property=\"og:image:width\" content=\"2000\" \/>\n\t<meta property=\"og:image:height\" content=\"733\" \/>\n\t<meta property=\"og:image:type\" content=\"image\/jpeg\" \/>\n<meta name=\"author\" content=\"Champion Forest\" \/>\n<meta name=\"twitter:card\" content=\"summary_large_image\" \/>\n<meta name=\"twitter:label1\" content=\"Written by\" \/>\n\t<meta name=\"twitter:data1\" content=\"Champion Forest\" \/>\n\t<meta name=\"twitter:label2\" content=\"Est. reading time\" \/>\n\t<meta name=\"twitter:data2\" content=\"5 minutes\" \/>\n<script type=\"application\/ld+json\" class=\"yoast-schema-graph\">{\"@context\":\"https:\\\/\\\/schema.org\",\"@graph\":[{\"@type\":\"Article\",\"@id\":\"https:\\\/\\\/esp.championforest.org\\\/devotionals\\\/marcos-abril-5\\\/#article\",\"isPartOf\":{\"@id\":\"https:\\\/\\\/esp.championforest.org\\\/devotionals\\\/marcos-abril-5\\\/\"},\"author\":{\"name\":\"Champion Forest\",\"@id\":\"https:\\\/\\\/esp.championforest.org\\\/devotionals\\\/#\\\/schema\\\/person\\\/0d7b32cb6698781087962c699912c666\"},\"headline\":\"Marcos Cap\u00edtulo 15\",\"datePublished\":\"2020-04-05T07:00:08+00:00\",\"mainEntityOfPage\":{\"@id\":\"https:\\\/\\\/esp.championforest.org\\\/devotionals\\\/marcos-abril-5\\\/\"},\"wordCount\":1003,\"commentCount\":2,\"image\":{\"@id\":\"https:\\\/\\\/esp.championforest.org\\\/devotionals\\\/marcos-abril-5\\\/#primaryimage\"},\"thumbnailUrl\":\"https:\\\/\\\/esp.championforest.org\\\/devotionals\\\/wp-content\\\/uploads\\\/2019\\\/11\\\/bible-banner.jpg\",\"articleSection\":[\"Marcos\"],\"inLanguage\":\"en-US\",\"potentialAction\":[{\"@type\":\"CommentAction\",\"name\":\"Comment\",\"target\":[\"https:\\\/\\\/esp.championforest.org\\\/devotionals\\\/marcos-abril-5\\\/#respond\"]}]},{\"@type\":\"WebPage\",\"@id\":\"https:\\\/\\\/esp.championforest.org\\\/devotionals\\\/marcos-abril-5\\\/\",\"url\":\"https:\\\/\\\/esp.championforest.org\\\/devotionals\\\/marcos-abril-5\\\/\",\"name\":\"Marcos Cap\u00edtulo 15 - Devocionales\",\"isPartOf\":{\"@id\":\"https:\\\/\\\/esp.championforest.org\\\/devotionals\\\/#website\"},\"primaryImageOfPage\":{\"@id\":\"https:\\\/\\\/esp.championforest.org\\\/devotionals\\\/marcos-abril-5\\\/#primaryimage\"},\"image\":{\"@id\":\"https:\\\/\\\/esp.championforest.org\\\/devotionals\\\/marcos-abril-5\\\/#primaryimage\"},\"thumbnailUrl\":\"https:\\\/\\\/esp.championforest.org\\\/devotionals\\\/wp-content\\\/uploads\\\/2019\\\/11\\\/bible-banner.jpg\",\"datePublished\":\"2020-04-05T07:00:08+00:00\",\"author\":{\"@id\":\"https:\\\/\\\/esp.championforest.org\\\/devotionals\\\/#\\\/schema\\\/person\\\/0d7b32cb6698781087962c699912c666\"},\"breadcrumb\":{\"@id\":\"https:\\\/\\\/esp.championforest.org\\\/devotionals\\\/marcos-abril-5\\\/#breadcrumb\"},\"inLanguage\":\"en-US\",\"potentialAction\":[{\"@type\":\"ReadAction\",\"target\":[\"https:\\\/\\\/esp.championforest.org\\\/devotionals\\\/marcos-abril-5\\\/\"]}]},{\"@type\":\"ImageObject\",\"inLanguage\":\"en-US\",\"@id\":\"https:\\\/\\\/esp.championforest.org\\\/devotionals\\\/marcos-abril-5\\\/#primaryimage\",\"url\":\"https:\\\/\\\/esp.championforest.org\\\/devotionals\\\/wp-content\\\/uploads\\\/2019\\\/11\\\/bible-banner.jpg\",\"contentUrl\":\"https:\\\/\\\/esp.championforest.org\\\/devotionals\\\/wp-content\\\/uploads\\\/2019\\\/11\\\/bible-banner.jpg\",\"width\":2000,\"height\":733},{\"@type\":\"BreadcrumbList\",\"@id\":\"https:\\\/\\\/esp.championforest.org\\\/devotionals\\\/marcos-abril-5\\\/#breadcrumb\",\"itemListElement\":[{\"@type\":\"ListItem\",\"position\":1,\"name\":\"Casa\",\"item\":\"https:\\\/\\\/esp.championforest.org\\\/devotionals\\\/\"},{\"@type\":\"ListItem\",\"position\":2,\"name\":\"Marcos Cap\u00edtulo 15\"}]},{\"@type\":\"WebSite\",\"@id\":\"https:\\\/\\\/esp.championforest.org\\\/devotionals\\\/#website\",\"url\":\"https:\\\/\\\/esp.championforest.org\\\/devotionals\\\/\",\"name\":\"Devocionales\",\"description\":\"\",\"potentialAction\":[{\"@type\":\"SearchAction\",\"target\":{\"@type\":\"EntryPoint\",\"urlTemplate\":\"https:\\\/\\\/esp.championforest.org\\\/devotionals\\\/?s={search_term_string}\"},\"query-input\":{\"@type\":\"PropertyValueSpecification\",\"valueRequired\":true,\"valueName\":\"search_term_string\"}}],\"inLanguage\":\"en-US\"},{\"@type\":\"Person\",\"@id\":\"https:\\\/\\\/esp.championforest.org\\\/devotionals\\\/#\\\/schema\\\/person\\\/0d7b32cb6698781087962c699912c666\",\"name\":\"Champion Forest\",\"image\":{\"@type\":\"ImageObject\",\"inLanguage\":\"en-US\",\"@id\":\"https:\\\/\\\/secure.gravatar.com\\\/avatar\\\/978ba5d6180fa65624708e969f442efde16543b129f0679a2cb301024d170062?s=96&d=mm&r=g\",\"url\":\"https:\\\/\\\/secure.gravatar.com\\\/avatar\\\/978ba5d6180fa65624708e969f442efde16543b129f0679a2cb301024d170062?s=96&d=mm&r=g\",\"contentUrl\":\"https:\\\/\\\/secure.gravatar.com\\\/avatar\\\/978ba5d6180fa65624708e969f442efde16543b129f0679a2cb301024d170062?s=96&d=mm&r=g\",\"caption\":\"Champion Forest\"},\"url\":\"https:\\\/\\\/esp.championforest.org\\\/devotionals\\\/author\\\/cfbcms_admin\\\/\"}]}<\/script>\n<!-- \/ Yoast SEO plugin. -->","yoast_head_json":{"title":"Marcos Cap\u00edtulo 15 - Devocionales","robots":{"index":"index","follow":"follow","max-snippet":"max-snippet:-1","max-image-preview":"max-image-preview:large","max-video-preview":"max-video-preview:-1"},"canonical":"https:\/\/esp.championforest.org\/devotionals\/marcos-abril-5\/","og_locale":"en_US","og_type":"article","og_title":"Marcos Cap\u00edtulo 15 - Devocionales","og_description":"Marcos 15 Jes\u00fas ante Pilato (Mt. 27.1-2,11-14; Lc. 23.1-5; Jn. 18.28-38) 1\u00a0\u00a0Muy de ma\u00f1ana, habiendo tenido consejo los principales sacerdotes con los ancianos, con los escribas y con todo el concilio, llevaron a Jes\u00fas atado, y le entregaron a Pilato. 2&nbsp;Pilato le pregunt\u00f3: \u00bfEres t\u00fa el Rey de los jud\u00edos? Respondiendo \u00e9l, le dijo: T\u00fa &hellip; Continue reading Marcos Cap\u00edtulo 15","og_url":"https:\/\/esp.championforest.org\/devotionals\/marcos-abril-5\/","og_site_name":"Devocionales","article_published_time":"2020-04-05T07:00:08+00:00","og_image":[{"width":2000,"height":733,"url":"https:\/\/esp.championforest.org\/devotionals\/wp-content\/uploads\/2019\/11\/bible-banner.jpg","type":"image\/jpeg"}],"author":"Champion Forest","twitter_card":"summary_large_image","twitter_misc":{"Written by":"Champion Forest","Est. reading time":"5 minutes"},"schema":{"@context":"https:\/\/schema.org","@graph":[{"@type":"Article","@id":"https:\/\/esp.championforest.org\/devotionals\/marcos-abril-5\/#article","isPartOf":{"@id":"https:\/\/esp.championforest.org\/devotionals\/marcos-abril-5\/"},"author":{"name":"Champion Forest","@id":"https:\/\/esp.championforest.org\/devotionals\/#\/schema\/person\/0d7b32cb6698781087962c699912c666"},"headline":"Marcos Cap\u00edtulo 15","datePublished":"2020-04-05T07:00:08+00:00","mainEntityOfPage":{"@id":"https:\/\/esp.championforest.org\/devotionals\/marcos-abril-5\/"},"wordCount":1003,"commentCount":2,"image":{"@id":"https:\/\/esp.championforest.org\/devotionals\/marcos-abril-5\/#primaryimage"},"thumbnailUrl":"https:\/\/esp.championforest.org\/devotionals\/wp-content\/uploads\/2019\/11\/bible-banner.jpg","articleSection":["Marcos"],"inLanguage":"en-US","potentialAction":[{"@type":"CommentAction","name":"Comment","target":["https:\/\/esp.championforest.org\/devotionals\/marcos-abril-5\/#respond"]}]},{"@type":"WebPage","@id":"https:\/\/esp.championforest.org\/devotionals\/marcos-abril-5\/","url":"https:\/\/esp.championforest.org\/devotionals\/marcos-abril-5\/","name":"Marcos Cap\u00edtulo 15 - Devocionales","isPartOf":{"@id":"https:\/\/esp.championforest.org\/devotionals\/#website"},"primaryImageOfPage":{"@id":"https:\/\/esp.championforest.org\/devotionals\/marcos-abril-5\/#primaryimage"},"image":{"@id":"https:\/\/esp.championforest.org\/devotionals\/marcos-abril-5\/#primaryimage"},"thumbnailUrl":"https:\/\/esp.championforest.org\/devotionals\/wp-content\/uploads\/2019\/11\/bible-banner.jpg","datePublished":"2020-04-05T07:00:08+00:00","author":{"@id":"https:\/\/esp.championforest.org\/devotionals\/#\/schema\/person\/0d7b32cb6698781087962c699912c666"},"breadcrumb":{"@id":"https:\/\/esp.championforest.org\/devotionals\/marcos-abril-5\/#breadcrumb"},"inLanguage":"en-US","potentialAction":[{"@type":"ReadAction","target":["https:\/\/esp.championforest.org\/devotionals\/marcos-abril-5\/"]}]},{"@type":"ImageObject","inLanguage":"en-US","@id":"https:\/\/esp.championforest.org\/devotionals\/marcos-abril-5\/#primaryimage","url":"https:\/\/esp.championforest.org\/devotionals\/wp-content\/uploads\/2019\/11\/bible-banner.jpg","contentUrl":"https:\/\/esp.championforest.org\/devotionals\/wp-content\/uploads\/2019\/11\/bible-banner.jpg","width":2000,"height":733},{"@type":"BreadcrumbList","@id":"https:\/\/esp.championforest.org\/devotionals\/marcos-abril-5\/#breadcrumb","itemListElement":[{"@type":"ListItem","position":1,"name":"Casa","item":"https:\/\/esp.championforest.org\/devotionals\/"},{"@type":"ListItem","position":2,"name":"Marcos Cap\u00edtulo 15"}]},{"@type":"WebSite","@id":"https:\/\/esp.championforest.org\/devotionals\/#website","url":"https:\/\/esp.championforest.org\/devotionals\/","name":"Devocionales","description":"","potentialAction":[{"@type":"SearchAction","target":{"@type":"EntryPoint","urlTemplate":"https:\/\/esp.championforest.org\/devotionals\/?s={search_term_string}"},"query-input":{"@type":"PropertyValueSpecification","valueRequired":true,"valueName":"search_term_string"}}],"inLanguage":"en-US"},{"@type":"Person","@id":"https:\/\/esp.championforest.org\/devotionals\/#\/schema\/person\/0d7b32cb6698781087962c699912c666","name":"Champion Forest","image":{"@type":"ImageObject","inLanguage":"en-US","@id":"https:\/\/secure.gravatar.com\/avatar\/978ba5d6180fa65624708e969f442efde16543b129f0679a2cb301024d170062?s=96&d=mm&r=g","url":"https:\/\/secure.gravatar.com\/avatar\/978ba5d6180fa65624708e969f442efde16543b129f0679a2cb301024d170062?s=96&d=mm&r=g","contentUrl":"https:\/\/secure.gravatar.com\/avatar\/978ba5d6180fa65624708e969f442efde16543b129f0679a2cb301024d170062?s=96&d=mm&r=g","caption":"Champion Forest"},"url":"https:\/\/esp.championforest.org\/devotionals\/author\/cfbcms_admin\/"}]}},"_links":{"self":[{"href":"https:\/\/esp.championforest.org\/devotionals\/wp-json\/wp\/v2\/posts\/224","targetHints":{"allow":["GET"]}}],"collection":[{"href":"https:\/\/esp.championforest.org\/devotionals\/wp-json\/wp\/v2\/posts"}],"about":[{"href":"https:\/\/esp.championforest.org\/devotionals\/wp-json\/wp\/v2\/types\/post"}],"author":[{"embeddable":true,"href":"https:\/\/esp.championforest.org\/devotionals\/wp-json\/wp\/v2\/users\/2"}],"replies":[{"embeddable":true,"href":"https:\/\/esp.championforest.org\/devotionals\/wp-json\/wp\/v2\/comments?post=224"}],"version-history":[{"count":1,"href":"https:\/\/esp.championforest.org\/devotionals\/wp-json\/wp\/v2\/posts\/224\/revisions"}],"predecessor-version":[{"id":225,"href":"https:\/\/esp.championforest.org\/devotionals\/wp-json\/wp\/v2\/posts\/224\/revisions\/225"}],"wp:featuredmedia":[{"embeddable":true,"href":"https:\/\/esp.championforest.org\/devotionals\/wp-json\/wp\/v2\/media\/9"}],"wp:attachment":[{"href":"https:\/\/esp.championforest.org\/devotionals\/wp-json\/wp\/v2\/media?parent=224"}],"wp:term":[{"taxonomy":"category","embeddable":true,"href":"https:\/\/esp.championforest.org\/devotionals\/wp-json\/wp\/v2\/categories?post=224"},{"taxonomy":"post_tag","embeddable":true,"href":"https:\/\/esp.championforest.org\/devotionals\/wp-json\/wp\/v2\/tags?post=224"}],"curies":[{"name":"wp","href":"https:\/\/api.w.org\/{rel}","templated":true}]}}