{"id":221,"date":"2020-04-04T01:00:15","date_gmt":"2020-04-04T07:00:15","guid":{"rendered":"https:\/\/esp.championforest.org\/devotionals\/?p=221"},"modified":"2020-03-31T10:06:51","modified_gmt":"2020-03-31T16:06:51","slug":"marcos-abril-4","status":"publish","type":"post","link":"https:\/\/esp.championforest.org\/devotionals\/marcos-abril-4\/","title":{"rendered":"Marcos Cap\u00edtulo 14"},"content":{"rendered":"\n<div class=\"wp-block-ugb-container ugb-container ugb-f5b7ba5 ugb-container--v2 ugb-container--design-basic ugb-main-block\" id=\"\"><style>.ugb-f5b7ba5-wrapper.ugb-container__wrapper{border-radius:12px !important;background-color:#f1f1f1 !important}.ugb-f5b7ba5-content-wrapper.ugb-container__content-wrapper{width:100% !important}.ugb-f5b7ba5-wrapper.ugb-container__wrapper:before{background-color:#f1f1f1 !important}.ugb-f5b7ba5-content-wrapper > h1,.ugb-f5b7ba5-content-wrapper > h2,.ugb-f5b7ba5-content-wrapper > h3,.ugb-f5b7ba5-content-wrapper > h4,.ugb-f5b7ba5-content-wrapper > h5,.ugb-f5b7ba5-content-wrapper > h6{color:#222222}.ugb-f5b7ba5-content-wrapper > p,.ugb-f5b7ba5-content-wrapper > ol li,.ugb-f5b7ba5-content-wrapper > ul li{color:#222222}<\/style><div class=\"ugb-inner-block\"><div class=\"ugb-block-content\"><div class=\"ugb-container__wrapper ugb-f5b7ba5-wrapper ugb--shadow-3\"><div class=\"ugb-container__side\"><div class=\"ugb-container__content-wrapper ugb-f5b7ba5-content-wrapper\">\n<h3 class=\"wp-block-heading\">Marcos 14<\/h3>\n\n\n\n<h5 class=\"wp-block-heading\">El complot para prender a Jes\u00fas<\/h5>\n\n\n\n<h6 class=\"wp-block-heading\">(Mt. 26.1-5; Lc. 22.1-2; Jn. 11.45-53)<\/h6>\n\n\n\n<p><strong>1<\/strong>\u00a0Dos d\u00edas despu\u00e9s era la pascua,\u00a0y la fiesta de los panes sin levadura; y buscaban los principales sacerdotes y los escribas c\u00f3mo prenderle por enga\u00f1o y matarle.<\/p>\n\n\n\n<p><sup>2&nbsp;<\/sup>Y dec\u00edan: No durante la fiesta para que no se haga alboroto del pueblo.<\/p>\n\n\n\n<h5 class=\"wp-block-heading\">Jes\u00fas es ungido en Betania<\/h5>\n\n\n\n<h6 class=\"wp-block-heading\">(Mt. 26.6-13; Jn. 12.1-8)<\/h6>\n\n\n\n<p><sup>3&nbsp;<\/sup>Pero estando \u00e9l en Betania, en casa de Sim\u00f3n el leproso, y sentado a la mesa, vino una mujer con un vaso de alabastro de perfume de nardo puro de mucho precio; y quebrando el vaso de alabastro, se lo derram\u00f3 sobre su cabeza.<\/p>\n\n\n\n<p><sup>4&nbsp;<\/sup>Y hubo algunos que se enojaron dentro de s\u00ed, y dijeron: \u00bfPara qu\u00e9 se ha hecho este desperdicio de perfume?<\/p>\n\n\n\n<p><sup>5&nbsp;<\/sup>Porque pod\u00eda haberse vendido por m\u00e1s de trescientos denarios, y haberse dado a los pobres. Y murmuraban contra ella.<\/p>\n\n\n\n<p><sup>6&nbsp;<\/sup>Pero Jes\u00fas dijo: Dejadla, \u00bfpor qu\u00e9 la molest\u00e1is? Buena obra me ha hecho.<\/p>\n\n\n\n<p><sup>7&nbsp;<\/sup>Siempre tendr\u00e9is a los pobres con vosotros,&nbsp;y cuando quer\u00e1is les podr\u00e9is hacer bien; pero a m\u00ed no siempre me tendr\u00e9is.<\/p>\n\n\n\n<p><sup>8&nbsp;<\/sup>Esta ha hecho lo que pod\u00eda; porque se ha anticipado a ungir mi cuerpo para la sepultura.<\/p>\n\n\n\n<p><sup>9&nbsp;<\/sup>De cierto os digo que dondequiera que se predique este evangelio, en todo el mundo, tambi\u00e9n se contar\u00e1 lo que \u00e9sta ha hecho, para memoria de ella.<\/p>\n\n\n\n<h5 class=\"wp-block-heading\">Judas ofrece entregar a Jes\u00fas<\/h5>\n\n\n\n<h6 class=\"wp-block-heading\">(Mt. 26.14-16; Lc. 22.3-6)<\/h6>\n\n\n\n<p><sup>10&nbsp;<\/sup>Entonces Judas Iscariote, uno de los doce, fue a los principales sacerdotes para entreg\u00e1rselo.<\/p>\n\n\n\n<p><sup>11&nbsp;<\/sup>Ellos, al o\u00edrlo, se alegraron, y prometieron darle dinero. Y Judas buscaba oportunidad para entregarle.<\/p>\n\n\n\n<h5 class=\"wp-block-heading\">Instituci\u00f3n de la Cena del Se\u00f1or<\/h5>\n\n\n\n<h6 class=\"wp-block-heading\">(Mt. 26.17-29; Lc. 22.7-23; Jn. 13.21-30; 1 Co. 11.23-26)<\/h6>\n\n\n\n<p><sup>12&nbsp;<\/sup>El primer d\u00eda de la fiesta de los panes sin levadura, cuando sacrificaban el cordero de la pascua, sus disc\u00edpulos le dijeron: \u00bfD\u00f3nde quieres que vayamos a preparar para que comas la pascua?<\/p>\n\n\n\n<p><sup>13&nbsp;<\/sup>Y envi\u00f3 dos de sus disc\u00edpulos, y les dijo: Id a la ciudad, y os saldr\u00e1 al encuentro un hombre que lleva un c\u00e1ntaro de agua; seguidle,<\/p>\n\n\n\n<p><sup>14&nbsp;<\/sup>y donde entrare, decid al se\u00f1or de la casa: El Maestro dice: \u00bfD\u00f3nde est\u00e1 el aposento donde he de comer la pascua con mis disc\u00edpulos?<\/p>\n\n\n\n<p><sup>15&nbsp;<\/sup>Y \u00e9l os mostrar\u00e1 un gran aposento alto ya dispuesto; preparad para nosotros all\u00ed.<\/p>\n\n\n\n<p><sup>16&nbsp;<\/sup>Fueron sus disc\u00edpulos y entraron en la ciudad, y hallaron como les hab\u00eda dicho; y prepararon la pascua.<\/p>\n\n\n\n<p><sup>17&nbsp;<\/sup>Y cuando lleg\u00f3 la noche, vino \u00e9l con los doce.<\/p>\n\n\n\n<p><sup>18&nbsp;<\/sup>Y cuando se sentaron a la mesa, mientras com\u00edan, dijo Jes\u00fas: De cierto os digo que uno de vosotros, que come conmigo, me va a entregar.<\/p>\n\n\n\n<p><sup>19&nbsp;<\/sup>Entonces ellos comenzaron a entristecerse, y a decirle uno por uno: \u00bfSer\u00e9 yo? Y el otro: \u00bfSer\u00e9 yo?<\/p>\n\n\n\n<p><sup>20&nbsp;<\/sup>El, respondiendo, les dijo: Es uno de los doce, el que moja conmigo en el plato.<\/p>\n\n\n\n<p><sup>21&nbsp;<\/sup>A la verdad el Hijo del Hombre va, seg\u00fan est\u00e1 escrito de \u00e9l,&nbsp;mas !!ay de aquel hombre por quien el Hijo del Hombre es entregado! Bueno le fuera a ese hombre no haber nacido.<\/p>\n\n\n\n<p><sup>22&nbsp;<\/sup>Y mientras com\u00edan, Jes\u00fas tom\u00f3 pan y bendijo, y lo parti\u00f3 y les dio, diciendo: Tomad, esto es mi cuerpo.<\/p>\n\n\n\n<p><sup>23&nbsp;<\/sup>Y tomando la copa, y habiendo dado gracias, les dio; y bebieron de ella todos.<\/p>\n\n\n\n<p><sup>24&nbsp;<\/sup>Y les dijo: Esto es mi sangre&nbsp;del nuevo pacto,&nbsp;que por muchos es derramada.<\/p>\n\n\n\n<p><sup>25&nbsp;<\/sup>De cierto os digo que no beber\u00e9 m\u00e1s del fruto de la vid, hasta aquel d\u00eda en que lo beba nuevo en el reino de Dios.<\/p>\n\n\n\n<h5 class=\"wp-block-heading\">Jes\u00fas anuncia la negaci\u00f3n de Pedro<\/h5>\n\n\n\n<h6 class=\"wp-block-heading\">(Mt. 26.30-35; Lc. 22.31-34; Jn. 13.36-38)<\/h6>\n\n\n\n<p><sup>26&nbsp;<\/sup>Cuando hubieron cantado el himno, salieron al monte de los Olivos.<\/p>\n\n\n\n<p><sup>27&nbsp;<\/sup>Entonces Jes\u00fas les dijo: Todos os escandalizar\u00e9is de m\u00ed esta noche; porque escrito est\u00e1: Herir\u00e9 al pastor, y las ovejas ser\u00e1n dispersadas.<\/p>\n\n\n\n<p><sup>28&nbsp;<\/sup>Pero despu\u00e9s que haya resucitado, ir\u00e9 delante de vosotros a Galilea.<\/p>\n\n\n\n<p><sup>29&nbsp;<\/sup>Entonces Pedro le dijo: Aunque todos se escandalicen, yo no.<\/p>\n\n\n\n<p><sup>30&nbsp;<\/sup>Y le dijo Jes\u00fas: De cierto te digo que t\u00fa, hoy, en esta noche, antes que el gallo haya cantado dos veces, me negar\u00e1s tres veces.<\/p>\n\n\n\n<p><sup>31&nbsp;<\/sup>Mas \u00e9l con mayor insistencia dec\u00eda: Si me fuere necesario morir contigo, no te negar\u00e9. Tambi\u00e9n todos dec\u00edan lo mismo.<\/p>\n\n\n\n<h5 class=\"wp-block-heading\">Jes\u00fas ora en Getseman\u00ed<\/h5>\n\n\n\n<h6 class=\"wp-block-heading\">(Mt. 26.36-46; Lc. 22.39-46)<\/h6>\n\n\n\n<p><sup>32&nbsp;<\/sup>Vinieron, pues, a un lugar que se llama Getseman\u00ed, y dijo a sus disc\u00edpulos: Sentaos aqu\u00ed, entre tanto que yo oro.<\/p>\n\n\n\n<p><sup>33&nbsp;<\/sup>Y tom\u00f3 consigo a Pedro, a Jacobo y a Juan, y comenz\u00f3 a entristecerse y a angustiarse.<\/p>\n\n\n\n<p><sup>34&nbsp;<\/sup>Y les dijo: Mi alma est\u00e1 muy triste, hasta la muerte; quedaos aqu\u00ed y velad.<\/p>\n\n\n\n<p><sup>35&nbsp;<\/sup>Y\u00e9ndose un poco adelante, se postr\u00f3 en tierra, y or\u00f3 que si fuese posible, pasase de \u00e9l aquella hora.<\/p>\n\n\n\n<p><sup>36&nbsp;<\/sup>Y dec\u00eda: Abba, Padre, todas las cosas son posibles para ti; aparta de m\u00ed esta copa; mas no lo que yo quiero, sino lo que t\u00fa.<\/p>\n\n\n\n<p><sup>37&nbsp;<\/sup>Vino luego y los hall\u00f3 durmiendo; y dijo a Pedro: Sim\u00f3n, \u00bfduermes? \u00bfNo has podido velar una hora?<\/p>\n\n\n\n<p><sup>38&nbsp;<\/sup>Velad y orad, para que no entr\u00e9is en tentaci\u00f3n; el esp\u00edritu a la verdad est\u00e1 dispuesto, pero la carne es d\u00e9bil.<\/p>\n\n\n\n<p><sup>39&nbsp;<\/sup>Otra vez fue y or\u00f3, diciendo las mismas palabras.<\/p>\n\n\n\n<p><sup>40&nbsp;<\/sup>Al volver, otra vez los hall\u00f3 durmiendo, porque los ojos de ellos estaban cargados de sue\u00f1o; y no sab\u00edan qu\u00e9 responderle.<\/p>\n\n\n\n<p><sup>41&nbsp;<\/sup>Vino la tercera vez, y les dijo: Dormid ya, y descansad. Basta, la hora ha venido; he aqu\u00ed, el Hijo del Hombre es entregado en manos de los pecadores.<\/p>\n\n\n\n<p><sup>42&nbsp;<\/sup>Levantaos, vamos; he aqu\u00ed, se acerca el que me entrega.<\/p>\n\n\n\n<h5 class=\"wp-block-heading\">Arresto de Jes\u00fas<\/h5>\n\n\n\n<h6 class=\"wp-block-heading\">(Mt. 26.47-56; Lc. 22.47-53; Jn. 18.2-11)<\/h6>\n\n\n\n<p><sup>43&nbsp;<\/sup>Luego, hablando \u00e9l a\u00fan, vino Judas, que era uno de los doce, y con \u00e9l mucha gente con espadas y palos, de parte de los principales sacerdotes y de los escribas y de los ancianos.<\/p>\n\n\n\n<p><sup>44&nbsp;<\/sup>Y el que le entregaba les hab\u00eda dado se\u00f1al, diciendo: Al que yo besare, \u00e9se es; prendedle, y llevadle con seguridad.<\/p>\n\n\n\n<p><sup>45&nbsp;<\/sup>Y cuando vino, se acerc\u00f3 luego a \u00e9l, y le dijo: Maestro, Maestro. Y le bes\u00f3.<\/p>\n\n\n\n<p><sup>46&nbsp;<\/sup>Entonces ellos le echaron mano, y le prendieron.<\/p>\n\n\n\n<p><sup>47&nbsp;<\/sup>Pero uno de los que estaban all\u00ed, sacando la espada, hiri\u00f3 al siervo del sumo sacerdote, cort\u00e1ndole la oreja.<\/p>\n\n\n\n<p><sup>48&nbsp;<\/sup>Y respondiendo Jes\u00fas, les dijo: \u00bfComo contra un ladr\u00f3n hab\u00e9is salido con espadas y con palos para prenderme?<\/p>\n\n\n\n<p><sup>49&nbsp;<\/sup>Cada d\u00eda estaba con vosotros ense\u00f1ando en el templo,&nbsp;y no me prendisteis; pero es as\u00ed, para que se cumplan las Escrituras.<\/p>\n\n\n\n<p><sup>50&nbsp;<\/sup>Entonces todos los disc\u00edpulos, dej\u00e1ndole, huyeron.<\/p>\n\n\n\n<h5 class=\"wp-block-heading\">El joven que huy\u00f3<\/h5>\n\n\n\n<p><sup>51&nbsp;<\/sup>Pero cierto joven le segu\u00eda, cubierto el cuerpo con una s\u00e1bana; y le prendieron;<\/p>\n\n\n\n<p><sup>52&nbsp;<\/sup>mas \u00e9l, dejando la s\u00e1bana, huy\u00f3 desnudo.<\/p>\n\n\n\n<h5 class=\"wp-block-heading\">Jes\u00fas ante el concilio<\/h5>\n\n\n\n<h6 class=\"wp-block-heading\">(Mt. 26.57-68; Lc. 22.54-55,63-71; Jn. 18.12-14,19-24)<\/h6>\n\n\n\n<p><sup>53&nbsp;<\/sup>Trajeron, pues, a Jes\u00fas al sumo sacerdote; y se reunieron todos los principales sacerdotes y los ancianos y los escribas.<\/p>\n\n\n\n<p><sup>54&nbsp;<\/sup>Y Pedro le sigui\u00f3 de lejos hasta dentro del patio del sumo sacerdote; y estaba sentado con los alguaciles, calent\u00e1ndose al fuego.<\/p>\n\n\n\n<p><sup>55&nbsp;<\/sup>Y los principales sacerdotes y todo el concilio buscaban testimonio contra Jes\u00fas, para entregarle a la muerte; pero no lo hallaban.<\/p>\n\n\n\n<p><sup>56&nbsp;<\/sup>Porque muchos dec\u00edan falso testimonio contra \u00e9l, mas sus testimonios no concordaban.<\/p>\n\n\n\n<p><sup>57&nbsp;<\/sup>Entonces levant\u00e1ndose unos, dieron falso testimonio contra \u00e9l, diciendo:<\/p>\n\n\n\n<p><sup>58&nbsp;<\/sup>Nosotros le hemos o\u00eddo decir: Yo derribar\u00e9 este templo hecho a mano, y en tres d\u00edas edificar\u00e9 otro hecho sin mano.<\/p>\n\n\n\n<p><sup>59&nbsp;<\/sup>Pero ni aun as\u00ed concordaban en el testimonio.<\/p>\n\n\n\n<p><sup>60&nbsp;<\/sup>Entonces el sumo sacerdote, levant\u00e1ndose en medio, pregunt\u00f3 a Jes\u00fas, diciendo: \u00bfNo respondes nada? \u00bfQu\u00e9 testifican \u00e9stos contra ti?<\/p>\n\n\n\n<p><sup>61&nbsp;<\/sup>Mas \u00e9l callaba, y nada respond\u00eda. El sumo sacerdote le volvi\u00f3 a preguntar, y le dijo: \u00bfEres t\u00fa el Cristo, el Hijo del Bendito?<\/p>\n\n\n\n<p><sup>62&nbsp;<\/sup>Y Jes\u00fas le dijo: Yo soy; y ver\u00e9is al Hijo del Hombre sentado a la diestra del poder de Dios, y viniendo en las nubes del cielo.<\/p>\n\n\n\n<p><sup>63&nbsp;<\/sup>Entonces el sumo sacerdote, rasgando su vestidura, dijo: \u00bfQu\u00e9 m\u00e1s necesidad tenemos de testigos?<\/p>\n\n\n\n<p><sup>64&nbsp;<\/sup>Hab\u00e9is o\u00eddo la blasfemia; \u00bfqu\u00e9 os parece? Y todos ellos le condenaron, declar\u00e1ndole ser digno de muerte.<\/p>\n\n\n\n<p><sup>65&nbsp;<\/sup>Y algunos comenzaron a escupirle, y a cubrirle el rostro y a darle de pu\u00f1etazos, y a decirle: Profetiza. Y los alguaciles le daban de bofetadas.<\/p>\n\n\n\n<h5 class=\"wp-block-heading\">Pedro niega a Jes\u00fas<\/h5>\n\n\n\n<h6 class=\"wp-block-heading\">(Mt. 26.69-75; Lc. 22.55-62; Jn. 18.15-18,25-27)<\/h6>\n\n\n\n<p><sup>66&nbsp;<\/sup>Estando Pedro abajo, en el patio, vino una de las criadas del sumo sacerdote;<\/p>\n\n\n\n<p><sup>67&nbsp;<\/sup>y cuando vio a Pedro que se calentaba, mir\u00e1ndole, dijo: T\u00fa tambi\u00e9n estabas con Jes\u00fas el nazareno.<\/p>\n\n\n\n<p><sup>68&nbsp;<\/sup>Mas \u00e9l neg\u00f3, diciendo: No le conozco, ni s\u00e9 lo que dices. Y sali\u00f3 a la entrada; y cant\u00f3 el gallo.<\/p>\n\n\n\n<p><sup>69&nbsp;<\/sup>Y la criada, vi\u00e9ndole otra vez, comenz\u00f3 a decir a los que estaban all\u00ed: Este es de ellos.<\/p>\n\n\n\n<p><sup>70&nbsp;<\/sup>Pero \u00e9l neg\u00f3 otra vez. Y poco despu\u00e9s, los que estaban all\u00ed dijeron otra vez a Pedro: Verdaderamente t\u00fa eres de ellos; porque eres galileo, y tu manera de hablar es semejante a la de ellos.<\/p>\n\n\n\n<p><sup>71&nbsp;<\/sup>Entonces \u00e9l comenz\u00f3 a maldecir, y a jurar: No conozco a este hombre de quien habl\u00e1is.<\/p>\n\n\n\n<p><sup>72&nbsp;<\/sup>Y el gallo cant\u00f3 la segunda vez. Entonces Pedro se acord\u00f3 de las palabras que Jes\u00fas le hab\u00eda dicho: Antes que el gallo cante dos veces, me negar\u00e1s tres veces. Y pensando en esto, lloraba.<\/p>\n\n\n\n<p>Versi\u00f3n Reina-Valera 1960 \u00a9 Sociedades B\u00edblicas en Am\u00e9rica Latina, 1960. Renovado \u00a9 Sociedades B\u00edblicas Unidas, 1988.<\/p>\n<\/div><\/div><\/div><\/div><\/div><\/div>\n","protected":false},"excerpt":{"rendered":"<p>Marcos 14 El complot para prender a Jes\u00fas (Mt. 26.1-5; Lc. 22.1-2; Jn. 11.45-53) 1\u00a0Dos d\u00edas despu\u00e9s era la pascua,\u00a0y la fiesta de los panes sin levadura; y buscaban los principales sacerdotes y los escribas c\u00f3mo prenderle por enga\u00f1o y matarle. 2&nbsp;Y dec\u00edan: No durante la fiesta para que no se haga alboroto del pueblo. &hellip; <a href=\"https:\/\/esp.championforest.org\/devotionals\/marcos-abril-4\/\" class=\"more-link\">Continue reading <span class=\"screen-reader-text\">Marcos Cap\u00edtulo 14<\/span><\/a><\/p>\n","protected":false},"author":2,"featured_media":9,"comment_status":"open","ping_status":"open","sticky":false,"template":"","format":"standard","meta":{"footnotes":""},"categories":[3],"tags":[],"class_list":["post-221","post","type-post","status-publish","format-standard","has-post-thumbnail","hentry","category-marcos"],"featured_image_urls_v2":{"full":["https:\/\/esp.championforest.org\/devotionals\/wp-content\/uploads\/2019\/11\/bible-banner.jpg",2000,733,false],"thumbnail":["https:\/\/esp.championforest.org\/devotionals\/wp-content\/uploads\/2019\/11\/bible-banner-150x150.jpg",150,150,true],"medium":["https:\/\/esp.championforest.org\/devotionals\/wp-content\/uploads\/2019\/11\/bible-banner-300x110.jpg",300,110,true],"medium_large":["https:\/\/esp.championforest.org\/devotionals\/wp-content\/uploads\/2019\/11\/bible-banner-768x281.jpg",768,281,true],"large":["https:\/\/esp.championforest.org\/devotionals\/wp-content\/uploads\/2019\/11\/bible-banner-1024x375.jpg",900,330,true],"1536x1536":["https:\/\/esp.championforest.org\/devotionals\/wp-content\/uploads\/2019\/11\/bible-banner-1536x563.jpg",1536,563,true],"2048x2048":["https:\/\/esp.championforest.org\/devotionals\/wp-content\/uploads\/2019\/11\/bible-banner.jpg",2000,733,false],"post-thumbnail":["https:\/\/esp.championforest.org\/devotionals\/wp-content\/uploads\/2019\/11\/bible-banner.jpg",2000,733,false]},"post_excerpt_stackable_v2":"<p>Marcos 14 El complot para prender a Jes\u00fas (Mt. 26.1-5; Lc. 22.1-2; Jn. 11.45-53) 1\u00a0Dos d\u00edas despu\u00e9s era la pascua,\u00a0y la fiesta de los panes sin levadura; y buscaban los principales sacerdotes y los escribas c\u00f3mo prenderle por enga\u00f1o y matarle. 2&nbsp;Y dec\u00edan: No durante la fiesta para que no se haga alboroto del pueblo. Jes\u00fas es ungido en Betania (Mt. 26.6-13; Jn. 12.1-8) 3&nbsp;Pero estando \u00e9l en Betania, en casa de Sim\u00f3n el leproso, y sentado a la mesa, vino una mujer con un vaso de alabastro de perfume de nardo puro de mucho precio; y quebrando el vaso&hellip;<\/p>\n","category_list_v2":"<a href=\"https:\/\/esp.championforest.org\/devotionals\/category\/marcos\/\" rel=\"category tag\">Marcos<\/a>","author_info_v2":{"name":"Champion Forest","url":"https:\/\/esp.championforest.org\/devotionals\/author\/cfbcms_admin\/"},"comments_num_v2":"3 comments","yoast_head":"<!-- This site is optimized with the Yoast SEO plugin v27.3 - https:\/\/yoast.com\/product\/yoast-seo-wordpress\/ -->\n<title>Marcos Cap\u00edtulo 14 - Devocionales<\/title>\n<meta name=\"robots\" content=\"index, follow, max-snippet:-1, max-image-preview:large, max-video-preview:-1\" \/>\n<link rel=\"canonical\" href=\"https:\/\/esp.championforest.org\/devotionals\/marcos-abril-4\/\" \/>\n<meta property=\"og:locale\" content=\"en_US\" \/>\n<meta property=\"og:type\" content=\"article\" \/>\n<meta property=\"og:title\" content=\"Marcos Cap\u00edtulo 14 - Devocionales\" \/>\n<meta property=\"og:description\" content=\"Marcos 14 El complot para prender a Jes\u00fas (Mt. 26.1-5; Lc. 22.1-2; Jn. 11.45-53) 1\u00a0Dos d\u00edas despu\u00e9s era la pascua,\u00a0y la fiesta de los panes sin levadura; y buscaban los principales sacerdotes y los escribas c\u00f3mo prenderle por enga\u00f1o y matarle. 2&nbsp;Y dec\u00edan: No durante la fiesta para que no se haga alboroto del pueblo. &hellip; Continue reading Marcos Cap\u00edtulo 14\" \/>\n<meta property=\"og:url\" content=\"https:\/\/esp.championforest.org\/devotionals\/marcos-abril-4\/\" \/>\n<meta property=\"og:site_name\" content=\"Devocionales\" \/>\n<meta property=\"article:published_time\" content=\"2020-04-04T07:00:15+00:00\" \/>\n<meta property=\"og:image\" content=\"https:\/\/esp.championforest.org\/devotionals\/wp-content\/uploads\/2019\/11\/bible-banner.jpg\" \/>\n\t<meta property=\"og:image:width\" content=\"2000\" \/>\n\t<meta property=\"og:image:height\" content=\"733\" \/>\n\t<meta property=\"og:image:type\" content=\"image\/jpeg\" \/>\n<meta name=\"author\" content=\"Champion Forest\" \/>\n<meta name=\"twitter:card\" content=\"summary_large_image\" \/>\n<meta name=\"twitter:label1\" content=\"Written by\" \/>\n\t<meta name=\"twitter:data1\" content=\"Champion Forest\" \/>\n\t<meta name=\"twitter:label2\" content=\"Est. reading time\" \/>\n\t<meta name=\"twitter:data2\" content=\"8 minutes\" \/>\n<script type=\"application\/ld+json\" class=\"yoast-schema-graph\">{\"@context\":\"https:\\\/\\\/schema.org\",\"@graph\":[{\"@type\":\"Article\",\"@id\":\"https:\\\/\\\/esp.championforest.org\\\/devotionals\\\/marcos-abril-4\\\/#article\",\"isPartOf\":{\"@id\":\"https:\\\/\\\/esp.championforest.org\\\/devotionals\\\/marcos-abril-4\\\/\"},\"author\":{\"name\":\"Champion Forest\",\"@id\":\"https:\\\/\\\/esp.championforest.org\\\/devotionals\\\/#\\\/schema\\\/person\\\/0d7b32cb6698781087962c699912c666\"},\"headline\":\"Marcos Cap\u00edtulo 14\",\"datePublished\":\"2020-04-04T07:00:15+00:00\",\"mainEntityOfPage\":{\"@id\":\"https:\\\/\\\/esp.championforest.org\\\/devotionals\\\/marcos-abril-4\\\/\"},\"wordCount\":1699,\"commentCount\":3,\"image\":{\"@id\":\"https:\\\/\\\/esp.championforest.org\\\/devotionals\\\/marcos-abril-4\\\/#primaryimage\"},\"thumbnailUrl\":\"https:\\\/\\\/esp.championforest.org\\\/devotionals\\\/wp-content\\\/uploads\\\/2019\\\/11\\\/bible-banner.jpg\",\"articleSection\":[\"Marcos\"],\"inLanguage\":\"en-US\",\"potentialAction\":[{\"@type\":\"CommentAction\",\"name\":\"Comment\",\"target\":[\"https:\\\/\\\/esp.championforest.org\\\/devotionals\\\/marcos-abril-4\\\/#respond\"]}]},{\"@type\":\"WebPage\",\"@id\":\"https:\\\/\\\/esp.championforest.org\\\/devotionals\\\/marcos-abril-4\\\/\",\"url\":\"https:\\\/\\\/esp.championforest.org\\\/devotionals\\\/marcos-abril-4\\\/\",\"name\":\"Marcos Cap\u00edtulo 14 - Devocionales\",\"isPartOf\":{\"@id\":\"https:\\\/\\\/esp.championforest.org\\\/devotionals\\\/#website\"},\"primaryImageOfPage\":{\"@id\":\"https:\\\/\\\/esp.championforest.org\\\/devotionals\\\/marcos-abril-4\\\/#primaryimage\"},\"image\":{\"@id\":\"https:\\\/\\\/esp.championforest.org\\\/devotionals\\\/marcos-abril-4\\\/#primaryimage\"},\"thumbnailUrl\":\"https:\\\/\\\/esp.championforest.org\\\/devotionals\\\/wp-content\\\/uploads\\\/2019\\\/11\\\/bible-banner.jpg\",\"datePublished\":\"2020-04-04T07:00:15+00:00\",\"author\":{\"@id\":\"https:\\\/\\\/esp.championforest.org\\\/devotionals\\\/#\\\/schema\\\/person\\\/0d7b32cb6698781087962c699912c666\"},\"breadcrumb\":{\"@id\":\"https:\\\/\\\/esp.championforest.org\\\/devotionals\\\/marcos-abril-4\\\/#breadcrumb\"},\"inLanguage\":\"en-US\",\"potentialAction\":[{\"@type\":\"ReadAction\",\"target\":[\"https:\\\/\\\/esp.championforest.org\\\/devotionals\\\/marcos-abril-4\\\/\"]}]},{\"@type\":\"ImageObject\",\"inLanguage\":\"en-US\",\"@id\":\"https:\\\/\\\/esp.championforest.org\\\/devotionals\\\/marcos-abril-4\\\/#primaryimage\",\"url\":\"https:\\\/\\\/esp.championforest.org\\\/devotionals\\\/wp-content\\\/uploads\\\/2019\\\/11\\\/bible-banner.jpg\",\"contentUrl\":\"https:\\\/\\\/esp.championforest.org\\\/devotionals\\\/wp-content\\\/uploads\\\/2019\\\/11\\\/bible-banner.jpg\",\"width\":2000,\"height\":733},{\"@type\":\"BreadcrumbList\",\"@id\":\"https:\\\/\\\/esp.championforest.org\\\/devotionals\\\/marcos-abril-4\\\/#breadcrumb\",\"itemListElement\":[{\"@type\":\"ListItem\",\"position\":1,\"name\":\"Casa\",\"item\":\"https:\\\/\\\/esp.championforest.org\\\/devotionals\\\/\"},{\"@type\":\"ListItem\",\"position\":2,\"name\":\"Marcos Cap\u00edtulo 14\"}]},{\"@type\":\"WebSite\",\"@id\":\"https:\\\/\\\/esp.championforest.org\\\/devotionals\\\/#website\",\"url\":\"https:\\\/\\\/esp.championforest.org\\\/devotionals\\\/\",\"name\":\"Devocionales\",\"description\":\"\",\"potentialAction\":[{\"@type\":\"SearchAction\",\"target\":{\"@type\":\"EntryPoint\",\"urlTemplate\":\"https:\\\/\\\/esp.championforest.org\\\/devotionals\\\/?s={search_term_string}\"},\"query-input\":{\"@type\":\"PropertyValueSpecification\",\"valueRequired\":true,\"valueName\":\"search_term_string\"}}],\"inLanguage\":\"en-US\"},{\"@type\":\"Person\",\"@id\":\"https:\\\/\\\/esp.championforest.org\\\/devotionals\\\/#\\\/schema\\\/person\\\/0d7b32cb6698781087962c699912c666\",\"name\":\"Champion Forest\",\"image\":{\"@type\":\"ImageObject\",\"inLanguage\":\"en-US\",\"@id\":\"https:\\\/\\\/secure.gravatar.com\\\/avatar\\\/978ba5d6180fa65624708e969f442efde16543b129f0679a2cb301024d170062?s=96&d=mm&r=g\",\"url\":\"https:\\\/\\\/secure.gravatar.com\\\/avatar\\\/978ba5d6180fa65624708e969f442efde16543b129f0679a2cb301024d170062?s=96&d=mm&r=g\",\"contentUrl\":\"https:\\\/\\\/secure.gravatar.com\\\/avatar\\\/978ba5d6180fa65624708e969f442efde16543b129f0679a2cb301024d170062?s=96&d=mm&r=g\",\"caption\":\"Champion Forest\"},\"url\":\"https:\\\/\\\/esp.championforest.org\\\/devotionals\\\/author\\\/cfbcms_admin\\\/\"}]}<\/script>\n<!-- \/ Yoast SEO plugin. -->","yoast_head_json":{"title":"Marcos Cap\u00edtulo 14 - Devocionales","robots":{"index":"index","follow":"follow","max-snippet":"max-snippet:-1","max-image-preview":"max-image-preview:large","max-video-preview":"max-video-preview:-1"},"canonical":"https:\/\/esp.championforest.org\/devotionals\/marcos-abril-4\/","og_locale":"en_US","og_type":"article","og_title":"Marcos Cap\u00edtulo 14 - Devocionales","og_description":"Marcos 14 El complot para prender a Jes\u00fas (Mt. 26.1-5; Lc. 22.1-2; Jn. 11.45-53) 1\u00a0Dos d\u00edas despu\u00e9s era la pascua,\u00a0y la fiesta de los panes sin levadura; y buscaban los principales sacerdotes y los escribas c\u00f3mo prenderle por enga\u00f1o y matarle. 2&nbsp;Y dec\u00edan: No durante la fiesta para que no se haga alboroto del pueblo. &hellip; Continue reading Marcos Cap\u00edtulo 14","og_url":"https:\/\/esp.championforest.org\/devotionals\/marcos-abril-4\/","og_site_name":"Devocionales","article_published_time":"2020-04-04T07:00:15+00:00","og_image":[{"width":2000,"height":733,"url":"https:\/\/esp.championforest.org\/devotionals\/wp-content\/uploads\/2019\/11\/bible-banner.jpg","type":"image\/jpeg"}],"author":"Champion Forest","twitter_card":"summary_large_image","twitter_misc":{"Written by":"Champion Forest","Est. reading time":"8 minutes"},"schema":{"@context":"https:\/\/schema.org","@graph":[{"@type":"Article","@id":"https:\/\/esp.championforest.org\/devotionals\/marcos-abril-4\/#article","isPartOf":{"@id":"https:\/\/esp.championforest.org\/devotionals\/marcos-abril-4\/"},"author":{"name":"Champion Forest","@id":"https:\/\/esp.championforest.org\/devotionals\/#\/schema\/person\/0d7b32cb6698781087962c699912c666"},"headline":"Marcos Cap\u00edtulo 14","datePublished":"2020-04-04T07:00:15+00:00","mainEntityOfPage":{"@id":"https:\/\/esp.championforest.org\/devotionals\/marcos-abril-4\/"},"wordCount":1699,"commentCount":3,"image":{"@id":"https:\/\/esp.championforest.org\/devotionals\/marcos-abril-4\/#primaryimage"},"thumbnailUrl":"https:\/\/esp.championforest.org\/devotionals\/wp-content\/uploads\/2019\/11\/bible-banner.jpg","articleSection":["Marcos"],"inLanguage":"en-US","potentialAction":[{"@type":"CommentAction","name":"Comment","target":["https:\/\/esp.championforest.org\/devotionals\/marcos-abril-4\/#respond"]}]},{"@type":"WebPage","@id":"https:\/\/esp.championforest.org\/devotionals\/marcos-abril-4\/","url":"https:\/\/esp.championforest.org\/devotionals\/marcos-abril-4\/","name":"Marcos Cap\u00edtulo 14 - Devocionales","isPartOf":{"@id":"https:\/\/esp.championforest.org\/devotionals\/#website"},"primaryImageOfPage":{"@id":"https:\/\/esp.championforest.org\/devotionals\/marcos-abril-4\/#primaryimage"},"image":{"@id":"https:\/\/esp.championforest.org\/devotionals\/marcos-abril-4\/#primaryimage"},"thumbnailUrl":"https:\/\/esp.championforest.org\/devotionals\/wp-content\/uploads\/2019\/11\/bible-banner.jpg","datePublished":"2020-04-04T07:00:15+00:00","author":{"@id":"https:\/\/esp.championforest.org\/devotionals\/#\/schema\/person\/0d7b32cb6698781087962c699912c666"},"breadcrumb":{"@id":"https:\/\/esp.championforest.org\/devotionals\/marcos-abril-4\/#breadcrumb"},"inLanguage":"en-US","potentialAction":[{"@type":"ReadAction","target":["https:\/\/esp.championforest.org\/devotionals\/marcos-abril-4\/"]}]},{"@type":"ImageObject","inLanguage":"en-US","@id":"https:\/\/esp.championforest.org\/devotionals\/marcos-abril-4\/#primaryimage","url":"https:\/\/esp.championforest.org\/devotionals\/wp-content\/uploads\/2019\/11\/bible-banner.jpg","contentUrl":"https:\/\/esp.championforest.org\/devotionals\/wp-content\/uploads\/2019\/11\/bible-banner.jpg","width":2000,"height":733},{"@type":"BreadcrumbList","@id":"https:\/\/esp.championforest.org\/devotionals\/marcos-abril-4\/#breadcrumb","itemListElement":[{"@type":"ListItem","position":1,"name":"Casa","item":"https:\/\/esp.championforest.org\/devotionals\/"},{"@type":"ListItem","position":2,"name":"Marcos Cap\u00edtulo 14"}]},{"@type":"WebSite","@id":"https:\/\/esp.championforest.org\/devotionals\/#website","url":"https:\/\/esp.championforest.org\/devotionals\/","name":"Devocionales","description":"","potentialAction":[{"@type":"SearchAction","target":{"@type":"EntryPoint","urlTemplate":"https:\/\/esp.championforest.org\/devotionals\/?s={search_term_string}"},"query-input":{"@type":"PropertyValueSpecification","valueRequired":true,"valueName":"search_term_string"}}],"inLanguage":"en-US"},{"@type":"Person","@id":"https:\/\/esp.championforest.org\/devotionals\/#\/schema\/person\/0d7b32cb6698781087962c699912c666","name":"Champion Forest","image":{"@type":"ImageObject","inLanguage":"en-US","@id":"https:\/\/secure.gravatar.com\/avatar\/978ba5d6180fa65624708e969f442efde16543b129f0679a2cb301024d170062?s=96&d=mm&r=g","url":"https:\/\/secure.gravatar.com\/avatar\/978ba5d6180fa65624708e969f442efde16543b129f0679a2cb301024d170062?s=96&d=mm&r=g","contentUrl":"https:\/\/secure.gravatar.com\/avatar\/978ba5d6180fa65624708e969f442efde16543b129f0679a2cb301024d170062?s=96&d=mm&r=g","caption":"Champion Forest"},"url":"https:\/\/esp.championforest.org\/devotionals\/author\/cfbcms_admin\/"}]}},"_links":{"self":[{"href":"https:\/\/esp.championforest.org\/devotionals\/wp-json\/wp\/v2\/posts\/221","targetHints":{"allow":["GET"]}}],"collection":[{"href":"https:\/\/esp.championforest.org\/devotionals\/wp-json\/wp\/v2\/posts"}],"about":[{"href":"https:\/\/esp.championforest.org\/devotionals\/wp-json\/wp\/v2\/types\/post"}],"author":[{"embeddable":true,"href":"https:\/\/esp.championforest.org\/devotionals\/wp-json\/wp\/v2\/users\/2"}],"replies":[{"embeddable":true,"href":"https:\/\/esp.championforest.org\/devotionals\/wp-json\/wp\/v2\/comments?post=221"}],"version-history":[{"count":1,"href":"https:\/\/esp.championforest.org\/devotionals\/wp-json\/wp\/v2\/posts\/221\/revisions"}],"predecessor-version":[{"id":222,"href":"https:\/\/esp.championforest.org\/devotionals\/wp-json\/wp\/v2\/posts\/221\/revisions\/222"}],"wp:featuredmedia":[{"embeddable":true,"href":"https:\/\/esp.championforest.org\/devotionals\/wp-json\/wp\/v2\/media\/9"}],"wp:attachment":[{"href":"https:\/\/esp.championforest.org\/devotionals\/wp-json\/wp\/v2\/media?parent=221"}],"wp:term":[{"taxonomy":"category","embeddable":true,"href":"https:\/\/esp.championforest.org\/devotionals\/wp-json\/wp\/v2\/categories?post=221"},{"taxonomy":"post_tag","embeddable":true,"href":"https:\/\/esp.championforest.org\/devotionals\/wp-json\/wp\/v2\/tags?post=221"}],"curies":[{"name":"wp","href":"https:\/\/api.w.org\/{rel}","templated":true}]}}