{"id":2181,"date":"2025-04-20T00:05:52","date_gmt":"2025-04-20T05:05:52","guid":{"rendered":"https:\/\/esp.championforest.org\/devotionals\/?p=2181"},"modified":"2025-04-19T08:56:51","modified_gmt":"2025-04-19T13:56:51","slug":"4-20-2025","status":"publish","type":"post","link":"https:\/\/esp.championforest.org\/devotionals\/4-20-2025\/","title":{"rendered":"D\u00eda Ocho | Semana Santa 2025"},"content":{"rendered":"\n<div class=\"wp-block-stackable-columns stk-block-columns stk-block stk-9b134c8\" data-block-id=\"9b134c8\"><div class=\"stk-row stk-inner-blocks stk-block-content stk-content-align stk-9b134c8-column\">\n<div class=\"wp-block-stackable-column stk-block-column stk-column stk-block stk-64979d9 stk-block-background\" data-v=\"4\" data-block-id=\"64979d9\"><style>.stk-64979d9 {top:-15px !important;}<\/style><div class=\"stk-column-wrapper stk-block-column__content stk-container stk-64979d9-container stk-hover-parent\"><div class=\"stk-block-content stk-inner-blocks stk-64979d9-inner-blocks\">\n<p><strong>\u00a1Llegaste al D\u00eda 8\u2014el Domingo de Resurrecci\u00f3n!<\/strong><br>Gracias por haber compartido con nosotros este camino durante la Semana Santa. Ha sido un privilegio recorrer juntos cada d\u00eda de este devocional. Nuestra oraci\u00f3n es que tu coraz\u00f3n haya sido tocado con un nuevo sentido de asombro, esperanza y gratitud.<br><br>Aunque esta serie llega a su fin, la invitaci\u00f3n a acercarte a Jes\u00fas sigue abierta. Que lo vivido esta semana sea solo el comienzo de una relaci\u00f3n m\u00e1s profunda y constante con \u00c9l a trav\u00e9s de Su Palabra.<br><br>\u00a1Feliz Pascua! \u00a1Jes\u00fas vive! \u00a1\u00c9l ha resucitado!<\/p>\n<\/div><\/div><\/div>\n<\/div><\/div>\n\n\n\n<h2 class=\"wp-block-heading\"><strong>La resurrecci\u00f3n y la profec\u00eda a\u00fan por cumplirse<\/strong><\/h2>\n\n\n\n<h4 class=\"wp-block-heading\">Lucas 21:25-28<\/h4>\n\n\n\n<p><span style=\"color: #000000;\" class=\"stk-highlight\">Autor:&nbsp;<em><em><em><em><em><em><em><em><em><em><em><em><em><em><em><em><em>Bo Patterson<\/em><\/em><\/em><\/em><\/em><\/em><\/em><\/em><\/em><\/em><\/em><\/em><\/em><\/em><\/em><\/em><\/em><\/span><\/p>\n\n\n\n<div class=\"wp-block-group\"><div class=\"wp-block-group__inner-container is-layout-constrained wp-block-group-is-layout-constrained\">\n<div class=\"wp-block-stackable-hero stk-block-hero stk-block stk-bb37f46 is-style-default\" data-v=\"2\" data-block-id=\"bb37f46\"><style>.stk-bb37f46-inner-blocks{justify-content:center !important;}.stk-bb37f46-container{background-color:#f7f7f7 !important;}.stk-bb37f46-container:before{background-color:#f7f7f7 !important;}.stk-bb37f46 .stk-block-hero__content{min-height:500px !important;align-items:center !important;display:flex !important;}<\/style><div class=\"stk-block-hero__content stk-content-align stk-bb37f46-column stk-container stk-bb37f46-container stk-hover-parent\"><div class=\"stk-block-content stk-inner-blocks has-text-align-left stk--column-flex stk-bb37f46-inner-blocks\">\n<h4 class=\"wp-block-heading\">Lucas 21:25-28<\/h4>\n\n\n\n<p><strong>La venida del Hijo del Hombre<\/strong><\/p>\n\n\n\n<h6 class=\"wp-block-heading\">(Mt. 24.29-35,42-44;&nbsp;Mr. 13.24-37)<\/h6>\n\n\n\n<p class=\"has-medium-font-size\"><sup>25&nbsp;<\/sup>Entonces habr\u00e1 se\u00f1ales en el sol, en la luna y en las estrellas,&nbsp;y en la tierra angustia de las gentes, confundidas a causa del bramido del mar y de las olas;&nbsp;<sup>26&nbsp;<\/sup>desfalleciendo los hombres por el temor y la expectaci\u00f3n de las cosas que sobrevendr\u00e1n en la tierra; porque las potencias de los cielos ser\u00e1n conmovidas.&nbsp;<sup>27&nbsp;<\/sup>Entonces ver\u00e1n al Hijo del Hombre, que vendr\u00e1 en una nube&nbsp;con poder y gran gloria.&nbsp;<sup>28&nbsp;<\/sup>Cuando estas cosas comiencen a suceder, ergu\u00edos y levantad vuestra cabeza, porque vuestra redenci\u00f3n est\u00e1 cerca.<\/p>\n\n\n\n<div class=\"wp-block-stackable-text stk-block-text stk-block stk-3f49bf1 stk-block-background\" data-block-id=\"3f49bf1\"><style>.stk-3f49bf1 .stk-block-text__text{font-size:13px !important;}@media screen and (max-width: 1023px){.stk-3f49bf1 .stk-block-text__text{font-size:13px !important;}}<\/style><p class=\"stk-block-text__text\">Reina-Valera 1960 \u00ae \u00a9 Sociedades B\u00edblicas en Am\u00e9rica Latina, 1960. Renovado \u00a9 Sociedades B\u00edblicas Unidas, 1988. Utilizado con permiso. Si desea m\u00e1s informaci\u00f3n visite&nbsp;<a href=\"https:\/\/www.americanbible.org\/\">americanbible.org<\/a>,&nbsp;<a href=\"https:\/\/www.unitedbiblesocieties.org\/\">unitedbiblesocieties.org<\/a>,&nbsp;<a href=\"https:\/\/www.vivelabiblia.com\/\">vivelabiblia.com<\/a>,&nbsp;<a href=\"http:\/\/unitedbiblesocieties.org\/es\/casa\/\">unitedbiblesocieties.org\/es\/casa\/<\/a>,&nbsp;<a href=\"https:\/\/rvr60.bible\/?utm_source=website&amp;utm_medium=link&amp;utm_campaign=BGWYCEV11232021&amp;utm_id=biblegateway\/\">www.rvr60.bible<\/a><\/p><\/div>\n<\/div><\/div><\/div>\n<\/div><\/div>\n\n\n\n<p class=\"has-black-color has-text-color has-link-color has-medium-font-size wp-elements-3bb7c21d30b49d53b2a0ba7367d532e8\"><strong>Devocional<\/strong><\/p>\n\n\n\n<p class=\"has-black-color has-text-color has-link-color has-medium-font-size wp-elements-db3c9368c540183b6e09c8cb656928c7\">Jes\u00fas ha resucitado. Su vida, muerte y resurrecci\u00f3n han cumplido m\u00e1s de 100 profec\u00edas en un per\u00edodo de 33 a\u00f1os. \u00a1Reina supremo como el Hijo de Dios y Rey de reyes! Pero a\u00fan tiene m\u00e1s por hacer. Cien profec\u00edas pueden parecer muchas, pero son solo el comienzo. John MacArthur se\u00f1ala (cursiva a\u00f1adida para \u00e9nfasis):<\/p>\n\n\n\n<p class=\"has-black-color has-text-color has-link-color has-medium-font-size wp-elements-f49a82277b55a55cb3d02935611fb101\"><em>\u201cLa profec\u00eda ocupa una quinta parte de la Escritura. Y de esa quinta parte, un tercio se centra en la segunda venida. Hay m\u00e1s de 650 profec\u00edas generales en la Escritura, de las cuales la mitad se refieren a Cristo. Y de las aproximadamente 330 que se refieren a Cristo, 225 apuntan a su segunda venida. De los cuarenta y seis profetas del Antiguo Testamento, menos de diez hablaron de su primera venida. Treinta y seis hablaron de su segunda venida.<\/em><\/p>\n\n\n\n<p class=\"has-black-color has-text-color has-link-color has-medium-font-size wp-elements-6969e6ba2b887d65728c34744f3cb317\"><em>Hay m\u00e1s de 1,500 pasajes en la Escritura que se refieren a la segunda venida, uno de cada veinticinco vers\u00edculos en la Biblia. Por cada vez que la Biblia menciona la primera venida del Mes\u00edas, menciona ocho veces su segunda venida. Por cada vez que la Biblia menciona la expiaci\u00f3n, menciona dos veces su segunda venida. Jes\u00fas se refiri\u00f3 a su regreso veintiuna veces y en el Nuevo Testamento se nos dice m\u00e1s de cincuenta veces que estemos preparados para su regreso.\u201d<\/em><\/p>\n\n\n\n<p class=\"has-black-color has-text-color has-link-color has-medium-font-size wp-elements-5d39ee9da3afe337c1be439565f69918\">\u00bfEst\u00e1s preparado para su regreso? La primera venida de Jes\u00fas fue apenas un vistazo de su poder, obras y reinado.<\/p>\n\n\n\n<p class=\"has-black-color has-text-color has-link-color has-medium-font-size wp-elements-3124c048bd9ed54fc1f008e0238ef134\">Lucas 21:25-28 describe la Segunda Venida as\u00ed:<\/p>\n\n\n\n<p class=\"has-black-color has-text-color has-link-color has-medium-font-size wp-elements-4951e2eb4c5fdba26cb95d03233fb743\">25 \u201cHabr\u00e1 se\u00f1ales en el sol, la luna y las estrellas. En la tierra, las naciones estar\u00e1n angustiadas y perplejas por el bramido y la agitaci\u00f3n del mar. 26 Se desmayar\u00e1n de terror los hombres, temerosos por lo que va a sucederle al mundo, porque los cuerpos celestes ser\u00e1n sacudidos. 27 Ver\u00e1n entonces al Hijo del hombre venir en una nube con poder y gran gloria. 28 Cuando comiencen a suceder estas cosas, cobren \u00e1nimo y levanten la cabeza, porque se acerca su redenci\u00f3n.\u201d<\/p>\n\n\n\n<p class=\"has-black-color has-text-color has-link-color has-medium-font-size wp-elements-861f5c1f67391bc9e6d5bd26818934c0\">Paso de acci\u00f3n: Comparte a Jes\u00fas esta semana. Ora para que Dios te d\u00e9 una oportunidad y est\u00e9s preparado. Pregunta a alguien c\u00f3mo fue su Semana Santa y escucha si Jes\u00fas estuvo ausente. Comparte lo que Jes\u00fas ha hecho en tu vida. Pregunta: \u201c\u00bfHay alguna raz\u00f3n por la cual no quieras seguir a Jes\u00fas ahora mismo?\u201d Si no la hay, ora con esa persona para que el Jes\u00fas resucitado transforme su coraz\u00f3n y su vida para Su gloria.<\/p>\n\n\n\n<p><\/p>\n","protected":false},"excerpt":{"rendered":"<p>\u00a1Llegaste al D\u00eda 8\u2014el Domingo de Resurrecci\u00f3n!Gracias por haber compartido con nosotros este camino durante la Semana Santa. Ha sido un privilegio recorrer juntos cada d\u00eda de este devocional. Nuestra oraci\u00f3n es que tu coraz\u00f3n haya sido tocado con un nuevo sentido de asombro, esperanza y gratitud. Aunque esta serie llega a su fin, la &hellip; <a href=\"https:\/\/esp.championforest.org\/devotionals\/4-20-2025\/\" class=\"more-link\">Continue reading <span class=\"screen-reader-text\">D\u00eda Ocho | Semana Santa 2025<\/span><\/a><\/p>\n","protected":false},"author":2,"featured_media":2131,"comment_status":"open","ping_status":"closed","sticky":false,"template":"","format":"standard","meta":{"footnotes":""},"categories":[5],"tags":[33],"class_list":["post-2181","post","type-post","status-publish","format-standard","has-post-thumbnail","hentry","category-semana-santa","tag-semana-santa-2025"],"featured_image_urls_v2":{"full":["https:\/\/esp.championforest.org\/devotionals\/wp-content\/uploads\/2025\/04\/Fulfilled-EasterDevo-BG-1080.jpg",1080,608,false],"thumbnail":["https:\/\/esp.championforest.org\/devotionals\/wp-content\/uploads\/2025\/04\/Fulfilled-EasterDevo-BG-1080-150x150.jpg",150,150,true],"medium":["https:\/\/esp.championforest.org\/devotionals\/wp-content\/uploads\/2025\/04\/Fulfilled-EasterDevo-BG-1080-300x169.jpg",300,169,true],"medium_large":["https:\/\/esp.championforest.org\/devotionals\/wp-content\/uploads\/2025\/04\/Fulfilled-EasterDevo-BG-1080-768x432.jpg",768,432,true],"large":["https:\/\/esp.championforest.org\/devotionals\/wp-content\/uploads\/2025\/04\/Fulfilled-EasterDevo-BG-1080-1024x576.jpg",900,506,true],"1536x1536":["https:\/\/esp.championforest.org\/devotionals\/wp-content\/uploads\/2025\/04\/Fulfilled-EasterDevo-BG-1080.jpg",1080,608,false],"2048x2048":["https:\/\/esp.championforest.org\/devotionals\/wp-content\/uploads\/2025\/04\/Fulfilled-EasterDevo-BG-1080.jpg",1080,608,false],"post-thumbnail":["https:\/\/esp.championforest.org\/devotionals\/wp-content\/uploads\/2025\/04\/Fulfilled-EasterDevo-BG-1080.jpg",1080,608,false]},"post_excerpt_stackable_v2":"<p>\u00a1Llegaste al D\u00eda 8\u2014el Domingo de Resurrecci\u00f3n!Gracias por haber compartido con nosotros este camino durante la Semana Santa. Ha sido un privilegio recorrer juntos cada d\u00eda de este devocional. Nuestra oraci\u00f3n es que tu coraz\u00f3n haya sido tocado con un nuevo sentido de asombro, esperanza y gratitud.Aunque esta serie llega a su fin, la invitaci\u00f3n a acercarte a Jes\u00fas sigue abierta. Que lo vivido esta semana sea solo el comienzo de una relaci\u00f3n m\u00e1s profunda y constante con \u00c9l a trav\u00e9s de Su Palabra.\u00a1Feliz Pascua! \u00a1Jes\u00fas vive! \u00a1\u00c9l ha resucitado! La resurrecci\u00f3n y la profec\u00eda a\u00fan por cumplirse Lucas 21:25-28&hellip;<\/p>\n","category_list_v2":"<a href=\"https:\/\/esp.championforest.org\/devotionals\/category\/semana-santa\/\" rel=\"category tag\">Semana Santa<\/a>","author_info_v2":{"name":"Champion Forest","url":"https:\/\/esp.championforest.org\/devotionals\/author\/cfbcms_admin\/"},"comments_num_v2":"19 comments","yoast_head":"<!-- This site is optimized with the Yoast SEO plugin v27.3 - https:\/\/yoast.com\/product\/yoast-seo-wordpress\/ -->\n<title>D\u00eda Ocho | Semana Santa 2025 - Devocionales<\/title>\n<meta name=\"robots\" content=\"index, follow, max-snippet:-1, max-image-preview:large, max-video-preview:-1\" \/>\n<link rel=\"canonical\" href=\"https:\/\/esp.championforest.org\/devotionals\/4-20-2025\/\" \/>\n<meta property=\"og:locale\" content=\"en_US\" \/>\n<meta property=\"og:type\" content=\"article\" \/>\n<meta property=\"og:title\" content=\"D\u00eda Ocho | Semana Santa 2025 - Devocionales\" \/>\n<meta property=\"og:description\" content=\"\u00a1Llegaste al D\u00eda 8\u2014el Domingo de Resurrecci\u00f3n!Gracias por haber compartido con nosotros este camino durante la Semana Santa. Ha sido un privilegio recorrer juntos cada d\u00eda de este devocional. Nuestra oraci\u00f3n es que tu coraz\u00f3n haya sido tocado con un nuevo sentido de asombro, esperanza y gratitud. Aunque esta serie llega a su fin, la &hellip; Continue reading D\u00eda Ocho | Semana Santa 2025\" \/>\n<meta property=\"og:url\" content=\"https:\/\/esp.championforest.org\/devotionals\/4-20-2025\/\" \/>\n<meta property=\"og:site_name\" content=\"Devocionales\" \/>\n<meta property=\"article:published_time\" content=\"2025-04-20T05:05:52+00:00\" \/>\n<meta property=\"og:image\" content=\"https:\/\/esp.championforest.org\/devotionals\/wp-content\/uploads\/2025\/04\/Fulfilled-EasterDevo-BG-1080.jpg\" \/>\n\t<meta property=\"og:image:width\" content=\"1080\" \/>\n\t<meta property=\"og:image:height\" content=\"608\" \/>\n\t<meta property=\"og:image:type\" content=\"image\/jpeg\" \/>\n<meta name=\"author\" content=\"Champion Forest\" \/>\n<meta name=\"twitter:card\" content=\"summary_large_image\" \/>\n<meta name=\"twitter:label1\" content=\"Written by\" \/>\n\t<meta name=\"twitter:data1\" content=\"Champion Forest\" \/>\n\t<meta name=\"twitter:label2\" content=\"Est. reading time\" \/>\n\t<meta name=\"twitter:data2\" content=\"4 minutes\" \/>\n<script type=\"application\/ld+json\" class=\"yoast-schema-graph\">{\"@context\":\"https:\\\/\\\/schema.org\",\"@graph\":[{\"@type\":\"Article\",\"@id\":\"https:\\\/\\\/esp.championforest.org\\\/devotionals\\\/4-20-2025\\\/#article\",\"isPartOf\":{\"@id\":\"https:\\\/\\\/esp.championforest.org\\\/devotionals\\\/4-20-2025\\\/\"},\"author\":{\"name\":\"Champion Forest\",\"@id\":\"https:\\\/\\\/esp.championforest.org\\\/devotionals\\\/#\\\/schema\\\/person\\\/0d7b32cb6698781087962c699912c666\"},\"headline\":\"D\u00eda Ocho | Semana Santa 2025\",\"datePublished\":\"2025-04-20T05:05:52+00:00\",\"mainEntityOfPage\":{\"@id\":\"https:\\\/\\\/esp.championforest.org\\\/devotionals\\\/4-20-2025\\\/\"},\"wordCount\":722,\"commentCount\":19,\"image\":{\"@id\":\"https:\\\/\\\/esp.championforest.org\\\/devotionals\\\/4-20-2025\\\/#primaryimage\"},\"thumbnailUrl\":\"https:\\\/\\\/esp.championforest.org\\\/devotionals\\\/wp-content\\\/uploads\\\/2025\\\/04\\\/Fulfilled-EasterDevo-BG-1080.jpg\",\"keywords\":[\"Semana Santa 2025\"],\"articleSection\":[\"Semana Santa\"],\"inLanguage\":\"en-US\",\"potentialAction\":[{\"@type\":\"CommentAction\",\"name\":\"Comment\",\"target\":[\"https:\\\/\\\/esp.championforest.org\\\/devotionals\\\/4-20-2025\\\/#respond\"]}]},{\"@type\":\"WebPage\",\"@id\":\"https:\\\/\\\/esp.championforest.org\\\/devotionals\\\/4-20-2025\\\/\",\"url\":\"https:\\\/\\\/esp.championforest.org\\\/devotionals\\\/4-20-2025\\\/\",\"name\":\"D\u00eda Ocho | Semana Santa 2025 - Devocionales\",\"isPartOf\":{\"@id\":\"https:\\\/\\\/esp.championforest.org\\\/devotionals\\\/#website\"},\"primaryImageOfPage\":{\"@id\":\"https:\\\/\\\/esp.championforest.org\\\/devotionals\\\/4-20-2025\\\/#primaryimage\"},\"image\":{\"@id\":\"https:\\\/\\\/esp.championforest.org\\\/devotionals\\\/4-20-2025\\\/#primaryimage\"},\"thumbnailUrl\":\"https:\\\/\\\/esp.championforest.org\\\/devotionals\\\/wp-content\\\/uploads\\\/2025\\\/04\\\/Fulfilled-EasterDevo-BG-1080.jpg\",\"datePublished\":\"2025-04-20T05:05:52+00:00\",\"author\":{\"@id\":\"https:\\\/\\\/esp.championforest.org\\\/devotionals\\\/#\\\/schema\\\/person\\\/0d7b32cb6698781087962c699912c666\"},\"breadcrumb\":{\"@id\":\"https:\\\/\\\/esp.championforest.org\\\/devotionals\\\/4-20-2025\\\/#breadcrumb\"},\"inLanguage\":\"en-US\",\"potentialAction\":[{\"@type\":\"ReadAction\",\"target\":[\"https:\\\/\\\/esp.championforest.org\\\/devotionals\\\/4-20-2025\\\/\"]}]},{\"@type\":\"ImageObject\",\"inLanguage\":\"en-US\",\"@id\":\"https:\\\/\\\/esp.championforest.org\\\/devotionals\\\/4-20-2025\\\/#primaryimage\",\"url\":\"https:\\\/\\\/esp.championforest.org\\\/devotionals\\\/wp-content\\\/uploads\\\/2025\\\/04\\\/Fulfilled-EasterDevo-BG-1080.jpg\",\"contentUrl\":\"https:\\\/\\\/esp.championforest.org\\\/devotionals\\\/wp-content\\\/uploads\\\/2025\\\/04\\\/Fulfilled-EasterDevo-BG-1080.jpg\",\"width\":1080,\"height\":608},{\"@type\":\"BreadcrumbList\",\"@id\":\"https:\\\/\\\/esp.championforest.org\\\/devotionals\\\/4-20-2025\\\/#breadcrumb\",\"itemListElement\":[{\"@type\":\"ListItem\",\"position\":1,\"name\":\"Casa\",\"item\":\"https:\\\/\\\/esp.championforest.org\\\/devotionals\\\/\"},{\"@type\":\"ListItem\",\"position\":2,\"name\":\"D\u00eda Ocho | Semana Santa 2025\"}]},{\"@type\":\"WebSite\",\"@id\":\"https:\\\/\\\/esp.championforest.org\\\/devotionals\\\/#website\",\"url\":\"https:\\\/\\\/esp.championforest.org\\\/devotionals\\\/\",\"name\":\"Devocionales\",\"description\":\"\",\"potentialAction\":[{\"@type\":\"SearchAction\",\"target\":{\"@type\":\"EntryPoint\",\"urlTemplate\":\"https:\\\/\\\/esp.championforest.org\\\/devotionals\\\/?s={search_term_string}\"},\"query-input\":{\"@type\":\"PropertyValueSpecification\",\"valueRequired\":true,\"valueName\":\"search_term_string\"}}],\"inLanguage\":\"en-US\"},{\"@type\":\"Person\",\"@id\":\"https:\\\/\\\/esp.championforest.org\\\/devotionals\\\/#\\\/schema\\\/person\\\/0d7b32cb6698781087962c699912c666\",\"name\":\"Champion Forest\",\"image\":{\"@type\":\"ImageObject\",\"inLanguage\":\"en-US\",\"@id\":\"https:\\\/\\\/secure.gravatar.com\\\/avatar\\\/978ba5d6180fa65624708e969f442efde16543b129f0679a2cb301024d170062?s=96&d=mm&r=g\",\"url\":\"https:\\\/\\\/secure.gravatar.com\\\/avatar\\\/978ba5d6180fa65624708e969f442efde16543b129f0679a2cb301024d170062?s=96&d=mm&r=g\",\"contentUrl\":\"https:\\\/\\\/secure.gravatar.com\\\/avatar\\\/978ba5d6180fa65624708e969f442efde16543b129f0679a2cb301024d170062?s=96&d=mm&r=g\",\"caption\":\"Champion Forest\"},\"url\":\"https:\\\/\\\/esp.championforest.org\\\/devotionals\\\/author\\\/cfbcms_admin\\\/\"}]}<\/script>\n<!-- \/ Yoast SEO plugin. -->","yoast_head_json":{"title":"D\u00eda Ocho | Semana Santa 2025 - Devocionales","robots":{"index":"index","follow":"follow","max-snippet":"max-snippet:-1","max-image-preview":"max-image-preview:large","max-video-preview":"max-video-preview:-1"},"canonical":"https:\/\/esp.championforest.org\/devotionals\/4-20-2025\/","og_locale":"en_US","og_type":"article","og_title":"D\u00eda Ocho | Semana Santa 2025 - Devocionales","og_description":"\u00a1Llegaste al D\u00eda 8\u2014el Domingo de Resurrecci\u00f3n!Gracias por haber compartido con nosotros este camino durante la Semana Santa. Ha sido un privilegio recorrer juntos cada d\u00eda de este devocional. Nuestra oraci\u00f3n es que tu coraz\u00f3n haya sido tocado con un nuevo sentido de asombro, esperanza y gratitud. Aunque esta serie llega a su fin, la &hellip; Continue reading D\u00eda Ocho | Semana Santa 2025","og_url":"https:\/\/esp.championforest.org\/devotionals\/4-20-2025\/","og_site_name":"Devocionales","article_published_time":"2025-04-20T05:05:52+00:00","og_image":[{"width":1080,"height":608,"url":"https:\/\/esp.championforest.org\/devotionals\/wp-content\/uploads\/2025\/04\/Fulfilled-EasterDevo-BG-1080.jpg","type":"image\/jpeg"}],"author":"Champion Forest","twitter_card":"summary_large_image","twitter_misc":{"Written by":"Champion Forest","Est. reading time":"4 minutes"},"schema":{"@context":"https:\/\/schema.org","@graph":[{"@type":"Article","@id":"https:\/\/esp.championforest.org\/devotionals\/4-20-2025\/#article","isPartOf":{"@id":"https:\/\/esp.championforest.org\/devotionals\/4-20-2025\/"},"author":{"name":"Champion Forest","@id":"https:\/\/esp.championforest.org\/devotionals\/#\/schema\/person\/0d7b32cb6698781087962c699912c666"},"headline":"D\u00eda Ocho | Semana Santa 2025","datePublished":"2025-04-20T05:05:52+00:00","mainEntityOfPage":{"@id":"https:\/\/esp.championforest.org\/devotionals\/4-20-2025\/"},"wordCount":722,"commentCount":19,"image":{"@id":"https:\/\/esp.championforest.org\/devotionals\/4-20-2025\/#primaryimage"},"thumbnailUrl":"https:\/\/esp.championforest.org\/devotionals\/wp-content\/uploads\/2025\/04\/Fulfilled-EasterDevo-BG-1080.jpg","keywords":["Semana Santa 2025"],"articleSection":["Semana Santa"],"inLanguage":"en-US","potentialAction":[{"@type":"CommentAction","name":"Comment","target":["https:\/\/esp.championforest.org\/devotionals\/4-20-2025\/#respond"]}]},{"@type":"WebPage","@id":"https:\/\/esp.championforest.org\/devotionals\/4-20-2025\/","url":"https:\/\/esp.championforest.org\/devotionals\/4-20-2025\/","name":"D\u00eda Ocho | Semana Santa 2025 - Devocionales","isPartOf":{"@id":"https:\/\/esp.championforest.org\/devotionals\/#website"},"primaryImageOfPage":{"@id":"https:\/\/esp.championforest.org\/devotionals\/4-20-2025\/#primaryimage"},"image":{"@id":"https:\/\/esp.championforest.org\/devotionals\/4-20-2025\/#primaryimage"},"thumbnailUrl":"https:\/\/esp.championforest.org\/devotionals\/wp-content\/uploads\/2025\/04\/Fulfilled-EasterDevo-BG-1080.jpg","datePublished":"2025-04-20T05:05:52+00:00","author":{"@id":"https:\/\/esp.championforest.org\/devotionals\/#\/schema\/person\/0d7b32cb6698781087962c699912c666"},"breadcrumb":{"@id":"https:\/\/esp.championforest.org\/devotionals\/4-20-2025\/#breadcrumb"},"inLanguage":"en-US","potentialAction":[{"@type":"ReadAction","target":["https:\/\/esp.championforest.org\/devotionals\/4-20-2025\/"]}]},{"@type":"ImageObject","inLanguage":"en-US","@id":"https:\/\/esp.championforest.org\/devotionals\/4-20-2025\/#primaryimage","url":"https:\/\/esp.championforest.org\/devotionals\/wp-content\/uploads\/2025\/04\/Fulfilled-EasterDevo-BG-1080.jpg","contentUrl":"https:\/\/esp.championforest.org\/devotionals\/wp-content\/uploads\/2025\/04\/Fulfilled-EasterDevo-BG-1080.jpg","width":1080,"height":608},{"@type":"BreadcrumbList","@id":"https:\/\/esp.championforest.org\/devotionals\/4-20-2025\/#breadcrumb","itemListElement":[{"@type":"ListItem","position":1,"name":"Casa","item":"https:\/\/esp.championforest.org\/devotionals\/"},{"@type":"ListItem","position":2,"name":"D\u00eda Ocho | Semana Santa 2025"}]},{"@type":"WebSite","@id":"https:\/\/esp.championforest.org\/devotionals\/#website","url":"https:\/\/esp.championforest.org\/devotionals\/","name":"Devocionales","description":"","potentialAction":[{"@type":"SearchAction","target":{"@type":"EntryPoint","urlTemplate":"https:\/\/esp.championforest.org\/devotionals\/?s={search_term_string}"},"query-input":{"@type":"PropertyValueSpecification","valueRequired":true,"valueName":"search_term_string"}}],"inLanguage":"en-US"},{"@type":"Person","@id":"https:\/\/esp.championforest.org\/devotionals\/#\/schema\/person\/0d7b32cb6698781087962c699912c666","name":"Champion Forest","image":{"@type":"ImageObject","inLanguage":"en-US","@id":"https:\/\/secure.gravatar.com\/avatar\/978ba5d6180fa65624708e969f442efde16543b129f0679a2cb301024d170062?s=96&d=mm&r=g","url":"https:\/\/secure.gravatar.com\/avatar\/978ba5d6180fa65624708e969f442efde16543b129f0679a2cb301024d170062?s=96&d=mm&r=g","contentUrl":"https:\/\/secure.gravatar.com\/avatar\/978ba5d6180fa65624708e969f442efde16543b129f0679a2cb301024d170062?s=96&d=mm&r=g","caption":"Champion Forest"},"url":"https:\/\/esp.championforest.org\/devotionals\/author\/cfbcms_admin\/"}]}},"_links":{"self":[{"href":"https:\/\/esp.championforest.org\/devotionals\/wp-json\/wp\/v2\/posts\/2181","targetHints":{"allow":["GET"]}}],"collection":[{"href":"https:\/\/esp.championforest.org\/devotionals\/wp-json\/wp\/v2\/posts"}],"about":[{"href":"https:\/\/esp.championforest.org\/devotionals\/wp-json\/wp\/v2\/types\/post"}],"author":[{"embeddable":true,"href":"https:\/\/esp.championforest.org\/devotionals\/wp-json\/wp\/v2\/users\/2"}],"replies":[{"embeddable":true,"href":"https:\/\/esp.championforest.org\/devotionals\/wp-json\/wp\/v2\/comments?post=2181"}],"version-history":[{"count":6,"href":"https:\/\/esp.championforest.org\/devotionals\/wp-json\/wp\/v2\/posts\/2181\/revisions"}],"predecessor-version":[{"id":2216,"href":"https:\/\/esp.championforest.org\/devotionals\/wp-json\/wp\/v2\/posts\/2181\/revisions\/2216"}],"wp:featuredmedia":[{"embeddable":true,"href":"https:\/\/esp.championforest.org\/devotionals\/wp-json\/wp\/v2\/media\/2131"}],"wp:attachment":[{"href":"https:\/\/esp.championforest.org\/devotionals\/wp-json\/wp\/v2\/media?parent=2181"}],"wp:term":[{"taxonomy":"category","embeddable":true,"href":"https:\/\/esp.championforest.org\/devotionals\/wp-json\/wp\/v2\/categories?post=2181"},{"taxonomy":"post_tag","embeddable":true,"href":"https:\/\/esp.championforest.org\/devotionals\/wp-json\/wp\/v2\/tags?post=2181"}],"curies":[{"name":"wp","href":"https:\/\/api.w.org\/{rel}","templated":true}]}}