{"id":217,"date":"2020-04-02T01:00:00","date_gmt":"2020-04-02T07:00:00","guid":{"rendered":"https:\/\/esp.championforest.org\/devotionals\/?p=217"},"modified":"2020-03-31T09:57:39","modified_gmt":"2020-03-31T15:57:39","slug":"marcos-abril-2","status":"publish","type":"post","link":"https:\/\/esp.championforest.org\/devotionals\/marcos-abril-2\/","title":{"rendered":"Marcos Cap\u00edtulo 12"},"content":{"rendered":"\n<div class=\"wp-block-ugb-container ugb-container ugb-9b75c50 ugb-container--v2 ugb-container--design-basic ugb-main-block\" id=\"\"><style>.ugb-9b75c50-wrapper.ugb-container__wrapper{border-radius:12px !important;background-color:#f1f1f1 !important}.ugb-9b75c50-content-wrapper.ugb-container__content-wrapper{width:100% !important}.ugb-9b75c50-wrapper.ugb-container__wrapper:before{background-color:#f1f1f1 !important}.ugb-9b75c50-content-wrapper > h1,.ugb-9b75c50-content-wrapper > h2,.ugb-9b75c50-content-wrapper > h3,.ugb-9b75c50-content-wrapper > h4,.ugb-9b75c50-content-wrapper > h5,.ugb-9b75c50-content-wrapper > h6{color:#222222}.ugb-9b75c50-content-wrapper > p,.ugb-9b75c50-content-wrapper > ol li,.ugb-9b75c50-content-wrapper > ul li{color:#222222}<\/style><div class=\"ugb-inner-block\"><div class=\"ugb-block-content\"><div class=\"ugb-container__wrapper ugb-9b75c50-wrapper ugb--shadow-3\"><div class=\"ugb-container__side\"><div class=\"ugb-container__content-wrapper ugb-9b75c50-content-wrapper\">\n<h3 class=\"wp-block-heading\">Marcos 12<\/h3>\n\n\n\n<h5 class=\"wp-block-heading\">Los labradores malvados<\/h5>\n\n\n\n<h6 class=\"wp-block-heading\">(Mt. 21.33-46; Lc. 20.9-19)<\/h6>\n\n\n\n<p>1\u00a0\u00a0Entonces comenz\u00f3 Jes\u00fas a decirles por par\u00e1bolas: Un hombre plant\u00f3 una vi\u00f1a,\u00a0la cerc\u00f3 de vallado, cav\u00f3 un lagar, edific\u00f3 una torre, y la arrend\u00f3 a unos labradores, y se fue lejos.<\/p>\n\n\n\n<p><sup>2&nbsp;<\/sup>Y a su tiempo envi\u00f3 un siervo a los labradores, para que recibiese de \u00e9stos del fruto de la vi\u00f1a.<\/p>\n\n\n\n<p><sup>3&nbsp;<\/sup>Mas ellos, tom\u00e1ndole, le golpearon, y le enviaron con las manos vac\u00edas.<\/p>\n\n\n\n<p><sup>4&nbsp;<\/sup>Volvi\u00f3 a enviarles otro siervo; pero apedre\u00e1ndole, le hirieron en la cabeza, y tambi\u00e9n le enviaron afrentado.<\/p>\n\n\n\n<p><sup>5&nbsp;<\/sup>Volvi\u00f3 a enviar otro, y a \u00e9ste mataron; y a otros muchos, golpeando a unos y matando a otros.<\/p>\n\n\n\n<p><sup>6&nbsp;<\/sup>Por \u00faltimo, teniendo a\u00fan un hijo suyo, amado, lo envi\u00f3 tambi\u00e9n a ellos, diciendo: Tendr\u00e1n respeto a mi hijo.<\/p>\n\n\n\n<p><sup>7&nbsp;<\/sup>Mas aquellos labradores dijeron entre s\u00ed: Este es el heredero; venid, mat\u00e9mosle, y la heredad ser\u00e1 nuestra.<\/p>\n\n\n\n<p><sup>8&nbsp;<\/sup>Y tom\u00e1ndole, le mataron, y le echaron fuera de la vi\u00f1a.<\/p>\n\n\n\n<p><sup>9&nbsp;<\/sup>\u00bfQu\u00e9, pues, har\u00e1 el se\u00f1or de la vi\u00f1a? Vendr\u00e1, y destruir\u00e1 a los labradores, y dar\u00e1 su vi\u00f1a a otros.<\/p>\n\n\n\n<p><sup>10&nbsp;<\/sup>\u00bfNi aun esta escritura hab\u00e9is le\u00eddo:<br>&nbsp;&nbsp;&nbsp;&nbsp;La piedra que desecharon los edificadores<br>&nbsp;&nbsp;&nbsp;&nbsp;Ha venido a ser cabeza del \u00e1ngulo;<\/p>\n\n\n\n<p><sup>11&nbsp;<\/sup>El Se\u00f1or ha hecho esto,<br>Y es cosa maravillosa a nuestros ojos?<\/p>\n\n\n\n<p><sup>12&nbsp;<\/sup>Y procuraban prenderle, porque entend\u00edan que dec\u00eda contra ellos aquella par\u00e1bola; pero tem\u00edan a la multitud, y dej\u00e1ndole, se fueron.<\/p>\n\n\n\n<h5 class=\"wp-block-heading\">La cuesti\u00f3n del tributo<\/h5>\n\n\n\n<h6 class=\"wp-block-heading\">(Mt. 22.15-22; Lc. 20.20-26)<\/h6>\n\n\n\n<p><sup>13&nbsp;<\/sup>Y le enviaron algunos de los fariseos y de los herodianos, para que le sorprendiesen en alguna palabra.<\/p>\n\n\n\n<p><sup>14&nbsp;<\/sup>Viniendo ellos, le dijeron: Maestro, sabemos que eres hombre veraz, y que no te cuidas de nadie; porque no miras la apariencia de los hombres, sino que con verdad ense\u00f1as el camino de Dios. \u00bfEs l\u00edcito dar tributo a C\u00e9sar, o no? \u00bfDaremos, o no daremos?<\/p>\n\n\n\n<p><sup>15&nbsp;<\/sup>Mas \u00e9l, percibiendo la hipocres\u00eda de ellos, les dijo: \u00bfPor qu\u00e9 me tent\u00e1is? Traedme la moneda para que la vea.<\/p>\n\n\n\n<p><sup>16&nbsp;<\/sup>Ellos se la trajeron; y les dijo: \u00bfDe qui\u00e9n es esta imagen y la inscripci\u00f3n? Ellos le dijeron: De C\u00e9sar.<\/p>\n\n\n\n<p><sup>17&nbsp;<\/sup>Respondiendo Jes\u00fas, les dijo: Dad a C\u00e9sar lo que es de C\u00e9sar, y a Dios lo que es de Dios. Y se maravillaron de \u00e9l.<\/p>\n\n\n\n<h5 class=\"wp-block-heading\">La pregunta sobre la resurrecci\u00f3n<\/h5>\n\n\n\n<h6 class=\"wp-block-heading\">(Mt. 22.23-33; Lc. 20.27-40)<\/h6>\n\n\n\n<p><sup>18&nbsp;<\/sup>Entonces vinieron a \u00e9l los saduceos, que dicen que no hay resurrecci\u00f3n,&nbsp;y le preguntaron, diciendo:<\/p>\n\n\n\n<p><sup>19&nbsp;<\/sup>Maestro, Mois\u00e9s nos escribi\u00f3&nbsp;que si el hermano de alguno muriere y dejare esposa, pero no dejare hijos, que su hermano se case con ella, y levante descendencia a su hermano.<\/p>\n\n\n\n<p><sup>20&nbsp;<\/sup>Hubo siete hermanos; el primero tom\u00f3 esposa, y muri\u00f3 sin dejar descendencia.<\/p>\n\n\n\n<p><sup>21&nbsp;<\/sup>Y el segundo se cas\u00f3 con ella, y muri\u00f3, y tampoco dej\u00f3 descendencia; y el tercero, de la misma manera.<\/p>\n\n\n\n<p><sup>22&nbsp;<\/sup>Y as\u00ed los siete, y no dejaron descendencia; y despu\u00e9s de todos muri\u00f3 tambi\u00e9n la mujer.<\/p>\n\n\n\n<p><sup>23&nbsp;<\/sup>En la resurrecci\u00f3n, pues, cuando resuciten, \u00bfde cu\u00e1l de ellos ser\u00e1 ella mujer, ya que los siete la tuvieron por mujer?<\/p>\n\n\n\n<p><sup>24&nbsp;<\/sup>Entonces respondiendo Jes\u00fas, les dijo: \u00bfNo err\u00e1is por esto, porque ignor\u00e1is las Escrituras, y el poder de Dios?<\/p>\n\n\n\n<p><sup>25&nbsp;<\/sup>Porque cuando resuciten de los muertos, ni se casar\u00e1n ni se dar\u00e1n en casamiento, sino ser\u00e1n como los \u00e1ngeles que est\u00e1n en los cielos.<\/p>\n\n\n\n<p><sup>26&nbsp;<\/sup>Pero respecto a que los muertos resucitan, \u00bfno hab\u00e9is le\u00eddo en el libro de Mois\u00e9s c\u00f3mo le habl\u00f3 Dios en la zarza, diciendo: Yo soy el Dios de Abraham, el Dios de Isaac y el Dios de Jacob?<\/p>\n\n\n\n<p><sup>27&nbsp;<\/sup>Dios no es Dios de muertos, sino Dios de vivos; as\u00ed que vosotros mucho err\u00e1is.<\/p>\n\n\n\n<h5 class=\"wp-block-heading\">El gran mandamiento<\/h5>\n\n\n\n<h6 class=\"wp-block-heading\">(Mt. 22.34-40)<\/h6>\n\n\n\n<p><sup>28&nbsp;<\/sup>Acerc\u00e1ndose uno de los escribas, que los hab\u00eda o\u00eddo disputar, y sab\u00eda que les hab\u00eda respondido bien, le pregunt\u00f3:&nbsp;\u00bfCu\u00e1l es el primer mandamiento de todos?<\/p>\n\n\n\n<p><sup>29&nbsp;<\/sup>Jes\u00fas le respondi\u00f3: El primer mandamiento de todos es: Oye, Israel; el Se\u00f1or nuestro Dios, el Se\u00f1or uno es.<\/p>\n\n\n\n<p><sup>30&nbsp;<\/sup>Y amar\u00e1s al Se\u00f1or tu Dios con todo tu coraz\u00f3n, y con toda tu alma, y con toda tu mente y con todas tus fuerzas.&nbsp;Este es el principal mandamiento.<\/p>\n\n\n\n<p><sup>31&nbsp;<\/sup>Y el segundo es semejante: Amar\u00e1s a tu pr\u00f3jimo como a ti mismo.&nbsp;No hay otro mandamiento mayor que \u00e9stos.<\/p>\n\n\n\n<p><sup>32&nbsp;<\/sup>Entonces el escriba le dijo: Bien, Maestro, verdad has dicho, que uno es Dios, y no hay otro fuera de \u00e9l;<\/p>\n\n\n\n<p><sup>33&nbsp;<\/sup>y el amarle con todo el coraz\u00f3n, con todo el entendimiento, con toda el alma, y con todas las fuerzas, y amar al pr\u00f3jimo como a uno mismo, es m\u00e1s que todos los holocaustos y sacrificios.<\/p>\n\n\n\n<p><sup>34&nbsp;<\/sup>Jes\u00fas entonces, viendo que hab\u00eda respondido sabiamente, le dijo: No est\u00e1s lejos del reino de Dios. Y ya ninguno osaba preguntarle.<\/p>\n\n\n\n<h5 class=\"wp-block-heading\">\u00bfDe qui\u00e9n es hijo el Cristo?<\/h5>\n\n\n\n<h6 class=\"wp-block-heading\">(Mt. 22.41-46; Lc. 20.41-44)<\/h6>\n\n\n\n<p><sup>35&nbsp;<\/sup>Ense\u00f1ando Jes\u00fas en el templo, dec\u00eda: \u00bfC\u00f3mo dicen los escribas que el Cristo es hijo de David?<\/p>\n\n\n\n<p><sup>36&nbsp;<\/sup>Porque el mismo David dijo por el Esp\u00edritu Santo:<br>&nbsp;&nbsp;&nbsp;&nbsp;Dijo el Se\u00f1or a mi Se\u00f1or:<br>&nbsp;&nbsp;&nbsp;&nbsp;Si\u00e9ntate a mi diestra,<br>&nbsp;&nbsp;&nbsp;&nbsp;Hasta que ponga tus enemigos por estrado de tus pies.&nbsp;m<\/p>\n\n\n\n<p><sup>37&nbsp;<\/sup>David mismo le llama Se\u00f1or; \u00bfc\u00f3mo, pues, es su hijo? Y gran multitud del pueblo le o\u00eda de buena gana.<\/p>\n\n\n\n<h5 class=\"wp-block-heading\">Jes\u00fas acusa a los escribas<\/h5>\n\n\n\n<h6 class=\"wp-block-heading\">(Mt. 23.1-36; Lc. 11.37-54; 20.45-47)<\/h6>\n\n\n\n<p><sup>38&nbsp;<\/sup>Y les dec\u00eda en su doctrina: Guardaos de los escribas, que gustan de andar con largas ropas, y aman las salutaciones en las plazas,<\/p>\n\n\n\n<p><sup>39&nbsp;<\/sup>y las primeras sillas en las sinagogas, y los primeros asientos en las cenas;<\/p>\n\n\n\n<p><sup>40&nbsp;<\/sup>que devoran las casas de las viudas, y por pretexto hacen largas oraciones. Estos recibir\u00e1n mayor condenaci\u00f3n.<\/p>\n\n\n\n<h5 class=\"wp-block-heading\">La ofrenda de la viuda<\/h5>\n\n\n\n<h6 class=\"wp-block-heading\">(Lc. 21.1-4)<\/h6>\n\n\n\n<p><sup>41&nbsp;<\/sup>Estando Jes\u00fas sentado delante del arca de la ofrenda, miraba c\u00f3mo el pueblo echaba dinero en el arca; y muchos ricos echaban mucho.<\/p>\n\n\n\n<p><sup>42&nbsp;<\/sup>Y vino una viuda pobre, y ech\u00f3 dos blancas, o sea un cuadrante.<\/p>\n\n\n\n<p><sup>43&nbsp;<\/sup>Entonces llamando a sus disc\u00edpulos, les dijo: De cierto os digo que esta viuda pobre ech\u00f3 m\u00e1s que todos los que han echado en el arca;<\/p>\n\n\n\n<p><sup>44&nbsp;<\/sup>porque todos han echado de lo que les sobra; pero \u00e9sta, de su pobreza ech\u00f3 todo lo que ten\u00eda, todo su sustento.<\/p>\n\n\n\n<p>Versi\u00f3n Reina-Valera 1960 \u00a9 Sociedades B\u00edblicas en Am\u00e9rica Latina, 1960. Renovado \u00a9 Sociedades B\u00edblicas Unidas, 1988.<\/p>\n<\/div><\/div><\/div><\/div><\/div><\/div>\n","protected":false},"excerpt":{"rendered":"<p>Marcos 12 Los labradores malvados (Mt. 21.33-46; Lc. 20.9-19) 1\u00a0\u00a0Entonces comenz\u00f3 Jes\u00fas a decirles por par\u00e1bolas: Un hombre plant\u00f3 una vi\u00f1a,\u00a0la cerc\u00f3 de vallado, cav\u00f3 un lagar, edific\u00f3 una torre, y la arrend\u00f3 a unos labradores, y se fue lejos. 2&nbsp;Y a su tiempo envi\u00f3 un siervo a los labradores, para que recibiese de \u00e9stos &hellip; <a href=\"https:\/\/esp.championforest.org\/devotionals\/marcos-abril-2\/\" class=\"more-link\">Continue reading <span class=\"screen-reader-text\">Marcos Cap\u00edtulo 12<\/span><\/a><\/p>\n","protected":false},"author":2,"featured_media":9,"comment_status":"open","ping_status":"open","sticky":false,"template":"","format":"standard","meta":{"footnotes":""},"categories":[3],"tags":[],"class_list":["post-217","post","type-post","status-publish","format-standard","has-post-thumbnail","hentry","category-marcos"],"featured_image_urls_v2":{"full":["https:\/\/esp.championforest.org\/devotionals\/wp-content\/uploads\/2019\/11\/bible-banner.jpg",2000,733,false],"thumbnail":["https:\/\/esp.championforest.org\/devotionals\/wp-content\/uploads\/2019\/11\/bible-banner-150x150.jpg",150,150,true],"medium":["https:\/\/esp.championforest.org\/devotionals\/wp-content\/uploads\/2019\/11\/bible-banner-300x110.jpg",300,110,true],"medium_large":["https:\/\/esp.championforest.org\/devotionals\/wp-content\/uploads\/2019\/11\/bible-banner-768x281.jpg",768,281,true],"large":["https:\/\/esp.championforest.org\/devotionals\/wp-content\/uploads\/2019\/11\/bible-banner-1024x375.jpg",900,330,true],"1536x1536":["https:\/\/esp.championforest.org\/devotionals\/wp-content\/uploads\/2019\/11\/bible-banner-1536x563.jpg",1536,563,true],"2048x2048":["https:\/\/esp.championforest.org\/devotionals\/wp-content\/uploads\/2019\/11\/bible-banner.jpg",2000,733,false],"post-thumbnail":["https:\/\/esp.championforest.org\/devotionals\/wp-content\/uploads\/2019\/11\/bible-banner.jpg",2000,733,false]},"post_excerpt_stackable_v2":"<p>Marcos 12 Los labradores malvados (Mt. 21.33-46; Lc. 20.9-19) 1\u00a0\u00a0Entonces comenz\u00f3 Jes\u00fas a decirles por par\u00e1bolas: Un hombre plant\u00f3 una vi\u00f1a,\u00a0la cerc\u00f3 de vallado, cav\u00f3 un lagar, edific\u00f3 una torre, y la arrend\u00f3 a unos labradores, y se fue lejos. 2&nbsp;Y a su tiempo envi\u00f3 un siervo a los labradores, para que recibiese de \u00e9stos del fruto de la vi\u00f1a. 3&nbsp;Mas ellos, tom\u00e1ndole, le golpearon, y le enviaron con las manos vac\u00edas. 4&nbsp;Volvi\u00f3 a enviarles otro siervo; pero apedre\u00e1ndole, le hirieron en la cabeza, y tambi\u00e9n le enviaron afrentado. 5&nbsp;Volvi\u00f3 a enviar otro, y a \u00e9ste mataron; y a otros&hellip;<\/p>\n","category_list_v2":"<a href=\"https:\/\/esp.championforest.org\/devotionals\/category\/marcos\/\" rel=\"category tag\">Marcos<\/a>","author_info_v2":{"name":"Champion Forest","url":"https:\/\/esp.championforest.org\/devotionals\/author\/cfbcms_admin\/"},"comments_num_v2":"3 comments","yoast_head":"<!-- This site is optimized with the Yoast SEO plugin v27.3 - https:\/\/yoast.com\/product\/yoast-seo-wordpress\/ -->\n<title>Marcos Cap\u00edtulo 12 - Devocionales<\/title>\n<meta name=\"robots\" content=\"index, follow, max-snippet:-1, max-image-preview:large, max-video-preview:-1\" \/>\n<link rel=\"canonical\" href=\"https:\/\/esp.championforest.org\/devotionals\/marcos-abril-2\/\" \/>\n<meta property=\"og:locale\" content=\"en_US\" \/>\n<meta property=\"og:type\" content=\"article\" \/>\n<meta property=\"og:title\" content=\"Marcos Cap\u00edtulo 12 - Devocionales\" \/>\n<meta property=\"og:description\" content=\"Marcos 12 Los labradores malvados (Mt. 21.33-46; Lc. 20.9-19) 1\u00a0\u00a0Entonces comenz\u00f3 Jes\u00fas a decirles por par\u00e1bolas: Un hombre plant\u00f3 una vi\u00f1a,\u00a0la cerc\u00f3 de vallado, cav\u00f3 un lagar, edific\u00f3 una torre, y la arrend\u00f3 a unos labradores, y se fue lejos. 2&nbsp;Y a su tiempo envi\u00f3 un siervo a los labradores, para que recibiese de \u00e9stos &hellip; Continue reading Marcos Cap\u00edtulo 12\" \/>\n<meta property=\"og:url\" content=\"https:\/\/esp.championforest.org\/devotionals\/marcos-abril-2\/\" \/>\n<meta property=\"og:site_name\" content=\"Devocionales\" \/>\n<meta property=\"article:published_time\" content=\"2020-04-02T07:00:00+00:00\" \/>\n<meta property=\"og:image\" content=\"https:\/\/esp.championforest.org\/devotionals\/wp-content\/uploads\/2019\/11\/bible-banner.jpg\" \/>\n\t<meta property=\"og:image:width\" content=\"2000\" \/>\n\t<meta property=\"og:image:height\" content=\"733\" \/>\n\t<meta property=\"og:image:type\" content=\"image\/jpeg\" \/>\n<meta name=\"author\" content=\"Champion Forest\" \/>\n<meta name=\"twitter:card\" content=\"summary_large_image\" \/>\n<meta name=\"twitter:label1\" content=\"Written by\" \/>\n\t<meta name=\"twitter:data1\" content=\"Champion Forest\" \/>\n\t<meta name=\"twitter:label2\" content=\"Est. reading time\" \/>\n\t<meta name=\"twitter:data2\" content=\"6 minutes\" \/>\n<script type=\"application\/ld+json\" class=\"yoast-schema-graph\">{\"@context\":\"https:\\\/\\\/schema.org\",\"@graph\":[{\"@type\":\"Article\",\"@id\":\"https:\\\/\\\/esp.championforest.org\\\/devotionals\\\/marcos-abril-2\\\/#article\",\"isPartOf\":{\"@id\":\"https:\\\/\\\/esp.championforest.org\\\/devotionals\\\/marcos-abril-2\\\/\"},\"author\":{\"name\":\"Champion Forest\",\"@id\":\"https:\\\/\\\/esp.championforest.org\\\/devotionals\\\/#\\\/schema\\\/person\\\/0d7b32cb6698781087962c699912c666\"},\"headline\":\"Marcos Cap\u00edtulo 12\",\"datePublished\":\"2020-04-02T07:00:00+00:00\",\"mainEntityOfPage\":{\"@id\":\"https:\\\/\\\/esp.championforest.org\\\/devotionals\\\/marcos-abril-2\\\/\"},\"wordCount\":1178,\"commentCount\":3,\"image\":{\"@id\":\"https:\\\/\\\/esp.championforest.org\\\/devotionals\\\/marcos-abril-2\\\/#primaryimage\"},\"thumbnailUrl\":\"https:\\\/\\\/esp.championforest.org\\\/devotionals\\\/wp-content\\\/uploads\\\/2019\\\/11\\\/bible-banner.jpg\",\"articleSection\":[\"Marcos\"],\"inLanguage\":\"en-US\",\"potentialAction\":[{\"@type\":\"CommentAction\",\"name\":\"Comment\",\"target\":[\"https:\\\/\\\/esp.championforest.org\\\/devotionals\\\/marcos-abril-2\\\/#respond\"]}]},{\"@type\":\"WebPage\",\"@id\":\"https:\\\/\\\/esp.championforest.org\\\/devotionals\\\/marcos-abril-2\\\/\",\"url\":\"https:\\\/\\\/esp.championforest.org\\\/devotionals\\\/marcos-abril-2\\\/\",\"name\":\"Marcos Cap\u00edtulo 12 - Devocionales\",\"isPartOf\":{\"@id\":\"https:\\\/\\\/esp.championforest.org\\\/devotionals\\\/#website\"},\"primaryImageOfPage\":{\"@id\":\"https:\\\/\\\/esp.championforest.org\\\/devotionals\\\/marcos-abril-2\\\/#primaryimage\"},\"image\":{\"@id\":\"https:\\\/\\\/esp.championforest.org\\\/devotionals\\\/marcos-abril-2\\\/#primaryimage\"},\"thumbnailUrl\":\"https:\\\/\\\/esp.championforest.org\\\/devotionals\\\/wp-content\\\/uploads\\\/2019\\\/11\\\/bible-banner.jpg\",\"datePublished\":\"2020-04-02T07:00:00+00:00\",\"author\":{\"@id\":\"https:\\\/\\\/esp.championforest.org\\\/devotionals\\\/#\\\/schema\\\/person\\\/0d7b32cb6698781087962c699912c666\"},\"breadcrumb\":{\"@id\":\"https:\\\/\\\/esp.championforest.org\\\/devotionals\\\/marcos-abril-2\\\/#breadcrumb\"},\"inLanguage\":\"en-US\",\"potentialAction\":[{\"@type\":\"ReadAction\",\"target\":[\"https:\\\/\\\/esp.championforest.org\\\/devotionals\\\/marcos-abril-2\\\/\"]}]},{\"@type\":\"ImageObject\",\"inLanguage\":\"en-US\",\"@id\":\"https:\\\/\\\/esp.championforest.org\\\/devotionals\\\/marcos-abril-2\\\/#primaryimage\",\"url\":\"https:\\\/\\\/esp.championforest.org\\\/devotionals\\\/wp-content\\\/uploads\\\/2019\\\/11\\\/bible-banner.jpg\",\"contentUrl\":\"https:\\\/\\\/esp.championforest.org\\\/devotionals\\\/wp-content\\\/uploads\\\/2019\\\/11\\\/bible-banner.jpg\",\"width\":2000,\"height\":733},{\"@type\":\"BreadcrumbList\",\"@id\":\"https:\\\/\\\/esp.championforest.org\\\/devotionals\\\/marcos-abril-2\\\/#breadcrumb\",\"itemListElement\":[{\"@type\":\"ListItem\",\"position\":1,\"name\":\"Casa\",\"item\":\"https:\\\/\\\/esp.championforest.org\\\/devotionals\\\/\"},{\"@type\":\"ListItem\",\"position\":2,\"name\":\"Marcos Cap\u00edtulo 12\"}]},{\"@type\":\"WebSite\",\"@id\":\"https:\\\/\\\/esp.championforest.org\\\/devotionals\\\/#website\",\"url\":\"https:\\\/\\\/esp.championforest.org\\\/devotionals\\\/\",\"name\":\"Devocionales\",\"description\":\"\",\"potentialAction\":[{\"@type\":\"SearchAction\",\"target\":{\"@type\":\"EntryPoint\",\"urlTemplate\":\"https:\\\/\\\/esp.championforest.org\\\/devotionals\\\/?s={search_term_string}\"},\"query-input\":{\"@type\":\"PropertyValueSpecification\",\"valueRequired\":true,\"valueName\":\"search_term_string\"}}],\"inLanguage\":\"en-US\"},{\"@type\":\"Person\",\"@id\":\"https:\\\/\\\/esp.championforest.org\\\/devotionals\\\/#\\\/schema\\\/person\\\/0d7b32cb6698781087962c699912c666\",\"name\":\"Champion Forest\",\"image\":{\"@type\":\"ImageObject\",\"inLanguage\":\"en-US\",\"@id\":\"https:\\\/\\\/secure.gravatar.com\\\/avatar\\\/978ba5d6180fa65624708e969f442efde16543b129f0679a2cb301024d170062?s=96&d=mm&r=g\",\"url\":\"https:\\\/\\\/secure.gravatar.com\\\/avatar\\\/978ba5d6180fa65624708e969f442efde16543b129f0679a2cb301024d170062?s=96&d=mm&r=g\",\"contentUrl\":\"https:\\\/\\\/secure.gravatar.com\\\/avatar\\\/978ba5d6180fa65624708e969f442efde16543b129f0679a2cb301024d170062?s=96&d=mm&r=g\",\"caption\":\"Champion Forest\"},\"url\":\"https:\\\/\\\/esp.championforest.org\\\/devotionals\\\/author\\\/cfbcms_admin\\\/\"}]}<\/script>\n<!-- \/ Yoast SEO plugin. -->","yoast_head_json":{"title":"Marcos Cap\u00edtulo 12 - Devocionales","robots":{"index":"index","follow":"follow","max-snippet":"max-snippet:-1","max-image-preview":"max-image-preview:large","max-video-preview":"max-video-preview:-1"},"canonical":"https:\/\/esp.championforest.org\/devotionals\/marcos-abril-2\/","og_locale":"en_US","og_type":"article","og_title":"Marcos Cap\u00edtulo 12 - Devocionales","og_description":"Marcos 12 Los labradores malvados (Mt. 21.33-46; Lc. 20.9-19) 1\u00a0\u00a0Entonces comenz\u00f3 Jes\u00fas a decirles por par\u00e1bolas: Un hombre plant\u00f3 una vi\u00f1a,\u00a0la cerc\u00f3 de vallado, cav\u00f3 un lagar, edific\u00f3 una torre, y la arrend\u00f3 a unos labradores, y se fue lejos. 2&nbsp;Y a su tiempo envi\u00f3 un siervo a los labradores, para que recibiese de \u00e9stos &hellip; Continue reading Marcos Cap\u00edtulo 12","og_url":"https:\/\/esp.championforest.org\/devotionals\/marcos-abril-2\/","og_site_name":"Devocionales","article_published_time":"2020-04-02T07:00:00+00:00","og_image":[{"width":2000,"height":733,"url":"https:\/\/esp.championforest.org\/devotionals\/wp-content\/uploads\/2019\/11\/bible-banner.jpg","type":"image\/jpeg"}],"author":"Champion Forest","twitter_card":"summary_large_image","twitter_misc":{"Written by":"Champion Forest","Est. reading time":"6 minutes"},"schema":{"@context":"https:\/\/schema.org","@graph":[{"@type":"Article","@id":"https:\/\/esp.championforest.org\/devotionals\/marcos-abril-2\/#article","isPartOf":{"@id":"https:\/\/esp.championforest.org\/devotionals\/marcos-abril-2\/"},"author":{"name":"Champion Forest","@id":"https:\/\/esp.championforest.org\/devotionals\/#\/schema\/person\/0d7b32cb6698781087962c699912c666"},"headline":"Marcos Cap\u00edtulo 12","datePublished":"2020-04-02T07:00:00+00:00","mainEntityOfPage":{"@id":"https:\/\/esp.championforest.org\/devotionals\/marcos-abril-2\/"},"wordCount":1178,"commentCount":3,"image":{"@id":"https:\/\/esp.championforest.org\/devotionals\/marcos-abril-2\/#primaryimage"},"thumbnailUrl":"https:\/\/esp.championforest.org\/devotionals\/wp-content\/uploads\/2019\/11\/bible-banner.jpg","articleSection":["Marcos"],"inLanguage":"en-US","potentialAction":[{"@type":"CommentAction","name":"Comment","target":["https:\/\/esp.championforest.org\/devotionals\/marcos-abril-2\/#respond"]}]},{"@type":"WebPage","@id":"https:\/\/esp.championforest.org\/devotionals\/marcos-abril-2\/","url":"https:\/\/esp.championforest.org\/devotionals\/marcos-abril-2\/","name":"Marcos Cap\u00edtulo 12 - Devocionales","isPartOf":{"@id":"https:\/\/esp.championforest.org\/devotionals\/#website"},"primaryImageOfPage":{"@id":"https:\/\/esp.championforest.org\/devotionals\/marcos-abril-2\/#primaryimage"},"image":{"@id":"https:\/\/esp.championforest.org\/devotionals\/marcos-abril-2\/#primaryimage"},"thumbnailUrl":"https:\/\/esp.championforest.org\/devotionals\/wp-content\/uploads\/2019\/11\/bible-banner.jpg","datePublished":"2020-04-02T07:00:00+00:00","author":{"@id":"https:\/\/esp.championforest.org\/devotionals\/#\/schema\/person\/0d7b32cb6698781087962c699912c666"},"breadcrumb":{"@id":"https:\/\/esp.championforest.org\/devotionals\/marcos-abril-2\/#breadcrumb"},"inLanguage":"en-US","potentialAction":[{"@type":"ReadAction","target":["https:\/\/esp.championforest.org\/devotionals\/marcos-abril-2\/"]}]},{"@type":"ImageObject","inLanguage":"en-US","@id":"https:\/\/esp.championforest.org\/devotionals\/marcos-abril-2\/#primaryimage","url":"https:\/\/esp.championforest.org\/devotionals\/wp-content\/uploads\/2019\/11\/bible-banner.jpg","contentUrl":"https:\/\/esp.championforest.org\/devotionals\/wp-content\/uploads\/2019\/11\/bible-banner.jpg","width":2000,"height":733},{"@type":"BreadcrumbList","@id":"https:\/\/esp.championforest.org\/devotionals\/marcos-abril-2\/#breadcrumb","itemListElement":[{"@type":"ListItem","position":1,"name":"Casa","item":"https:\/\/esp.championforest.org\/devotionals\/"},{"@type":"ListItem","position":2,"name":"Marcos Cap\u00edtulo 12"}]},{"@type":"WebSite","@id":"https:\/\/esp.championforest.org\/devotionals\/#website","url":"https:\/\/esp.championforest.org\/devotionals\/","name":"Devocionales","description":"","potentialAction":[{"@type":"SearchAction","target":{"@type":"EntryPoint","urlTemplate":"https:\/\/esp.championforest.org\/devotionals\/?s={search_term_string}"},"query-input":{"@type":"PropertyValueSpecification","valueRequired":true,"valueName":"search_term_string"}}],"inLanguage":"en-US"},{"@type":"Person","@id":"https:\/\/esp.championforest.org\/devotionals\/#\/schema\/person\/0d7b32cb6698781087962c699912c666","name":"Champion Forest","image":{"@type":"ImageObject","inLanguage":"en-US","@id":"https:\/\/secure.gravatar.com\/avatar\/978ba5d6180fa65624708e969f442efde16543b129f0679a2cb301024d170062?s=96&d=mm&r=g","url":"https:\/\/secure.gravatar.com\/avatar\/978ba5d6180fa65624708e969f442efde16543b129f0679a2cb301024d170062?s=96&d=mm&r=g","contentUrl":"https:\/\/secure.gravatar.com\/avatar\/978ba5d6180fa65624708e969f442efde16543b129f0679a2cb301024d170062?s=96&d=mm&r=g","caption":"Champion Forest"},"url":"https:\/\/esp.championforest.org\/devotionals\/author\/cfbcms_admin\/"}]}},"_links":{"self":[{"href":"https:\/\/esp.championforest.org\/devotionals\/wp-json\/wp\/v2\/posts\/217","targetHints":{"allow":["GET"]}}],"collection":[{"href":"https:\/\/esp.championforest.org\/devotionals\/wp-json\/wp\/v2\/posts"}],"about":[{"href":"https:\/\/esp.championforest.org\/devotionals\/wp-json\/wp\/v2\/types\/post"}],"author":[{"embeddable":true,"href":"https:\/\/esp.championforest.org\/devotionals\/wp-json\/wp\/v2\/users\/2"}],"replies":[{"embeddable":true,"href":"https:\/\/esp.championforest.org\/devotionals\/wp-json\/wp\/v2\/comments?post=217"}],"version-history":[{"count":1,"href":"https:\/\/esp.championforest.org\/devotionals\/wp-json\/wp\/v2\/posts\/217\/revisions"}],"predecessor-version":[{"id":218,"href":"https:\/\/esp.championforest.org\/devotionals\/wp-json\/wp\/v2\/posts\/217\/revisions\/218"}],"wp:featuredmedia":[{"embeddable":true,"href":"https:\/\/esp.championforest.org\/devotionals\/wp-json\/wp\/v2\/media\/9"}],"wp:attachment":[{"href":"https:\/\/esp.championforest.org\/devotionals\/wp-json\/wp\/v2\/media?parent=217"}],"wp:term":[{"taxonomy":"category","embeddable":true,"href":"https:\/\/esp.championforest.org\/devotionals\/wp-json\/wp\/v2\/categories?post=217"},{"taxonomy":"post_tag","embeddable":true,"href":"https:\/\/esp.championforest.org\/devotionals\/wp-json\/wp\/v2\/tags?post=217"}],"curies":[{"name":"wp","href":"https:\/\/api.w.org\/{rel}","templated":true}]}}