{"id":2156,"date":"2025-04-15T00:05:33","date_gmt":"2025-04-15T05:05:33","guid":{"rendered":"https:\/\/esp.championforest.org\/devotionals\/?p=2156"},"modified":"2025-04-12T09:51:33","modified_gmt":"2025-04-12T14:51:33","slug":"4-15-2025","status":"publish","type":"post","link":"https:\/\/esp.championforest.org\/devotionals\/4-15-2025\/","title":{"rendered":"D\u00eda Tres | Semana Santa 2025"},"content":{"rendered":"\n<h2 class=\"wp-block-heading\"><strong>Abandonado por sus Disc\u00edpulos<\/strong><\/h2>\n\n\n\n<h4 class=\"wp-block-heading\">Zacar\u00edas 13:7, Mateo 26:31, 56<\/h4>\n\n\n\n<p><span style=\"color: #000000;\" class=\"stk-highlight\">Autor:&nbsp;<em><em><em><em><em><em><em><em><em><em><em><em><em><em><em><em><em>Raegan Wolff<\/em><\/em><\/em><\/em><\/em><\/em><\/em><\/em><\/em><\/em><\/em><\/em><\/em><\/em><\/em><\/em><\/em><\/span><\/p>\n\n\n\n<div class=\"wp-block-group\"><div class=\"wp-block-group__inner-container is-layout-constrained wp-block-group-is-layout-constrained\">\n<div class=\"wp-block-stackable-hero stk-block-hero stk-block stk-bb37f46 is-style-default\" data-v=\"2\" data-block-id=\"bb37f46\"><style>.stk-bb37f46-inner-blocks{justify-content:center !important;}.stk-bb37f46-container{background-color:#f7f7f7 !important;}.stk-bb37f46-container:before{background-color:#f7f7f7 !important;}.stk-bb37f46 .stk-block-hero__content{min-height:500px !important;align-items:center !important;display:flex !important;}<\/style><div class=\"stk-block-hero__content stk-content-align stk-bb37f46-column stk-container stk-bb37f46-container stk-hover-parent\"><div class=\"stk-block-content stk-inner-blocks has-text-align-left stk--column-flex stk-bb37f46-inner-blocks\">\n<h4 class=\"wp-block-heading\">Zacar\u00edas 13:7<\/h4>\n\n\n\n<p><strong>El pastor de Jehov\u00e1 es herido<\/strong><\/p>\n\n\n\n<p><sup>7&nbsp;<\/sup>Lev\u00e1ntate, oh espada, contra el pastor, y contra el hombre compa\u00f1ero m\u00edo, dice Jehov\u00e1 de los ej\u00e9rcitos. Hiere al pastor, y ser\u00e1n dispersadas las ovejas;&nbsp;y har\u00e9 volver mi mano contra los peque\u00f1itos.<\/p>\n\n\n\n<h4 class=\"wp-block-heading\">Mateo 26:31, 56<\/h4>\n\n\n\n<p><sup>31&nbsp;<\/sup>Entonces Jes\u00fas les dijo: Todos vosotros os escandalizar\u00e9is de m\u00ed esta noche; porque escrito est\u00e1: Herir\u00e9 al pastor, y las ovejas del reba\u00f1o ser\u00e1n dispersadas.<\/p>\n\n\n\n<p><sup>56&nbsp;<\/sup>Mas todo esto sucede, para que se cumplan las Escrituras de los profetas. Entonces todos los disc\u00edpulos, dej\u00e1ndole, huyeron.<\/p>\n\n\n\n<div class=\"wp-block-stackable-text stk-block-text stk-block stk-3f49bf1 stk-block-background\" data-block-id=\"3f49bf1\"><style>.stk-3f49bf1 .stk-block-text__text{font-size:13px !important;}@media screen and (max-width: 1023px){.stk-3f49bf1 .stk-block-text__text{font-size:13px !important;}}<\/style><p class=\"stk-block-text__text\">Reina-Valera 1960 \u00ae \u00a9 Sociedades B\u00edblicas en Am\u00e9rica Latina, 1960. Renovado \u00a9 Sociedades B\u00edblicas Unidas, 1988. Utilizado con permiso. Si desea m\u00e1s informaci\u00f3n visite&nbsp;<a href=\"https:\/\/www.americanbible.org\/\">americanbible.org<\/a>,&nbsp;<a href=\"https:\/\/www.unitedbiblesocieties.org\/\">unitedbiblesocieties.org<\/a>,&nbsp;<a href=\"https:\/\/www.vivelabiblia.com\/\">vivelabiblia.com<\/a>,&nbsp;<a href=\"http:\/\/unitedbiblesocieties.org\/es\/casa\/\">unitedbiblesocieties.org\/es\/casa\/<\/a>,&nbsp;<a href=\"https:\/\/rvr60.bible\/?utm_source=website&amp;utm_medium=link&amp;utm_campaign=BGWYCEV11232021&amp;utm_id=biblegateway\/\">www.rvr60.bible<\/a><\/p><\/div>\n<\/div><\/div><\/div>\n<\/div><\/div>\n\n\n\n<p><strong>Devocional<\/strong><\/p>\n\n\n\n<p class=\"has-black-color has-text-color has-link-color has-medium-font-size wp-elements-a3c4dd3b404ac3e25c4ba7a1d7b4559d\">&#8220;Esta misma noche \u2014dijo Jes\u00fas\u2014 todos ustedes me abandonar\u00e1n, porque est\u00e1 escrito: \u201cHerir\u00e9 al pastor y se dispersar\u00e1n las ovejas del reba\u00f1o&#8221; \u2014 Mateo 26:31; Zacar\u00edas 13:7<\/p>\n\n\n\n<p class=\"has-black-color has-text-color has-link-color has-medium-font-size wp-elements-e6311611ec159d329488b8d2eec7db4d\">Traicionado por uno, ahora abandonado por los dem\u00e1s. En un jard\u00edn, en la oscuridad de la noche, Jes\u00fas se queda sin sus seguidores y amigos m\u00e1s cercanos. Est\u00e1 solo para enfrentar las pr\u00f3ximas horas de juicios ilegales, golpes, burlas y, finalmente, la cruz. Solo, sin nadie que lo defienda ni permanezca a su lado.<\/p>\n\n\n\n<p class=\"has-black-color has-text-color has-link-color has-medium-font-size wp-elements-57a76fd2dde08809d1dcf484389fc2ed\">El jard\u00edn del Ed\u00e9n fue el lugar donde comenz\u00f3 la traici\u00f3n contra Dios, y ahora, en el jard\u00edn de Getseman\u00ed, la traici\u00f3n y el abandono hacia Jes\u00fas cumplen la profec\u00eda de que \u00c9l es nuestro Redentor.<\/p>\n\n\n\n<p class=\"has-black-color has-text-color has-link-color has-medium-font-size wp-elements-e4090f179125ee2df1b2c42417ef8e3b\">Horas antes de su arresto y de que sus disc\u00edpulos huyeran en la noche, Pedro proclam\u00f3 valientemente que, aunque todos los dem\u00e1s lo abandonaran, \u00e9l nunca lo har\u00eda. Afirm\u00f3 que morir\u00eda por Jes\u00fas. \u00bfD\u00f3nde est\u00e1 Pedro ahora? \u00bfD\u00f3nde est\u00e1n los dem\u00e1s que dec\u00edan amarlo, aquellos que vieron con sus propios ojos los milagros y se\u00f1ales del Mes\u00edas prometido? \u00bfD\u00f3nde est\u00e1 su fe en el Se\u00f1or? El miedo venci\u00f3 su fe, pero solo por un momento.<\/p>\n\n\n\n<p class=\"has-black-color has-text-color has-link-color has-medium-font-size wp-elements-4672aa80d85fd8bf3cba760e2c6c657d\">Jes\u00fas les hab\u00eda advertido: &#8220;Velen y oren para que no caigan en tentaci\u00f3n. El esp\u00edritu est\u00e1 dispuesto, pero la carne es d\u00e9bil&#8221; (Mateo 26:41). Sin embargo, ellos durmieron mientras \u00c9l oraba.<\/p>\n\n\n\n<p class=\"has-black-color has-text-color has-link-color has-medium-font-size wp-elements-21e1f5db896a7a5758ef732b29ff669a\">Aun sabiendo lo que estaba por venir\u2014la traici\u00f3n, el abandono, los juicios, la tortura y la crucifixi\u00f3n\u2014Jes\u00fas pensaba en sus disc\u00edpulos.<\/p>\n\n\n\n<p class=\"has-black-color has-text-color has-link-color has-medium-font-size wp-elements-7d07922072e9d56d46f61aa97625aba9\">Les dej\u00f3 una \u00faltima palabra de \u00e1nimo: &#8220;Pero despu\u00e9s de que haya resucitado, ir\u00e9 delante de ustedes a Galilea&#8221; (Mateo 26:32).<\/p>\n\n\n\n<p class=\"has-black-color has-text-color has-link-color has-medium-font-size wp-elements-485f4a53f3a242a18ff748ac58a9cde9\">Lo volver\u00edan a ver; \u00c9l resucitar\u00eda. Su fe ser\u00eda restaurada.<\/p>\n\n\n\n<p class=\"has-black-color has-text-color has-link-color has-medium-font-size wp-elements-0cef7ab618e5d4bd047a06b399e4538f\">Cuando sientas que has perdido tu fe en el Se\u00f1or y Salvador, Jes\u00fas, busca \u00e1nimo en su Palabra. No todo est\u00e1 perdido en la oscuridad. El miedo no puede arrebatarte la fe. Solo es el principio del fin. Volveremos a ver a Jes\u00fas. No importa cu\u00e1n oscura sea la noche, vela y ora. El esp\u00edritu est\u00e1 dispuesto, pero la carne es d\u00e9bil.<\/p>\n\n\n\n<p><\/p>\n","protected":false},"excerpt":{"rendered":"<p>Abandonado por sus Disc\u00edpulos Zacar\u00edas 13:7, Mateo 26:31, 56 Autor:&nbsp;Raegan Wolff Zacar\u00edas 13:7 El pastor de Jehov\u00e1 es herido 7&nbsp;Lev\u00e1ntate, oh espada, contra el pastor, y contra el hombre compa\u00f1ero m\u00edo, dice Jehov\u00e1 de los ej\u00e9rcitos. Hiere al pastor, y ser\u00e1n dispersadas las ovejas;&nbsp;y har\u00e9 volver mi mano contra los peque\u00f1itos. Mateo 26:31, 56 31&nbsp;Entonces &hellip; <a href=\"https:\/\/esp.championforest.org\/devotionals\/4-15-2025\/\" class=\"more-link\">Continue reading <span class=\"screen-reader-text\">D\u00eda Tres | Semana Santa 2025<\/span><\/a><\/p>\n","protected":false},"author":2,"featured_media":2131,"comment_status":"open","ping_status":"closed","sticky":false,"template":"","format":"standard","meta":{"footnotes":""},"categories":[5],"tags":[33],"class_list":["post-2156","post","type-post","status-publish","format-standard","has-post-thumbnail","hentry","category-semana-santa","tag-semana-santa-2025"],"featured_image_urls_v2":{"full":["https:\/\/esp.championforest.org\/devotionals\/wp-content\/uploads\/2025\/04\/Fulfilled-EasterDevo-BG-1080.jpg",1080,608,false],"thumbnail":["https:\/\/esp.championforest.org\/devotionals\/wp-content\/uploads\/2025\/04\/Fulfilled-EasterDevo-BG-1080-150x150.jpg",150,150,true],"medium":["https:\/\/esp.championforest.org\/devotionals\/wp-content\/uploads\/2025\/04\/Fulfilled-EasterDevo-BG-1080-300x169.jpg",300,169,true],"medium_large":["https:\/\/esp.championforest.org\/devotionals\/wp-content\/uploads\/2025\/04\/Fulfilled-EasterDevo-BG-1080-768x432.jpg",768,432,true],"large":["https:\/\/esp.championforest.org\/devotionals\/wp-content\/uploads\/2025\/04\/Fulfilled-EasterDevo-BG-1080-1024x576.jpg",900,506,true],"1536x1536":["https:\/\/esp.championforest.org\/devotionals\/wp-content\/uploads\/2025\/04\/Fulfilled-EasterDevo-BG-1080.jpg",1080,608,false],"2048x2048":["https:\/\/esp.championforest.org\/devotionals\/wp-content\/uploads\/2025\/04\/Fulfilled-EasterDevo-BG-1080.jpg",1080,608,false],"post-thumbnail":["https:\/\/esp.championforest.org\/devotionals\/wp-content\/uploads\/2025\/04\/Fulfilled-EasterDevo-BG-1080.jpg",1080,608,false]},"post_excerpt_stackable_v2":"<p>Abandonado por sus Disc\u00edpulos Zacar\u00edas 13:7, Mateo 26:31, 56 Autor:&nbsp;Raegan Wolff Zacar\u00edas 13:7 El pastor de Jehov\u00e1 es herido 7&nbsp;Lev\u00e1ntate, oh espada, contra el pastor, y contra el hombre compa\u00f1ero m\u00edo, dice Jehov\u00e1 de los ej\u00e9rcitos. Hiere al pastor, y ser\u00e1n dispersadas las ovejas;&nbsp;y har\u00e9 volver mi mano contra los peque\u00f1itos. Mateo 26:31, 56 31&nbsp;Entonces Jes\u00fas les dijo: Todos vosotros os escandalizar\u00e9is de m\u00ed esta noche; porque escrito est\u00e1: Herir\u00e9 al pastor, y las ovejas del reba\u00f1o ser\u00e1n dispersadas. 56&nbsp;Mas todo esto sucede, para que se cumplan las Escrituras de los profetas. Entonces todos los disc\u00edpulos, dej\u00e1ndole, huyeron. Reina-Valera 1960&hellip;<\/p>\n","category_list_v2":"<a href=\"https:\/\/esp.championforest.org\/devotionals\/category\/semana-santa\/\" rel=\"category tag\">Semana Santa<\/a>","author_info_v2":{"name":"Champion Forest","url":"https:\/\/esp.championforest.org\/devotionals\/author\/cfbcms_admin\/"},"comments_num_v2":"29 comments","yoast_head":"<!-- This site is optimized with the Yoast SEO plugin v27.3 - https:\/\/yoast.com\/product\/yoast-seo-wordpress\/ -->\n<title>D\u00eda Tres | Semana Santa 2025 - Devocionales<\/title>\n<meta name=\"robots\" content=\"index, follow, max-snippet:-1, max-image-preview:large, max-video-preview:-1\" \/>\n<link rel=\"canonical\" href=\"https:\/\/esp.championforest.org\/devotionals\/4-15-2025\/\" \/>\n<meta property=\"og:locale\" content=\"en_US\" \/>\n<meta property=\"og:type\" content=\"article\" \/>\n<meta property=\"og:title\" content=\"D\u00eda Tres | Semana Santa 2025 - Devocionales\" \/>\n<meta property=\"og:description\" content=\"Abandonado por sus Disc\u00edpulos Zacar\u00edas 13:7, Mateo 26:31, 56 Autor:&nbsp;Raegan Wolff Zacar\u00edas 13:7 El pastor de Jehov\u00e1 es herido 7&nbsp;Lev\u00e1ntate, oh espada, contra el pastor, y contra el hombre compa\u00f1ero m\u00edo, dice Jehov\u00e1 de los ej\u00e9rcitos. Hiere al pastor, y ser\u00e1n dispersadas las ovejas;&nbsp;y har\u00e9 volver mi mano contra los peque\u00f1itos. Mateo 26:31, 56 31&nbsp;Entonces &hellip; Continue reading D\u00eda Tres | Semana Santa 2025\" \/>\n<meta property=\"og:url\" content=\"https:\/\/esp.championforest.org\/devotionals\/4-15-2025\/\" \/>\n<meta property=\"og:site_name\" content=\"Devocionales\" \/>\n<meta property=\"article:published_time\" content=\"2025-04-15T05:05:33+00:00\" \/>\n<meta property=\"og:image\" content=\"https:\/\/esp.championforest.org\/devotionals\/wp-content\/uploads\/2025\/04\/Fulfilled-EasterDevo-BG-1080.jpg\" \/>\n\t<meta property=\"og:image:width\" content=\"1080\" \/>\n\t<meta property=\"og:image:height\" content=\"608\" \/>\n\t<meta property=\"og:image:type\" content=\"image\/jpeg\" \/>\n<meta name=\"author\" content=\"Champion Forest\" \/>\n<meta name=\"twitter:card\" content=\"summary_large_image\" \/>\n<meta name=\"twitter:label1\" content=\"Written by\" \/>\n\t<meta name=\"twitter:data1\" content=\"Champion Forest\" \/>\n\t<meta name=\"twitter:label2\" content=\"Est. reading time\" \/>\n\t<meta name=\"twitter:data2\" content=\"3 minutes\" \/>\n<script type=\"application\/ld+json\" class=\"yoast-schema-graph\">{\"@context\":\"https:\\\/\\\/schema.org\",\"@graph\":[{\"@type\":\"Article\",\"@id\":\"https:\\\/\\\/esp.championforest.org\\\/devotionals\\\/4-15-2025\\\/#article\",\"isPartOf\":{\"@id\":\"https:\\\/\\\/esp.championforest.org\\\/devotionals\\\/4-15-2025\\\/\"},\"author\":{\"name\":\"Champion Forest\",\"@id\":\"https:\\\/\\\/esp.championforest.org\\\/devotionals\\\/#\\\/schema\\\/person\\\/0d7b32cb6698781087962c699912c666\"},\"headline\":\"D\u00eda Tres | Semana Santa 2025\",\"datePublished\":\"2025-04-15T05:05:33+00:00\",\"mainEntityOfPage\":{\"@id\":\"https:\\\/\\\/esp.championforest.org\\\/devotionals\\\/4-15-2025\\\/\"},\"wordCount\":545,\"commentCount\":29,\"image\":{\"@id\":\"https:\\\/\\\/esp.championforest.org\\\/devotionals\\\/4-15-2025\\\/#primaryimage\"},\"thumbnailUrl\":\"https:\\\/\\\/esp.championforest.org\\\/devotionals\\\/wp-content\\\/uploads\\\/2025\\\/04\\\/Fulfilled-EasterDevo-BG-1080.jpg\",\"keywords\":[\"Semana Santa 2025\"],\"articleSection\":[\"Semana Santa\"],\"inLanguage\":\"en-US\",\"potentialAction\":[{\"@type\":\"CommentAction\",\"name\":\"Comment\",\"target\":[\"https:\\\/\\\/esp.championforest.org\\\/devotionals\\\/4-15-2025\\\/#respond\"]}]},{\"@type\":\"WebPage\",\"@id\":\"https:\\\/\\\/esp.championforest.org\\\/devotionals\\\/4-15-2025\\\/\",\"url\":\"https:\\\/\\\/esp.championforest.org\\\/devotionals\\\/4-15-2025\\\/\",\"name\":\"D\u00eda Tres | Semana Santa 2025 - Devocionales\",\"isPartOf\":{\"@id\":\"https:\\\/\\\/esp.championforest.org\\\/devotionals\\\/#website\"},\"primaryImageOfPage\":{\"@id\":\"https:\\\/\\\/esp.championforest.org\\\/devotionals\\\/4-15-2025\\\/#primaryimage\"},\"image\":{\"@id\":\"https:\\\/\\\/esp.championforest.org\\\/devotionals\\\/4-15-2025\\\/#primaryimage\"},\"thumbnailUrl\":\"https:\\\/\\\/esp.championforest.org\\\/devotionals\\\/wp-content\\\/uploads\\\/2025\\\/04\\\/Fulfilled-EasterDevo-BG-1080.jpg\",\"datePublished\":\"2025-04-15T05:05:33+00:00\",\"author\":{\"@id\":\"https:\\\/\\\/esp.championforest.org\\\/devotionals\\\/#\\\/schema\\\/person\\\/0d7b32cb6698781087962c699912c666\"},\"breadcrumb\":{\"@id\":\"https:\\\/\\\/esp.championforest.org\\\/devotionals\\\/4-15-2025\\\/#breadcrumb\"},\"inLanguage\":\"en-US\",\"potentialAction\":[{\"@type\":\"ReadAction\",\"target\":[\"https:\\\/\\\/esp.championforest.org\\\/devotionals\\\/4-15-2025\\\/\"]}]},{\"@type\":\"ImageObject\",\"inLanguage\":\"en-US\",\"@id\":\"https:\\\/\\\/esp.championforest.org\\\/devotionals\\\/4-15-2025\\\/#primaryimage\",\"url\":\"https:\\\/\\\/esp.championforest.org\\\/devotionals\\\/wp-content\\\/uploads\\\/2025\\\/04\\\/Fulfilled-EasterDevo-BG-1080.jpg\",\"contentUrl\":\"https:\\\/\\\/esp.championforest.org\\\/devotionals\\\/wp-content\\\/uploads\\\/2025\\\/04\\\/Fulfilled-EasterDevo-BG-1080.jpg\",\"width\":1080,\"height\":608},{\"@type\":\"BreadcrumbList\",\"@id\":\"https:\\\/\\\/esp.championforest.org\\\/devotionals\\\/4-15-2025\\\/#breadcrumb\",\"itemListElement\":[{\"@type\":\"ListItem\",\"position\":1,\"name\":\"Casa\",\"item\":\"https:\\\/\\\/esp.championforest.org\\\/devotionals\\\/\"},{\"@type\":\"ListItem\",\"position\":2,\"name\":\"D\u00eda Tres | Semana Santa 2025\"}]},{\"@type\":\"WebSite\",\"@id\":\"https:\\\/\\\/esp.championforest.org\\\/devotionals\\\/#website\",\"url\":\"https:\\\/\\\/esp.championforest.org\\\/devotionals\\\/\",\"name\":\"Devocionales\",\"description\":\"\",\"potentialAction\":[{\"@type\":\"SearchAction\",\"target\":{\"@type\":\"EntryPoint\",\"urlTemplate\":\"https:\\\/\\\/esp.championforest.org\\\/devotionals\\\/?s={search_term_string}\"},\"query-input\":{\"@type\":\"PropertyValueSpecification\",\"valueRequired\":true,\"valueName\":\"search_term_string\"}}],\"inLanguage\":\"en-US\"},{\"@type\":\"Person\",\"@id\":\"https:\\\/\\\/esp.championforest.org\\\/devotionals\\\/#\\\/schema\\\/person\\\/0d7b32cb6698781087962c699912c666\",\"name\":\"Champion Forest\",\"image\":{\"@type\":\"ImageObject\",\"inLanguage\":\"en-US\",\"@id\":\"https:\\\/\\\/secure.gravatar.com\\\/avatar\\\/978ba5d6180fa65624708e969f442efde16543b129f0679a2cb301024d170062?s=96&d=mm&r=g\",\"url\":\"https:\\\/\\\/secure.gravatar.com\\\/avatar\\\/978ba5d6180fa65624708e969f442efde16543b129f0679a2cb301024d170062?s=96&d=mm&r=g\",\"contentUrl\":\"https:\\\/\\\/secure.gravatar.com\\\/avatar\\\/978ba5d6180fa65624708e969f442efde16543b129f0679a2cb301024d170062?s=96&d=mm&r=g\",\"caption\":\"Champion Forest\"},\"url\":\"https:\\\/\\\/esp.championforest.org\\\/devotionals\\\/author\\\/cfbcms_admin\\\/\"}]}<\/script>\n<!-- \/ Yoast SEO plugin. -->","yoast_head_json":{"title":"D\u00eda Tres | Semana Santa 2025 - Devocionales","robots":{"index":"index","follow":"follow","max-snippet":"max-snippet:-1","max-image-preview":"max-image-preview:large","max-video-preview":"max-video-preview:-1"},"canonical":"https:\/\/esp.championforest.org\/devotionals\/4-15-2025\/","og_locale":"en_US","og_type":"article","og_title":"D\u00eda Tres | Semana Santa 2025 - Devocionales","og_description":"Abandonado por sus Disc\u00edpulos Zacar\u00edas 13:7, Mateo 26:31, 56 Autor:&nbsp;Raegan Wolff Zacar\u00edas 13:7 El pastor de Jehov\u00e1 es herido 7&nbsp;Lev\u00e1ntate, oh espada, contra el pastor, y contra el hombre compa\u00f1ero m\u00edo, dice Jehov\u00e1 de los ej\u00e9rcitos. Hiere al pastor, y ser\u00e1n dispersadas las ovejas;&nbsp;y har\u00e9 volver mi mano contra los peque\u00f1itos. Mateo 26:31, 56 31&nbsp;Entonces &hellip; Continue reading D\u00eda Tres | Semana Santa 2025","og_url":"https:\/\/esp.championforest.org\/devotionals\/4-15-2025\/","og_site_name":"Devocionales","article_published_time":"2025-04-15T05:05:33+00:00","og_image":[{"width":1080,"height":608,"url":"https:\/\/esp.championforest.org\/devotionals\/wp-content\/uploads\/2025\/04\/Fulfilled-EasterDevo-BG-1080.jpg","type":"image\/jpeg"}],"author":"Champion Forest","twitter_card":"summary_large_image","twitter_misc":{"Written by":"Champion Forest","Est. reading time":"3 minutes"},"schema":{"@context":"https:\/\/schema.org","@graph":[{"@type":"Article","@id":"https:\/\/esp.championforest.org\/devotionals\/4-15-2025\/#article","isPartOf":{"@id":"https:\/\/esp.championforest.org\/devotionals\/4-15-2025\/"},"author":{"name":"Champion Forest","@id":"https:\/\/esp.championforest.org\/devotionals\/#\/schema\/person\/0d7b32cb6698781087962c699912c666"},"headline":"D\u00eda Tres | Semana Santa 2025","datePublished":"2025-04-15T05:05:33+00:00","mainEntityOfPage":{"@id":"https:\/\/esp.championforest.org\/devotionals\/4-15-2025\/"},"wordCount":545,"commentCount":29,"image":{"@id":"https:\/\/esp.championforest.org\/devotionals\/4-15-2025\/#primaryimage"},"thumbnailUrl":"https:\/\/esp.championforest.org\/devotionals\/wp-content\/uploads\/2025\/04\/Fulfilled-EasterDevo-BG-1080.jpg","keywords":["Semana Santa 2025"],"articleSection":["Semana Santa"],"inLanguage":"en-US","potentialAction":[{"@type":"CommentAction","name":"Comment","target":["https:\/\/esp.championforest.org\/devotionals\/4-15-2025\/#respond"]}]},{"@type":"WebPage","@id":"https:\/\/esp.championforest.org\/devotionals\/4-15-2025\/","url":"https:\/\/esp.championforest.org\/devotionals\/4-15-2025\/","name":"D\u00eda Tres | Semana Santa 2025 - Devocionales","isPartOf":{"@id":"https:\/\/esp.championforest.org\/devotionals\/#website"},"primaryImageOfPage":{"@id":"https:\/\/esp.championforest.org\/devotionals\/4-15-2025\/#primaryimage"},"image":{"@id":"https:\/\/esp.championforest.org\/devotionals\/4-15-2025\/#primaryimage"},"thumbnailUrl":"https:\/\/esp.championforest.org\/devotionals\/wp-content\/uploads\/2025\/04\/Fulfilled-EasterDevo-BG-1080.jpg","datePublished":"2025-04-15T05:05:33+00:00","author":{"@id":"https:\/\/esp.championforest.org\/devotionals\/#\/schema\/person\/0d7b32cb6698781087962c699912c666"},"breadcrumb":{"@id":"https:\/\/esp.championforest.org\/devotionals\/4-15-2025\/#breadcrumb"},"inLanguage":"en-US","potentialAction":[{"@type":"ReadAction","target":["https:\/\/esp.championforest.org\/devotionals\/4-15-2025\/"]}]},{"@type":"ImageObject","inLanguage":"en-US","@id":"https:\/\/esp.championforest.org\/devotionals\/4-15-2025\/#primaryimage","url":"https:\/\/esp.championforest.org\/devotionals\/wp-content\/uploads\/2025\/04\/Fulfilled-EasterDevo-BG-1080.jpg","contentUrl":"https:\/\/esp.championforest.org\/devotionals\/wp-content\/uploads\/2025\/04\/Fulfilled-EasterDevo-BG-1080.jpg","width":1080,"height":608},{"@type":"BreadcrumbList","@id":"https:\/\/esp.championforest.org\/devotionals\/4-15-2025\/#breadcrumb","itemListElement":[{"@type":"ListItem","position":1,"name":"Casa","item":"https:\/\/esp.championforest.org\/devotionals\/"},{"@type":"ListItem","position":2,"name":"D\u00eda Tres | Semana Santa 2025"}]},{"@type":"WebSite","@id":"https:\/\/esp.championforest.org\/devotionals\/#website","url":"https:\/\/esp.championforest.org\/devotionals\/","name":"Devocionales","description":"","potentialAction":[{"@type":"SearchAction","target":{"@type":"EntryPoint","urlTemplate":"https:\/\/esp.championforest.org\/devotionals\/?s={search_term_string}"},"query-input":{"@type":"PropertyValueSpecification","valueRequired":true,"valueName":"search_term_string"}}],"inLanguage":"en-US"},{"@type":"Person","@id":"https:\/\/esp.championforest.org\/devotionals\/#\/schema\/person\/0d7b32cb6698781087962c699912c666","name":"Champion Forest","image":{"@type":"ImageObject","inLanguage":"en-US","@id":"https:\/\/secure.gravatar.com\/avatar\/978ba5d6180fa65624708e969f442efde16543b129f0679a2cb301024d170062?s=96&d=mm&r=g","url":"https:\/\/secure.gravatar.com\/avatar\/978ba5d6180fa65624708e969f442efde16543b129f0679a2cb301024d170062?s=96&d=mm&r=g","contentUrl":"https:\/\/secure.gravatar.com\/avatar\/978ba5d6180fa65624708e969f442efde16543b129f0679a2cb301024d170062?s=96&d=mm&r=g","caption":"Champion Forest"},"url":"https:\/\/esp.championforest.org\/devotionals\/author\/cfbcms_admin\/"}]}},"_links":{"self":[{"href":"https:\/\/esp.championforest.org\/devotionals\/wp-json\/wp\/v2\/posts\/2156","targetHints":{"allow":["GET"]}}],"collection":[{"href":"https:\/\/esp.championforest.org\/devotionals\/wp-json\/wp\/v2\/posts"}],"about":[{"href":"https:\/\/esp.championforest.org\/devotionals\/wp-json\/wp\/v2\/types\/post"}],"author":[{"embeddable":true,"href":"https:\/\/esp.championforest.org\/devotionals\/wp-json\/wp\/v2\/users\/2"}],"replies":[{"embeddable":true,"href":"https:\/\/esp.championforest.org\/devotionals\/wp-json\/wp\/v2\/comments?post=2156"}],"version-history":[{"count":6,"href":"https:\/\/esp.championforest.org\/devotionals\/wp-json\/wp\/v2\/posts\/2156\/revisions"}],"predecessor-version":[{"id":2194,"href":"https:\/\/esp.championforest.org\/devotionals\/wp-json\/wp\/v2\/posts\/2156\/revisions\/2194"}],"wp:featuredmedia":[{"embeddable":true,"href":"https:\/\/esp.championforest.org\/devotionals\/wp-json\/wp\/v2\/media\/2131"}],"wp:attachment":[{"href":"https:\/\/esp.championforest.org\/devotionals\/wp-json\/wp\/v2\/media?parent=2156"}],"wp:term":[{"taxonomy":"category","embeddable":true,"href":"https:\/\/esp.championforest.org\/devotionals\/wp-json\/wp\/v2\/categories?post=2156"},{"taxonomy":"post_tag","embeddable":true,"href":"https:\/\/esp.championforest.org\/devotionals\/wp-json\/wp\/v2\/tags?post=2156"}],"curies":[{"name":"wp","href":"https:\/\/api.w.org\/{rel}","templated":true}]}}