{"id":215,"date":"2020-04-01T01:00:00","date_gmt":"2020-04-01T07:00:00","guid":{"rendered":"https:\/\/esp.championforest.org\/devotionals\/?p=215"},"modified":"2020-03-30T18:56:32","modified_gmt":"2020-03-31T00:56:32","slug":"marcos-abril-1","status":"publish","type":"post","link":"https:\/\/esp.championforest.org\/devotionals\/marcos-abril-1\/","title":{"rendered":"Marcos Cap\u00edtulo 11"},"content":{"rendered":"\n<div class=\"wp-block-ugb-container ugb-container ugb-98d570f ugb-container--v2 ugb-container--design-basic ugb-main-block\" id=\"\"><style>.ugb-98d570f-wrapper.ugb-container__wrapper{border-radius:12px !important;background-color:#f1f1f1 !important}.ugb-98d570f-content-wrapper.ugb-container__content-wrapper{width:100% !important}.ugb-98d570f-wrapper.ugb-container__wrapper:before{background-color:#f1f1f1 !important}.ugb-98d570f-content-wrapper > h1,.ugb-98d570f-content-wrapper > h2,.ugb-98d570f-content-wrapper > h3,.ugb-98d570f-content-wrapper > h4,.ugb-98d570f-content-wrapper > h5,.ugb-98d570f-content-wrapper > h6{color:#222222}.ugb-98d570f-content-wrapper > p,.ugb-98d570f-content-wrapper > ol li,.ugb-98d570f-content-wrapper > ul li{color:#222222}<\/style><div class=\"ugb-inner-block\"><div class=\"ugb-block-content\"><div class=\"ugb-container__wrapper ugb-98d570f-wrapper ugb--shadow-3\"><div class=\"ugb-container__side\"><div class=\"ugb-container__content-wrapper ugb-98d570f-content-wrapper\">\n<h3 class=\"wp-block-heading\">Marcos 11<\/h3>\n\n\n\n<h5 class=\"wp-block-heading\">La entrada triunfal en Jerusal\u00e9n<\/h5>\n\n\n\n<h6 class=\"wp-block-heading\">(Mt. 21.1-11; Lc. 19.28-40; Jn. 12.12-19)<\/h6>\n\n\n\n<p><strong>1\u00a0<\/strong>\u00a0Cuando se acercaban a Jerusal\u00e9n, junto a Betfag\u00e9 y a Betania, frente al monte de los Olivos, Jes\u00fas envi\u00f3 dos de sus disc\u00edpulos,<\/p>\n\n\n\n<p><sup>2&nbsp;<\/sup>y les dijo: Id a la aldea que est\u00e1 enfrente de vosotros, y luego que entr\u00e9is en ella, hallar\u00e9is un pollino atado, en el cual ning\u00fan hombre ha montado; desatadlo y traedlo.<\/p>\n\n\n\n<p><sup>3&nbsp;<\/sup>Y si alguien os dijere: \u00bfPor qu\u00e9 hac\u00e9is eso? decid que el Se\u00f1or lo necesita, y que luego lo devolver\u00e1.<\/p>\n\n\n\n<p><sup>4&nbsp;<\/sup>Fueron, y hallaron el pollino atado afuera a la puerta, en el recodo del camino, y lo desataron.<\/p>\n\n\n\n<p><sup>5&nbsp;<\/sup>Y unos de los que estaban all\u00ed les dijeron: \u00bfQu\u00e9 hac\u00e9is desatando el pollino?<\/p>\n\n\n\n<p><sup>6&nbsp;<\/sup>Ellos entonces les dijeron como Jes\u00fas hab\u00eda mandado; y los dejaron.<\/p>\n\n\n\n<p><sup>7&nbsp;<\/sup>Y trajeron el pollino a Jes\u00fas, y echaron sobre \u00e9l sus mantos, y se sent\u00f3 sobre \u00e9l.<\/p>\n\n\n\n<p><sup>8&nbsp;<\/sup>Tambi\u00e9n muchos tend\u00edan sus mantos por el camino, y otros cortaban ramas de los \u00e1rboles, y las tend\u00edan por el camino.<\/p>\n\n\n\n<p><sup>9&nbsp;<\/sup>Y los que iban delante y los que ven\u00edan detr\u00e1s daban voces, diciendo: !!Hosanna!&nbsp;!!Bendito el que viene en el nombre del Se\u00f1or!<\/p>\n\n\n\n<p><sup>10&nbsp;<\/sup>!!Bendito el reino de nuestro padre David que viene! !!Hosanna en las alturas!<\/p>\n\n\n\n<p><sup>11&nbsp;<\/sup>Y entr\u00f3 Jes\u00fas en Jerusal\u00e9n, y en el templo; y habiendo mirado alrededor todas las cosas, como ya anochec\u00eda, se fue a Betania con los doce.<\/p>\n\n\n\n<h5 class=\"wp-block-heading\">Maldici\u00f3n de la higuera est\u00e9ril<\/h5>\n\n\n\n<h6 class=\"wp-block-heading\">(Mt. 21.18-19)<\/h6>\n\n\n\n<p><sup>12&nbsp;<\/sup>Al d\u00eda siguiente, cuando salieron de Betania, tuvo hambre.<\/p>\n\n\n\n<p><sup>13&nbsp;<\/sup>Y viendo de lejos una higuera que ten\u00eda hojas, fue a ver si tal vez hallaba en ella algo; pero cuando lleg\u00f3 a ella, nada hall\u00f3 sino hojas, pues no era tiempo de higos.<\/p>\n\n\n\n<p><sup>14&nbsp;<\/sup>Entonces Jes\u00fas dijo a la higuera: Nunca jam\u00e1s coma nadie fruto de ti. Y lo oyeron sus disc\u00edpulos.<\/p>\n\n\n\n<h5 class=\"wp-block-heading\">Purificaci\u00f3n del templo<\/h5>\n\n\n\n<h6 class=\"wp-block-heading\">(Mt. 21.12-17; Lc. 19.45-48; Jn. 2.13-22)<\/h6>\n\n\n\n<p><sup>15&nbsp;<\/sup>Vinieron, pues, a Jerusal\u00e9n; y entrando Jes\u00fas en el templo, comenz\u00f3 a echar fuera a los que vend\u00edan y compraban en el templo; y volc\u00f3 las mesas de los cambistas, y las sillas de los que vend\u00edan palomas;<\/p>\n\n\n\n<p><sup>16&nbsp;<\/sup>y no consent\u00eda que nadie atravesase el templo llevando utensilio alguno.<\/p>\n\n\n\n<p><sup>17&nbsp;<\/sup>Y les ense\u00f1aba, diciendo: \u00bfNo est\u00e1 escrito: Mi casa ser\u00e1 llamada casa de oraci\u00f3n para todas las naciones? Mas vosotros la hab\u00e9is hecho cueva de ladrones.<\/p>\n\n\n\n<p><sup>18&nbsp;<\/sup>Y lo oyeron los escribas y los principales sacerdotes, y buscaban c\u00f3mo matarle; porque le ten\u00edan miedo, por cuanto todo el pueblo estaba admirado de su doctrina.<\/p>\n\n\n\n<p><sup>19&nbsp;<\/sup>Pero al llegar la noche, Jes\u00fas sali\u00f3 de la ciudad.<\/p>\n\n\n\n<h5 class=\"wp-block-heading\">La higuera maldecida se seca<\/h5>\n\n\n\n<h6 class=\"wp-block-heading\">(Mt. 21.19-22)<\/h6>\n\n\n\n<p><sup>20&nbsp;<\/sup>Y pasando por la ma\u00f1ana, vieron que la higuera se hab\u00eda secado desde las ra\u00edces.<\/p>\n\n\n\n<p><sup>21&nbsp;<\/sup>Entonces Pedro, acord\u00e1ndose, le dijo: Maestro, mira, la higuera que maldijiste se ha secado.<\/p>\n\n\n\n<p><sup>22&nbsp;<\/sup>Respondiendo Jes\u00fas, les dijo: Tened fe en Dios.<\/p>\n\n\n\n<p><sup>23&nbsp;<\/sup>Porque de cierto os digo que cualquiera que dijere a este monte: Qu\u00edtate y \u00e9chate en el mar, y no dudare en su coraz\u00f3n, sino creyere que ser\u00e1 hecho lo que dice, lo que diga le ser\u00e1 hecho.<\/p>\n\n\n\n<p><sup>24&nbsp;<\/sup>Por tanto, os digo que todo lo que pidiereis orando, creed que lo recibir\u00e9is, y os vendr\u00e1.<\/p>\n\n\n\n<p><sup>25&nbsp;<\/sup>Y cuando est\u00e9is orando, perdonad, si ten\u00e9is algo contra alguno, para que tambi\u00e9n vuestro Padre que est\u00e1 en los cielos os perdone a vosotros vuestras ofensas.<\/p>\n\n\n\n<p><sup>26&nbsp;<\/sup>Porque si vosotros no perdon\u00e1is, tampoco vuestro Padre que est\u00e1 en los cielos os perdonar\u00e1 vuestras ofensas.<\/p>\n\n\n\n<h5 class=\"wp-block-heading\">La autoridad de Jes\u00fas<\/h5>\n\n\n\n<h6 class=\"wp-block-heading\">(Mt. 21.23-27; Lc. 20.1-8)<\/h6>\n\n\n\n<p><sup>27&nbsp;<\/sup>Volvieron entonces a Jerusal\u00e9n; y andando \u00e9l por el templo, vinieron a \u00e9l los principales sacerdotes, los escribas y los ancianos,<\/p>\n\n\n\n<p><sup>28&nbsp;<\/sup>y le dijeron: \u00bfCon qu\u00e9 autoridad haces estas cosas, y qui\u00e9n te dio autoridad para hacer estas cosas?<\/p>\n\n\n\n<p><sup>29&nbsp;<\/sup>Jes\u00fas, respondiendo, les dijo: Os har\u00e9 yo tambi\u00e9n una pregunta; respondedme, y os dir\u00e9 con qu\u00e9 autoridad hago estas cosas.<\/p>\n\n\n\n<p><sup>30&nbsp;<\/sup>El bautismo de Juan, \u00bfera del cielo, o de los hombres? Respondedme.<\/p>\n\n\n\n<p><sup>31&nbsp;<\/sup>Entonces ellos discut\u00edan entre s\u00ed, diciendo: Si decimos, del cielo, dir\u00e1: \u00bfPor qu\u00e9, pues, no le cre\u00edsteis?<\/p>\n\n\n\n<p><sup>32&nbsp;<\/sup>\u00bfY si decimos, de los hombres&#8230;? Pero tem\u00edan al pueblo, pues todos ten\u00edan a Juan como un verdadero profeta.<\/p>\n\n\n\n<p><sup>33&nbsp;<\/sup>As\u00ed que, respondiendo, dijeron a Jes\u00fas: No sabemos. Entonces respondiendo Jes\u00fas, les dijo: Tampoco yo os digo con qu\u00e9 autoridad hago estas cosas.<\/p>\n\n\n\n<p>Versi\u00f3n Reina-Valera 1960 \u00a9 Sociedades B\u00edblicas en Am\u00e9rica Latina, 1960. Renovado \u00a9 Sociedades B\u00edblicas Unidas, 1988.<\/p>\n<\/div><\/div><\/div><\/div><\/div><\/div>\n","protected":false},"excerpt":{"rendered":"<p>Marcos 11 La entrada triunfal en Jerusal\u00e9n (Mt. 21.1-11; Lc. 19.28-40; Jn. 12.12-19) 1\u00a0\u00a0Cuando se acercaban a Jerusal\u00e9n, junto a Betfag\u00e9 y a Betania, frente al monte de los Olivos, Jes\u00fas envi\u00f3 dos de sus disc\u00edpulos, 2&nbsp;y les dijo: Id a la aldea que est\u00e1 enfrente de vosotros, y luego que entr\u00e9is en ella, hallar\u00e9is &hellip; <a href=\"https:\/\/esp.championforest.org\/devotionals\/marcos-abril-1\/\" class=\"more-link\">Continue reading <span class=\"screen-reader-text\">Marcos Cap\u00edtulo 11<\/span><\/a><\/p>\n","protected":false},"author":2,"featured_media":9,"comment_status":"open","ping_status":"open","sticky":false,"template":"","format":"standard","meta":{"footnotes":""},"categories":[3],"tags":[],"class_list":["post-215","post","type-post","status-publish","format-standard","has-post-thumbnail","hentry","category-marcos"],"featured_image_urls_v2":{"full":["https:\/\/esp.championforest.org\/devotionals\/wp-content\/uploads\/2019\/11\/bible-banner.jpg",2000,733,false],"thumbnail":["https:\/\/esp.championforest.org\/devotionals\/wp-content\/uploads\/2019\/11\/bible-banner-150x150.jpg",150,150,true],"medium":["https:\/\/esp.championforest.org\/devotionals\/wp-content\/uploads\/2019\/11\/bible-banner-300x110.jpg",300,110,true],"medium_large":["https:\/\/esp.championforest.org\/devotionals\/wp-content\/uploads\/2019\/11\/bible-banner-768x281.jpg",768,281,true],"large":["https:\/\/esp.championforest.org\/devotionals\/wp-content\/uploads\/2019\/11\/bible-banner-1024x375.jpg",900,330,true],"1536x1536":["https:\/\/esp.championforest.org\/devotionals\/wp-content\/uploads\/2019\/11\/bible-banner-1536x563.jpg",1536,563,true],"2048x2048":["https:\/\/esp.championforest.org\/devotionals\/wp-content\/uploads\/2019\/11\/bible-banner.jpg",2000,733,false],"post-thumbnail":["https:\/\/esp.championforest.org\/devotionals\/wp-content\/uploads\/2019\/11\/bible-banner.jpg",2000,733,false]},"post_excerpt_stackable_v2":"<p>Marcos 11 La entrada triunfal en Jerusal\u00e9n (Mt. 21.1-11; Lc. 19.28-40; Jn. 12.12-19) 1\u00a0\u00a0Cuando se acercaban a Jerusal\u00e9n, junto a Betfag\u00e9 y a Betania, frente al monte de los Olivos, Jes\u00fas envi\u00f3 dos de sus disc\u00edpulos, 2&nbsp;y les dijo: Id a la aldea que est\u00e1 enfrente de vosotros, y luego que entr\u00e9is en ella, hallar\u00e9is un pollino atado, en el cual ning\u00fan hombre ha montado; desatadlo y traedlo. 3&nbsp;Y si alguien os dijere: \u00bfPor qu\u00e9 hac\u00e9is eso? decid que el Se\u00f1or lo necesita, y que luego lo devolver\u00e1. 4&nbsp;Fueron, y hallaron el pollino atado afuera a la puerta, en el&hellip;<\/p>\n","category_list_v2":"<a href=\"https:\/\/esp.championforest.org\/devotionals\/category\/marcos\/\" rel=\"category tag\">Marcos<\/a>","author_info_v2":{"name":"Champion Forest","url":"https:\/\/esp.championforest.org\/devotionals\/author\/cfbcms_admin\/"},"comments_num_v2":"3 comments","yoast_head":"<!-- This site is optimized with the Yoast SEO plugin v27.3 - https:\/\/yoast.com\/product\/yoast-seo-wordpress\/ -->\n<title>Marcos Cap\u00edtulo 11 - Devocionales<\/title>\n<meta name=\"robots\" content=\"index, follow, max-snippet:-1, max-image-preview:large, max-video-preview:-1\" \/>\n<link rel=\"canonical\" href=\"https:\/\/esp.championforest.org\/devotionals\/marcos-abril-1\/\" \/>\n<meta property=\"og:locale\" content=\"en_US\" \/>\n<meta property=\"og:type\" content=\"article\" \/>\n<meta property=\"og:title\" content=\"Marcos Cap\u00edtulo 11 - Devocionales\" \/>\n<meta property=\"og:description\" content=\"Marcos 11 La entrada triunfal en Jerusal\u00e9n (Mt. 21.1-11; Lc. 19.28-40; Jn. 12.12-19) 1\u00a0\u00a0Cuando se acercaban a Jerusal\u00e9n, junto a Betfag\u00e9 y a Betania, frente al monte de los Olivos, Jes\u00fas envi\u00f3 dos de sus disc\u00edpulos, 2&nbsp;y les dijo: Id a la aldea que est\u00e1 enfrente de vosotros, y luego que entr\u00e9is en ella, hallar\u00e9is &hellip; Continue reading Marcos Cap\u00edtulo 11\" \/>\n<meta property=\"og:url\" content=\"https:\/\/esp.championforest.org\/devotionals\/marcos-abril-1\/\" \/>\n<meta property=\"og:site_name\" content=\"Devocionales\" \/>\n<meta property=\"article:published_time\" content=\"2020-04-01T07:00:00+00:00\" \/>\n<meta property=\"og:image\" content=\"https:\/\/esp.championforest.org\/devotionals\/wp-content\/uploads\/2019\/11\/bible-banner.jpg\" \/>\n\t<meta property=\"og:image:width\" content=\"2000\" \/>\n\t<meta property=\"og:image:height\" content=\"733\" \/>\n\t<meta property=\"og:image:type\" content=\"image\/jpeg\" \/>\n<meta name=\"author\" content=\"Champion Forest\" \/>\n<meta name=\"twitter:card\" content=\"summary_large_image\" \/>\n<meta name=\"twitter:label1\" content=\"Written by\" \/>\n\t<meta name=\"twitter:data1\" content=\"Champion Forest\" \/>\n\t<meta name=\"twitter:label2\" content=\"Est. reading time\" \/>\n\t<meta name=\"twitter:data2\" content=\"4 minutes\" \/>\n<script type=\"application\/ld+json\" class=\"yoast-schema-graph\">{\"@context\":\"https:\\\/\\\/schema.org\",\"@graph\":[{\"@type\":\"Article\",\"@id\":\"https:\\\/\\\/esp.championforest.org\\\/devotionals\\\/marcos-abril-1\\\/#article\",\"isPartOf\":{\"@id\":\"https:\\\/\\\/esp.championforest.org\\\/devotionals\\\/marcos-abril-1\\\/\"},\"author\":{\"name\":\"Champion Forest\",\"@id\":\"https:\\\/\\\/esp.championforest.org\\\/devotionals\\\/#\\\/schema\\\/person\\\/0d7b32cb6698781087962c699912c666\"},\"headline\":\"Marcos Cap\u00edtulo 11\",\"datePublished\":\"2020-04-01T07:00:00+00:00\",\"mainEntityOfPage\":{\"@id\":\"https:\\\/\\\/esp.championforest.org\\\/devotionals\\\/marcos-abril-1\\\/\"},\"wordCount\":814,\"commentCount\":3,\"image\":{\"@id\":\"https:\\\/\\\/esp.championforest.org\\\/devotionals\\\/marcos-abril-1\\\/#primaryimage\"},\"thumbnailUrl\":\"https:\\\/\\\/esp.championforest.org\\\/devotionals\\\/wp-content\\\/uploads\\\/2019\\\/11\\\/bible-banner.jpg\",\"articleSection\":[\"Marcos\"],\"inLanguage\":\"en-US\",\"potentialAction\":[{\"@type\":\"CommentAction\",\"name\":\"Comment\",\"target\":[\"https:\\\/\\\/esp.championforest.org\\\/devotionals\\\/marcos-abril-1\\\/#respond\"]}]},{\"@type\":\"WebPage\",\"@id\":\"https:\\\/\\\/esp.championforest.org\\\/devotionals\\\/marcos-abril-1\\\/\",\"url\":\"https:\\\/\\\/esp.championforest.org\\\/devotionals\\\/marcos-abril-1\\\/\",\"name\":\"Marcos Cap\u00edtulo 11 - Devocionales\",\"isPartOf\":{\"@id\":\"https:\\\/\\\/esp.championforest.org\\\/devotionals\\\/#website\"},\"primaryImageOfPage\":{\"@id\":\"https:\\\/\\\/esp.championforest.org\\\/devotionals\\\/marcos-abril-1\\\/#primaryimage\"},\"image\":{\"@id\":\"https:\\\/\\\/esp.championforest.org\\\/devotionals\\\/marcos-abril-1\\\/#primaryimage\"},\"thumbnailUrl\":\"https:\\\/\\\/esp.championforest.org\\\/devotionals\\\/wp-content\\\/uploads\\\/2019\\\/11\\\/bible-banner.jpg\",\"datePublished\":\"2020-04-01T07:00:00+00:00\",\"author\":{\"@id\":\"https:\\\/\\\/esp.championforest.org\\\/devotionals\\\/#\\\/schema\\\/person\\\/0d7b32cb6698781087962c699912c666\"},\"breadcrumb\":{\"@id\":\"https:\\\/\\\/esp.championforest.org\\\/devotionals\\\/marcos-abril-1\\\/#breadcrumb\"},\"inLanguage\":\"en-US\",\"potentialAction\":[{\"@type\":\"ReadAction\",\"target\":[\"https:\\\/\\\/esp.championforest.org\\\/devotionals\\\/marcos-abril-1\\\/\"]}]},{\"@type\":\"ImageObject\",\"inLanguage\":\"en-US\",\"@id\":\"https:\\\/\\\/esp.championforest.org\\\/devotionals\\\/marcos-abril-1\\\/#primaryimage\",\"url\":\"https:\\\/\\\/esp.championforest.org\\\/devotionals\\\/wp-content\\\/uploads\\\/2019\\\/11\\\/bible-banner.jpg\",\"contentUrl\":\"https:\\\/\\\/esp.championforest.org\\\/devotionals\\\/wp-content\\\/uploads\\\/2019\\\/11\\\/bible-banner.jpg\",\"width\":2000,\"height\":733},{\"@type\":\"BreadcrumbList\",\"@id\":\"https:\\\/\\\/esp.championforest.org\\\/devotionals\\\/marcos-abril-1\\\/#breadcrumb\",\"itemListElement\":[{\"@type\":\"ListItem\",\"position\":1,\"name\":\"Casa\",\"item\":\"https:\\\/\\\/esp.championforest.org\\\/devotionals\\\/\"},{\"@type\":\"ListItem\",\"position\":2,\"name\":\"Marcos Cap\u00edtulo 11\"}]},{\"@type\":\"WebSite\",\"@id\":\"https:\\\/\\\/esp.championforest.org\\\/devotionals\\\/#website\",\"url\":\"https:\\\/\\\/esp.championforest.org\\\/devotionals\\\/\",\"name\":\"Devocionales\",\"description\":\"\",\"potentialAction\":[{\"@type\":\"SearchAction\",\"target\":{\"@type\":\"EntryPoint\",\"urlTemplate\":\"https:\\\/\\\/esp.championforest.org\\\/devotionals\\\/?s={search_term_string}\"},\"query-input\":{\"@type\":\"PropertyValueSpecification\",\"valueRequired\":true,\"valueName\":\"search_term_string\"}}],\"inLanguage\":\"en-US\"},{\"@type\":\"Person\",\"@id\":\"https:\\\/\\\/esp.championforest.org\\\/devotionals\\\/#\\\/schema\\\/person\\\/0d7b32cb6698781087962c699912c666\",\"name\":\"Champion Forest\",\"image\":{\"@type\":\"ImageObject\",\"inLanguage\":\"en-US\",\"@id\":\"https:\\\/\\\/secure.gravatar.com\\\/avatar\\\/978ba5d6180fa65624708e969f442efde16543b129f0679a2cb301024d170062?s=96&d=mm&r=g\",\"url\":\"https:\\\/\\\/secure.gravatar.com\\\/avatar\\\/978ba5d6180fa65624708e969f442efde16543b129f0679a2cb301024d170062?s=96&d=mm&r=g\",\"contentUrl\":\"https:\\\/\\\/secure.gravatar.com\\\/avatar\\\/978ba5d6180fa65624708e969f442efde16543b129f0679a2cb301024d170062?s=96&d=mm&r=g\",\"caption\":\"Champion Forest\"},\"url\":\"https:\\\/\\\/esp.championforest.org\\\/devotionals\\\/author\\\/cfbcms_admin\\\/\"}]}<\/script>\n<!-- \/ Yoast SEO plugin. -->","yoast_head_json":{"title":"Marcos Cap\u00edtulo 11 - Devocionales","robots":{"index":"index","follow":"follow","max-snippet":"max-snippet:-1","max-image-preview":"max-image-preview:large","max-video-preview":"max-video-preview:-1"},"canonical":"https:\/\/esp.championforest.org\/devotionals\/marcos-abril-1\/","og_locale":"en_US","og_type":"article","og_title":"Marcos Cap\u00edtulo 11 - Devocionales","og_description":"Marcos 11 La entrada triunfal en Jerusal\u00e9n (Mt. 21.1-11; Lc. 19.28-40; Jn. 12.12-19) 1\u00a0\u00a0Cuando se acercaban a Jerusal\u00e9n, junto a Betfag\u00e9 y a Betania, frente al monte de los Olivos, Jes\u00fas envi\u00f3 dos de sus disc\u00edpulos, 2&nbsp;y les dijo: Id a la aldea que est\u00e1 enfrente de vosotros, y luego que entr\u00e9is en ella, hallar\u00e9is &hellip; Continue reading Marcos Cap\u00edtulo 11","og_url":"https:\/\/esp.championforest.org\/devotionals\/marcos-abril-1\/","og_site_name":"Devocionales","article_published_time":"2020-04-01T07:00:00+00:00","og_image":[{"width":2000,"height":733,"url":"https:\/\/esp.championforest.org\/devotionals\/wp-content\/uploads\/2019\/11\/bible-banner.jpg","type":"image\/jpeg"}],"author":"Champion Forest","twitter_card":"summary_large_image","twitter_misc":{"Written by":"Champion Forest","Est. reading time":"4 minutes"},"schema":{"@context":"https:\/\/schema.org","@graph":[{"@type":"Article","@id":"https:\/\/esp.championforest.org\/devotionals\/marcos-abril-1\/#article","isPartOf":{"@id":"https:\/\/esp.championforest.org\/devotionals\/marcos-abril-1\/"},"author":{"name":"Champion Forest","@id":"https:\/\/esp.championforest.org\/devotionals\/#\/schema\/person\/0d7b32cb6698781087962c699912c666"},"headline":"Marcos Cap\u00edtulo 11","datePublished":"2020-04-01T07:00:00+00:00","mainEntityOfPage":{"@id":"https:\/\/esp.championforest.org\/devotionals\/marcos-abril-1\/"},"wordCount":814,"commentCount":3,"image":{"@id":"https:\/\/esp.championforest.org\/devotionals\/marcos-abril-1\/#primaryimage"},"thumbnailUrl":"https:\/\/esp.championforest.org\/devotionals\/wp-content\/uploads\/2019\/11\/bible-banner.jpg","articleSection":["Marcos"],"inLanguage":"en-US","potentialAction":[{"@type":"CommentAction","name":"Comment","target":["https:\/\/esp.championforest.org\/devotionals\/marcos-abril-1\/#respond"]}]},{"@type":"WebPage","@id":"https:\/\/esp.championforest.org\/devotionals\/marcos-abril-1\/","url":"https:\/\/esp.championforest.org\/devotionals\/marcos-abril-1\/","name":"Marcos Cap\u00edtulo 11 - Devocionales","isPartOf":{"@id":"https:\/\/esp.championforest.org\/devotionals\/#website"},"primaryImageOfPage":{"@id":"https:\/\/esp.championforest.org\/devotionals\/marcos-abril-1\/#primaryimage"},"image":{"@id":"https:\/\/esp.championforest.org\/devotionals\/marcos-abril-1\/#primaryimage"},"thumbnailUrl":"https:\/\/esp.championforest.org\/devotionals\/wp-content\/uploads\/2019\/11\/bible-banner.jpg","datePublished":"2020-04-01T07:00:00+00:00","author":{"@id":"https:\/\/esp.championforest.org\/devotionals\/#\/schema\/person\/0d7b32cb6698781087962c699912c666"},"breadcrumb":{"@id":"https:\/\/esp.championforest.org\/devotionals\/marcos-abril-1\/#breadcrumb"},"inLanguage":"en-US","potentialAction":[{"@type":"ReadAction","target":["https:\/\/esp.championforest.org\/devotionals\/marcos-abril-1\/"]}]},{"@type":"ImageObject","inLanguage":"en-US","@id":"https:\/\/esp.championforest.org\/devotionals\/marcos-abril-1\/#primaryimage","url":"https:\/\/esp.championforest.org\/devotionals\/wp-content\/uploads\/2019\/11\/bible-banner.jpg","contentUrl":"https:\/\/esp.championforest.org\/devotionals\/wp-content\/uploads\/2019\/11\/bible-banner.jpg","width":2000,"height":733},{"@type":"BreadcrumbList","@id":"https:\/\/esp.championforest.org\/devotionals\/marcos-abril-1\/#breadcrumb","itemListElement":[{"@type":"ListItem","position":1,"name":"Casa","item":"https:\/\/esp.championforest.org\/devotionals\/"},{"@type":"ListItem","position":2,"name":"Marcos Cap\u00edtulo 11"}]},{"@type":"WebSite","@id":"https:\/\/esp.championforest.org\/devotionals\/#website","url":"https:\/\/esp.championforest.org\/devotionals\/","name":"Devocionales","description":"","potentialAction":[{"@type":"SearchAction","target":{"@type":"EntryPoint","urlTemplate":"https:\/\/esp.championforest.org\/devotionals\/?s={search_term_string}"},"query-input":{"@type":"PropertyValueSpecification","valueRequired":true,"valueName":"search_term_string"}}],"inLanguage":"en-US"},{"@type":"Person","@id":"https:\/\/esp.championforest.org\/devotionals\/#\/schema\/person\/0d7b32cb6698781087962c699912c666","name":"Champion Forest","image":{"@type":"ImageObject","inLanguage":"en-US","@id":"https:\/\/secure.gravatar.com\/avatar\/978ba5d6180fa65624708e969f442efde16543b129f0679a2cb301024d170062?s=96&d=mm&r=g","url":"https:\/\/secure.gravatar.com\/avatar\/978ba5d6180fa65624708e969f442efde16543b129f0679a2cb301024d170062?s=96&d=mm&r=g","contentUrl":"https:\/\/secure.gravatar.com\/avatar\/978ba5d6180fa65624708e969f442efde16543b129f0679a2cb301024d170062?s=96&d=mm&r=g","caption":"Champion Forest"},"url":"https:\/\/esp.championforest.org\/devotionals\/author\/cfbcms_admin\/"}]}},"_links":{"self":[{"href":"https:\/\/esp.championforest.org\/devotionals\/wp-json\/wp\/v2\/posts\/215","targetHints":{"allow":["GET"]}}],"collection":[{"href":"https:\/\/esp.championforest.org\/devotionals\/wp-json\/wp\/v2\/posts"}],"about":[{"href":"https:\/\/esp.championforest.org\/devotionals\/wp-json\/wp\/v2\/types\/post"}],"author":[{"embeddable":true,"href":"https:\/\/esp.championforest.org\/devotionals\/wp-json\/wp\/v2\/users\/2"}],"replies":[{"embeddable":true,"href":"https:\/\/esp.championforest.org\/devotionals\/wp-json\/wp\/v2\/comments?post=215"}],"version-history":[{"count":1,"href":"https:\/\/esp.championforest.org\/devotionals\/wp-json\/wp\/v2\/posts\/215\/revisions"}],"predecessor-version":[{"id":216,"href":"https:\/\/esp.championforest.org\/devotionals\/wp-json\/wp\/v2\/posts\/215\/revisions\/216"}],"wp:featuredmedia":[{"embeddable":true,"href":"https:\/\/esp.championforest.org\/devotionals\/wp-json\/wp\/v2\/media\/9"}],"wp:attachment":[{"href":"https:\/\/esp.championforest.org\/devotionals\/wp-json\/wp\/v2\/media?parent=215"}],"wp:term":[{"taxonomy":"category","embeddable":true,"href":"https:\/\/esp.championforest.org\/devotionals\/wp-json\/wp\/v2\/categories?post=215"},{"taxonomy":"post_tag","embeddable":true,"href":"https:\/\/esp.championforest.org\/devotionals\/wp-json\/wp\/v2\/tags?post=215"}],"curies":[{"name":"wp","href":"https:\/\/api.w.org\/{rel}","templated":true}]}}