{"id":2129,"date":"2025-04-13T00:05:58","date_gmt":"2025-04-13T05:05:58","guid":{"rendered":"https:\/\/esp.championforest.org\/devotionals\/?p=2129"},"modified":"2025-04-12T09:46:39","modified_gmt":"2025-04-12T14:46:39","slug":"4-13-2025","status":"publish","type":"post","link":"https:\/\/esp.championforest.org\/devotionals\/4-13-2025\/","title":{"rendered":"D\u00eda Uno | Semana Santa 2025"},"content":{"rendered":"\n<h2 class=\"wp-block-heading\">La Entrada Triunfal<\/h2>\n\n\n\n<h4 class=\"wp-block-heading\">Zacar\u00edas 9:9, Mateo 21:1-9<\/h4>\n\n\n\n<p><span style=\"color: #000000;\" class=\"stk-highlight\">Autor:&nbsp;<em><em><em><em><em><em><em><em><em><em><em><em><em><em><em><em><em>Michael Neale<\/em><\/em><\/em><\/em><\/em><\/em><\/em><\/em><\/em><\/em><\/em><\/em><\/em><\/em><\/em><\/em><\/em><\/span><\/p>\n\n\n\n<div class=\"wp-block-group\"><div class=\"wp-block-group__inner-container is-layout-constrained wp-block-group-is-layout-constrained\">\n<div class=\"wp-block-stackable-hero stk-block-hero stk-block stk-bb37f46 is-style-default\" data-v=\"2\" data-block-id=\"bb37f46\"><style>.stk-bb37f46-inner-blocks{justify-content:center !important;}.stk-bb37f46-container{background-color:#f7f7f7 !important;}.stk-bb37f46-container:before{background-color:#f7f7f7 !important;}.stk-bb37f46 .stk-block-hero__content{min-height:500px !important;align-items:center !important;display:flex !important;}<\/style><div class=\"stk-block-hero__content stk-content-align stk-bb37f46-column stk-container stk-bb37f46-container stk-hover-parent\"><div class=\"stk-block-content stk-inner-blocks has-text-align-left stk--column-flex stk-bb37f46-inner-blocks\">\n<h4 class=\"wp-block-heading\">Zacar\u00edas 9:9<\/h4>\n\n\n\n<h5 class=\"wp-block-heading\">El futuro rey de Sion<\/h5>\n\n\n\n<p><sup>9&nbsp;<\/sup>Al\u00e9grate mucho, hija de Sion; da voces de j\u00fabilo, hija de Jerusal\u00e9n; he aqu\u00ed tu rey vendr\u00e1 a ti, justo y salvador, humilde, y cabalgando sobre un asno, sobre un pollino hijo de asna.<\/p>\n\n\n\n<h4 class=\"wp-block-heading\">Mateo 21:1-9<\/h4>\n\n\n\n<h5 class=\"wp-block-heading\">La entrada triunfal en Jerusal\u00e9n<\/h5>\n\n\n\n<h6 class=\"wp-block-heading\">(Mr. 11.1-11;&nbsp;Lc. 19.28-40;&nbsp;Jn. 12.12-19)<\/h6>\n\n\n\n<p><strong>21&nbsp;<\/strong>Cuando se acercaron a Jerusal\u00e9n, y vinieron a Betfag\u00e9, al monte de los Olivos, Jes\u00fas envi\u00f3 dos disc\u00edpulos,&nbsp;<sup>2&nbsp;<\/sup>dici\u00e9ndoles: Id a la aldea que est\u00e1 enfrente de vosotros, y luego hallar\u00e9is una asna atada, y un pollino con ella; desatadla, y tra\u00e9dmelos.&nbsp;<sup>3&nbsp;<\/sup>Y si alguien os dijere algo, decid: El Se\u00f1or los necesita; y luego los enviar\u00e1.&nbsp;<sup>4&nbsp;<\/sup>Todo esto aconteci\u00f3 para que se cumpliese lo dicho por el profeta, cuando dijo:<\/p>\n\n\n\n<p><sup>5&nbsp;<\/sup>Decid a la hija de Sion:<\/p>\n\n\n\n<p>He aqu\u00ed, tu Rey viene a ti,<\/p>\n\n\n\n<p>Manso, y sentado sobre una asna,<\/p>\n\n\n\n<p>Sobre un pollino, hijo de animal de carga.<\/p>\n\n\n\n<p><sup>6&nbsp;<\/sup>Y los disc\u00edpulos fueron, e hicieron como Jes\u00fas les mand\u00f3;&nbsp;<sup>7&nbsp;<\/sup>y trajeron el asna y el pollino, y pusieron sobre ellos sus mantos; y \u00e9l se sent\u00f3 encima.&nbsp;<sup>8&nbsp;<\/sup>Y la multitud, que era muy numerosa, tend\u00eda sus mantos en el camino; y otros cortaban ramas de los \u00e1rboles, y las tend\u00edan en el camino.&nbsp;<sup>9&nbsp;<\/sup>Y la gente que iba delante y la que iba detr\u00e1s aclamaba, diciendo: \u00a1Hosanna&nbsp;al Hijo de David! \u00a1Bendito el que viene en el nombre del Se\u00f1or!&nbsp;\u00a1Hosanna en las alturas!<\/p>\n\n\n\n<div class=\"wp-block-stackable-text stk-block-text stk-block stk-3f49bf1 stk-block-background\" data-block-id=\"3f49bf1\"><style>.stk-3f49bf1 .stk-block-text__text{font-size:13px !important;}@media screen and (max-width: 1023px){.stk-3f49bf1 .stk-block-text__text{font-size:13px !important;}}<\/style><p class=\"stk-block-text__text\">Reina-Valera 1960 \u00ae \u00a9 Sociedades B\u00edblicas en Am\u00e9rica Latina, 1960. Renovado \u00a9 Sociedades B\u00edblicas Unidas, 1988. Utilizado con permiso. Si desea m\u00e1s informaci\u00f3n visite&nbsp;<a href=\"https:\/\/www.americanbible.org\/\">americanbible.org<\/a>,&nbsp;<a href=\"https:\/\/www.unitedbiblesocieties.org\/\">unitedbiblesocieties.org<\/a>,&nbsp;<a href=\"https:\/\/www.vivelabiblia.com\/\">vivelabiblia.com<\/a>,&nbsp;<a href=\"http:\/\/unitedbiblesocieties.org\/es\/casa\/\">unitedbiblesocieties.org\/es\/casa\/<\/a>,&nbsp;<a href=\"https:\/\/rvr60.bible\/?utm_source=website&amp;utm_medium=link&amp;utm_campaign=BGWYCEV11232021&amp;utm_id=biblegateway\/\">www.rvr60.bible<\/a><\/p><\/div>\n<\/div><\/div><\/div>\n<\/div><\/div>\n\n\n\n<p><strong>Devocional<\/strong><\/p>\n\n\n\n<p class=\"has-medium-font-size\"><span style=\"color: #000000;\" class=\"stk-highlight\">\u201cAl\u00e9grate mucho, hija de Sion; da voces de j\u00fabilo, hija de Jerusal\u00e9n; he aqu\u00ed tu rey vendr\u00e1 a ti, justo y salvador, humilde, y cabalgando sobre un asno, sobre un pollino hijo de asna.\u201d\u2014 Zacar\u00edas 9:9<\/span><\/p>\n\n\n\n<p class=\"has-medium-font-size\"><span style=\"color: #000000;\" class=\"stk-highlight\">Los polvorientos caminos de Jerusal\u00e9n temblaban con expectaci\u00f3n. El aire se impregnaba con el aroma de ramas de palma, pisoteadas por pies llenos de esperanza. Siglos despu\u00e9s de la profec\u00eda de Zacar\u00edas, un gran Rey se acerca\u2014no sobre un caballo de guerra, ni vestido con armadura dorada, sino sobre el humilde pollino. El contraste es asombroso. Majestad cabalgando sobre mansedumbre, poder envuelto en humildad. Este era un Rey guerrero de una naturaleza completamente distinta.<\/span><\/p>\n\n\n\n<p class=\"has-medium-font-size\"><span style=\"color: #000000;\" class=\"stk-highlight\">Los gritos debieron alzarse como una marea creciente. &#8220;\u00a1Hosanna! \u00a1Bendito el que viene en el nombre del Se\u00f1or!&#8221; (Mateo 21:9). Los ecos de desesperaci\u00f3n y asombro resonaban por las colinas. Al extender sus mantos sobre el camino para recibir al Rey que cre\u00edan restaurar\u00eda la gloria de Israel, se encend\u00eda la semana de semanas. Si yo hubiera estado all\u00ed, probablemente tambi\u00e9n habr\u00eda malinterpretado la escena. Ellos esperaban conquista, pero \u00c9l vino con paz. Anhelaban una revoluci\u00f3n estruendosa, pero \u00c9l ofreci\u00f3 renovaci\u00f3n y redenci\u00f3n. Buscaban un le\u00f3n rugiente, pero \u00c9l lleg\u00f3 como un cordero manso.<\/span><\/p>\n\n\n\n<p class=\"has-medium-font-size\"><span style=\"color: #000000;\" class=\"stk-highlight\">Este momento, profetizado en Zacar\u00edas 9:9, no es un espect\u00e1culo fugaz, sino otra pieza en el gran mosaico del dise\u00f1o divino. Jes\u00fas no entra como un conquistador terrenal, sino como el libertador del cielo. No viene a derrocar a Roma, sino a vencer el dominio del pecado. Su coronaci\u00f3n no ser\u00e1 en un palacio, sino en una cruz. Su victoria no se escribir\u00e1 con sangre derramada en batalla, sino con Su propia sangre entregada por el mundo.<\/span><\/p>\n\n\n\n<p class=\"has-medium-font-size\"><span style=\"color: #000000;\" class=\"stk-highlight\">As\u00ed como ellos dispusieron sus palmas, depositemos nosotros nuestro orgullo, nuestros temores y deseos ego\u00edstas. Demos la bienvenida al Rey humilde y dej\u00e9mosle entrar en las ca\u00f3ticas y cansadas calles de nuestro coraz\u00f3n, no solo por un momento fugaz, sino para siempre. Su gobierno y Su reinado son plenos y definitivos. Son m\u00e1s profundos de lo que nuestros ojos pueden ver y m\u00e1s poderosos que cualquier espada. Nada eclipsar\u00e1 a nuestro Rey por los siglos de los siglos. \u00c9l viene no solo a reinar, sino a redimir y restaurar. Y Su Reino no tendr\u00e1 fin.<\/span><\/p>\n\n\n\n<p class=\"has-medium-font-size\"><span style=\"color: #000000;\" class=\"stk-highlight\">&#8220;\u00a1Hosanna! \u00a1Bendito el que viene en el nombre del Se\u00f1or!&#8221;<\/span><\/p>\n\n\n\n<p><\/p>\n","protected":false},"excerpt":{"rendered":"<p>La Entrada Triunfal Zacar\u00edas 9:9, Mateo 21:1-9 Autor:&nbsp;Michael Neale Zacar\u00edas 9:9 El futuro rey de Sion 9&nbsp;Al\u00e9grate mucho, hija de Sion; da voces de j\u00fabilo, hija de Jerusal\u00e9n; he aqu\u00ed tu rey vendr\u00e1 a ti, justo y salvador, humilde, y cabalgando sobre un asno, sobre un pollino hijo de asna. Mateo 21:1-9 La entrada triunfal &hellip; <a href=\"https:\/\/esp.championforest.org\/devotionals\/4-13-2025\/\" class=\"more-link\">Continue reading <span class=\"screen-reader-text\">D\u00eda Uno | Semana Santa 2025<\/span><\/a><\/p>\n","protected":false},"author":2,"featured_media":2131,"comment_status":"open","ping_status":"closed","sticky":false,"template":"","format":"standard","meta":{"footnotes":""},"categories":[5],"tags":[33],"class_list":["post-2129","post","type-post","status-publish","format-standard","has-post-thumbnail","hentry","category-semana-santa","tag-semana-santa-2025"],"featured_image_urls_v2":{"full":["https:\/\/esp.championforest.org\/devotionals\/wp-content\/uploads\/2025\/04\/Fulfilled-EasterDevo-BG-1080.jpg",1080,608,false],"thumbnail":["https:\/\/esp.championforest.org\/devotionals\/wp-content\/uploads\/2025\/04\/Fulfilled-EasterDevo-BG-1080-150x150.jpg",150,150,true],"medium":["https:\/\/esp.championforest.org\/devotionals\/wp-content\/uploads\/2025\/04\/Fulfilled-EasterDevo-BG-1080-300x169.jpg",300,169,true],"medium_large":["https:\/\/esp.championforest.org\/devotionals\/wp-content\/uploads\/2025\/04\/Fulfilled-EasterDevo-BG-1080-768x432.jpg",768,432,true],"large":["https:\/\/esp.championforest.org\/devotionals\/wp-content\/uploads\/2025\/04\/Fulfilled-EasterDevo-BG-1080-1024x576.jpg",900,506,true],"1536x1536":["https:\/\/esp.championforest.org\/devotionals\/wp-content\/uploads\/2025\/04\/Fulfilled-EasterDevo-BG-1080.jpg",1080,608,false],"2048x2048":["https:\/\/esp.championforest.org\/devotionals\/wp-content\/uploads\/2025\/04\/Fulfilled-EasterDevo-BG-1080.jpg",1080,608,false],"post-thumbnail":["https:\/\/esp.championforest.org\/devotionals\/wp-content\/uploads\/2025\/04\/Fulfilled-EasterDevo-BG-1080.jpg",1080,608,false]},"post_excerpt_stackable_v2":"<p>La Entrada Triunfal Zacar\u00edas 9:9, Mateo 21:1-9 Autor:&nbsp;Michael Neale Zacar\u00edas 9:9 El futuro rey de Sion 9&nbsp;Al\u00e9grate mucho, hija de Sion; da voces de j\u00fabilo, hija de Jerusal\u00e9n; he aqu\u00ed tu rey vendr\u00e1 a ti, justo y salvador, humilde, y cabalgando sobre un asno, sobre un pollino hijo de asna. Mateo 21:1-9 La entrada triunfal en Jerusal\u00e9n (Mr. 11.1-11;&nbsp;Lc. 19.28-40;&nbsp;Jn. 12.12-19) 21&nbsp;Cuando se acercaron a Jerusal\u00e9n, y vinieron a Betfag\u00e9, al monte de los Olivos, Jes\u00fas envi\u00f3 dos disc\u00edpulos,&nbsp;2&nbsp;dici\u00e9ndoles: Id a la aldea que est\u00e1 enfrente de vosotros, y luego hallar\u00e9is una asna atada, y un pollino con ella; desatadla,&hellip;<\/p>\n","category_list_v2":"<a href=\"https:\/\/esp.championforest.org\/devotionals\/category\/semana-santa\/\" rel=\"category tag\">Semana Santa<\/a>","author_info_v2":{"name":"Champion Forest","url":"https:\/\/esp.championforest.org\/devotionals\/author\/cfbcms_admin\/"},"comments_num_v2":"27 comments","yoast_head":"<!-- This site is optimized with the Yoast SEO plugin v27.3 - https:\/\/yoast.com\/product\/yoast-seo-wordpress\/ -->\n<title>D\u00eda Uno | Semana Santa 2025 - Devocionales<\/title>\n<meta name=\"robots\" content=\"index, follow, max-snippet:-1, max-image-preview:large, max-video-preview:-1\" \/>\n<link rel=\"canonical\" href=\"https:\/\/esp.championforest.org\/devotionals\/4-13-2025\/\" \/>\n<meta property=\"og:locale\" content=\"en_US\" \/>\n<meta property=\"og:type\" content=\"article\" \/>\n<meta property=\"og:title\" content=\"D\u00eda Uno | Semana Santa 2025 - Devocionales\" \/>\n<meta property=\"og:description\" content=\"La Entrada Triunfal Zacar\u00edas 9:9, Mateo 21:1-9 Autor:&nbsp;Michael Neale Zacar\u00edas 9:9 El futuro rey de Sion 9&nbsp;Al\u00e9grate mucho, hija de Sion; da voces de j\u00fabilo, hija de Jerusal\u00e9n; he aqu\u00ed tu rey vendr\u00e1 a ti, justo y salvador, humilde, y cabalgando sobre un asno, sobre un pollino hijo de asna. Mateo 21:1-9 La entrada triunfal &hellip; Continue reading D\u00eda Uno | Semana Santa 2025\" \/>\n<meta property=\"og:url\" content=\"https:\/\/esp.championforest.org\/devotionals\/4-13-2025\/\" \/>\n<meta property=\"og:site_name\" content=\"Devocionales\" \/>\n<meta property=\"article:published_time\" content=\"2025-04-13T05:05:58+00:00\" \/>\n<meta property=\"og:image\" content=\"https:\/\/esp.championforest.org\/devotionals\/wp-content\/uploads\/2025\/04\/Fulfilled-EasterDevo-BG-1080.jpg\" \/>\n\t<meta property=\"og:image:width\" content=\"1080\" \/>\n\t<meta property=\"og:image:height\" content=\"608\" \/>\n\t<meta property=\"og:image:type\" content=\"image\/jpeg\" \/>\n<meta name=\"author\" content=\"Champion Forest\" \/>\n<meta name=\"twitter:card\" content=\"summary_large_image\" \/>\n<meta name=\"twitter:label1\" content=\"Written by\" \/>\n\t<meta name=\"twitter:data1\" content=\"Champion Forest\" \/>\n\t<meta name=\"twitter:label2\" content=\"Est. reading time\" \/>\n\t<meta name=\"twitter:data2\" content=\"4 minutes\" \/>\n<script type=\"application\/ld+json\" class=\"yoast-schema-graph\">{\"@context\":\"https:\\\/\\\/schema.org\",\"@graph\":[{\"@type\":\"Article\",\"@id\":\"https:\\\/\\\/esp.championforest.org\\\/devotionals\\\/4-13-2025\\\/#article\",\"isPartOf\":{\"@id\":\"https:\\\/\\\/esp.championforest.org\\\/devotionals\\\/4-13-2025\\\/\"},\"author\":{\"name\":\"Champion Forest\",\"@id\":\"https:\\\/\\\/esp.championforest.org\\\/devotionals\\\/#\\\/schema\\\/person\\\/0d7b32cb6698781087962c699912c666\"},\"headline\":\"D\u00eda Uno | Semana Santa 2025\",\"datePublished\":\"2025-04-13T05:05:58+00:00\",\"mainEntityOfPage\":{\"@id\":\"https:\\\/\\\/esp.championforest.org\\\/devotionals\\\/4-13-2025\\\/\"},\"wordCount\":748,\"commentCount\":27,\"image\":{\"@id\":\"https:\\\/\\\/esp.championforest.org\\\/devotionals\\\/4-13-2025\\\/#primaryimage\"},\"thumbnailUrl\":\"https:\\\/\\\/esp.championforest.org\\\/devotionals\\\/wp-content\\\/uploads\\\/2025\\\/04\\\/Fulfilled-EasterDevo-BG-1080.jpg\",\"keywords\":[\"Semana Santa 2025\"],\"articleSection\":[\"Semana Santa\"],\"inLanguage\":\"en-US\",\"potentialAction\":[{\"@type\":\"CommentAction\",\"name\":\"Comment\",\"target\":[\"https:\\\/\\\/esp.championforest.org\\\/devotionals\\\/4-13-2025\\\/#respond\"]}]},{\"@type\":\"WebPage\",\"@id\":\"https:\\\/\\\/esp.championforest.org\\\/devotionals\\\/4-13-2025\\\/\",\"url\":\"https:\\\/\\\/esp.championforest.org\\\/devotionals\\\/4-13-2025\\\/\",\"name\":\"D\u00eda Uno | Semana Santa 2025 - Devocionales\",\"isPartOf\":{\"@id\":\"https:\\\/\\\/esp.championforest.org\\\/devotionals\\\/#website\"},\"primaryImageOfPage\":{\"@id\":\"https:\\\/\\\/esp.championforest.org\\\/devotionals\\\/4-13-2025\\\/#primaryimage\"},\"image\":{\"@id\":\"https:\\\/\\\/esp.championforest.org\\\/devotionals\\\/4-13-2025\\\/#primaryimage\"},\"thumbnailUrl\":\"https:\\\/\\\/esp.championforest.org\\\/devotionals\\\/wp-content\\\/uploads\\\/2025\\\/04\\\/Fulfilled-EasterDevo-BG-1080.jpg\",\"datePublished\":\"2025-04-13T05:05:58+00:00\",\"author\":{\"@id\":\"https:\\\/\\\/esp.championforest.org\\\/devotionals\\\/#\\\/schema\\\/person\\\/0d7b32cb6698781087962c699912c666\"},\"breadcrumb\":{\"@id\":\"https:\\\/\\\/esp.championforest.org\\\/devotionals\\\/4-13-2025\\\/#breadcrumb\"},\"inLanguage\":\"en-US\",\"potentialAction\":[{\"@type\":\"ReadAction\",\"target\":[\"https:\\\/\\\/esp.championforest.org\\\/devotionals\\\/4-13-2025\\\/\"]}]},{\"@type\":\"ImageObject\",\"inLanguage\":\"en-US\",\"@id\":\"https:\\\/\\\/esp.championforest.org\\\/devotionals\\\/4-13-2025\\\/#primaryimage\",\"url\":\"https:\\\/\\\/esp.championforest.org\\\/devotionals\\\/wp-content\\\/uploads\\\/2025\\\/04\\\/Fulfilled-EasterDevo-BG-1080.jpg\",\"contentUrl\":\"https:\\\/\\\/esp.championforest.org\\\/devotionals\\\/wp-content\\\/uploads\\\/2025\\\/04\\\/Fulfilled-EasterDevo-BG-1080.jpg\",\"width\":1080,\"height\":608},{\"@type\":\"BreadcrumbList\",\"@id\":\"https:\\\/\\\/esp.championforest.org\\\/devotionals\\\/4-13-2025\\\/#breadcrumb\",\"itemListElement\":[{\"@type\":\"ListItem\",\"position\":1,\"name\":\"Casa\",\"item\":\"https:\\\/\\\/esp.championforest.org\\\/devotionals\\\/\"},{\"@type\":\"ListItem\",\"position\":2,\"name\":\"D\u00eda Uno | Semana Santa 2025\"}]},{\"@type\":\"WebSite\",\"@id\":\"https:\\\/\\\/esp.championforest.org\\\/devotionals\\\/#website\",\"url\":\"https:\\\/\\\/esp.championforest.org\\\/devotionals\\\/\",\"name\":\"Devocionales\",\"description\":\"\",\"potentialAction\":[{\"@type\":\"SearchAction\",\"target\":{\"@type\":\"EntryPoint\",\"urlTemplate\":\"https:\\\/\\\/esp.championforest.org\\\/devotionals\\\/?s={search_term_string}\"},\"query-input\":{\"@type\":\"PropertyValueSpecification\",\"valueRequired\":true,\"valueName\":\"search_term_string\"}}],\"inLanguage\":\"en-US\"},{\"@type\":\"Person\",\"@id\":\"https:\\\/\\\/esp.championforest.org\\\/devotionals\\\/#\\\/schema\\\/person\\\/0d7b32cb6698781087962c699912c666\",\"name\":\"Champion Forest\",\"image\":{\"@type\":\"ImageObject\",\"inLanguage\":\"en-US\",\"@id\":\"https:\\\/\\\/secure.gravatar.com\\\/avatar\\\/978ba5d6180fa65624708e969f442efde16543b129f0679a2cb301024d170062?s=96&d=mm&r=g\",\"url\":\"https:\\\/\\\/secure.gravatar.com\\\/avatar\\\/978ba5d6180fa65624708e969f442efde16543b129f0679a2cb301024d170062?s=96&d=mm&r=g\",\"contentUrl\":\"https:\\\/\\\/secure.gravatar.com\\\/avatar\\\/978ba5d6180fa65624708e969f442efde16543b129f0679a2cb301024d170062?s=96&d=mm&r=g\",\"caption\":\"Champion Forest\"},\"url\":\"https:\\\/\\\/esp.championforest.org\\\/devotionals\\\/author\\\/cfbcms_admin\\\/\"}]}<\/script>\n<!-- \/ Yoast SEO plugin. -->","yoast_head_json":{"title":"D\u00eda Uno | Semana Santa 2025 - Devocionales","robots":{"index":"index","follow":"follow","max-snippet":"max-snippet:-1","max-image-preview":"max-image-preview:large","max-video-preview":"max-video-preview:-1"},"canonical":"https:\/\/esp.championforest.org\/devotionals\/4-13-2025\/","og_locale":"en_US","og_type":"article","og_title":"D\u00eda Uno | Semana Santa 2025 - Devocionales","og_description":"La Entrada Triunfal Zacar\u00edas 9:9, Mateo 21:1-9 Autor:&nbsp;Michael Neale Zacar\u00edas 9:9 El futuro rey de Sion 9&nbsp;Al\u00e9grate mucho, hija de Sion; da voces de j\u00fabilo, hija de Jerusal\u00e9n; he aqu\u00ed tu rey vendr\u00e1 a ti, justo y salvador, humilde, y cabalgando sobre un asno, sobre un pollino hijo de asna. Mateo 21:1-9 La entrada triunfal &hellip; Continue reading D\u00eda Uno | Semana Santa 2025","og_url":"https:\/\/esp.championforest.org\/devotionals\/4-13-2025\/","og_site_name":"Devocionales","article_published_time":"2025-04-13T05:05:58+00:00","og_image":[{"width":1080,"height":608,"url":"https:\/\/esp.championforest.org\/devotionals\/wp-content\/uploads\/2025\/04\/Fulfilled-EasterDevo-BG-1080.jpg","type":"image\/jpeg"}],"author":"Champion Forest","twitter_card":"summary_large_image","twitter_misc":{"Written by":"Champion Forest","Est. reading time":"4 minutes"},"schema":{"@context":"https:\/\/schema.org","@graph":[{"@type":"Article","@id":"https:\/\/esp.championforest.org\/devotionals\/4-13-2025\/#article","isPartOf":{"@id":"https:\/\/esp.championforest.org\/devotionals\/4-13-2025\/"},"author":{"name":"Champion Forest","@id":"https:\/\/esp.championforest.org\/devotionals\/#\/schema\/person\/0d7b32cb6698781087962c699912c666"},"headline":"D\u00eda Uno | Semana Santa 2025","datePublished":"2025-04-13T05:05:58+00:00","mainEntityOfPage":{"@id":"https:\/\/esp.championforest.org\/devotionals\/4-13-2025\/"},"wordCount":748,"commentCount":27,"image":{"@id":"https:\/\/esp.championforest.org\/devotionals\/4-13-2025\/#primaryimage"},"thumbnailUrl":"https:\/\/esp.championforest.org\/devotionals\/wp-content\/uploads\/2025\/04\/Fulfilled-EasterDevo-BG-1080.jpg","keywords":["Semana Santa 2025"],"articleSection":["Semana Santa"],"inLanguage":"en-US","potentialAction":[{"@type":"CommentAction","name":"Comment","target":["https:\/\/esp.championforest.org\/devotionals\/4-13-2025\/#respond"]}]},{"@type":"WebPage","@id":"https:\/\/esp.championforest.org\/devotionals\/4-13-2025\/","url":"https:\/\/esp.championforest.org\/devotionals\/4-13-2025\/","name":"D\u00eda Uno | Semana Santa 2025 - Devocionales","isPartOf":{"@id":"https:\/\/esp.championforest.org\/devotionals\/#website"},"primaryImageOfPage":{"@id":"https:\/\/esp.championforest.org\/devotionals\/4-13-2025\/#primaryimage"},"image":{"@id":"https:\/\/esp.championforest.org\/devotionals\/4-13-2025\/#primaryimage"},"thumbnailUrl":"https:\/\/esp.championforest.org\/devotionals\/wp-content\/uploads\/2025\/04\/Fulfilled-EasterDevo-BG-1080.jpg","datePublished":"2025-04-13T05:05:58+00:00","author":{"@id":"https:\/\/esp.championforest.org\/devotionals\/#\/schema\/person\/0d7b32cb6698781087962c699912c666"},"breadcrumb":{"@id":"https:\/\/esp.championforest.org\/devotionals\/4-13-2025\/#breadcrumb"},"inLanguage":"en-US","potentialAction":[{"@type":"ReadAction","target":["https:\/\/esp.championforest.org\/devotionals\/4-13-2025\/"]}]},{"@type":"ImageObject","inLanguage":"en-US","@id":"https:\/\/esp.championforest.org\/devotionals\/4-13-2025\/#primaryimage","url":"https:\/\/esp.championforest.org\/devotionals\/wp-content\/uploads\/2025\/04\/Fulfilled-EasterDevo-BG-1080.jpg","contentUrl":"https:\/\/esp.championforest.org\/devotionals\/wp-content\/uploads\/2025\/04\/Fulfilled-EasterDevo-BG-1080.jpg","width":1080,"height":608},{"@type":"BreadcrumbList","@id":"https:\/\/esp.championforest.org\/devotionals\/4-13-2025\/#breadcrumb","itemListElement":[{"@type":"ListItem","position":1,"name":"Casa","item":"https:\/\/esp.championforest.org\/devotionals\/"},{"@type":"ListItem","position":2,"name":"D\u00eda Uno | Semana Santa 2025"}]},{"@type":"WebSite","@id":"https:\/\/esp.championforest.org\/devotionals\/#website","url":"https:\/\/esp.championforest.org\/devotionals\/","name":"Devocionales","description":"","potentialAction":[{"@type":"SearchAction","target":{"@type":"EntryPoint","urlTemplate":"https:\/\/esp.championforest.org\/devotionals\/?s={search_term_string}"},"query-input":{"@type":"PropertyValueSpecification","valueRequired":true,"valueName":"search_term_string"}}],"inLanguage":"en-US"},{"@type":"Person","@id":"https:\/\/esp.championforest.org\/devotionals\/#\/schema\/person\/0d7b32cb6698781087962c699912c666","name":"Champion Forest","image":{"@type":"ImageObject","inLanguage":"en-US","@id":"https:\/\/secure.gravatar.com\/avatar\/978ba5d6180fa65624708e969f442efde16543b129f0679a2cb301024d170062?s=96&d=mm&r=g","url":"https:\/\/secure.gravatar.com\/avatar\/978ba5d6180fa65624708e969f442efde16543b129f0679a2cb301024d170062?s=96&d=mm&r=g","contentUrl":"https:\/\/secure.gravatar.com\/avatar\/978ba5d6180fa65624708e969f442efde16543b129f0679a2cb301024d170062?s=96&d=mm&r=g","caption":"Champion Forest"},"url":"https:\/\/esp.championforest.org\/devotionals\/author\/cfbcms_admin\/"}]}},"_links":{"self":[{"href":"https:\/\/esp.championforest.org\/devotionals\/wp-json\/wp\/v2\/posts\/2129","targetHints":{"allow":["GET"]}}],"collection":[{"href":"https:\/\/esp.championforest.org\/devotionals\/wp-json\/wp\/v2\/posts"}],"about":[{"href":"https:\/\/esp.championforest.org\/devotionals\/wp-json\/wp\/v2\/types\/post"}],"author":[{"embeddable":true,"href":"https:\/\/esp.championforest.org\/devotionals\/wp-json\/wp\/v2\/users\/2"}],"replies":[{"embeddable":true,"href":"https:\/\/esp.championforest.org\/devotionals\/wp-json\/wp\/v2\/comments?post=2129"}],"version-history":[{"count":9,"href":"https:\/\/esp.championforest.org\/devotionals\/wp-json\/wp\/v2\/posts\/2129\/revisions"}],"predecessor-version":[{"id":2189,"href":"https:\/\/esp.championforest.org\/devotionals\/wp-json\/wp\/v2\/posts\/2129\/revisions\/2189"}],"wp:featuredmedia":[{"embeddable":true,"href":"https:\/\/esp.championforest.org\/devotionals\/wp-json\/wp\/v2\/media\/2131"}],"wp:attachment":[{"href":"https:\/\/esp.championforest.org\/devotionals\/wp-json\/wp\/v2\/media?parent=2129"}],"wp:term":[{"taxonomy":"category","embeddable":true,"href":"https:\/\/esp.championforest.org\/devotionals\/wp-json\/wp\/v2\/categories?post=2129"},{"taxonomy":"post_tag","embeddable":true,"href":"https:\/\/esp.championforest.org\/devotionals\/wp-json\/wp\/v2\/tags?post=2129"}],"curies":[{"name":"wp","href":"https:\/\/api.w.org\/{rel}","templated":true}]}}