{"id":2104,"date":"2025-01-23T00:05:57","date_gmt":"2025-01-23T06:05:57","guid":{"rendered":"https:\/\/esp.championforest.org\/devotionals\/?p=2104"},"modified":"2025-01-22T14:23:48","modified_gmt":"2025-01-22T20:23:48","slug":"1-23-2025","status":"publish","type":"post","link":"https:\/\/esp.championforest.org\/devotionals\/1-23-2025\/","title":{"rendered":"D\u00eda Dieciocho | \u00bfQui\u00e9n es Jes\u00fas?"},"content":{"rendered":"\n<h2 class=\"wp-block-heading\"><span style=\"color: #000000;\" class=\"stk-highlight\">Juan 1<\/span>8<\/h2>\n\n\n\n<p><span style=\"color: #000000;\" class=\"stk-highlight\">Autor:\u00a0<em><em><em><em><em><em><em><em><em><em><em><em><em><em><em>Kimberly Armstrong<\/em><\/em><\/em><\/em><\/em><\/em><\/em><\/em><\/em><\/em><\/em><\/em><\/em><\/em><\/em><\/span><\/p>\n\n\n\n<div class=\"wp-block-group\"><div class=\"wp-block-group__inner-container is-layout-constrained wp-block-group-is-layout-constrained\">\n<div class=\"wp-block-stackable-hero stk-block-hero stk-block stk-bb37f46 is-style-default\" data-v=\"2\" data-block-id=\"bb37f46\"><style>.stk-bb37f46-inner-blocks{justify-content:center !important;}.stk-bb37f46-container{background-color:#f7f7f7 !important;}.stk-bb37f46-container:before{background-color:#f7f7f7 !important;}.stk-bb37f46 .stk-block-hero__content{min-height:500px !important;align-items:center !important;display:flex !important;}<\/style><div class=\"stk-block-hero__content stk-content-align stk-bb37f46-column stk-container stk-bb37f46-container stk-hover-parent\"><div class=\"stk-block-content stk-inner-blocks has-text-align-left stk--column-flex stk-bb37f46-inner-blocks\">\n<div class=\"wp-block-stackable-heading stk-block-heading stk-block-heading--v2 stk-block stk-4fd618f\" id=\"strong-juan-strong-18\" data-block-id=\"4fd618f\"><style>.stk-4fd618f {margin-bottom:0px !important;}<\/style><h4 class=\"stk-block-heading__text\"><strong>Juan <\/strong>18<\/h4><\/div>\n\n\n\n<p>Arresto de Jes\u00fas<\/p>\n\n\n\n<h5 class=\"wp-block-heading\">(Mt. 26.47-56;\u00a0Mr. 14.43-50;\u00a0Lc. 22.47-53)<\/h5>\n\n\n\n<p><strong>18&nbsp;<\/strong>Habiendo dicho Jes\u00fas estas cosas, sali\u00f3 con sus disc\u00edpulos al otro lado del torrente de Cedr\u00f3n, donde hab\u00eda un huerto, en el cual entr\u00f3 con sus disc\u00edpulos.&nbsp;<sup>2&nbsp;<\/sup>Y tambi\u00e9n Judas, el que le entregaba, conoc\u00eda aquel lugar, porque muchas veces Jes\u00fas se hab\u00eda reunido all\u00ed con sus disc\u00edpulos.&nbsp;<sup>3&nbsp;<\/sup>Judas, pues, tomando una compa\u00f1\u00eda de soldados, y alguaciles de los principales sacerdotes y de los fariseos, fue all\u00ed con linternas y antorchas, y con armas.&nbsp;<sup>4&nbsp;<\/sup>Pero Jes\u00fas, sabiendo todas las cosas que le hab\u00edan de sobrevenir, se adelant\u00f3 y les dijo: \u00bfA qui\u00e9n busc\u00e1is?&nbsp;<sup>5&nbsp;<\/sup>Le respondieron: A Jes\u00fas nazareno. Jes\u00fas les dijo: Yo soy. Y estaba tambi\u00e9n con ellos Judas, el que le entregaba.&nbsp;<sup>6&nbsp;<\/sup>Cuando les dijo: Yo soy, retrocedieron, y cayeron a tierra.&nbsp;<sup>7&nbsp;<\/sup>Volvi\u00f3, pues, a preguntarles: \u00bfA qui\u00e9n busc\u00e1is? Y ellos dijeron: A Jes\u00fas nazareno.&nbsp;<sup>8&nbsp;<\/sup>Respondi\u00f3 Jes\u00fas: Os he dicho que yo soy; pues si me busc\u00e1is a m\u00ed, dejad ir a estos;&nbsp;<sup>9&nbsp;<\/sup>para que se cumpliese aquello que hab\u00eda dicho: De los que me diste, no perd\u00ed ninguno.&nbsp;<sup>10&nbsp;<\/sup>Entonces Sim\u00f3n Pedro, que ten\u00eda una espada, la desenvain\u00f3, e hiri\u00f3 al siervo del sumo sacerdote, y le cort\u00f3 la oreja derecha. Y el siervo se llamaba Malco.&nbsp;<sup>11&nbsp;<\/sup>Jes\u00fas entonces dijo a Pedro: Mete tu espada en la vaina; la copa&nbsp;que el Padre me ha dado, \u00bfno la he de beber?<\/p>\n\n\n\n<h5 class=\"wp-block-heading\">Jes\u00fas ante el sumo sacerdote<\/h5>\n\n\n\n<h5 class=\"wp-block-heading\">(Mt. 26.57-58;\u00a0Mr. 14.53-54;\u00a0Lc. 22.54)<\/h5>\n\n\n\n<p><sup>12&nbsp;<\/sup>Entonces la compa\u00f1\u00eda de soldados, el tribuno y los alguaciles de los jud\u00edos, prendieron a Jes\u00fas y le ataron,&nbsp;<sup>13&nbsp;<\/sup>y le llevaron primeramente a An\u00e1s; porque era suegro de Caif\u00e1s, que era sumo sacerdote aquel a\u00f1o.&nbsp;<sup>14&nbsp;<\/sup>Era Caif\u00e1s el que hab\u00eda dado el consejo a los jud\u00edos, de que conven\u00eda que un solo hombre muriese por el pueblo.<\/p>\n\n\n\n<h5 class=\"wp-block-heading\">Pedro en el patio de An\u00e1s<\/h5>\n\n\n\n<h5 class=\"wp-block-heading\">(Mt. 26.69-70;\u00a0Mr. 14.66-68;\u00a0Lc. 22.55-57)<\/h5>\n\n\n\n<p><sup>15&nbsp;<\/sup>Y segu\u00edan a Jes\u00fas Sim\u00f3n Pedro y otro disc\u00edpulo. Y este disc\u00edpulo era conocido del sumo sacerdote, y entr\u00f3 con Jes\u00fas al patio del sumo sacerdote;&nbsp;<sup>16&nbsp;<\/sup>mas Pedro estaba fuera, a la puerta. Sali\u00f3, pues, el disc\u00edpulo que era conocido del sumo sacerdote, y habl\u00f3 a la portera, e hizo entrar a Pedro.&nbsp;<sup>17&nbsp;<\/sup>Entonces la criada portera dijo a Pedro: \u00bfNo eres t\u00fa tambi\u00e9n de los disc\u00edpulos de este hombre? Dijo \u00e9l: No lo soy.&nbsp;<sup>18&nbsp;<\/sup>Y estaban en pie los siervos y los alguaciles que hab\u00edan encendido un fuego; porque hac\u00eda fr\u00edo, y se calentaban; y tambi\u00e9n con ellos estaba Pedro en pie, calent\u00e1ndose.<\/p>\n\n\n\n<h5 class=\"wp-block-heading\">An\u00e1s interroga a Jes\u00fas<\/h5>\n\n\n\n<h5 class=\"wp-block-heading\">(Mt. 26.59-66;\u00a0Mr. 14.55-64;\u00a0Lc. 22.66-71)<\/h5>\n\n\n\n<p><sup>19&nbsp;<\/sup>Y el sumo sacerdote pregunt\u00f3 a Jes\u00fas acerca de sus disc\u00edpulos y de su doctrina.&nbsp;<sup>20&nbsp;<\/sup>Jes\u00fas le respondi\u00f3: Yo p\u00fablicamente he hablado al mundo; siempre he ense\u00f1ado en la sinagoga y en el templo, donde se re\u00fanen todos los jud\u00edos, y nada he hablado en oculto.&nbsp;<sup>21&nbsp;<\/sup>\u00bfPor qu\u00e9 me preguntas a m\u00ed? Pregunta a los que han o\u00eddo, qu\u00e9 les haya yo hablado; he aqu\u00ed, ellos saben lo que yo he dicho.&nbsp;<sup>22&nbsp;<\/sup>Cuando Jes\u00fas hubo dicho esto, uno de los alguaciles, que estaba all\u00ed, le dio una bofetada, diciendo: \u00bfAs\u00ed respondes al sumo sacerdote?&nbsp;<sup>23&nbsp;<\/sup>Jes\u00fas le respondi\u00f3: Si he hablado mal, testifica en qu\u00e9 est\u00e1 el mal; y si bien, \u00bfpor qu\u00e9 me golpeas?&nbsp;<sup>24&nbsp;<\/sup>An\u00e1s entonces le envi\u00f3 atado a Caif\u00e1s, el sumo sacerdote.<\/p>\n\n\n\n<h5 class=\"wp-block-heading\">Pedro niega a Jes\u00fas<\/h5>\n\n\n\n<h5 class=\"wp-block-heading\">(Mt. 26.71-75;\u00a0Mr. 14.69-72;\u00a0Lc. 22.58-62)<\/h5>\n\n\n\n<p><sup>25&nbsp;<\/sup>Estaba, pues, Pedro en pie, calent\u00e1ndose. Y le dijeron: \u00bfNo eres t\u00fa de sus disc\u00edpulos? \u00c9l neg\u00f3, y dijo: No lo soy.&nbsp;<sup>26&nbsp;<\/sup>Uno de los siervos del sumo sacerdote, pariente de aquel a quien Pedro hab\u00eda cortado la oreja, le dijo: \u00bfNo te vi yo en el huerto con \u00e9l?&nbsp;<sup>27&nbsp;<\/sup>Neg\u00f3 Pedro otra vez; y en seguida cant\u00f3 el gallo.<\/p>\n\n\n\n<h5 class=\"wp-block-heading\">Jes\u00fas ante Pilato<\/h5>\n\n\n\n<h5 class=\"wp-block-heading\">(Mt. 27.1-2,11-31;\u00a0Mr. 15.1-20;\u00a0Lc. 23.1-5,13-25)<\/h5>\n\n\n\n<p><sup>28&nbsp;<\/sup>Llevaron a Jes\u00fas de casa de Caif\u00e1s al pretorio. Era de ma\u00f1ana, y ellos no entraron en el pretorio para no contaminarse, y as\u00ed poder comer la pascua.&nbsp;<sup>29&nbsp;<\/sup>Entonces sali\u00f3 Pilato a ellos, y les dijo: \u00bfQu\u00e9 acusaci\u00f3n tra\u00e9is contra este hombre?&nbsp;<sup>30&nbsp;<\/sup>Respondieron y le dijeron: Si este no fuera malhechor, no te lo habr\u00edamos entregado.&nbsp;<sup>31&nbsp;<\/sup>Entonces les dijo Pilato: Tomadle vosotros, y juzgadle seg\u00fan vuestra ley. Y los jud\u00edos le dijeron: A nosotros no nos est\u00e1 permitido dar muerte a nadie;&nbsp;<sup>32&nbsp;<\/sup>para que se cumpliese la palabra que Jes\u00fas hab\u00eda dicho, dando a entender de qu\u00e9 muerte iba a morir.<\/p>\n\n\n\n<p><sup>33&nbsp;<\/sup>Entonces Pilato volvi\u00f3 a entrar en el pretorio, y llam\u00f3 a Jes\u00fas y le dijo: \u00bfEres t\u00fa el Rey de los jud\u00edos?&nbsp;<sup>34&nbsp;<\/sup>Jes\u00fas le respondi\u00f3: \u00bfDices t\u00fa esto por ti mismo, o te lo han dicho otros de m\u00ed?&nbsp;<sup>35&nbsp;<\/sup>Pilato le respondi\u00f3: \u00bfSoy yo acaso jud\u00edo? Tu naci\u00f3n, y los principales sacerdotes, te han entregado a m\u00ed. \u00bfQu\u00e9 has hecho?&nbsp;<sup>36&nbsp;<\/sup>Respondi\u00f3 Jes\u00fas: Mi reino no es de este mundo; si mi reino fuera de este mundo, mis servidores pelear\u00edan para que yo no fuera entregado a los jud\u00edos; pero mi reino no es de aqu\u00ed.&nbsp;<sup>37&nbsp;<\/sup>Le dijo entonces Pilato: \u00bfLuego, eres t\u00fa rey? Respondi\u00f3 Jes\u00fas: T\u00fa dices que yo soy rey. Yo para esto he nacido, y para esto he venido al mundo, para dar testimonio a la verdad. Todo aquel que es de la verdad, oye mi voz.&nbsp;<sup>38&nbsp;<\/sup>Le dijo Pilato: \u00bfQu\u00e9 es la verdad?<\/p>\n\n\n\n<p>Y cuando hubo dicho esto, sali\u00f3 otra vez a los jud\u00edos, y les dijo: Yo no hallo en \u00e9l ning\u00fan delito.&nbsp;<sup>39&nbsp;<\/sup>Pero vosotros ten\u00e9is la costumbre de que os suelte uno en la pascua. \u00bfQuer\u00e9is, pues, que os suelte al Rey de los jud\u00edos?&nbsp;<sup>40&nbsp;<\/sup>Entonces todos dieron voces de nuevo, diciendo: No a este, sino a Barrab\u00e1s. Y Barrab\u00e1s era ladr\u00f3n.<\/p>\n\n\n\n<div class=\"wp-block-stackable-text stk-block-text stk-block stk-3f49bf1 stk-block-background\" data-block-id=\"3f49bf1\"><style>.stk-3f49bf1 .stk-block-text__text{font-size:13px !important;}@media screen and (max-width: 1023px){.stk-3f49bf1 .stk-block-text__text{font-size:13px !important;}}<\/style><p class=\"stk-block-text__text\">Reina-Valera 1960 \u00ae \u00a9 Sociedades B\u00edblicas en Am\u00e9rica Latina, 1960. Renovado \u00a9 Sociedades B\u00edblicas Unidas, 1988. Utilizado con permiso. Si desea m\u00e1s informaci\u00f3n visite&nbsp;<a href=\"https:\/\/www.americanbible.org\/\">americanbible.org<\/a>,&nbsp;<a href=\"https:\/\/www.unitedbiblesocieties.org\/\">unitedbiblesocieties.org<\/a>,&nbsp;<a href=\"https:\/\/www.vivelabiblia.com\/\">vivelabiblia.com<\/a>,&nbsp;<a href=\"http:\/\/unitedbiblesocieties.org\/es\/casa\/\">unitedbiblesocieties.org\/es\/casa\/<\/a>,&nbsp;<a href=\"https:\/\/rvr60.bible\/?utm_source=website&amp;utm_medium=link&amp;utm_campaign=BGWYCEV11232021&amp;utm_id=biblegateway\/\">www.rvr60.bible<\/a><\/p><\/div>\n<\/div><\/div><\/div>\n<\/div><\/div>\n\n\n\n<p><strong>Devocional<\/strong><\/p>\n\n\n\n<p>Juan 18 presenta una clara distinci\u00f3n entre el Reino de Dios y el reino de este mundo, al contrastar las acciones de Jes\u00fas con las de Pedro y los jud\u00edos que quieren matarlo. Cuando Jes\u00fas es traicionado por Judas, la visi\u00f3n limitada de Pedro lo lleva a ser un obst\u00e1culo para los planes de Dios, pero la perspectiva eterna de Jes\u00fas lo lleva a entregarse voluntariamente a sus perseguidores. Cuando Jes\u00fas es llevado a juicio, Pedro se esconde y niega cualquier asociaci\u00f3n con \u00c9l, mientras que Jes\u00fas habla abiertamente y con verdad sobre su identidad ante sus acusadores. Mientras los jud\u00edos insisten en pedir la crucifixi\u00f3n de su Dios y Creador, Jes\u00fas est\u00e1 persistentemente dispuesto a ser el Rey que muere por su pueblo.<\/p>\n\n\n\n<p>De los muchos contrastes presentados en este cap\u00edtulo, aqu\u00ed hay algunas caracter\u00edsticas del Reino que se pueden destacar:<\/p>\n\n\n\n<ul class=\"wp-block-list\">\n<li>El Reino de Dios es eterno; por lo tanto, aquellos que est\u00e1n en Su Reino tienen una perspectiva eterna en esta Tierra. (Juan 18:11)<\/li>\n\n\n\n<li>Dios es la fuente de la verdad; por lo tanto, aquellos en Su Reino llevan y creen en esa verdad. (Juan 18:20-21)<\/li>\n\n\n\n<li>En el Reino de Dios, Jes\u00fas es Rey, y cualquiera en Su Reino es su siervo. Los siervos de un Rey siempre siguen y reconocen el reinado de su Rey. (Juan 18:17-18, 25-27, 36-37)<\/li>\n<\/ul>\n\n\n\n<p>Juan 18 lleva a sus lectores a detenerse y reflexionar sobre a cu\u00e1l Reino pertenecen. Si eres seguidor de Jes\u00fas, est\u00e1s en el Reino de Dios.<\/p>\n\n\n\n<p><strong>\u00bfDe qu\u00e9 maneras he permitido que los placeres y problemas del mundo me hagan perder de vista la eternidad? \u00bfC\u00f3mo puedo replantear mi perspectiva para que mi esperanza est\u00e9 puesta en la eternidad con Jes\u00fas?<\/strong><\/p>\n\n\n\n<p><\/p>\n","protected":false},"excerpt":{"rendered":"<p>Juan 18 Autor:\u00a0Kimberly Armstrong Juan 18 Arresto de Jes\u00fas (Mt. 26.47-56;\u00a0Mr. 14.43-50;\u00a0Lc. 22.47-53) 18&nbsp;Habiendo dicho Jes\u00fas estas cosas, sali\u00f3 con sus disc\u00edpulos al otro lado del torrente de Cedr\u00f3n, donde hab\u00eda un huerto, en el cual entr\u00f3 con sus disc\u00edpulos.&nbsp;2&nbsp;Y tambi\u00e9n Judas, el que le entregaba, conoc\u00eda aquel lugar, porque muchas veces Jes\u00fas se hab\u00eda &hellip; <a href=\"https:\/\/esp.championforest.org\/devotionals\/1-23-2025\/\" class=\"more-link\">Continue reading <span class=\"screen-reader-text\">D\u00eda Dieciocho | \u00bfQui\u00e9n es Jes\u00fas?<\/span><\/a><\/p>\n","protected":false},"author":2,"featured_media":2023,"comment_status":"open","ping_status":"closed","sticky":false,"template":"","format":"standard","meta":{"footnotes":""},"categories":[32,6],"tags":[31],"class_list":["post-2104","post","type-post","status-publish","format-standard","has-post-thumbnail","hentry","category-quienesjesus","category-devocionales","tag-quien-es-jesus"],"featured_image_urls_v2":{"full":["https:\/\/esp.championforest.org\/devotionals\/wp-content\/uploads\/2024\/12\/John-BG.jpg",1500,806,false],"thumbnail":["https:\/\/esp.championforest.org\/devotionals\/wp-content\/uploads\/2024\/12\/John-BG-150x150.jpg",150,150,true],"medium":["https:\/\/esp.championforest.org\/devotionals\/wp-content\/uploads\/2024\/12\/John-BG-300x161.jpg",300,161,true],"medium_large":["https:\/\/esp.championforest.org\/devotionals\/wp-content\/uploads\/2024\/12\/John-BG-768x413.jpg",768,413,true],"large":["https:\/\/esp.championforest.org\/devotionals\/wp-content\/uploads\/2024\/12\/John-BG-1024x550.jpg",900,483,true],"1536x1536":["https:\/\/esp.championforest.org\/devotionals\/wp-content\/uploads\/2024\/12\/John-BG.jpg",1500,806,false],"2048x2048":["https:\/\/esp.championforest.org\/devotionals\/wp-content\/uploads\/2024\/12\/John-BG.jpg",1500,806,false],"post-thumbnail":["https:\/\/esp.championforest.org\/devotionals\/wp-content\/uploads\/2024\/12\/John-BG.jpg",1500,806,false]},"post_excerpt_stackable_v2":"<p>Juan 18 Autor:\u00a0Kimberly Armstrong Juan 18 Arresto de Jes\u00fas (Mt. 26.47-56;\u00a0Mr. 14.43-50;\u00a0Lc. 22.47-53) 18&nbsp;Habiendo dicho Jes\u00fas estas cosas, sali\u00f3 con sus disc\u00edpulos al otro lado del torrente de Cedr\u00f3n, donde hab\u00eda un huerto, en el cual entr\u00f3 con sus disc\u00edpulos.&nbsp;2&nbsp;Y tambi\u00e9n Judas, el que le entregaba, conoc\u00eda aquel lugar, porque muchas veces Jes\u00fas se hab\u00eda reunido all\u00ed con sus disc\u00edpulos.&nbsp;3&nbsp;Judas, pues, tomando una compa\u00f1\u00eda de soldados, y alguaciles de los principales sacerdotes y de los fariseos, fue all\u00ed con linternas y antorchas, y con armas.&nbsp;4&nbsp;Pero Jes\u00fas, sabiendo todas las cosas que le hab\u00edan de sobrevenir, se adelant\u00f3 y les dijo:&hellip;<\/p>\n","category_list_v2":"<a href=\"https:\/\/esp.championforest.org\/devotionals\/category\/quienesjesus\/\" rel=\"category tag\">\u00bfQui\u00e9n es Jes\u00fas?<\/a>, <a href=\"https:\/\/esp.championforest.org\/devotionals\/category\/devocionales\/\" rel=\"category tag\">Devocionales<\/a>","author_info_v2":{"name":"Champion Forest","url":"https:\/\/esp.championforest.org\/devotionals\/author\/cfbcms_admin\/"},"comments_num_v2":"8 comments","yoast_head":"<!-- This site is optimized with the Yoast SEO plugin v27.3 - https:\/\/yoast.com\/product\/yoast-seo-wordpress\/ -->\n<title>D\u00eda Dieciocho | \u00bfQui\u00e9n es Jes\u00fas? - Devocionales<\/title>\n<meta name=\"robots\" content=\"index, follow, max-snippet:-1, max-image-preview:large, max-video-preview:-1\" \/>\n<link rel=\"canonical\" href=\"https:\/\/esp.championforest.org\/devotionals\/1-23-2025\/\" \/>\n<meta property=\"og:locale\" content=\"en_US\" \/>\n<meta property=\"og:type\" content=\"article\" \/>\n<meta property=\"og:title\" content=\"D\u00eda Dieciocho | \u00bfQui\u00e9n es Jes\u00fas? - Devocionales\" \/>\n<meta property=\"og:description\" content=\"Juan 18 Autor:\u00a0Kimberly Armstrong Juan 18 Arresto de Jes\u00fas (Mt. 26.47-56;\u00a0Mr. 14.43-50;\u00a0Lc. 22.47-53) 18&nbsp;Habiendo dicho Jes\u00fas estas cosas, sali\u00f3 con sus disc\u00edpulos al otro lado del torrente de Cedr\u00f3n, donde hab\u00eda un huerto, en el cual entr\u00f3 con sus disc\u00edpulos.&nbsp;2&nbsp;Y tambi\u00e9n Judas, el que le entregaba, conoc\u00eda aquel lugar, porque muchas veces Jes\u00fas se hab\u00eda &hellip; Continue reading D\u00eda Dieciocho | \u00bfQui\u00e9n es Jes\u00fas?\" \/>\n<meta property=\"og:url\" content=\"https:\/\/esp.championforest.org\/devotionals\/1-23-2025\/\" \/>\n<meta property=\"og:site_name\" content=\"Devocionales\" \/>\n<meta property=\"article:published_time\" content=\"2025-01-23T06:05:57+00:00\" \/>\n<meta property=\"og:image\" content=\"https:\/\/esp.championforest.org\/devotionals\/wp-content\/uploads\/2024\/12\/John-BG.jpg\" \/>\n\t<meta property=\"og:image:width\" content=\"1500\" \/>\n\t<meta property=\"og:image:height\" content=\"806\" \/>\n\t<meta property=\"og:image:type\" content=\"image\/jpeg\" \/>\n<meta name=\"author\" content=\"Champion Forest\" \/>\n<meta name=\"twitter:card\" content=\"summary_large_image\" \/>\n<meta name=\"twitter:label1\" content=\"Written by\" \/>\n\t<meta name=\"twitter:data1\" content=\"Champion Forest\" \/>\n\t<meta name=\"twitter:label2\" content=\"Est. reading time\" \/>\n\t<meta name=\"twitter:data2\" content=\"6 minutes\" \/>\n<script type=\"application\/ld+json\" class=\"yoast-schema-graph\">{\"@context\":\"https:\\\/\\\/schema.org\",\"@graph\":[{\"@type\":\"Article\",\"@id\":\"https:\\\/\\\/esp.championforest.org\\\/devotionals\\\/1-23-2025\\\/#article\",\"isPartOf\":{\"@id\":\"https:\\\/\\\/esp.championforest.org\\\/devotionals\\\/1-23-2025\\\/\"},\"author\":{\"name\":\"Champion Forest\",\"@id\":\"https:\\\/\\\/esp.championforest.org\\\/devotionals\\\/#\\\/schema\\\/person\\\/0d7b32cb6698781087962c699912c666\"},\"headline\":\"D\u00eda Dieciocho | \u00bfQui\u00e9n es Jes\u00fas?\",\"datePublished\":\"2025-01-23T06:05:57+00:00\",\"mainEntityOfPage\":{\"@id\":\"https:\\\/\\\/esp.championforest.org\\\/devotionals\\\/1-23-2025\\\/\"},\"wordCount\":1469,\"commentCount\":8,\"image\":{\"@id\":\"https:\\\/\\\/esp.championforest.org\\\/devotionals\\\/1-23-2025\\\/#primaryimage\"},\"thumbnailUrl\":\"https:\\\/\\\/esp.championforest.org\\\/devotionals\\\/wp-content\\\/uploads\\\/2024\\\/12\\\/John-BG.jpg\",\"keywords\":[\"\u00bfQui\u00e9n es Jes\u00fas?\"],\"articleSection\":[\"\u00bfQui\u00e9n es Jes\u00fas?\",\"Devocionales\"],\"inLanguage\":\"en-US\",\"potentialAction\":[{\"@type\":\"CommentAction\",\"name\":\"Comment\",\"target\":[\"https:\\\/\\\/esp.championforest.org\\\/devotionals\\\/1-23-2025\\\/#respond\"]}]},{\"@type\":\"WebPage\",\"@id\":\"https:\\\/\\\/esp.championforest.org\\\/devotionals\\\/1-23-2025\\\/\",\"url\":\"https:\\\/\\\/esp.championforest.org\\\/devotionals\\\/1-23-2025\\\/\",\"name\":\"D\u00eda Dieciocho | \u00bfQui\u00e9n es Jes\u00fas? - Devocionales\",\"isPartOf\":{\"@id\":\"https:\\\/\\\/esp.championforest.org\\\/devotionals\\\/#website\"},\"primaryImageOfPage\":{\"@id\":\"https:\\\/\\\/esp.championforest.org\\\/devotionals\\\/1-23-2025\\\/#primaryimage\"},\"image\":{\"@id\":\"https:\\\/\\\/esp.championforest.org\\\/devotionals\\\/1-23-2025\\\/#primaryimage\"},\"thumbnailUrl\":\"https:\\\/\\\/esp.championforest.org\\\/devotionals\\\/wp-content\\\/uploads\\\/2024\\\/12\\\/John-BG.jpg\",\"datePublished\":\"2025-01-23T06:05:57+00:00\",\"author\":{\"@id\":\"https:\\\/\\\/esp.championforest.org\\\/devotionals\\\/#\\\/schema\\\/person\\\/0d7b32cb6698781087962c699912c666\"},\"breadcrumb\":{\"@id\":\"https:\\\/\\\/esp.championforest.org\\\/devotionals\\\/1-23-2025\\\/#breadcrumb\"},\"inLanguage\":\"en-US\",\"potentialAction\":[{\"@type\":\"ReadAction\",\"target\":[\"https:\\\/\\\/esp.championforest.org\\\/devotionals\\\/1-23-2025\\\/\"]}]},{\"@type\":\"ImageObject\",\"inLanguage\":\"en-US\",\"@id\":\"https:\\\/\\\/esp.championforest.org\\\/devotionals\\\/1-23-2025\\\/#primaryimage\",\"url\":\"https:\\\/\\\/esp.championforest.org\\\/devotionals\\\/wp-content\\\/uploads\\\/2024\\\/12\\\/John-BG.jpg\",\"contentUrl\":\"https:\\\/\\\/esp.championforest.org\\\/devotionals\\\/wp-content\\\/uploads\\\/2024\\\/12\\\/John-BG.jpg\",\"width\":1500,\"height\":806},{\"@type\":\"BreadcrumbList\",\"@id\":\"https:\\\/\\\/esp.championforest.org\\\/devotionals\\\/1-23-2025\\\/#breadcrumb\",\"itemListElement\":[{\"@type\":\"ListItem\",\"position\":1,\"name\":\"Casa\",\"item\":\"https:\\\/\\\/esp.championforest.org\\\/devotionals\\\/\"},{\"@type\":\"ListItem\",\"position\":2,\"name\":\"D\u00eda Dieciocho | \u00bfQui\u00e9n es Jes\u00fas?\"}]},{\"@type\":\"WebSite\",\"@id\":\"https:\\\/\\\/esp.championforest.org\\\/devotionals\\\/#website\",\"url\":\"https:\\\/\\\/esp.championforest.org\\\/devotionals\\\/\",\"name\":\"Devocionales\",\"description\":\"\",\"potentialAction\":[{\"@type\":\"SearchAction\",\"target\":{\"@type\":\"EntryPoint\",\"urlTemplate\":\"https:\\\/\\\/esp.championforest.org\\\/devotionals\\\/?s={search_term_string}\"},\"query-input\":{\"@type\":\"PropertyValueSpecification\",\"valueRequired\":true,\"valueName\":\"search_term_string\"}}],\"inLanguage\":\"en-US\"},{\"@type\":\"Person\",\"@id\":\"https:\\\/\\\/esp.championforest.org\\\/devotionals\\\/#\\\/schema\\\/person\\\/0d7b32cb6698781087962c699912c666\",\"name\":\"Champion Forest\",\"image\":{\"@type\":\"ImageObject\",\"inLanguage\":\"en-US\",\"@id\":\"https:\\\/\\\/secure.gravatar.com\\\/avatar\\\/978ba5d6180fa65624708e969f442efde16543b129f0679a2cb301024d170062?s=96&d=mm&r=g\",\"url\":\"https:\\\/\\\/secure.gravatar.com\\\/avatar\\\/978ba5d6180fa65624708e969f442efde16543b129f0679a2cb301024d170062?s=96&d=mm&r=g\",\"contentUrl\":\"https:\\\/\\\/secure.gravatar.com\\\/avatar\\\/978ba5d6180fa65624708e969f442efde16543b129f0679a2cb301024d170062?s=96&d=mm&r=g\",\"caption\":\"Champion Forest\"},\"url\":\"https:\\\/\\\/esp.championforest.org\\\/devotionals\\\/author\\\/cfbcms_admin\\\/\"}]}<\/script>\n<!-- \/ Yoast SEO plugin. -->","yoast_head_json":{"title":"D\u00eda Dieciocho | \u00bfQui\u00e9n es Jes\u00fas? - Devocionales","robots":{"index":"index","follow":"follow","max-snippet":"max-snippet:-1","max-image-preview":"max-image-preview:large","max-video-preview":"max-video-preview:-1"},"canonical":"https:\/\/esp.championforest.org\/devotionals\/1-23-2025\/","og_locale":"en_US","og_type":"article","og_title":"D\u00eda Dieciocho | \u00bfQui\u00e9n es Jes\u00fas? - Devocionales","og_description":"Juan 18 Autor:\u00a0Kimberly Armstrong Juan 18 Arresto de Jes\u00fas (Mt. 26.47-56;\u00a0Mr. 14.43-50;\u00a0Lc. 22.47-53) 18&nbsp;Habiendo dicho Jes\u00fas estas cosas, sali\u00f3 con sus disc\u00edpulos al otro lado del torrente de Cedr\u00f3n, donde hab\u00eda un huerto, en el cual entr\u00f3 con sus disc\u00edpulos.&nbsp;2&nbsp;Y tambi\u00e9n Judas, el que le entregaba, conoc\u00eda aquel lugar, porque muchas veces Jes\u00fas se hab\u00eda &hellip; Continue reading D\u00eda Dieciocho | \u00bfQui\u00e9n es Jes\u00fas?","og_url":"https:\/\/esp.championforest.org\/devotionals\/1-23-2025\/","og_site_name":"Devocionales","article_published_time":"2025-01-23T06:05:57+00:00","og_image":[{"width":1500,"height":806,"url":"https:\/\/esp.championforest.org\/devotionals\/wp-content\/uploads\/2024\/12\/John-BG.jpg","type":"image\/jpeg"}],"author":"Champion Forest","twitter_card":"summary_large_image","twitter_misc":{"Written by":"Champion Forest","Est. reading time":"6 minutes"},"schema":{"@context":"https:\/\/schema.org","@graph":[{"@type":"Article","@id":"https:\/\/esp.championforest.org\/devotionals\/1-23-2025\/#article","isPartOf":{"@id":"https:\/\/esp.championforest.org\/devotionals\/1-23-2025\/"},"author":{"name":"Champion Forest","@id":"https:\/\/esp.championforest.org\/devotionals\/#\/schema\/person\/0d7b32cb6698781087962c699912c666"},"headline":"D\u00eda Dieciocho | \u00bfQui\u00e9n es Jes\u00fas?","datePublished":"2025-01-23T06:05:57+00:00","mainEntityOfPage":{"@id":"https:\/\/esp.championforest.org\/devotionals\/1-23-2025\/"},"wordCount":1469,"commentCount":8,"image":{"@id":"https:\/\/esp.championforest.org\/devotionals\/1-23-2025\/#primaryimage"},"thumbnailUrl":"https:\/\/esp.championforest.org\/devotionals\/wp-content\/uploads\/2024\/12\/John-BG.jpg","keywords":["\u00bfQui\u00e9n es Jes\u00fas?"],"articleSection":["\u00bfQui\u00e9n es Jes\u00fas?","Devocionales"],"inLanguage":"en-US","potentialAction":[{"@type":"CommentAction","name":"Comment","target":["https:\/\/esp.championforest.org\/devotionals\/1-23-2025\/#respond"]}]},{"@type":"WebPage","@id":"https:\/\/esp.championforest.org\/devotionals\/1-23-2025\/","url":"https:\/\/esp.championforest.org\/devotionals\/1-23-2025\/","name":"D\u00eda Dieciocho | \u00bfQui\u00e9n es Jes\u00fas? - Devocionales","isPartOf":{"@id":"https:\/\/esp.championforest.org\/devotionals\/#website"},"primaryImageOfPage":{"@id":"https:\/\/esp.championforest.org\/devotionals\/1-23-2025\/#primaryimage"},"image":{"@id":"https:\/\/esp.championforest.org\/devotionals\/1-23-2025\/#primaryimage"},"thumbnailUrl":"https:\/\/esp.championforest.org\/devotionals\/wp-content\/uploads\/2024\/12\/John-BG.jpg","datePublished":"2025-01-23T06:05:57+00:00","author":{"@id":"https:\/\/esp.championforest.org\/devotionals\/#\/schema\/person\/0d7b32cb6698781087962c699912c666"},"breadcrumb":{"@id":"https:\/\/esp.championforest.org\/devotionals\/1-23-2025\/#breadcrumb"},"inLanguage":"en-US","potentialAction":[{"@type":"ReadAction","target":["https:\/\/esp.championforest.org\/devotionals\/1-23-2025\/"]}]},{"@type":"ImageObject","inLanguage":"en-US","@id":"https:\/\/esp.championforest.org\/devotionals\/1-23-2025\/#primaryimage","url":"https:\/\/esp.championforest.org\/devotionals\/wp-content\/uploads\/2024\/12\/John-BG.jpg","contentUrl":"https:\/\/esp.championforest.org\/devotionals\/wp-content\/uploads\/2024\/12\/John-BG.jpg","width":1500,"height":806},{"@type":"BreadcrumbList","@id":"https:\/\/esp.championforest.org\/devotionals\/1-23-2025\/#breadcrumb","itemListElement":[{"@type":"ListItem","position":1,"name":"Casa","item":"https:\/\/esp.championforest.org\/devotionals\/"},{"@type":"ListItem","position":2,"name":"D\u00eda Dieciocho | \u00bfQui\u00e9n es Jes\u00fas?"}]},{"@type":"WebSite","@id":"https:\/\/esp.championforest.org\/devotionals\/#website","url":"https:\/\/esp.championforest.org\/devotionals\/","name":"Devocionales","description":"","potentialAction":[{"@type":"SearchAction","target":{"@type":"EntryPoint","urlTemplate":"https:\/\/esp.championforest.org\/devotionals\/?s={search_term_string}"},"query-input":{"@type":"PropertyValueSpecification","valueRequired":true,"valueName":"search_term_string"}}],"inLanguage":"en-US"},{"@type":"Person","@id":"https:\/\/esp.championforest.org\/devotionals\/#\/schema\/person\/0d7b32cb6698781087962c699912c666","name":"Champion Forest","image":{"@type":"ImageObject","inLanguage":"en-US","@id":"https:\/\/secure.gravatar.com\/avatar\/978ba5d6180fa65624708e969f442efde16543b129f0679a2cb301024d170062?s=96&d=mm&r=g","url":"https:\/\/secure.gravatar.com\/avatar\/978ba5d6180fa65624708e969f442efde16543b129f0679a2cb301024d170062?s=96&d=mm&r=g","contentUrl":"https:\/\/secure.gravatar.com\/avatar\/978ba5d6180fa65624708e969f442efde16543b129f0679a2cb301024d170062?s=96&d=mm&r=g","caption":"Champion Forest"},"url":"https:\/\/esp.championforest.org\/devotionals\/author\/cfbcms_admin\/"}]}},"_links":{"self":[{"href":"https:\/\/esp.championforest.org\/devotionals\/wp-json\/wp\/v2\/posts\/2104","targetHints":{"allow":["GET"]}}],"collection":[{"href":"https:\/\/esp.championforest.org\/devotionals\/wp-json\/wp\/v2\/posts"}],"about":[{"href":"https:\/\/esp.championforest.org\/devotionals\/wp-json\/wp\/v2\/types\/post"}],"author":[{"embeddable":true,"href":"https:\/\/esp.championforest.org\/devotionals\/wp-json\/wp\/v2\/users\/2"}],"replies":[{"embeddable":true,"href":"https:\/\/esp.championforest.org\/devotionals\/wp-json\/wp\/v2\/comments?post=2104"}],"version-history":[{"count":2,"href":"https:\/\/esp.championforest.org\/devotionals\/wp-json\/wp\/v2\/posts\/2104\/revisions"}],"predecessor-version":[{"id":2106,"href":"https:\/\/esp.championforest.org\/devotionals\/wp-json\/wp\/v2\/posts\/2104\/revisions\/2106"}],"wp:featuredmedia":[{"embeddable":true,"href":"https:\/\/esp.championforest.org\/devotionals\/wp-json\/wp\/v2\/media\/2023"}],"wp:attachment":[{"href":"https:\/\/esp.championforest.org\/devotionals\/wp-json\/wp\/v2\/media?parent=2104"}],"wp:term":[{"taxonomy":"category","embeddable":true,"href":"https:\/\/esp.championforest.org\/devotionals\/wp-json\/wp\/v2\/categories?post=2104"},{"taxonomy":"post_tag","embeddable":true,"href":"https:\/\/esp.championforest.org\/devotionals\/wp-json\/wp\/v2\/tags?post=2104"}],"curies":[{"name":"wp","href":"https:\/\/api.w.org\/{rel}","templated":true}]}}