{"id":2095,"date":"2025-01-20T00:05:54","date_gmt":"2025-01-20T06:05:54","guid":{"rendered":"https:\/\/esp.championforest.org\/devotionals\/?p=2095"},"modified":"2025-01-17T10:15:34","modified_gmt":"2025-01-17T16:15:34","slug":"1-20-2025","status":"publish","type":"post","link":"https:\/\/esp.championforest.org\/devotionals\/1-20-2025\/","title":{"rendered":"D\u00eda Quince | \u00bfQui\u00e9n es Jes\u00fas?"},"content":{"rendered":"\n<h2 class=\"wp-block-heading\"><span style=\"color: #000000;\" class=\"stk-highlight\">Juan 1<\/span>5<\/h2>\n\n\n\n<p><span style=\"color: #000000;\" class=\"stk-highlight\">Autor:\u00a0<em><em><em><em><em><em><em><em><em><em><em><em><em>Debbie Stephens<\/em><\/em><\/em><\/em><\/em><\/em><\/em><\/em><\/em><\/em><\/em><\/em><\/em><\/span><\/p>\n\n\n\n<div class=\"wp-block-group\"><div class=\"wp-block-group__inner-container is-layout-constrained wp-block-group-is-layout-constrained\">\n<div class=\"wp-block-stackable-hero stk-block-hero stk-block stk-bb37f46 is-style-default\" data-v=\"2\" data-block-id=\"bb37f46\"><style>.stk-bb37f46-inner-blocks{justify-content:center !important;}.stk-bb37f46-container{background-color:#f7f7f7 !important;}.stk-bb37f46-container:before{background-color:#f7f7f7 !important;}.stk-bb37f46 .stk-block-hero__content{min-height:500px !important;align-items:center !important;display:flex !important;}<\/style><div class=\"stk-block-hero__content stk-content-align stk-bb37f46-column stk-container stk-bb37f46-container stk-hover-parent\"><div class=\"stk-block-content stk-inner-blocks has-text-align-left stk--column-flex stk-bb37f46-inner-blocks\">\n<div class=\"wp-block-stackable-heading stk-block-heading stk-block-heading--v2 stk-block stk-4fd618f\" id=\"strong-juan-strong-15\" data-block-id=\"4fd618f\"><style>.stk-4fd618f {margin-bottom:0px !important;}<\/style><h4 class=\"stk-block-heading__text\"><strong>Juan <\/strong>15<\/h4><\/div>\n\n\n\n<p>Jes\u00fas, la vid verdadera<\/p>\n\n\n\n<p><strong>15&nbsp;<\/strong>Yo soy la vid verdadera, y mi Padre es el labrador.&nbsp;<sup>2&nbsp;<\/sup>Todo p\u00e1mpano que en m\u00ed no lleva fruto, lo quitar\u00e1; y todo aquel que lleva fruto, lo limpiar\u00e1, para que lleve m\u00e1s fruto.&nbsp;<sup>3&nbsp;<\/sup>Ya vosotros est\u00e1is limpios por la palabra que os he hablado.&nbsp;<sup>4&nbsp;<\/sup>Permaneced en m\u00ed, y yo en vosotros. Como el p\u00e1mpano no puede llevar fruto por s\u00ed mismo, si no permanece en la vid, as\u00ed tampoco vosotros, si no permanec\u00e9is en m\u00ed.&nbsp;<sup>5&nbsp;<\/sup>Yo soy la vid, vosotros los p\u00e1mpanos; el que permanece en m\u00ed, y yo en \u00e9l, este lleva mucho fruto; porque separados de m\u00ed nada pod\u00e9is hacer.&nbsp;<sup>6&nbsp;<\/sup>El que en m\u00ed no permanece, ser\u00e1 echado fuera como p\u00e1mpano, y se secar\u00e1; y los recogen, y los echan en el fuego, y arden.&nbsp;<sup>7&nbsp;<\/sup>Si permanec\u00e9is en m\u00ed, y mis palabras permanecen en vosotros, pedid todo lo que quer\u00e9is, y os ser\u00e1 hecho.&nbsp;<sup>8&nbsp;<\/sup>En esto es glorificado mi Padre, en que llev\u00e9is mucho fruto, y se\u00e1is as\u00ed mis disc\u00edpulos.&nbsp;<sup>9&nbsp;<\/sup>Como el Padre me ha amado, as\u00ed tambi\u00e9n yo os he amado; permaneced en mi amor.&nbsp;<sup>10&nbsp;<\/sup>Si guardareis mis mandamientos, permanecer\u00e9is en mi amor; as\u00ed como yo he guardado los mandamientos de mi Padre, y permanezco en su amor.&nbsp;<sup>11&nbsp;<\/sup>Estas cosas os he hablado, para que mi gozo est\u00e9 en vosotros, y vuestro gozo sea cumplido.<\/p>\n\n\n\n<p><sup>12&nbsp;<\/sup>Este es mi mandamiento: Que os am\u00e9is unos a otros,&nbsp;como yo os he amado.&nbsp;<sup>13&nbsp;<\/sup>Nadie tiene mayor amor que este, que uno ponga su vida por sus amigos.&nbsp;<sup>14&nbsp;<\/sup>Vosotros sois mis amigos, si hac\u00e9is lo que yo os mando.&nbsp;<sup>15&nbsp;<\/sup>Ya no os llamar\u00e9 siervos, porque el siervo no sabe lo que hace su se\u00f1or; pero os he llamado amigos, porque todas las cosas que o\u00ed de mi Padre, os las he dado a conocer.&nbsp;<sup>16&nbsp;<\/sup>No me elegisteis vosotros a m\u00ed, sino que yo os eleg\u00ed a vosotros, y os he puesto para que vay\u00e1is y llev\u00e9is fruto, y vuestro fruto permanezca; para que todo lo que pidiereis al Padre en mi nombre, \u00e9l os lo d\u00e9.&nbsp;<sup>17&nbsp;<\/sup>Esto os mando: Que os am\u00e9is unos a otros.<\/p>\n\n\n\n<h5 class=\"wp-block-heading\">El mundo os aborrecer\u00e1<\/h5>\n\n\n\n<p><sup>18&nbsp;<\/sup>Si el mundo os aborrece, sabed que a m\u00ed me ha aborrecido antes que a vosotros.&nbsp;<sup>19&nbsp;<\/sup>Si fuerais del mundo, el mundo amar\u00eda lo suyo; pero porque no sois del mundo, antes yo os eleg\u00ed del mundo, por eso el mundo os aborrece.&nbsp;<sup>20&nbsp;<\/sup>Acordaos de la palabra que yo os he dicho: El siervo no es mayor que su se\u00f1or.&nbsp;Si a m\u00ed me han perseguido, tambi\u00e9n a vosotros os perseguir\u00e1n; si han guardado mi palabra, tambi\u00e9n guardar\u00e1n la vuestra.&nbsp;<sup>21&nbsp;<\/sup>Mas todo esto os har\u00e1n por causa de mi nombre, porque no conocen al que me ha enviado.&nbsp;<sup>22&nbsp;<\/sup>Si yo no hubiera venido, ni les hubiera hablado, no tendr\u00edan pecado; pero ahora no tienen excusa por su pecado.&nbsp;<sup>23&nbsp;<\/sup>El que me aborrece a m\u00ed, tambi\u00e9n a mi Padre aborrece.&nbsp;<sup>24&nbsp;<\/sup>Si yo no hubiese hecho entre ellos obras que ning\u00fan otro ha hecho, no tendr\u00edan pecado; pero ahora han visto y han aborrecido a m\u00ed y a mi Padre.&nbsp;<sup>25&nbsp;<\/sup>Pero esto es para que se cumpla la palabra que est\u00e1 escrita en su ley: Sin causa me aborrecieron.&nbsp;<sup>26&nbsp;<\/sup>Pero cuando venga el Consolador, a quien yo os enviar\u00e9 del Padre, el Esp\u00edritu de verdad, el cual procede del Padre, \u00e9l dar\u00e1 testimonio acerca de m\u00ed.&nbsp;<sup>27&nbsp;<\/sup>Y vosotros dar\u00e9is testimonio tambi\u00e9n, porque hab\u00e9is estado conmigo desde el principio.<\/p>\n\n\n\n<div class=\"wp-block-stackable-text stk-block-text stk-block stk-3f49bf1 stk-block-background\" data-block-id=\"3f49bf1\"><style>.stk-3f49bf1 .stk-block-text__text{font-size:13px !important;}@media screen and (max-width: 1023px){.stk-3f49bf1 .stk-block-text__text{font-size:13px !important;}}<\/style><p class=\"stk-block-text__text\">Reina-Valera 1960 \u00ae \u00a9 Sociedades B\u00edblicas en Am\u00e9rica Latina, 1960. Renovado \u00a9 Sociedades B\u00edblicas Unidas, 1988. Utilizado con permiso. Si desea m\u00e1s informaci\u00f3n visite&nbsp;<a href=\"https:\/\/www.americanbible.org\/\">americanbible.org<\/a>,&nbsp;<a href=\"https:\/\/www.unitedbiblesocieties.org\/\">unitedbiblesocieties.org<\/a>,&nbsp;<a href=\"https:\/\/www.vivelabiblia.com\/\">vivelabiblia.com<\/a>,&nbsp;<a href=\"http:\/\/unitedbiblesocieties.org\/es\/casa\/\">unitedbiblesocieties.org\/es\/casa\/<\/a>,&nbsp;<a href=\"https:\/\/rvr60.bible\/?utm_source=website&amp;utm_medium=link&amp;utm_campaign=BGWYCEV11232021&amp;utm_id=biblegateway\/\">www.rvr60.bible<\/a><\/p><\/div>\n<\/div><\/div><\/div>\n<\/div><\/div>\n\n\n\n<p><strong>Devocional<\/strong><\/p>\n\n\n\n<p>La primera mitad de Juan 15 deja clara nuestra asignaci\u00f3n de por vida: debemos dar fruto. Sin importar tu edad, etapa de la vida, ubicaci\u00f3n, estatus o t\u00edtulo, tu misi\u00f3n sigue siendo la misma: dar fruto. No es un mandato; es una expectativa, pero no es algo que debamos cumplir por nuestra cuenta.<\/p>\n\n\n\n<p>De hecho, es imposible dar fruto por nosotros mismos. As\u00ed como una rama no puede crecer si est\u00e1 desconectada de la vid, nosotros tampoco podemos dar fruto a menos que permanezcamos conectados a nuestra \u201cverdadera vid,\u201d Jes\u00fas.&nbsp; \u00c9l describe esta conexi\u00f3n como \u201cpermanecer en \u00c9l,\u201d \u201cen Su Palabra\u201d y \u201cen Su amor.\u201d<\/p>\n\n\n\n<p>Algunas traducciones usan t\u00e9rminos como \u201cquedarse en\u201d o \u201cpermanecer unidos.\u201d Permanecer y dar fruto van de la mano. El \u201cfruto\u201d al que se refiere Jes\u00fas incluye los resultados de la vida de un creyente que benefician a otros y glorifican a Dios. La Biblia no es expl\u00edcita sobre c\u00f3mo deber\u00eda lucir el \u201cpermanecer en \u00c9l\u201d en nuestra vida, pero como creyentes sabemos la importancia de practicar las disciplinas espirituales.<\/p>\n\n\n\n<p>Diariamente, est\u00e1s:<\/p>\n\n\n\n<p>\u2022 Conect\u00e1ndote con \u00c9l (a trav\u00e9s de la adoraci\u00f3n, la oraci\u00f3n o escribiendo en un diario).<\/p>\n\n\n\n<p>\u2022 Interactuando con \u00c9l (leyendo Su Palabra, confesando tus pecados, escuch\u00e1ndolo).<\/p>\n\n\n\n<p>\u2022 Viviendo tu fe (aplicando Su Palabra a tu vida).<\/p>\n\n\n\n<p>Permanecer en Cristo no es algo que podamos marcar como una tarea cumplida, sino una decisi\u00f3n diaria de vivir en \u00c9l, cultivando as\u00ed una relaci\u00f3n personal con Jes\u00fas.<\/p>\n\n\n\n<p><strong>\u00bfDir\u00eda alguien a quien admiras en la fe que tu vida es una vida que da fruto?<\/strong><\/p>\n","protected":false},"excerpt":{"rendered":"<p>Juan 15 Autor:\u00a0Debbie Stephens Juan 15 Jes\u00fas, la vid verdadera 15&nbsp;Yo soy la vid verdadera, y mi Padre es el labrador.&nbsp;2&nbsp;Todo p\u00e1mpano que en m\u00ed no lleva fruto, lo quitar\u00e1; y todo aquel que lleva fruto, lo limpiar\u00e1, para que lleve m\u00e1s fruto.&nbsp;3&nbsp;Ya vosotros est\u00e1is limpios por la palabra que os he hablado.&nbsp;4&nbsp;Permaneced en m\u00ed, &hellip; <a href=\"https:\/\/esp.championforest.org\/devotionals\/1-20-2025\/\" class=\"more-link\">Continue reading <span class=\"screen-reader-text\">D\u00eda Quince | \u00bfQui\u00e9n es Jes\u00fas?<\/span><\/a><\/p>\n","protected":false},"author":2,"featured_media":2023,"comment_status":"open","ping_status":"closed","sticky":false,"template":"","format":"standard","meta":{"footnotes":""},"categories":[32,6],"tags":[31],"class_list":["post-2095","post","type-post","status-publish","format-standard","has-post-thumbnail","hentry","category-quienesjesus","category-devocionales","tag-quien-es-jesus"],"featured_image_urls_v2":{"full":["https:\/\/esp.championforest.org\/devotionals\/wp-content\/uploads\/2024\/12\/John-BG.jpg",1500,806,false],"thumbnail":["https:\/\/esp.championforest.org\/devotionals\/wp-content\/uploads\/2024\/12\/John-BG-150x150.jpg",150,150,true],"medium":["https:\/\/esp.championforest.org\/devotionals\/wp-content\/uploads\/2024\/12\/John-BG-300x161.jpg",300,161,true],"medium_large":["https:\/\/esp.championforest.org\/devotionals\/wp-content\/uploads\/2024\/12\/John-BG-768x413.jpg",768,413,true],"large":["https:\/\/esp.championforest.org\/devotionals\/wp-content\/uploads\/2024\/12\/John-BG-1024x550.jpg",900,483,true],"1536x1536":["https:\/\/esp.championforest.org\/devotionals\/wp-content\/uploads\/2024\/12\/John-BG.jpg",1500,806,false],"2048x2048":["https:\/\/esp.championforest.org\/devotionals\/wp-content\/uploads\/2024\/12\/John-BG.jpg",1500,806,false],"post-thumbnail":["https:\/\/esp.championforest.org\/devotionals\/wp-content\/uploads\/2024\/12\/John-BG.jpg",1500,806,false]},"post_excerpt_stackable_v2":"<p>Juan 15 Autor:\u00a0Debbie Stephens Juan 15 Jes\u00fas, la vid verdadera 15&nbsp;Yo soy la vid verdadera, y mi Padre es el labrador.&nbsp;2&nbsp;Todo p\u00e1mpano que en m\u00ed no lleva fruto, lo quitar\u00e1; y todo aquel que lleva fruto, lo limpiar\u00e1, para que lleve m\u00e1s fruto.&nbsp;3&nbsp;Ya vosotros est\u00e1is limpios por la palabra que os he hablado.&nbsp;4&nbsp;Permaneced en m\u00ed, y yo en vosotros. Como el p\u00e1mpano no puede llevar fruto por s\u00ed mismo, si no permanece en la vid, as\u00ed tampoco vosotros, si no permanec\u00e9is en m\u00ed.&nbsp;5&nbsp;Yo soy la vid, vosotros los p\u00e1mpanos; el que permanece en m\u00ed, y yo en \u00e9l, este lleva&hellip;<\/p>\n","category_list_v2":"<a href=\"https:\/\/esp.championforest.org\/devotionals\/category\/quienesjesus\/\" rel=\"category tag\">\u00bfQui\u00e9n es Jes\u00fas?<\/a>, <a href=\"https:\/\/esp.championforest.org\/devotionals\/category\/devocionales\/\" rel=\"category tag\">Devocionales<\/a>","author_info_v2":{"name":"Champion Forest","url":"https:\/\/esp.championforest.org\/devotionals\/author\/cfbcms_admin\/"},"comments_num_v2":"7 comments","yoast_head":"<!-- This site is optimized with the Yoast SEO plugin v27.3 - https:\/\/yoast.com\/product\/yoast-seo-wordpress\/ -->\n<title>D\u00eda Quince | \u00bfQui\u00e9n es Jes\u00fas? - Devocionales<\/title>\n<meta name=\"robots\" content=\"index, follow, max-snippet:-1, max-image-preview:large, max-video-preview:-1\" \/>\n<link rel=\"canonical\" href=\"https:\/\/esp.championforest.org\/devotionals\/1-20-2025\/\" \/>\n<meta property=\"og:locale\" content=\"en_US\" \/>\n<meta property=\"og:type\" content=\"article\" \/>\n<meta property=\"og:title\" content=\"D\u00eda Quince | \u00bfQui\u00e9n es Jes\u00fas? - Devocionales\" \/>\n<meta property=\"og:description\" content=\"Juan 15 Autor:\u00a0Debbie Stephens Juan 15 Jes\u00fas, la vid verdadera 15&nbsp;Yo soy la vid verdadera, y mi Padre es el labrador.&nbsp;2&nbsp;Todo p\u00e1mpano que en m\u00ed no lleva fruto, lo quitar\u00e1; y todo aquel que lleva fruto, lo limpiar\u00e1, para que lleve m\u00e1s fruto.&nbsp;3&nbsp;Ya vosotros est\u00e1is limpios por la palabra que os he hablado.&nbsp;4&nbsp;Permaneced en m\u00ed, &hellip; Continue reading D\u00eda Quince | \u00bfQui\u00e9n es Jes\u00fas?\" \/>\n<meta property=\"og:url\" content=\"https:\/\/esp.championforest.org\/devotionals\/1-20-2025\/\" \/>\n<meta property=\"og:site_name\" content=\"Devocionales\" \/>\n<meta property=\"article:published_time\" content=\"2025-01-20T06:05:54+00:00\" \/>\n<meta property=\"og:image\" content=\"https:\/\/esp.championforest.org\/devotionals\/wp-content\/uploads\/2024\/12\/John-BG.jpg\" \/>\n\t<meta property=\"og:image:width\" content=\"1500\" \/>\n\t<meta property=\"og:image:height\" content=\"806\" \/>\n\t<meta property=\"og:image:type\" content=\"image\/jpeg\" \/>\n<meta name=\"author\" content=\"Champion Forest\" \/>\n<meta name=\"twitter:card\" content=\"summary_large_image\" \/>\n<meta name=\"twitter:label1\" content=\"Written by\" \/>\n\t<meta name=\"twitter:data1\" content=\"Champion Forest\" \/>\n\t<meta name=\"twitter:label2\" content=\"Est. reading time\" \/>\n\t<meta name=\"twitter:data2\" content=\"5 minutes\" \/>\n<script type=\"application\/ld+json\" class=\"yoast-schema-graph\">{\"@context\":\"https:\\\/\\\/schema.org\",\"@graph\":[{\"@type\":\"Article\",\"@id\":\"https:\\\/\\\/esp.championforest.org\\\/devotionals\\\/1-20-2025\\\/#article\",\"isPartOf\":{\"@id\":\"https:\\\/\\\/esp.championforest.org\\\/devotionals\\\/1-20-2025\\\/\"},\"author\":{\"name\":\"Champion Forest\",\"@id\":\"https:\\\/\\\/esp.championforest.org\\\/devotionals\\\/#\\\/schema\\\/person\\\/0d7b32cb6698781087962c699912c666\"},\"headline\":\"D\u00eda Quince | \u00bfQui\u00e9n es Jes\u00fas?\",\"datePublished\":\"2025-01-20T06:05:54+00:00\",\"mainEntityOfPage\":{\"@id\":\"https:\\\/\\\/esp.championforest.org\\\/devotionals\\\/1-20-2025\\\/\"},\"wordCount\":990,\"commentCount\":7,\"image\":{\"@id\":\"https:\\\/\\\/esp.championforest.org\\\/devotionals\\\/1-20-2025\\\/#primaryimage\"},\"thumbnailUrl\":\"https:\\\/\\\/esp.championforest.org\\\/devotionals\\\/wp-content\\\/uploads\\\/2024\\\/12\\\/John-BG.jpg\",\"keywords\":[\"\u00bfQui\u00e9n es Jes\u00fas?\"],\"articleSection\":[\"\u00bfQui\u00e9n es Jes\u00fas?\",\"Devocionales\"],\"inLanguage\":\"en-US\",\"potentialAction\":[{\"@type\":\"CommentAction\",\"name\":\"Comment\",\"target\":[\"https:\\\/\\\/esp.championforest.org\\\/devotionals\\\/1-20-2025\\\/#respond\"]}]},{\"@type\":\"WebPage\",\"@id\":\"https:\\\/\\\/esp.championforest.org\\\/devotionals\\\/1-20-2025\\\/\",\"url\":\"https:\\\/\\\/esp.championforest.org\\\/devotionals\\\/1-20-2025\\\/\",\"name\":\"D\u00eda Quince | \u00bfQui\u00e9n es Jes\u00fas? - Devocionales\",\"isPartOf\":{\"@id\":\"https:\\\/\\\/esp.championforest.org\\\/devotionals\\\/#website\"},\"primaryImageOfPage\":{\"@id\":\"https:\\\/\\\/esp.championforest.org\\\/devotionals\\\/1-20-2025\\\/#primaryimage\"},\"image\":{\"@id\":\"https:\\\/\\\/esp.championforest.org\\\/devotionals\\\/1-20-2025\\\/#primaryimage\"},\"thumbnailUrl\":\"https:\\\/\\\/esp.championforest.org\\\/devotionals\\\/wp-content\\\/uploads\\\/2024\\\/12\\\/John-BG.jpg\",\"datePublished\":\"2025-01-20T06:05:54+00:00\",\"author\":{\"@id\":\"https:\\\/\\\/esp.championforest.org\\\/devotionals\\\/#\\\/schema\\\/person\\\/0d7b32cb6698781087962c699912c666\"},\"breadcrumb\":{\"@id\":\"https:\\\/\\\/esp.championforest.org\\\/devotionals\\\/1-20-2025\\\/#breadcrumb\"},\"inLanguage\":\"en-US\",\"potentialAction\":[{\"@type\":\"ReadAction\",\"target\":[\"https:\\\/\\\/esp.championforest.org\\\/devotionals\\\/1-20-2025\\\/\"]}]},{\"@type\":\"ImageObject\",\"inLanguage\":\"en-US\",\"@id\":\"https:\\\/\\\/esp.championforest.org\\\/devotionals\\\/1-20-2025\\\/#primaryimage\",\"url\":\"https:\\\/\\\/esp.championforest.org\\\/devotionals\\\/wp-content\\\/uploads\\\/2024\\\/12\\\/John-BG.jpg\",\"contentUrl\":\"https:\\\/\\\/esp.championforest.org\\\/devotionals\\\/wp-content\\\/uploads\\\/2024\\\/12\\\/John-BG.jpg\",\"width\":1500,\"height\":806},{\"@type\":\"BreadcrumbList\",\"@id\":\"https:\\\/\\\/esp.championforest.org\\\/devotionals\\\/1-20-2025\\\/#breadcrumb\",\"itemListElement\":[{\"@type\":\"ListItem\",\"position\":1,\"name\":\"Casa\",\"item\":\"https:\\\/\\\/esp.championforest.org\\\/devotionals\\\/\"},{\"@type\":\"ListItem\",\"position\":2,\"name\":\"D\u00eda Quince | \u00bfQui\u00e9n es Jes\u00fas?\"}]},{\"@type\":\"WebSite\",\"@id\":\"https:\\\/\\\/esp.championforest.org\\\/devotionals\\\/#website\",\"url\":\"https:\\\/\\\/esp.championforest.org\\\/devotionals\\\/\",\"name\":\"Devocionales\",\"description\":\"\",\"potentialAction\":[{\"@type\":\"SearchAction\",\"target\":{\"@type\":\"EntryPoint\",\"urlTemplate\":\"https:\\\/\\\/esp.championforest.org\\\/devotionals\\\/?s={search_term_string}\"},\"query-input\":{\"@type\":\"PropertyValueSpecification\",\"valueRequired\":true,\"valueName\":\"search_term_string\"}}],\"inLanguage\":\"en-US\"},{\"@type\":\"Person\",\"@id\":\"https:\\\/\\\/esp.championforest.org\\\/devotionals\\\/#\\\/schema\\\/person\\\/0d7b32cb6698781087962c699912c666\",\"name\":\"Champion Forest\",\"image\":{\"@type\":\"ImageObject\",\"inLanguage\":\"en-US\",\"@id\":\"https:\\\/\\\/secure.gravatar.com\\\/avatar\\\/978ba5d6180fa65624708e969f442efde16543b129f0679a2cb301024d170062?s=96&d=mm&r=g\",\"url\":\"https:\\\/\\\/secure.gravatar.com\\\/avatar\\\/978ba5d6180fa65624708e969f442efde16543b129f0679a2cb301024d170062?s=96&d=mm&r=g\",\"contentUrl\":\"https:\\\/\\\/secure.gravatar.com\\\/avatar\\\/978ba5d6180fa65624708e969f442efde16543b129f0679a2cb301024d170062?s=96&d=mm&r=g\",\"caption\":\"Champion Forest\"},\"url\":\"https:\\\/\\\/esp.championforest.org\\\/devotionals\\\/author\\\/cfbcms_admin\\\/\"}]}<\/script>\n<!-- \/ Yoast SEO plugin. -->","yoast_head_json":{"title":"D\u00eda Quince | \u00bfQui\u00e9n es Jes\u00fas? - Devocionales","robots":{"index":"index","follow":"follow","max-snippet":"max-snippet:-1","max-image-preview":"max-image-preview:large","max-video-preview":"max-video-preview:-1"},"canonical":"https:\/\/esp.championforest.org\/devotionals\/1-20-2025\/","og_locale":"en_US","og_type":"article","og_title":"D\u00eda Quince | \u00bfQui\u00e9n es Jes\u00fas? - Devocionales","og_description":"Juan 15 Autor:\u00a0Debbie Stephens Juan 15 Jes\u00fas, la vid verdadera 15&nbsp;Yo soy la vid verdadera, y mi Padre es el labrador.&nbsp;2&nbsp;Todo p\u00e1mpano que en m\u00ed no lleva fruto, lo quitar\u00e1; y todo aquel que lleva fruto, lo limpiar\u00e1, para que lleve m\u00e1s fruto.&nbsp;3&nbsp;Ya vosotros est\u00e1is limpios por la palabra que os he hablado.&nbsp;4&nbsp;Permaneced en m\u00ed, &hellip; Continue reading D\u00eda Quince | \u00bfQui\u00e9n es Jes\u00fas?","og_url":"https:\/\/esp.championforest.org\/devotionals\/1-20-2025\/","og_site_name":"Devocionales","article_published_time":"2025-01-20T06:05:54+00:00","og_image":[{"width":1500,"height":806,"url":"https:\/\/esp.championforest.org\/devotionals\/wp-content\/uploads\/2024\/12\/John-BG.jpg","type":"image\/jpeg"}],"author":"Champion Forest","twitter_card":"summary_large_image","twitter_misc":{"Written by":"Champion Forest","Est. reading time":"5 minutes"},"schema":{"@context":"https:\/\/schema.org","@graph":[{"@type":"Article","@id":"https:\/\/esp.championforest.org\/devotionals\/1-20-2025\/#article","isPartOf":{"@id":"https:\/\/esp.championforest.org\/devotionals\/1-20-2025\/"},"author":{"name":"Champion Forest","@id":"https:\/\/esp.championforest.org\/devotionals\/#\/schema\/person\/0d7b32cb6698781087962c699912c666"},"headline":"D\u00eda Quince | \u00bfQui\u00e9n es Jes\u00fas?","datePublished":"2025-01-20T06:05:54+00:00","mainEntityOfPage":{"@id":"https:\/\/esp.championforest.org\/devotionals\/1-20-2025\/"},"wordCount":990,"commentCount":7,"image":{"@id":"https:\/\/esp.championforest.org\/devotionals\/1-20-2025\/#primaryimage"},"thumbnailUrl":"https:\/\/esp.championforest.org\/devotionals\/wp-content\/uploads\/2024\/12\/John-BG.jpg","keywords":["\u00bfQui\u00e9n es Jes\u00fas?"],"articleSection":["\u00bfQui\u00e9n es Jes\u00fas?","Devocionales"],"inLanguage":"en-US","potentialAction":[{"@type":"CommentAction","name":"Comment","target":["https:\/\/esp.championforest.org\/devotionals\/1-20-2025\/#respond"]}]},{"@type":"WebPage","@id":"https:\/\/esp.championforest.org\/devotionals\/1-20-2025\/","url":"https:\/\/esp.championforest.org\/devotionals\/1-20-2025\/","name":"D\u00eda Quince | \u00bfQui\u00e9n es Jes\u00fas? - Devocionales","isPartOf":{"@id":"https:\/\/esp.championforest.org\/devotionals\/#website"},"primaryImageOfPage":{"@id":"https:\/\/esp.championforest.org\/devotionals\/1-20-2025\/#primaryimage"},"image":{"@id":"https:\/\/esp.championforest.org\/devotionals\/1-20-2025\/#primaryimage"},"thumbnailUrl":"https:\/\/esp.championforest.org\/devotionals\/wp-content\/uploads\/2024\/12\/John-BG.jpg","datePublished":"2025-01-20T06:05:54+00:00","author":{"@id":"https:\/\/esp.championforest.org\/devotionals\/#\/schema\/person\/0d7b32cb6698781087962c699912c666"},"breadcrumb":{"@id":"https:\/\/esp.championforest.org\/devotionals\/1-20-2025\/#breadcrumb"},"inLanguage":"en-US","potentialAction":[{"@type":"ReadAction","target":["https:\/\/esp.championforest.org\/devotionals\/1-20-2025\/"]}]},{"@type":"ImageObject","inLanguage":"en-US","@id":"https:\/\/esp.championforest.org\/devotionals\/1-20-2025\/#primaryimage","url":"https:\/\/esp.championforest.org\/devotionals\/wp-content\/uploads\/2024\/12\/John-BG.jpg","contentUrl":"https:\/\/esp.championforest.org\/devotionals\/wp-content\/uploads\/2024\/12\/John-BG.jpg","width":1500,"height":806},{"@type":"BreadcrumbList","@id":"https:\/\/esp.championforest.org\/devotionals\/1-20-2025\/#breadcrumb","itemListElement":[{"@type":"ListItem","position":1,"name":"Casa","item":"https:\/\/esp.championforest.org\/devotionals\/"},{"@type":"ListItem","position":2,"name":"D\u00eda Quince | \u00bfQui\u00e9n es Jes\u00fas?"}]},{"@type":"WebSite","@id":"https:\/\/esp.championforest.org\/devotionals\/#website","url":"https:\/\/esp.championforest.org\/devotionals\/","name":"Devocionales","description":"","potentialAction":[{"@type":"SearchAction","target":{"@type":"EntryPoint","urlTemplate":"https:\/\/esp.championforest.org\/devotionals\/?s={search_term_string}"},"query-input":{"@type":"PropertyValueSpecification","valueRequired":true,"valueName":"search_term_string"}}],"inLanguage":"en-US"},{"@type":"Person","@id":"https:\/\/esp.championforest.org\/devotionals\/#\/schema\/person\/0d7b32cb6698781087962c699912c666","name":"Champion Forest","image":{"@type":"ImageObject","inLanguage":"en-US","@id":"https:\/\/secure.gravatar.com\/avatar\/978ba5d6180fa65624708e969f442efde16543b129f0679a2cb301024d170062?s=96&d=mm&r=g","url":"https:\/\/secure.gravatar.com\/avatar\/978ba5d6180fa65624708e969f442efde16543b129f0679a2cb301024d170062?s=96&d=mm&r=g","contentUrl":"https:\/\/secure.gravatar.com\/avatar\/978ba5d6180fa65624708e969f442efde16543b129f0679a2cb301024d170062?s=96&d=mm&r=g","caption":"Champion Forest"},"url":"https:\/\/esp.championforest.org\/devotionals\/author\/cfbcms_admin\/"}]}},"_links":{"self":[{"href":"https:\/\/esp.championforest.org\/devotionals\/wp-json\/wp\/v2\/posts\/2095","targetHints":{"allow":["GET"]}}],"collection":[{"href":"https:\/\/esp.championforest.org\/devotionals\/wp-json\/wp\/v2\/posts"}],"about":[{"href":"https:\/\/esp.championforest.org\/devotionals\/wp-json\/wp\/v2\/types\/post"}],"author":[{"embeddable":true,"href":"https:\/\/esp.championforest.org\/devotionals\/wp-json\/wp\/v2\/users\/2"}],"replies":[{"embeddable":true,"href":"https:\/\/esp.championforest.org\/devotionals\/wp-json\/wp\/v2\/comments?post=2095"}],"version-history":[{"count":2,"href":"https:\/\/esp.championforest.org\/devotionals\/wp-json\/wp\/v2\/posts\/2095\/revisions"}],"predecessor-version":[{"id":2097,"href":"https:\/\/esp.championforest.org\/devotionals\/wp-json\/wp\/v2\/posts\/2095\/revisions\/2097"}],"wp:featuredmedia":[{"embeddable":true,"href":"https:\/\/esp.championforest.org\/devotionals\/wp-json\/wp\/v2\/media\/2023"}],"wp:attachment":[{"href":"https:\/\/esp.championforest.org\/devotionals\/wp-json\/wp\/v2\/media?parent=2095"}],"wp:term":[{"taxonomy":"category","embeddable":true,"href":"https:\/\/esp.championforest.org\/devotionals\/wp-json\/wp\/v2\/categories?post=2095"},{"taxonomy":"post_tag","embeddable":true,"href":"https:\/\/esp.championforest.org\/devotionals\/wp-json\/wp\/v2\/tags?post=2095"}],"curies":[{"name":"wp","href":"https:\/\/api.w.org\/{rel}","templated":true}]}}