{"id":2092,"date":"2025-01-19T00:05:26","date_gmt":"2025-01-19T06:05:26","guid":{"rendered":"https:\/\/esp.championforest.org\/devotionals\/?p=2092"},"modified":"2025-01-17T10:09:24","modified_gmt":"2025-01-17T16:09:24","slug":"1-19-2025","status":"publish","type":"post","link":"https:\/\/esp.championforest.org\/devotionals\/1-19-2025\/","title":{"rendered":"D\u00eda Catorce | \u00bfQui\u00e9n es Jes\u00fas?"},"content":{"rendered":"\n<h2 class=\"wp-block-heading\"><span style=\"color: #000000;\" class=\"stk-highlight\">Juan 1<\/span>4<\/h2>\n\n\n\n<p><span style=\"color: #000000;\" class=\"stk-highlight\">Autor:\u00a0<em><em><em><em><em><em><em><em><em><em><em><em>Esteban V\u00e1zquez<\/em><\/em><\/em><\/em><\/em><\/em><\/em><\/em><\/em><\/em><\/em><\/em><\/span><\/p>\n\n\n\n<div class=\"wp-block-group\"><div class=\"wp-block-group__inner-container is-layout-constrained wp-block-group-is-layout-constrained\">\n<div class=\"wp-block-stackable-hero stk-block-hero stk-block stk-bb37f46 is-style-default\" data-v=\"2\" data-block-id=\"bb37f46\"><style>.stk-bb37f46-inner-blocks{justify-content:center !important;}.stk-bb37f46-container{background-color:#f7f7f7 !important;}.stk-bb37f46-container:before{background-color:#f7f7f7 !important;}.stk-bb37f46 .stk-block-hero__content{min-height:500px !important;align-items:center !important;display:flex !important;}<\/style><div class=\"stk-block-hero__content stk-content-align stk-bb37f46-column stk-container stk-bb37f46-container stk-hover-parent\"><div class=\"stk-block-content stk-inner-blocks has-text-align-left stk--column-flex stk-bb37f46-inner-blocks\">\n<div class=\"wp-block-stackable-heading stk-block-heading stk-block-heading--v2 stk-block stk-4fd618f\" id=\"strong-juan-strong-14\" data-block-id=\"4fd618f\"><style>.stk-4fd618f {margin-bottom:0px !important;}<\/style><h4 class=\"stk-block-heading__text\"><strong>Juan <\/strong>14<\/h4><\/div>\n\n\n\n<p>Jes\u00fas, el camino al Padre<\/p>\n\n\n\n<p><strong>14&nbsp;<\/strong>No se turbe vuestro coraz\u00f3n; cre\u00e9is en Dios, creed tambi\u00e9n en m\u00ed.&nbsp;<sup>2&nbsp;<\/sup>En la casa de mi Padre muchas moradas hay; si as\u00ed no fuera, yo os lo hubiera dicho; voy, pues, a preparar lugar para vosotros.&nbsp;<sup>3&nbsp;<\/sup>Y si me fuere y os preparare lugar, vendr\u00e9 otra vez, y os tomar\u00e9 a m\u00ed mismo, para que donde yo estoy, vosotros tambi\u00e9n est\u00e9is.&nbsp;<sup>4&nbsp;<\/sup>Y sab\u00e9is a d\u00f3nde voy, y sab\u00e9is el camino.&nbsp;<sup>5&nbsp;<\/sup>Le dijo Tom\u00e1s: Se\u00f1or, no sabemos a d\u00f3nde vas; \u00bfc\u00f3mo, pues, podemos saber el camino?&nbsp;<sup>6&nbsp;<\/sup>Jes\u00fas le dijo: Yo soy el camino, y la verdad, y la vida; nadie viene al Padre, sino por m\u00ed.&nbsp;<sup>7&nbsp;<\/sup>Si me conocieseis, tambi\u00e9n a mi Padre conocer\u00edais; y desde ahora le conoc\u00e9is, y le hab\u00e9is visto.<\/p>\n\n\n\n<p><sup>8&nbsp;<\/sup>Felipe le dijo: Se\u00f1or, mu\u00e9stranos el Padre, y nos basta.&nbsp;<sup>9&nbsp;<\/sup>Jes\u00fas le dijo: \u00bfTanto tiempo hace que estoy con vosotros, y no me has conocido, Felipe? El que me ha visto a m\u00ed, ha visto al Padre; \u00bfc\u00f3mo, pues, dices t\u00fa: Mu\u00e9stranos el Padre?&nbsp;<sup>10&nbsp;<\/sup>\u00bfNo crees que yo soy en el Padre, y el Padre en m\u00ed? Las palabras que yo os hablo, no las hablo por mi propia cuenta, sino que el Padre que mora en m\u00ed, \u00e9l hace las obras.&nbsp;<sup>11&nbsp;<\/sup>Creedme que yo soy en el Padre, y el Padre en m\u00ed; de otra manera, creedme por las mismas obras.<\/p>\n\n\n\n<p><sup>12&nbsp;<\/sup>De cierto, de cierto os digo: El que en m\u00ed cree, las obras que yo hago, \u00e9l las har\u00e1 tambi\u00e9n; y aun mayores har\u00e1, porque yo voy al Padre.&nbsp;<sup>13&nbsp;<\/sup>Y todo lo que pidiereis al Padre en mi nombre, lo har\u00e9, para que el Padre sea glorificado en el Hijo.&nbsp;<sup>14&nbsp;<\/sup>Si algo pidiereis en mi nombre, yo lo har\u00e9.<\/p>\n\n\n\n<h3 class=\"wp-block-heading\">La promesa del Esp\u00edritu Santo<\/h3>\n\n\n\n<p><sup>15&nbsp;<\/sup>Si me am\u00e1is, guardad mis mandamientos.&nbsp;<sup>16&nbsp;<\/sup>Y yo rogar\u00e9 al Padre, y os dar\u00e1 otro Consolador, para que est\u00e9 con vosotros para siempre:&nbsp;<sup>17&nbsp;<\/sup>el Esp\u00edritu de verdad, al cual el mundo no puede recibir, porque no le ve, ni le conoce; pero vosotros le conoc\u00e9is, porque mora con vosotros, y estar\u00e1 en vosotros.<\/p>\n\n\n\n<p><sup>18&nbsp;<\/sup>No os dejar\u00e9 hu\u00e9rfanos; vendr\u00e9 a vosotros.&nbsp;<sup>19&nbsp;<\/sup>Todav\u00eda un poco, y el mundo no me ver\u00e1 m\u00e1s; pero vosotros me ver\u00e9is; porque yo vivo, vosotros tambi\u00e9n vivir\u00e9is.&nbsp;<sup>20&nbsp;<\/sup>En aquel d\u00eda vosotros conocer\u00e9is que yo estoy en mi Padre, y vosotros en m\u00ed, y yo en vosotros.&nbsp;<sup>21&nbsp;<\/sup>El que tiene mis mandamientos, y los guarda, ese es el que me ama; y el que me ama, ser\u00e1 amado por mi Padre, y yo le amar\u00e9, y me manifestar\u00e9 a \u00e9l.&nbsp;<sup>22&nbsp;<\/sup>Le dijo Judas (no el Iscariote): Se\u00f1or, \u00bfc\u00f3mo es que te manifestar\u00e1s a nosotros, y no al mundo?&nbsp;<sup>23&nbsp;<\/sup>Respondi\u00f3 Jes\u00fas y le dijo: El que me ama, mi palabra guardar\u00e1; y mi Padre le amar\u00e1, y vendremos a \u00e9l, y haremos morada con \u00e9l.&nbsp;<sup>24&nbsp;<\/sup>El que no me ama, no guarda mis palabras; y la palabra que hab\u00e9is o\u00eddo no es m\u00eda, sino del Padre que me envi\u00f3.<\/p>\n\n\n\n<p><sup>25&nbsp;<\/sup>Os he dicho estas cosas estando con vosotros.&nbsp;<sup>26&nbsp;<\/sup>Mas el Consolador, el Esp\u00edritu Santo, a quien el Padre enviar\u00e1 en mi nombre, \u00e9l os ense\u00f1ar\u00e1 todas las cosas, y os recordar\u00e1 todo lo que yo os he dicho.&nbsp;<sup>27&nbsp;<\/sup>La paz os dejo, mi paz os doy; yo no os la doy como el mundo la da. No se turbe vuestro coraz\u00f3n, ni tenga miedo.&nbsp;<sup>28&nbsp;<\/sup>Hab\u00e9is o\u00eddo que yo os he dicho: Voy, y vengo a vosotros. Si me amarais, os habr\u00edais regocijado, porque he dicho que voy al Padre; porque el Padre mayor es que yo.&nbsp;<sup>29&nbsp;<\/sup>Y ahora os lo he dicho antes que suceda, para que cuando suceda, cre\u00e1is.&nbsp;<sup>30&nbsp;<\/sup>No hablar\u00e9 ya mucho con vosotros; porque viene el pr\u00edncipe de este mundo, y \u00e9l nada tiene en m\u00ed.&nbsp;<sup>31&nbsp;<\/sup>Mas para que el mundo conozca que amo al Padre, y como el Padre me mand\u00f3, as\u00ed hago. Levantaos, vamos de aqu\u00ed.<\/p>\n\n\n\n<div class=\"wp-block-stackable-text stk-block-text stk-block stk-3f49bf1 stk-block-background\" data-block-id=\"3f49bf1\"><style>.stk-3f49bf1 .stk-block-text__text{font-size:13px !important;}@media screen and (max-width: 1023px){.stk-3f49bf1 .stk-block-text__text{font-size:13px !important;}}<\/style><p class=\"stk-block-text__text\">Reina-Valera 1960 \u00ae \u00a9 Sociedades B\u00edblicas en Am\u00e9rica Latina, 1960. Renovado \u00a9 Sociedades B\u00edblicas Unidas, 1988. Utilizado con permiso. Si desea m\u00e1s informaci\u00f3n visite&nbsp;<a href=\"https:\/\/www.americanbible.org\/\">americanbible.org<\/a>,&nbsp;<a href=\"https:\/\/www.unitedbiblesocieties.org\/\">unitedbiblesocieties.org<\/a>,&nbsp;<a href=\"https:\/\/www.vivelabiblia.com\/\">vivelabiblia.com<\/a>,&nbsp;<a href=\"http:\/\/unitedbiblesocieties.org\/es\/casa\/\">unitedbiblesocieties.org\/es\/casa\/<\/a>,&nbsp;<a href=\"https:\/\/rvr60.bible\/?utm_source=website&amp;utm_medium=link&amp;utm_campaign=BGWYCEV11232021&amp;utm_id=biblegateway\/\">www.rvr60.bible<\/a><\/p><\/div>\n<\/div><\/div><\/div>\n<\/div><\/div>\n\n\n\n<p><strong>Devocional<\/strong><\/p>\n\n\n\n<p>No tienes que vivir atrapado en una preocupaci\u00f3n constante, cargado de tensiones o sinti\u00e9ndote abrumado. La preocupaci\u00f3n es un h\u00e1bito, y como cualquier h\u00e1bito, puede desaprenderse. \u00a1Es hora de dar el primer paso hacia la libertad!<\/p>\n\n\n\n<p>Ese primer paso es reconocer que Dios est\u00e1 en control. Cuando Jes\u00fas les dijo a sus disc\u00edpulos que Su tiempo en la tierra estaba llegando a su fin, los tranquiliz\u00f3 diciendo: \u201cNo se turbe vuestro coraz\u00f3n; cre\u00e9is en Dios, creed tambi\u00e9n en m\u00ed\u201d (v. 1). Estas palabras nos recuerdan que, incluso en la incertidumbre, podemos poner toda nuestra confianza en \u00c9l.<\/p>\n\n\n\n<p>Jes\u00fas les brind\u00f3 mayor confianza al declarar: \u201cYo soy el camino, la verdad y la vida. Nadie viene al Padre, sino por m\u00ed\u201d (v. 6). Esta verdad es un fundamento de esperanza: Cristo es suficiente. \u00c9l nos gu\u00eda hacia Dios, nos revela la verdad que nos libera y nos concede la vida eterna.<\/p>\n\n\n\n<p>Adem\u00e1s, prometi\u00f3 a sus disc\u00edpulos que nunca estar\u00edan solos. El Esp\u00edritu Santo, nuestro Consolador, vendr\u00eda y permanecer\u00eda con nosotros para siempre (v. 16). Esta promesa nos da paz y direcci\u00f3n, record\u00e1ndonos que Dios est\u00e1 con nosotros en cada paso.<\/p>\n\n\n\n<p><strong>\u00bfEn qu\u00e9 \u00e1reas necesitas confiar m\u00e1s en Jes\u00fas? Abraza sus palabras: \u201cLa paz les dejo; mi paz les doy\u201d (v. 27). Su paz te sostendr\u00e1 en todo momento.<\/strong><\/p>\n","protected":false},"excerpt":{"rendered":"<p>Juan 14 Autor:\u00a0Esteban V\u00e1zquez Juan 14 Jes\u00fas, el camino al Padre 14&nbsp;No se turbe vuestro coraz\u00f3n; cre\u00e9is en Dios, creed tambi\u00e9n en m\u00ed.&nbsp;2&nbsp;En la casa de mi Padre muchas moradas hay; si as\u00ed no fuera, yo os lo hubiera dicho; voy, pues, a preparar lugar para vosotros.&nbsp;3&nbsp;Y si me fuere y os preparare lugar, vendr\u00e9 &hellip; <a href=\"https:\/\/esp.championforest.org\/devotionals\/1-19-2025\/\" class=\"more-link\">Continue reading <span class=\"screen-reader-text\">D\u00eda Catorce | \u00bfQui\u00e9n es Jes\u00fas?<\/span><\/a><\/p>\n","protected":false},"author":2,"featured_media":2023,"comment_status":"open","ping_status":"closed","sticky":false,"template":"","format":"standard","meta":{"footnotes":""},"categories":[32,6],"tags":[31],"class_list":["post-2092","post","type-post","status-publish","format-standard","has-post-thumbnail","hentry","category-quienesjesus","category-devocionales","tag-quien-es-jesus"],"featured_image_urls_v2":{"full":["https:\/\/esp.championforest.org\/devotionals\/wp-content\/uploads\/2024\/12\/John-BG.jpg",1500,806,false],"thumbnail":["https:\/\/esp.championforest.org\/devotionals\/wp-content\/uploads\/2024\/12\/John-BG-150x150.jpg",150,150,true],"medium":["https:\/\/esp.championforest.org\/devotionals\/wp-content\/uploads\/2024\/12\/John-BG-300x161.jpg",300,161,true],"medium_large":["https:\/\/esp.championforest.org\/devotionals\/wp-content\/uploads\/2024\/12\/John-BG-768x413.jpg",768,413,true],"large":["https:\/\/esp.championforest.org\/devotionals\/wp-content\/uploads\/2024\/12\/John-BG-1024x550.jpg",900,483,true],"1536x1536":["https:\/\/esp.championforest.org\/devotionals\/wp-content\/uploads\/2024\/12\/John-BG.jpg",1500,806,false],"2048x2048":["https:\/\/esp.championforest.org\/devotionals\/wp-content\/uploads\/2024\/12\/John-BG.jpg",1500,806,false],"post-thumbnail":["https:\/\/esp.championforest.org\/devotionals\/wp-content\/uploads\/2024\/12\/John-BG.jpg",1500,806,false]},"post_excerpt_stackable_v2":"<p>Juan 14 Autor:\u00a0Esteban V\u00e1zquez Juan 14 Jes\u00fas, el camino al Padre 14&nbsp;No se turbe vuestro coraz\u00f3n; cre\u00e9is en Dios, creed tambi\u00e9n en m\u00ed.&nbsp;2&nbsp;En la casa de mi Padre muchas moradas hay; si as\u00ed no fuera, yo os lo hubiera dicho; voy, pues, a preparar lugar para vosotros.&nbsp;3&nbsp;Y si me fuere y os preparare lugar, vendr\u00e9 otra vez, y os tomar\u00e9 a m\u00ed mismo, para que donde yo estoy, vosotros tambi\u00e9n est\u00e9is.&nbsp;4&nbsp;Y sab\u00e9is a d\u00f3nde voy, y sab\u00e9is el camino.&nbsp;5&nbsp;Le dijo Tom\u00e1s: Se\u00f1or, no sabemos a d\u00f3nde vas; \u00bfc\u00f3mo, pues, podemos saber el camino?&nbsp;6&nbsp;Jes\u00fas le dijo: Yo soy el camino, y&hellip;<\/p>\n","category_list_v2":"<a href=\"https:\/\/esp.championforest.org\/devotionals\/category\/quienesjesus\/\" rel=\"category tag\">\u00bfQui\u00e9n es Jes\u00fas?<\/a>, <a href=\"https:\/\/esp.championforest.org\/devotionals\/category\/devocionales\/\" rel=\"category tag\">Devocionales<\/a>","author_info_v2":{"name":"Champion Forest","url":"https:\/\/esp.championforest.org\/devotionals\/author\/cfbcms_admin\/"},"comments_num_v2":"13 comments","yoast_head":"<!-- This site is optimized with the Yoast SEO plugin v27.3 - https:\/\/yoast.com\/product\/yoast-seo-wordpress\/ -->\n<title>D\u00eda Catorce | \u00bfQui\u00e9n es Jes\u00fas? - Devocionales<\/title>\n<meta name=\"robots\" content=\"index, follow, max-snippet:-1, max-image-preview:large, max-video-preview:-1\" \/>\n<link rel=\"canonical\" href=\"https:\/\/esp.championforest.org\/devotionals\/1-19-2025\/\" \/>\n<meta property=\"og:locale\" content=\"en_US\" \/>\n<meta property=\"og:type\" content=\"article\" \/>\n<meta property=\"og:title\" content=\"D\u00eda Catorce | \u00bfQui\u00e9n es Jes\u00fas? - Devocionales\" \/>\n<meta property=\"og:description\" content=\"Juan 14 Autor:\u00a0Esteban V\u00e1zquez Juan 14 Jes\u00fas, el camino al Padre 14&nbsp;No se turbe vuestro coraz\u00f3n; cre\u00e9is en Dios, creed tambi\u00e9n en m\u00ed.&nbsp;2&nbsp;En la casa de mi Padre muchas moradas hay; si as\u00ed no fuera, yo os lo hubiera dicho; voy, pues, a preparar lugar para vosotros.&nbsp;3&nbsp;Y si me fuere y os preparare lugar, vendr\u00e9 &hellip; Continue reading D\u00eda Catorce | \u00bfQui\u00e9n es Jes\u00fas?\" \/>\n<meta property=\"og:url\" content=\"https:\/\/esp.championforest.org\/devotionals\/1-19-2025\/\" \/>\n<meta property=\"og:site_name\" content=\"Devocionales\" \/>\n<meta property=\"article:published_time\" content=\"2025-01-19T06:05:26+00:00\" \/>\n<meta property=\"og:image\" content=\"https:\/\/esp.championforest.org\/devotionals\/wp-content\/uploads\/2024\/12\/John-BG.jpg\" \/>\n\t<meta property=\"og:image:width\" content=\"1500\" \/>\n\t<meta property=\"og:image:height\" content=\"806\" \/>\n\t<meta property=\"og:image:type\" content=\"image\/jpeg\" \/>\n<meta name=\"author\" content=\"Champion Forest\" \/>\n<meta name=\"twitter:card\" content=\"summary_large_image\" \/>\n<meta name=\"twitter:label1\" content=\"Written by\" \/>\n\t<meta name=\"twitter:data1\" content=\"Champion Forest\" \/>\n\t<meta name=\"twitter:label2\" content=\"Est. reading time\" \/>\n\t<meta name=\"twitter:data2\" content=\"5 minutes\" \/>\n<script type=\"application\/ld+json\" class=\"yoast-schema-graph\">{\"@context\":\"https:\\\/\\\/schema.org\",\"@graph\":[{\"@type\":\"Article\",\"@id\":\"https:\\\/\\\/esp.championforest.org\\\/devotionals\\\/1-19-2025\\\/#article\",\"isPartOf\":{\"@id\":\"https:\\\/\\\/esp.championforest.org\\\/devotionals\\\/1-19-2025\\\/\"},\"author\":{\"name\":\"Champion Forest\",\"@id\":\"https:\\\/\\\/esp.championforest.org\\\/devotionals\\\/#\\\/schema\\\/person\\\/0d7b32cb6698781087962c699912c666\"},\"headline\":\"D\u00eda Catorce | \u00bfQui\u00e9n es Jes\u00fas?\",\"datePublished\":\"2025-01-19T06:05:26+00:00\",\"mainEntityOfPage\":{\"@id\":\"https:\\\/\\\/esp.championforest.org\\\/devotionals\\\/1-19-2025\\\/\"},\"wordCount\":1043,\"commentCount\":13,\"image\":{\"@id\":\"https:\\\/\\\/esp.championforest.org\\\/devotionals\\\/1-19-2025\\\/#primaryimage\"},\"thumbnailUrl\":\"https:\\\/\\\/esp.championforest.org\\\/devotionals\\\/wp-content\\\/uploads\\\/2024\\\/12\\\/John-BG.jpg\",\"keywords\":[\"\u00bfQui\u00e9n es Jes\u00fas?\"],\"articleSection\":[\"\u00bfQui\u00e9n es Jes\u00fas?\",\"Devocionales\"],\"inLanguage\":\"en-US\",\"potentialAction\":[{\"@type\":\"CommentAction\",\"name\":\"Comment\",\"target\":[\"https:\\\/\\\/esp.championforest.org\\\/devotionals\\\/1-19-2025\\\/#respond\"]}]},{\"@type\":\"WebPage\",\"@id\":\"https:\\\/\\\/esp.championforest.org\\\/devotionals\\\/1-19-2025\\\/\",\"url\":\"https:\\\/\\\/esp.championforest.org\\\/devotionals\\\/1-19-2025\\\/\",\"name\":\"D\u00eda Catorce | \u00bfQui\u00e9n es Jes\u00fas? - Devocionales\",\"isPartOf\":{\"@id\":\"https:\\\/\\\/esp.championforest.org\\\/devotionals\\\/#website\"},\"primaryImageOfPage\":{\"@id\":\"https:\\\/\\\/esp.championforest.org\\\/devotionals\\\/1-19-2025\\\/#primaryimage\"},\"image\":{\"@id\":\"https:\\\/\\\/esp.championforest.org\\\/devotionals\\\/1-19-2025\\\/#primaryimage\"},\"thumbnailUrl\":\"https:\\\/\\\/esp.championforest.org\\\/devotionals\\\/wp-content\\\/uploads\\\/2024\\\/12\\\/John-BG.jpg\",\"datePublished\":\"2025-01-19T06:05:26+00:00\",\"author\":{\"@id\":\"https:\\\/\\\/esp.championforest.org\\\/devotionals\\\/#\\\/schema\\\/person\\\/0d7b32cb6698781087962c699912c666\"},\"breadcrumb\":{\"@id\":\"https:\\\/\\\/esp.championforest.org\\\/devotionals\\\/1-19-2025\\\/#breadcrumb\"},\"inLanguage\":\"en-US\",\"potentialAction\":[{\"@type\":\"ReadAction\",\"target\":[\"https:\\\/\\\/esp.championforest.org\\\/devotionals\\\/1-19-2025\\\/\"]}]},{\"@type\":\"ImageObject\",\"inLanguage\":\"en-US\",\"@id\":\"https:\\\/\\\/esp.championforest.org\\\/devotionals\\\/1-19-2025\\\/#primaryimage\",\"url\":\"https:\\\/\\\/esp.championforest.org\\\/devotionals\\\/wp-content\\\/uploads\\\/2024\\\/12\\\/John-BG.jpg\",\"contentUrl\":\"https:\\\/\\\/esp.championforest.org\\\/devotionals\\\/wp-content\\\/uploads\\\/2024\\\/12\\\/John-BG.jpg\",\"width\":1500,\"height\":806},{\"@type\":\"BreadcrumbList\",\"@id\":\"https:\\\/\\\/esp.championforest.org\\\/devotionals\\\/1-19-2025\\\/#breadcrumb\",\"itemListElement\":[{\"@type\":\"ListItem\",\"position\":1,\"name\":\"Casa\",\"item\":\"https:\\\/\\\/esp.championforest.org\\\/devotionals\\\/\"},{\"@type\":\"ListItem\",\"position\":2,\"name\":\"D\u00eda Catorce | \u00bfQui\u00e9n es Jes\u00fas?\"}]},{\"@type\":\"WebSite\",\"@id\":\"https:\\\/\\\/esp.championforest.org\\\/devotionals\\\/#website\",\"url\":\"https:\\\/\\\/esp.championforest.org\\\/devotionals\\\/\",\"name\":\"Devocionales\",\"description\":\"\",\"potentialAction\":[{\"@type\":\"SearchAction\",\"target\":{\"@type\":\"EntryPoint\",\"urlTemplate\":\"https:\\\/\\\/esp.championforest.org\\\/devotionals\\\/?s={search_term_string}\"},\"query-input\":{\"@type\":\"PropertyValueSpecification\",\"valueRequired\":true,\"valueName\":\"search_term_string\"}}],\"inLanguage\":\"en-US\"},{\"@type\":\"Person\",\"@id\":\"https:\\\/\\\/esp.championforest.org\\\/devotionals\\\/#\\\/schema\\\/person\\\/0d7b32cb6698781087962c699912c666\",\"name\":\"Champion Forest\",\"image\":{\"@type\":\"ImageObject\",\"inLanguage\":\"en-US\",\"@id\":\"https:\\\/\\\/secure.gravatar.com\\\/avatar\\\/978ba5d6180fa65624708e969f442efde16543b129f0679a2cb301024d170062?s=96&d=mm&r=g\",\"url\":\"https:\\\/\\\/secure.gravatar.com\\\/avatar\\\/978ba5d6180fa65624708e969f442efde16543b129f0679a2cb301024d170062?s=96&d=mm&r=g\",\"contentUrl\":\"https:\\\/\\\/secure.gravatar.com\\\/avatar\\\/978ba5d6180fa65624708e969f442efde16543b129f0679a2cb301024d170062?s=96&d=mm&r=g\",\"caption\":\"Champion Forest\"},\"url\":\"https:\\\/\\\/esp.championforest.org\\\/devotionals\\\/author\\\/cfbcms_admin\\\/\"}]}<\/script>\n<!-- \/ Yoast SEO plugin. -->","yoast_head_json":{"title":"D\u00eda Catorce | \u00bfQui\u00e9n es Jes\u00fas? - Devocionales","robots":{"index":"index","follow":"follow","max-snippet":"max-snippet:-1","max-image-preview":"max-image-preview:large","max-video-preview":"max-video-preview:-1"},"canonical":"https:\/\/esp.championforest.org\/devotionals\/1-19-2025\/","og_locale":"en_US","og_type":"article","og_title":"D\u00eda Catorce | \u00bfQui\u00e9n es Jes\u00fas? - Devocionales","og_description":"Juan 14 Autor:\u00a0Esteban V\u00e1zquez Juan 14 Jes\u00fas, el camino al Padre 14&nbsp;No se turbe vuestro coraz\u00f3n; cre\u00e9is en Dios, creed tambi\u00e9n en m\u00ed.&nbsp;2&nbsp;En la casa de mi Padre muchas moradas hay; si as\u00ed no fuera, yo os lo hubiera dicho; voy, pues, a preparar lugar para vosotros.&nbsp;3&nbsp;Y si me fuere y os preparare lugar, vendr\u00e9 &hellip; Continue reading D\u00eda Catorce | \u00bfQui\u00e9n es Jes\u00fas?","og_url":"https:\/\/esp.championforest.org\/devotionals\/1-19-2025\/","og_site_name":"Devocionales","article_published_time":"2025-01-19T06:05:26+00:00","og_image":[{"width":1500,"height":806,"url":"https:\/\/esp.championforest.org\/devotionals\/wp-content\/uploads\/2024\/12\/John-BG.jpg","type":"image\/jpeg"}],"author":"Champion Forest","twitter_card":"summary_large_image","twitter_misc":{"Written by":"Champion Forest","Est. reading time":"5 minutes"},"schema":{"@context":"https:\/\/schema.org","@graph":[{"@type":"Article","@id":"https:\/\/esp.championforest.org\/devotionals\/1-19-2025\/#article","isPartOf":{"@id":"https:\/\/esp.championforest.org\/devotionals\/1-19-2025\/"},"author":{"name":"Champion Forest","@id":"https:\/\/esp.championforest.org\/devotionals\/#\/schema\/person\/0d7b32cb6698781087962c699912c666"},"headline":"D\u00eda Catorce | \u00bfQui\u00e9n es Jes\u00fas?","datePublished":"2025-01-19T06:05:26+00:00","mainEntityOfPage":{"@id":"https:\/\/esp.championforest.org\/devotionals\/1-19-2025\/"},"wordCount":1043,"commentCount":13,"image":{"@id":"https:\/\/esp.championforest.org\/devotionals\/1-19-2025\/#primaryimage"},"thumbnailUrl":"https:\/\/esp.championforest.org\/devotionals\/wp-content\/uploads\/2024\/12\/John-BG.jpg","keywords":["\u00bfQui\u00e9n es Jes\u00fas?"],"articleSection":["\u00bfQui\u00e9n es Jes\u00fas?","Devocionales"],"inLanguage":"en-US","potentialAction":[{"@type":"CommentAction","name":"Comment","target":["https:\/\/esp.championforest.org\/devotionals\/1-19-2025\/#respond"]}]},{"@type":"WebPage","@id":"https:\/\/esp.championforest.org\/devotionals\/1-19-2025\/","url":"https:\/\/esp.championforest.org\/devotionals\/1-19-2025\/","name":"D\u00eda Catorce | \u00bfQui\u00e9n es Jes\u00fas? - Devocionales","isPartOf":{"@id":"https:\/\/esp.championforest.org\/devotionals\/#website"},"primaryImageOfPage":{"@id":"https:\/\/esp.championforest.org\/devotionals\/1-19-2025\/#primaryimage"},"image":{"@id":"https:\/\/esp.championforest.org\/devotionals\/1-19-2025\/#primaryimage"},"thumbnailUrl":"https:\/\/esp.championforest.org\/devotionals\/wp-content\/uploads\/2024\/12\/John-BG.jpg","datePublished":"2025-01-19T06:05:26+00:00","author":{"@id":"https:\/\/esp.championforest.org\/devotionals\/#\/schema\/person\/0d7b32cb6698781087962c699912c666"},"breadcrumb":{"@id":"https:\/\/esp.championforest.org\/devotionals\/1-19-2025\/#breadcrumb"},"inLanguage":"en-US","potentialAction":[{"@type":"ReadAction","target":["https:\/\/esp.championforest.org\/devotionals\/1-19-2025\/"]}]},{"@type":"ImageObject","inLanguage":"en-US","@id":"https:\/\/esp.championforest.org\/devotionals\/1-19-2025\/#primaryimage","url":"https:\/\/esp.championforest.org\/devotionals\/wp-content\/uploads\/2024\/12\/John-BG.jpg","contentUrl":"https:\/\/esp.championforest.org\/devotionals\/wp-content\/uploads\/2024\/12\/John-BG.jpg","width":1500,"height":806},{"@type":"BreadcrumbList","@id":"https:\/\/esp.championforest.org\/devotionals\/1-19-2025\/#breadcrumb","itemListElement":[{"@type":"ListItem","position":1,"name":"Casa","item":"https:\/\/esp.championforest.org\/devotionals\/"},{"@type":"ListItem","position":2,"name":"D\u00eda Catorce | \u00bfQui\u00e9n es Jes\u00fas?"}]},{"@type":"WebSite","@id":"https:\/\/esp.championforest.org\/devotionals\/#website","url":"https:\/\/esp.championforest.org\/devotionals\/","name":"Devocionales","description":"","potentialAction":[{"@type":"SearchAction","target":{"@type":"EntryPoint","urlTemplate":"https:\/\/esp.championforest.org\/devotionals\/?s={search_term_string}"},"query-input":{"@type":"PropertyValueSpecification","valueRequired":true,"valueName":"search_term_string"}}],"inLanguage":"en-US"},{"@type":"Person","@id":"https:\/\/esp.championforest.org\/devotionals\/#\/schema\/person\/0d7b32cb6698781087962c699912c666","name":"Champion Forest","image":{"@type":"ImageObject","inLanguage":"en-US","@id":"https:\/\/secure.gravatar.com\/avatar\/978ba5d6180fa65624708e969f442efde16543b129f0679a2cb301024d170062?s=96&d=mm&r=g","url":"https:\/\/secure.gravatar.com\/avatar\/978ba5d6180fa65624708e969f442efde16543b129f0679a2cb301024d170062?s=96&d=mm&r=g","contentUrl":"https:\/\/secure.gravatar.com\/avatar\/978ba5d6180fa65624708e969f442efde16543b129f0679a2cb301024d170062?s=96&d=mm&r=g","caption":"Champion Forest"},"url":"https:\/\/esp.championforest.org\/devotionals\/author\/cfbcms_admin\/"}]}},"_links":{"self":[{"href":"https:\/\/esp.championforest.org\/devotionals\/wp-json\/wp\/v2\/posts\/2092","targetHints":{"allow":["GET"]}}],"collection":[{"href":"https:\/\/esp.championforest.org\/devotionals\/wp-json\/wp\/v2\/posts"}],"about":[{"href":"https:\/\/esp.championforest.org\/devotionals\/wp-json\/wp\/v2\/types\/post"}],"author":[{"embeddable":true,"href":"https:\/\/esp.championforest.org\/devotionals\/wp-json\/wp\/v2\/users\/2"}],"replies":[{"embeddable":true,"href":"https:\/\/esp.championforest.org\/devotionals\/wp-json\/wp\/v2\/comments?post=2092"}],"version-history":[{"count":2,"href":"https:\/\/esp.championforest.org\/devotionals\/wp-json\/wp\/v2\/posts\/2092\/revisions"}],"predecessor-version":[{"id":2094,"href":"https:\/\/esp.championforest.org\/devotionals\/wp-json\/wp\/v2\/posts\/2092\/revisions\/2094"}],"wp:featuredmedia":[{"embeddable":true,"href":"https:\/\/esp.championforest.org\/devotionals\/wp-json\/wp\/v2\/media\/2023"}],"wp:attachment":[{"href":"https:\/\/esp.championforest.org\/devotionals\/wp-json\/wp\/v2\/media?parent=2092"}],"wp:term":[{"taxonomy":"category","embeddable":true,"href":"https:\/\/esp.championforest.org\/devotionals\/wp-json\/wp\/v2\/categories?post=2092"},{"taxonomy":"post_tag","embeddable":true,"href":"https:\/\/esp.championforest.org\/devotionals\/wp-json\/wp\/v2\/tags?post=2092"}],"curies":[{"name":"wp","href":"https:\/\/api.w.org\/{rel}","templated":true}]}}