{"id":209,"date":"2020-03-30T01:00:00","date_gmt":"2020-03-30T07:00:00","guid":{"rendered":"https:\/\/esp.championforest.org\/devotionals\/?p=209"},"modified":"2020-03-25T12:46:02","modified_gmt":"2020-03-25T18:46:02","slug":"marcos-marzo-30","status":"publish","type":"post","link":"https:\/\/esp.championforest.org\/devotionals\/marcos-marzo-30\/","title":{"rendered":"Marcos Cap\u00edtulo 9"},"content":{"rendered":"\n<div class=\"wp-block-ugb-container ugb-container ugb-7361a0b ugb-container--v2 ugb-container--design-basic ugb-main-block\" id=\"\"><style>.ugb-7361a0b-wrapper.ugb-container__wrapper{border-radius:12px !important;background-color:#f1f1f1 !important}.ugb-7361a0b-content-wrapper.ugb-container__content-wrapper{width:100% !important}.ugb-7361a0b-wrapper.ugb-container__wrapper:before{background-color:#f1f1f1 !important}.ugb-7361a0b-content-wrapper > h1,.ugb-7361a0b-content-wrapper > h2,.ugb-7361a0b-content-wrapper > h3,.ugb-7361a0b-content-wrapper > h4,.ugb-7361a0b-content-wrapper > h5,.ugb-7361a0b-content-wrapper > h6{color:#222222}.ugb-7361a0b-content-wrapper > p,.ugb-7361a0b-content-wrapper > ol li,.ugb-7361a0b-content-wrapper > ul li{color:#222222}<\/style><div class=\"ugb-inner-block\"><div class=\"ugb-block-content\"><div class=\"ugb-container__wrapper ugb-7361a0b-wrapper ugb--shadow-3\"><div class=\"ugb-container__side\"><div class=\"ugb-container__content-wrapper ugb-7361a0b-content-wrapper\">\n<h3 class=\"wp-block-heading\">Marcos 9<\/h3>\n\n\n\n<p>Tambi\u00e9n les dijo: De cierto os digo que hay algunos de los que est\u00e1n aqu\u00ed, que no gustar\u00e1n la muerte hasta que hayan visto el reino de Dios venido con poder.<\/p>\n\n\n\n<h5 class=\"wp-block-heading\">La transfiguraci\u00f3n<\/h5>\n\n\n\n<h6 class=\"wp-block-heading\">(Mt. 17.1-13; Lc. 9.28-36)<\/h6>\n\n\n\n<p><sup>2&nbsp;<\/sup>Seis d\u00edas despu\u00e9s, Jes\u00fas tom\u00f3 a Pedro, a Jacobo y a Juan, y los llev\u00f3 aparte solos a un monte alto; y se transfigur\u00f3 delante de ellos.<\/p>\n\n\n\n<p><sup>3&nbsp;<\/sup>Y sus vestidos se volvieron resplandecientes, muy blancos, como la nieve, tanto que ning\u00fan lavador en la tierra los puede hacer tan blancos.<\/p>\n\n\n\n<p><sup>4&nbsp;<\/sup>Y les apareci\u00f3 El\u00edas con Mois\u00e9s, que hablaban con Jes\u00fas.<\/p>\n\n\n\n<p><sup>5&nbsp;<\/sup>Entonces Pedro dijo a Jes\u00fas: Maestro, bueno es para nosotros que estemos aqu\u00ed; y hagamos tres enramadas, una para ti, otra para Mois\u00e9s, y otra para El\u00edas.<\/p>\n\n\n\n<p><sup>6&nbsp;<\/sup>Porque no sab\u00eda lo que hablaba, pues estaban espantados.<\/p>\n\n\n\n<p><sup>7&nbsp;<\/sup>Entonces vino una nube que les hizo sombra, y desde la nube una voz que dec\u00eda: Este es mi Hijo amado;&nbsp;a \u00e9l o\u00edd.<\/p>\n\n\n\n<p><sup>8&nbsp;<\/sup>Y luego, cuando miraron, no vieron m\u00e1s a nadie consigo, sino a Jes\u00fas solo.<\/p>\n\n\n\n<p><sup>9&nbsp;<\/sup>Y descendiendo ellos del monte, les mand\u00f3 que a nadie dijesen lo que hab\u00edan visto, sino cuando el Hijo del Hombre hubiese resucitado de los muertos.<\/p>\n\n\n\n<p><sup>10&nbsp;<\/sup>Y guardaron la palabra entre s\u00ed, discutiendo qu\u00e9 ser\u00eda aquello de resucitar de los muertos.<\/p>\n\n\n\n<p><sup>11&nbsp;<\/sup>Y le preguntaron, diciendo: \u00bfPor qu\u00e9 dicen los escribas que es necesario que El\u00edas venga primero?<\/p>\n\n\n\n<p><sup>12&nbsp;<\/sup>Respondiendo \u00e9l, les dijo: El\u00edas a la verdad vendr\u00e1 primero, y restaurar\u00e1 todas las cosas; \u00bfy c\u00f3mo est\u00e1 escrito del Hijo del Hombre, que padezca mucho y sea tenido en nada?<\/p>\n\n\n\n<p><sup>13&nbsp;<\/sup>Pero os digo que El\u00edas ya vino, y le hicieron todo lo que quisieron, como est\u00e1 escrito de \u00e9l.<\/p>\n\n\n\n<h5 class=\"wp-block-heading\">Jes\u00fas sana a un muchacho endemoniado<\/h5>\n\n\n\n<h6 class=\"wp-block-heading\">(Mt. 17.14-21; Lc. 9.37-43)<\/h6>\n\n\n\n<p><sup>14&nbsp;<\/sup>Cuando lleg\u00f3 a donde estaban los disc\u00edpulos, vio una gran multitud alrededor de ellos, y escribas que disputaban con ellos.<\/p>\n\n\n\n<p><sup>15&nbsp;<\/sup>Y en seguida toda la gente, vi\u00e9ndole, se asombr\u00f3, y corriendo a \u00e9l, le saludaron.<\/p>\n\n\n\n<p><sup>16&nbsp;<\/sup>El les pregunt\u00f3: \u00bfQu\u00e9 disput\u00e1is con ellos?<\/p>\n\n\n\n<p><sup>17&nbsp;<\/sup>Y respondiendo uno de la multitud, dijo: Maestro, traje a ti mi hijo, que tiene un esp\u00edritu mudo,<\/p>\n\n\n\n<p><sup>18&nbsp;<\/sup>el cual, dondequiera que le toma, le sacude; y echa espumarajos, y cruje los dientes, y se va secando; y dije a tus disc\u00edpulos que lo echasen fuera, y no pudieron.<\/p>\n\n\n\n<p><sup>19&nbsp;<\/sup>Y respondiendo \u00e9l, les dijo: !!Oh generaci\u00f3n incr\u00e9dula! \u00bfHasta cu\u00e1ndo he de estar con vosotros? \u00bfHasta cu\u00e1ndo os he de soportar? Tra\u00e9dmelo.<\/p>\n\n\n\n<p><sup>20&nbsp;<\/sup>Y se lo trajeron; y cuando el esp\u00edritu vio a Jes\u00fas, sacudi\u00f3 con violencia al muchacho, quien cayendo en tierra se revolcaba, echando espumarajos.<\/p>\n\n\n\n<p><sup>21&nbsp;<\/sup>Jes\u00fas pregunt\u00f3 al padre: \u00bfCu\u00e1nto tiempo hace que le sucede esto? Y \u00e9l dijo: Desde ni\u00f1o.<\/p>\n\n\n\n<p><sup>22&nbsp;<\/sup>Y muchas veces le echa en el fuego y en el agua, para matarle; pero si puedes hacer algo, ten misericordia de nosotros, y ay\u00fadanos.<\/p>\n\n\n\n<p><sup>23&nbsp;<\/sup>Jes\u00fas le dijo: Si puedes creer, al que cree todo le es posible.<\/p>\n\n\n\n<p><sup>24&nbsp;<\/sup>E inmediatamente el padre del muchacho clam\u00f3 y dijo: Creo; ayuda mi incredulidad.<\/p>\n\n\n\n<p><sup>25&nbsp;<\/sup>Y cuando Jes\u00fas vio que la multitud se agolpaba, reprendi\u00f3 al esp\u00edritu inmundo, dici\u00e9ndole: Esp\u00edritu mudo y sordo, yo te mando, sal de \u00e9l, y no entres m\u00e1s en \u00e9l.<\/p>\n\n\n\n<p><sup>26&nbsp;<\/sup>Entonces el esp\u00edritu, clamando y sacudi\u00e9ndole con violencia, sali\u00f3; y \u00e9l qued\u00f3 como muerto, de modo que muchos dec\u00edan: Est\u00e1 muerto.<\/p>\n\n\n\n<p><sup>27&nbsp;<\/sup>Pero Jes\u00fas, tom\u00e1ndole de la mano, le enderez\u00f3; y se levant\u00f3.<\/p>\n\n\n\n<p><sup>28&nbsp;<\/sup>Cuando \u00e9l entr\u00f3 en casa, sus disc\u00edpulos le preguntaron aparte: \u00bfPor qu\u00e9 nosotros no pudimos echarle fuera?<\/p>\n\n\n\n<p><sup>29&nbsp;<\/sup>Y les dijo: Este g\u00e9nero con nada puede salir, sino con oraci\u00f3n y ayuno.<\/p>\n\n\n\n<h5 class=\"wp-block-heading\">Jes\u00fas anuncia otra vez su muerte<\/h5>\n\n\n\n<h6 class=\"wp-block-heading\">(Mt. 17.22-23; Lc. 9.43-45)<\/h6>\n\n\n\n<p><sup>30&nbsp;<\/sup>Habiendo salido de all\u00ed, caminaron por Galilea; y no quer\u00eda que nadie lo supiese.<\/p>\n\n\n\n<p><sup>31&nbsp;<\/sup>Porque ense\u00f1aba a sus disc\u00edpulos, y les dec\u00eda: El Hijo del Hombre ser\u00e1 entregado en manos de hombres, y le matar\u00e1n; pero despu\u00e9s de muerto, resucitar\u00e1 al tercer d\u00eda.<\/p>\n\n\n\n<p><sup>32&nbsp;<\/sup>Pero ellos no entend\u00edan esta palabra, y ten\u00edan miedo de preguntarle.<\/p>\n\n\n\n<h5 class=\"wp-block-heading\">\u00bfQui\u00e9n es el mayor?<\/h5>\n\n\n\n<h6 class=\"wp-block-heading\">(Mt. 18.1-5; Lc. 9.46-48)<\/h6>\n\n\n\n<p><sup>33&nbsp;<\/sup>Y lleg\u00f3 a Capernaum; y cuando estuvo en casa, les pregunt\u00f3: \u00bfQu\u00e9 disputabais entre vosotros en el camino?<\/p>\n\n\n\n<p><sup>34&nbsp;<\/sup>Mas ellos callaron; porque en el camino hab\u00edan disputado entre s\u00ed, qui\u00e9n hab\u00eda de ser el mayor.<\/p>\n\n\n\n<p><sup>35&nbsp;<\/sup>Entonces \u00e9l se sent\u00f3 y llam\u00f3 a los doce, y les dijo: Si alguno quiere ser el primero, ser\u00e1 el postrero de todos, y el servidor de todos.<\/p>\n\n\n\n<p><sup>36&nbsp;<\/sup>Y tom\u00f3 a un ni\u00f1o, y lo puso en medio de ellos; y tom\u00e1ndole en sus brazos, les dijo:<\/p>\n\n\n\n<p><sup>37&nbsp;<\/sup>El que reciba en mi nombre a un ni\u00f1o como este, me recibe a m\u00ed; y el que a m\u00ed me recibe, no me recibe a m\u00ed sino al que me envi\u00f3.<\/p>\n\n\n\n<h5 class=\"wp-block-heading\">El que no es contra nosotros, por nosotros es<\/h5>\n\n\n\n<h6 class=\"wp-block-heading\">(Lc. 9.49-50)<\/h6>\n\n\n\n<p><sup>38&nbsp;<\/sup>Juan le respondi\u00f3 diciendo: Maestro, hemos visto a uno que en tu nombre echaba fuera demonios, pero \u00e9l no nos sigue; y se lo prohibimos, porque no nos segu\u00eda.<\/p>\n\n\n\n<p><sup>39&nbsp;<\/sup>Pero Jes\u00fas dijo: No se lo prohib\u00e1is; porque ninguno hay que haga milagro en mi nombre, que luego pueda decir mal de m\u00ed.<\/p>\n\n\n\n<p><sup>40&nbsp;<\/sup>Porque el que no es contra nosotros, por nosotros es.<\/p>\n\n\n\n<p><sup>41&nbsp;<\/sup>Y cualquiera que os diere un vaso de agua en mi nombre, porque sois de Cristo, de cierto os digo que no perder\u00e1 su recompensa.<\/p>\n\n\n\n<h5 class=\"wp-block-heading\">Ocasiones de caer<\/h5>\n\n\n\n<h6 class=\"wp-block-heading\">(Mt. 18.6-9; Lc. 17.1-2)<\/h6>\n\n\n\n<p><sup>42&nbsp;<\/sup>Cualquiera que haga tropezar a uno de estos peque\u00f1itos que creen en m\u00ed, mejor le fuera si se le atase una piedra de molino al cuello, y se le arrojase en el mar.<\/p>\n\n\n\n<p><sup>43&nbsp;<\/sup>Si tu mano te fuere ocasi\u00f3n de caer, c\u00f3rtala; mejor te es entrar en la vida manco, que teniendo dos manos ir al infierno, al fuego que no puede ser apagado,<\/p>\n\n\n\n<p><sup>44&nbsp;<\/sup>donde el gusano de ellos no muere, y el fuego nunca se apaga.<\/p>\n\n\n\n<p><sup>45&nbsp;<\/sup>Y si tu pie te fuere ocasi\u00f3n de caer, c\u00f3rtalo; mejor te es entrar a la vida cojo, que teniendo dos pies ser echado en el infierno, al fuego que no puede ser apagado,<\/p>\n\n\n\n<p><sup>46&nbsp;<\/sup>donde el gusano de ellos no muere, y el fuego nunca se apaga.<\/p>\n\n\n\n<p><sup>47&nbsp;<\/sup>Y si tu ojo te fuere ocasi\u00f3n de caer, s\u00e1calo; mejor te es entrar en el reino de Dios con un ojo, que teniendo dos ojos ser echado al infierno,<\/p>\n\n\n\n<p><sup>48&nbsp;<\/sup>donde el gusano de ellos no muere, y el fuego nunca se apaga.<\/p>\n\n\n\n<p><sup>49&nbsp;<\/sup>Porque todos ser\u00e1n salados con fuego, y todo sacrificio ser\u00e1 salado con sal.<\/p>\n\n\n\n<p><sup>50&nbsp;<\/sup>Buena es la sal; mas si la sal se hace ins\u00edpida, \u00bfcon qu\u00e9 la sazonar\u00e9is?&nbsp;Tened sal en vosotros mismos; y tened paz los unos con los otros.<\/p>\n\n\n\n<p>Versi\u00f3n Reina-Valera 1960 \u00a9 Sociedades B\u00edblicas en Am\u00e9rica Latina, 1960. Renovado \u00a9 Sociedades B\u00edblicas Unidas, 1988.<\/p>\n<\/div><\/div><\/div><\/div><\/div><\/div>\n","protected":false},"excerpt":{"rendered":"<p>Marcos 9 Tambi\u00e9n les dijo: De cierto os digo que hay algunos de los que est\u00e1n aqu\u00ed, que no gustar\u00e1n la muerte hasta que hayan visto el reino de Dios venido con poder. La transfiguraci\u00f3n (Mt. 17.1-13; Lc. 9.28-36) 2&nbsp;Seis d\u00edas despu\u00e9s, Jes\u00fas tom\u00f3 a Pedro, a Jacobo y a Juan, y los llev\u00f3 aparte &hellip; <a href=\"https:\/\/esp.championforest.org\/devotionals\/marcos-marzo-30\/\" class=\"more-link\">Continue reading <span class=\"screen-reader-text\">Marcos Cap\u00edtulo 9<\/span><\/a><\/p>\n","protected":false},"author":2,"featured_media":9,"comment_status":"open","ping_status":"open","sticky":false,"template":"","format":"standard","meta":{"footnotes":""},"categories":[3],"tags":[],"class_list":["post-209","post","type-post","status-publish","format-standard","has-post-thumbnail","hentry","category-marcos"],"featured_image_urls_v2":{"full":["https:\/\/esp.championforest.org\/devotionals\/wp-content\/uploads\/2019\/11\/bible-banner.jpg",2000,733,false],"thumbnail":["https:\/\/esp.championforest.org\/devotionals\/wp-content\/uploads\/2019\/11\/bible-banner-150x150.jpg",150,150,true],"medium":["https:\/\/esp.championforest.org\/devotionals\/wp-content\/uploads\/2019\/11\/bible-banner-300x110.jpg",300,110,true],"medium_large":["https:\/\/esp.championforest.org\/devotionals\/wp-content\/uploads\/2019\/11\/bible-banner-768x281.jpg",768,281,true],"large":["https:\/\/esp.championforest.org\/devotionals\/wp-content\/uploads\/2019\/11\/bible-banner-1024x375.jpg",900,330,true],"1536x1536":["https:\/\/esp.championforest.org\/devotionals\/wp-content\/uploads\/2019\/11\/bible-banner-1536x563.jpg",1536,563,true],"2048x2048":["https:\/\/esp.championforest.org\/devotionals\/wp-content\/uploads\/2019\/11\/bible-banner.jpg",2000,733,false],"post-thumbnail":["https:\/\/esp.championforest.org\/devotionals\/wp-content\/uploads\/2019\/11\/bible-banner.jpg",2000,733,false]},"post_excerpt_stackable_v2":"<p>Marcos 9 Tambi\u00e9n les dijo: De cierto os digo que hay algunos de los que est\u00e1n aqu\u00ed, que no gustar\u00e1n la muerte hasta que hayan visto el reino de Dios venido con poder. La transfiguraci\u00f3n (Mt. 17.1-13; Lc. 9.28-36) 2&nbsp;Seis d\u00edas despu\u00e9s, Jes\u00fas tom\u00f3 a Pedro, a Jacobo y a Juan, y los llev\u00f3 aparte solos a un monte alto; y se transfigur\u00f3 delante de ellos. 3&nbsp;Y sus vestidos se volvieron resplandecientes, muy blancos, como la nieve, tanto que ning\u00fan lavador en la tierra los puede hacer tan blancos. 4&nbsp;Y les apareci\u00f3 El\u00edas con Mois\u00e9s, que hablaban con Jes\u00fas. 5&nbsp;Entonces&hellip;<\/p>\n","category_list_v2":"<a href=\"https:\/\/esp.championforest.org\/devotionals\/category\/marcos\/\" rel=\"category tag\">Marcos<\/a>","author_info_v2":{"name":"Champion Forest","url":"https:\/\/esp.championforest.org\/devotionals\/author\/cfbcms_admin\/"},"comments_num_v2":"2 comments","yoast_head":"<!-- This site is optimized with the Yoast SEO plugin v27.3 - https:\/\/yoast.com\/product\/yoast-seo-wordpress\/ -->\n<title>Marcos Cap\u00edtulo 9 - Devocionales<\/title>\n<meta name=\"robots\" content=\"index, follow, max-snippet:-1, max-image-preview:large, max-video-preview:-1\" \/>\n<link rel=\"canonical\" href=\"https:\/\/esp.championforest.org\/devotionals\/marcos-marzo-30\/\" \/>\n<meta property=\"og:locale\" content=\"en_US\" \/>\n<meta property=\"og:type\" content=\"article\" \/>\n<meta property=\"og:title\" content=\"Marcos Cap\u00edtulo 9 - Devocionales\" \/>\n<meta property=\"og:description\" content=\"Marcos 9 Tambi\u00e9n les dijo: De cierto os digo que hay algunos de los que est\u00e1n aqu\u00ed, que no gustar\u00e1n la muerte hasta que hayan visto el reino de Dios venido con poder. La transfiguraci\u00f3n (Mt. 17.1-13; Lc. 9.28-36) 2&nbsp;Seis d\u00edas despu\u00e9s, Jes\u00fas tom\u00f3 a Pedro, a Jacobo y a Juan, y los llev\u00f3 aparte &hellip; Continue reading Marcos Cap\u00edtulo 9\" \/>\n<meta property=\"og:url\" content=\"https:\/\/esp.championforest.org\/devotionals\/marcos-marzo-30\/\" \/>\n<meta property=\"og:site_name\" content=\"Devocionales\" \/>\n<meta property=\"article:published_time\" content=\"2020-03-30T07:00:00+00:00\" \/>\n<meta property=\"og:image\" content=\"https:\/\/esp.championforest.org\/devotionals\/wp-content\/uploads\/2019\/11\/bible-banner.jpg\" \/>\n\t<meta property=\"og:image:width\" content=\"2000\" \/>\n\t<meta property=\"og:image:height\" content=\"733\" \/>\n\t<meta property=\"og:image:type\" content=\"image\/jpeg\" \/>\n<meta name=\"author\" content=\"Champion Forest\" \/>\n<meta name=\"twitter:card\" content=\"summary_large_image\" \/>\n<meta name=\"twitter:label1\" content=\"Written by\" \/>\n\t<meta name=\"twitter:data1\" content=\"Champion Forest\" \/>\n\t<meta name=\"twitter:label2\" content=\"Est. reading time\" \/>\n\t<meta name=\"twitter:data2\" content=\"6 minutes\" \/>\n<script type=\"application\/ld+json\" class=\"yoast-schema-graph\">{\"@context\":\"https:\\\/\\\/schema.org\",\"@graph\":[{\"@type\":\"Article\",\"@id\":\"https:\\\/\\\/esp.championforest.org\\\/devotionals\\\/marcos-marzo-30\\\/#article\",\"isPartOf\":{\"@id\":\"https:\\\/\\\/esp.championforest.org\\\/devotionals\\\/marcos-marzo-30\\\/\"},\"author\":{\"name\":\"Champion Forest\",\"@id\":\"https:\\\/\\\/esp.championforest.org\\\/devotionals\\\/#\\\/schema\\\/person\\\/0d7b32cb6698781087962c699912c666\"},\"headline\":\"Marcos Cap\u00edtulo 9\",\"datePublished\":\"2020-03-30T07:00:00+00:00\",\"mainEntityOfPage\":{\"@id\":\"https:\\\/\\\/esp.championforest.org\\\/devotionals\\\/marcos-marzo-30\\\/\"},\"wordCount\":1240,\"commentCount\":2,\"image\":{\"@id\":\"https:\\\/\\\/esp.championforest.org\\\/devotionals\\\/marcos-marzo-30\\\/#primaryimage\"},\"thumbnailUrl\":\"https:\\\/\\\/esp.championforest.org\\\/devotionals\\\/wp-content\\\/uploads\\\/2019\\\/11\\\/bible-banner.jpg\",\"articleSection\":[\"Marcos\"],\"inLanguage\":\"en-US\",\"potentialAction\":[{\"@type\":\"CommentAction\",\"name\":\"Comment\",\"target\":[\"https:\\\/\\\/esp.championforest.org\\\/devotionals\\\/marcos-marzo-30\\\/#respond\"]}]},{\"@type\":\"WebPage\",\"@id\":\"https:\\\/\\\/esp.championforest.org\\\/devotionals\\\/marcos-marzo-30\\\/\",\"url\":\"https:\\\/\\\/esp.championforest.org\\\/devotionals\\\/marcos-marzo-30\\\/\",\"name\":\"Marcos Cap\u00edtulo 9 - Devocionales\",\"isPartOf\":{\"@id\":\"https:\\\/\\\/esp.championforest.org\\\/devotionals\\\/#website\"},\"primaryImageOfPage\":{\"@id\":\"https:\\\/\\\/esp.championforest.org\\\/devotionals\\\/marcos-marzo-30\\\/#primaryimage\"},\"image\":{\"@id\":\"https:\\\/\\\/esp.championforest.org\\\/devotionals\\\/marcos-marzo-30\\\/#primaryimage\"},\"thumbnailUrl\":\"https:\\\/\\\/esp.championforest.org\\\/devotionals\\\/wp-content\\\/uploads\\\/2019\\\/11\\\/bible-banner.jpg\",\"datePublished\":\"2020-03-30T07:00:00+00:00\",\"author\":{\"@id\":\"https:\\\/\\\/esp.championforest.org\\\/devotionals\\\/#\\\/schema\\\/person\\\/0d7b32cb6698781087962c699912c666\"},\"breadcrumb\":{\"@id\":\"https:\\\/\\\/esp.championforest.org\\\/devotionals\\\/marcos-marzo-30\\\/#breadcrumb\"},\"inLanguage\":\"en-US\",\"potentialAction\":[{\"@type\":\"ReadAction\",\"target\":[\"https:\\\/\\\/esp.championforest.org\\\/devotionals\\\/marcos-marzo-30\\\/\"]}]},{\"@type\":\"ImageObject\",\"inLanguage\":\"en-US\",\"@id\":\"https:\\\/\\\/esp.championforest.org\\\/devotionals\\\/marcos-marzo-30\\\/#primaryimage\",\"url\":\"https:\\\/\\\/esp.championforest.org\\\/devotionals\\\/wp-content\\\/uploads\\\/2019\\\/11\\\/bible-banner.jpg\",\"contentUrl\":\"https:\\\/\\\/esp.championforest.org\\\/devotionals\\\/wp-content\\\/uploads\\\/2019\\\/11\\\/bible-banner.jpg\",\"width\":2000,\"height\":733},{\"@type\":\"BreadcrumbList\",\"@id\":\"https:\\\/\\\/esp.championforest.org\\\/devotionals\\\/marcos-marzo-30\\\/#breadcrumb\",\"itemListElement\":[{\"@type\":\"ListItem\",\"position\":1,\"name\":\"Casa\",\"item\":\"https:\\\/\\\/esp.championforest.org\\\/devotionals\\\/\"},{\"@type\":\"ListItem\",\"position\":2,\"name\":\"Marcos Cap\u00edtulo 9\"}]},{\"@type\":\"WebSite\",\"@id\":\"https:\\\/\\\/esp.championforest.org\\\/devotionals\\\/#website\",\"url\":\"https:\\\/\\\/esp.championforest.org\\\/devotionals\\\/\",\"name\":\"Devocionales\",\"description\":\"\",\"potentialAction\":[{\"@type\":\"SearchAction\",\"target\":{\"@type\":\"EntryPoint\",\"urlTemplate\":\"https:\\\/\\\/esp.championforest.org\\\/devotionals\\\/?s={search_term_string}\"},\"query-input\":{\"@type\":\"PropertyValueSpecification\",\"valueRequired\":true,\"valueName\":\"search_term_string\"}}],\"inLanguage\":\"en-US\"},{\"@type\":\"Person\",\"@id\":\"https:\\\/\\\/esp.championforest.org\\\/devotionals\\\/#\\\/schema\\\/person\\\/0d7b32cb6698781087962c699912c666\",\"name\":\"Champion Forest\",\"image\":{\"@type\":\"ImageObject\",\"inLanguage\":\"en-US\",\"@id\":\"https:\\\/\\\/secure.gravatar.com\\\/avatar\\\/978ba5d6180fa65624708e969f442efde16543b129f0679a2cb301024d170062?s=96&d=mm&r=g\",\"url\":\"https:\\\/\\\/secure.gravatar.com\\\/avatar\\\/978ba5d6180fa65624708e969f442efde16543b129f0679a2cb301024d170062?s=96&d=mm&r=g\",\"contentUrl\":\"https:\\\/\\\/secure.gravatar.com\\\/avatar\\\/978ba5d6180fa65624708e969f442efde16543b129f0679a2cb301024d170062?s=96&d=mm&r=g\",\"caption\":\"Champion Forest\"},\"url\":\"https:\\\/\\\/esp.championforest.org\\\/devotionals\\\/author\\\/cfbcms_admin\\\/\"}]}<\/script>\n<!-- \/ Yoast SEO plugin. -->","yoast_head_json":{"title":"Marcos Cap\u00edtulo 9 - Devocionales","robots":{"index":"index","follow":"follow","max-snippet":"max-snippet:-1","max-image-preview":"max-image-preview:large","max-video-preview":"max-video-preview:-1"},"canonical":"https:\/\/esp.championforest.org\/devotionals\/marcos-marzo-30\/","og_locale":"en_US","og_type":"article","og_title":"Marcos Cap\u00edtulo 9 - Devocionales","og_description":"Marcos 9 Tambi\u00e9n les dijo: De cierto os digo que hay algunos de los que est\u00e1n aqu\u00ed, que no gustar\u00e1n la muerte hasta que hayan visto el reino de Dios venido con poder. La transfiguraci\u00f3n (Mt. 17.1-13; Lc. 9.28-36) 2&nbsp;Seis d\u00edas despu\u00e9s, Jes\u00fas tom\u00f3 a Pedro, a Jacobo y a Juan, y los llev\u00f3 aparte &hellip; Continue reading Marcos Cap\u00edtulo 9","og_url":"https:\/\/esp.championforest.org\/devotionals\/marcos-marzo-30\/","og_site_name":"Devocionales","article_published_time":"2020-03-30T07:00:00+00:00","og_image":[{"width":2000,"height":733,"url":"https:\/\/esp.championforest.org\/devotionals\/wp-content\/uploads\/2019\/11\/bible-banner.jpg","type":"image\/jpeg"}],"author":"Champion Forest","twitter_card":"summary_large_image","twitter_misc":{"Written by":"Champion Forest","Est. reading time":"6 minutes"},"schema":{"@context":"https:\/\/schema.org","@graph":[{"@type":"Article","@id":"https:\/\/esp.championforest.org\/devotionals\/marcos-marzo-30\/#article","isPartOf":{"@id":"https:\/\/esp.championforest.org\/devotionals\/marcos-marzo-30\/"},"author":{"name":"Champion Forest","@id":"https:\/\/esp.championforest.org\/devotionals\/#\/schema\/person\/0d7b32cb6698781087962c699912c666"},"headline":"Marcos Cap\u00edtulo 9","datePublished":"2020-03-30T07:00:00+00:00","mainEntityOfPage":{"@id":"https:\/\/esp.championforest.org\/devotionals\/marcos-marzo-30\/"},"wordCount":1240,"commentCount":2,"image":{"@id":"https:\/\/esp.championforest.org\/devotionals\/marcos-marzo-30\/#primaryimage"},"thumbnailUrl":"https:\/\/esp.championforest.org\/devotionals\/wp-content\/uploads\/2019\/11\/bible-banner.jpg","articleSection":["Marcos"],"inLanguage":"en-US","potentialAction":[{"@type":"CommentAction","name":"Comment","target":["https:\/\/esp.championforest.org\/devotionals\/marcos-marzo-30\/#respond"]}]},{"@type":"WebPage","@id":"https:\/\/esp.championforest.org\/devotionals\/marcos-marzo-30\/","url":"https:\/\/esp.championforest.org\/devotionals\/marcos-marzo-30\/","name":"Marcos Cap\u00edtulo 9 - Devocionales","isPartOf":{"@id":"https:\/\/esp.championforest.org\/devotionals\/#website"},"primaryImageOfPage":{"@id":"https:\/\/esp.championforest.org\/devotionals\/marcos-marzo-30\/#primaryimage"},"image":{"@id":"https:\/\/esp.championforest.org\/devotionals\/marcos-marzo-30\/#primaryimage"},"thumbnailUrl":"https:\/\/esp.championforest.org\/devotionals\/wp-content\/uploads\/2019\/11\/bible-banner.jpg","datePublished":"2020-03-30T07:00:00+00:00","author":{"@id":"https:\/\/esp.championforest.org\/devotionals\/#\/schema\/person\/0d7b32cb6698781087962c699912c666"},"breadcrumb":{"@id":"https:\/\/esp.championforest.org\/devotionals\/marcos-marzo-30\/#breadcrumb"},"inLanguage":"en-US","potentialAction":[{"@type":"ReadAction","target":["https:\/\/esp.championforest.org\/devotionals\/marcos-marzo-30\/"]}]},{"@type":"ImageObject","inLanguage":"en-US","@id":"https:\/\/esp.championforest.org\/devotionals\/marcos-marzo-30\/#primaryimage","url":"https:\/\/esp.championforest.org\/devotionals\/wp-content\/uploads\/2019\/11\/bible-banner.jpg","contentUrl":"https:\/\/esp.championforest.org\/devotionals\/wp-content\/uploads\/2019\/11\/bible-banner.jpg","width":2000,"height":733},{"@type":"BreadcrumbList","@id":"https:\/\/esp.championforest.org\/devotionals\/marcos-marzo-30\/#breadcrumb","itemListElement":[{"@type":"ListItem","position":1,"name":"Casa","item":"https:\/\/esp.championforest.org\/devotionals\/"},{"@type":"ListItem","position":2,"name":"Marcos Cap\u00edtulo 9"}]},{"@type":"WebSite","@id":"https:\/\/esp.championforest.org\/devotionals\/#website","url":"https:\/\/esp.championforest.org\/devotionals\/","name":"Devocionales","description":"","potentialAction":[{"@type":"SearchAction","target":{"@type":"EntryPoint","urlTemplate":"https:\/\/esp.championforest.org\/devotionals\/?s={search_term_string}"},"query-input":{"@type":"PropertyValueSpecification","valueRequired":true,"valueName":"search_term_string"}}],"inLanguage":"en-US"},{"@type":"Person","@id":"https:\/\/esp.championforest.org\/devotionals\/#\/schema\/person\/0d7b32cb6698781087962c699912c666","name":"Champion Forest","image":{"@type":"ImageObject","inLanguage":"en-US","@id":"https:\/\/secure.gravatar.com\/avatar\/978ba5d6180fa65624708e969f442efde16543b129f0679a2cb301024d170062?s=96&d=mm&r=g","url":"https:\/\/secure.gravatar.com\/avatar\/978ba5d6180fa65624708e969f442efde16543b129f0679a2cb301024d170062?s=96&d=mm&r=g","contentUrl":"https:\/\/secure.gravatar.com\/avatar\/978ba5d6180fa65624708e969f442efde16543b129f0679a2cb301024d170062?s=96&d=mm&r=g","caption":"Champion Forest"},"url":"https:\/\/esp.championforest.org\/devotionals\/author\/cfbcms_admin\/"}]}},"_links":{"self":[{"href":"https:\/\/esp.championforest.org\/devotionals\/wp-json\/wp\/v2\/posts\/209","targetHints":{"allow":["GET"]}}],"collection":[{"href":"https:\/\/esp.championforest.org\/devotionals\/wp-json\/wp\/v2\/posts"}],"about":[{"href":"https:\/\/esp.championforest.org\/devotionals\/wp-json\/wp\/v2\/types\/post"}],"author":[{"embeddable":true,"href":"https:\/\/esp.championforest.org\/devotionals\/wp-json\/wp\/v2\/users\/2"}],"replies":[{"embeddable":true,"href":"https:\/\/esp.championforest.org\/devotionals\/wp-json\/wp\/v2\/comments?post=209"}],"version-history":[{"count":1,"href":"https:\/\/esp.championforest.org\/devotionals\/wp-json\/wp\/v2\/posts\/209\/revisions"}],"predecessor-version":[{"id":210,"href":"https:\/\/esp.championforest.org\/devotionals\/wp-json\/wp\/v2\/posts\/209\/revisions\/210"}],"wp:featuredmedia":[{"embeddable":true,"href":"https:\/\/esp.championforest.org\/devotionals\/wp-json\/wp\/v2\/media\/9"}],"wp:attachment":[{"href":"https:\/\/esp.championforest.org\/devotionals\/wp-json\/wp\/v2\/media?parent=209"}],"wp:term":[{"taxonomy":"category","embeddable":true,"href":"https:\/\/esp.championforest.org\/devotionals\/wp-json\/wp\/v2\/categories?post=209"},{"taxonomy":"post_tag","embeddable":true,"href":"https:\/\/esp.championforest.org\/devotionals\/wp-json\/wp\/v2\/tags?post=209"}],"curies":[{"name":"wp","href":"https:\/\/api.w.org\/{rel}","templated":true}]}}