{"id":2071,"date":"2025-01-15T00:05:22","date_gmt":"2025-01-15T06:05:22","guid":{"rendered":"https:\/\/esp.championforest.org\/devotionals\/?p=2071"},"modified":"2025-01-05T14:11:04","modified_gmt":"2025-01-05T20:11:04","slug":"1-15-2025","status":"publish","type":"post","link":"https:\/\/esp.championforest.org\/devotionals\/1-15-2025\/","title":{"rendered":"D\u00eda Diez | \u00bfQui\u00e9n es Jes\u00fas?"},"content":{"rendered":"\n<h2 class=\"wp-block-heading\"><span style=\"color: #000000;\" class=\"stk-highlight\">Juan 10<\/span><\/h2>\n\n\n\n<p><span style=\"color: #000000;\" class=\"stk-highlight\">Autor:\u00a0<em><em><em><em><em><em><em><em>Norma Goldman \u201cJJ\u201d<\/em><\/em><\/em><\/em><\/em><\/em><\/em><\/em><\/span><\/p>\n\n\n\n<div class=\"wp-block-group\"><div class=\"wp-block-group__inner-container is-layout-constrained wp-block-group-is-layout-constrained\">\n<div class=\"wp-block-stackable-hero stk-block-hero stk-block stk-bb37f46 is-style-default\" data-v=\"2\" data-block-id=\"bb37f46\"><style>.stk-bb37f46-inner-blocks{justify-content:center !important;}.stk-bb37f46-container{background-color:#f7f7f7 !important;}.stk-bb37f46-container:before{background-color:#f7f7f7 !important;}.stk-bb37f46 .stk-block-hero__content{min-height:500px !important;align-items:center !important;display:flex !important;}<\/style><div class=\"stk-block-hero__content stk-content-align stk-bb37f46-column stk-container stk-bb37f46-container stk-hover-parent\"><div class=\"stk-block-content stk-inner-blocks has-text-align-left stk--column-flex stk-bb37f46-inner-blocks\">\n<div class=\"wp-block-stackable-heading stk-block-heading stk-block-heading--v2 stk-block stk-4fd618f\" id=\"strong-juan-strong-10\" data-block-id=\"4fd618f\"><style>.stk-4fd618f {margin-bottom:0px !important;}<\/style><h4 class=\"stk-block-heading__text\"><strong>Juan <\/strong>10<\/h4><\/div>\n\n\n\n<p>Par\u00e1bola del redil<\/p>\n\n\n\n<p><strong>10&nbsp;<\/strong>De cierto, de cierto os digo: El que no entra por la puerta en el redil de las ovejas, sino que sube por otra parte, ese es ladr\u00f3n y salteador.&nbsp;<sup>2&nbsp;<\/sup>Mas el que entra por la puerta, el pastor de las ovejas es.&nbsp;<sup>3&nbsp;<\/sup>A este abre el portero, y las ovejas oyen su voz; y a sus ovejas llama por nombre, y las saca.&nbsp;<sup>4&nbsp;<\/sup>Y cuando ha sacado fuera todas las propias, va delante de ellas; y las ovejas le siguen, porque conocen su voz.&nbsp;<sup>5&nbsp;<\/sup>Mas al extra\u00f1o no seguir\u00e1n, sino huir\u00e1n de \u00e9l, porque no conocen la voz de los extra\u00f1os.&nbsp;<sup>6&nbsp;<\/sup>Esta alegor\u00eda les dijo Jes\u00fas; pero ellos no entendieron qu\u00e9 era lo que les dec\u00eda.<\/p>\n\n\n\n<h5 class=\"wp-block-heading\">Jes\u00fas, el buen pastor<\/h5>\n\n\n\n<p><sup>7&nbsp;<\/sup>Volvi\u00f3, pues, Jes\u00fas a decirles: De cierto, de cierto os digo: Yo soy la puerta de las ovejas.&nbsp;<sup>8&nbsp;<\/sup>Todos los que antes de m\u00ed vinieron, ladrones son y salteadores; pero no los oyeron las ovejas.&nbsp;<sup>9&nbsp;<\/sup>Yo soy la puerta; el que por m\u00ed entrare, ser\u00e1 salvo; y entrar\u00e1, y saldr\u00e1, y hallar\u00e1 pastos.&nbsp;<sup>10&nbsp;<\/sup>El ladr\u00f3n no viene sino para hurtar y matar y destruir; yo he venido para que tengan vida, y para que la tengan en abundancia.&nbsp;<sup>11&nbsp;<\/sup>Yo soy el buen pastor;&nbsp;el buen pastor su vida da por las ovejas.&nbsp;<sup>12&nbsp;<\/sup>Mas el asalariado, y que no es el pastor, de quien no son propias las ovejas, ve venir al lobo y deja las ovejas y huye, y el lobo arrebata las ovejas y las dispersa.&nbsp;<sup>13&nbsp;<\/sup>As\u00ed que el asalariado huye, porque es asalariado, y no le importan las ovejas.&nbsp;<sup>14&nbsp;<\/sup>Yo soy el buen pastor; y conozco mis ovejas, y las m\u00edas me conocen,&nbsp;<sup>15&nbsp;<\/sup>as\u00ed como el Padre me conoce, y yo conozco al Padre;&nbsp;y pongo mi vida por las ovejas.&nbsp;<sup>16&nbsp;<\/sup>Tambi\u00e9n tengo otras ovejas que no son de este redil; aquellas tambi\u00e9n debo traer, y oir\u00e1n mi voz; y habr\u00e1 un reba\u00f1o, y un pastor.&nbsp;<sup>17&nbsp;<\/sup>Por eso me ama el Padre, porque yo pongo mi vida, para volverla a tomar.&nbsp;<sup>18&nbsp;<\/sup>Nadie me la quita, sino que yo de m\u00ed mismo la pongo. Tengo poder para ponerla, y tengo poder para volverla a tomar. Este mandamiento recib\u00ed de mi Padre.<\/p>\n\n\n\n<p><sup>19&nbsp;<\/sup>Volvi\u00f3 a haber disensi\u00f3n entre los jud\u00edos por estas palabras.&nbsp;<sup>20&nbsp;<\/sup>Muchos de ellos dec\u00edan: Demonio tiene, y est\u00e1 fuera de s\u00ed; \u00bfpor qu\u00e9 le o\u00eds?&nbsp;<sup>21&nbsp;<\/sup>Dec\u00edan otros: Estas palabras no son de endemoniado. \u00bfPuede acaso el demonio abrir los ojos de los ciegos?<\/p>\n\n\n\n<h5 class=\"wp-block-heading\">Los jud\u00edos rechazan a Jes\u00fas<\/h5>\n\n\n\n<p><sup>22&nbsp;<\/sup>Celebr\u00e1base en Jerusal\u00e9n la fiesta de la dedicaci\u00f3n. Era invierno,&nbsp;<sup>23&nbsp;<\/sup>y Jes\u00fas andaba en el templo por el p\u00f3rtico de Salom\u00f3n.&nbsp;<sup>24&nbsp;<\/sup>Y le rodearon los jud\u00edos y le dijeron: \u00bfHasta cu\u00e1ndo nos turbar\u00e1s el alma? Si t\u00fa eres el Cristo, d\u00ednoslo abiertamente.&nbsp;<sup>25&nbsp;<\/sup>Jes\u00fas les respondi\u00f3: Os lo he dicho, y no cre\u00e9is; las obras que yo hago en nombre de mi Padre, ellas dan testimonio de m\u00ed;&nbsp;<sup>26&nbsp;<\/sup>pero vosotros no cre\u00e9is, porque no sois de mis ovejas, como os he dicho.&nbsp;<sup>27&nbsp;<\/sup>Mis ovejas oyen mi voz, y yo las conozco, y me siguen,&nbsp;<sup>28&nbsp;<\/sup>y yo les doy vida eterna; y no perecer\u00e1n jam\u00e1s, ni nadie las arrebatar\u00e1 de mi mano.&nbsp;<sup>29&nbsp;<\/sup>Mi Padre que me las dio, es mayor que todos, y nadie las puede arrebatar de la mano de mi Padre.&nbsp;<sup>30&nbsp;<\/sup>Yo y el Padre uno somos.<\/p>\n\n\n\n<p><sup>31&nbsp;<\/sup>Entonces los jud\u00edos volvieron a tomar piedras para apedrearle.&nbsp;<sup>32&nbsp;<\/sup>Jes\u00fas les respondi\u00f3: Muchas buenas obras os he mostrado de mi Padre; \u00bfpor cu\u00e1l de ellas me apedre\u00e1is?&nbsp;<sup>33&nbsp;<\/sup>Le respondieron los jud\u00edos, diciendo: Por buena obra no te apedreamos, sino por la blasfemia;&nbsp;porque t\u00fa, siendo hombre, te haces Dios.&nbsp;<sup>34&nbsp;<\/sup>Jes\u00fas les respondi\u00f3: \u00bfNo est\u00e1 escrito en vuestra ley: Yo dije, dioses sois?&nbsp;<sup>35&nbsp;<\/sup>Si llam\u00f3 dioses a aquellos a quienes vino la palabra de Dios (y la Escritura no puede ser quebrantada),&nbsp;<sup>36&nbsp;<\/sup>\u00bfal que el Padre santific\u00f3 y envi\u00f3 al mundo, vosotros dec\u00eds: T\u00fa blasfemas, porque dije: Hijo de Dios soy?&nbsp;<sup>37&nbsp;<\/sup>Si no hago las obras de mi Padre, no me cre\u00e1is.&nbsp;<sup>38&nbsp;<\/sup>Mas si las hago, aunque no me cre\u00e1is a m\u00ed, creed a las obras, para que conozc\u00e1is y cre\u00e1is que el Padre est\u00e1 en m\u00ed, y yo en el Padre.&nbsp;<sup>39&nbsp;<\/sup>Procuraron otra vez prenderle, pero \u00e9l se escap\u00f3 de sus manos.<\/p>\n\n\n\n<p><sup>40&nbsp;<\/sup>Y se fue de nuevo al otro lado del Jord\u00e1n, al lugar donde primero hab\u00eda estado bautizando Juan;&nbsp;y se qued\u00f3 all\u00ed.&nbsp;<sup>41&nbsp;<\/sup>Y muchos ven\u00edan a \u00e9l, y dec\u00edan: Juan, a la verdad, ninguna se\u00f1al hizo; pero todo lo que Juan dijo de este, era verdad.&nbsp;<sup>42&nbsp;<\/sup>Y muchos creyeron en \u00e9l all\u00ed.<\/p>\n\n\n\n<div class=\"wp-block-stackable-text stk-block-text stk-block stk-3f49bf1 stk-block-background\" data-block-id=\"3f49bf1\"><style>.stk-3f49bf1 .stk-block-text__text{font-size:13px !important;}@media screen and (max-width: 1023px){.stk-3f49bf1 .stk-block-text__text{font-size:13px !important;}}<\/style><p class=\"stk-block-text__text\">Reina-Valera 1960 \u00ae \u00a9 Sociedades B\u00edblicas en Am\u00e9rica Latina, 1960. Renovado \u00a9 Sociedades B\u00edblicas Unidas, 1988. Utilizado con permiso. Si desea m\u00e1s informaci\u00f3n visite&nbsp;<a href=\"https:\/\/www.americanbible.org\/\">americanbible.org<\/a>,&nbsp;<a href=\"https:\/\/www.unitedbiblesocieties.org\/\">unitedbiblesocieties.org<\/a>,&nbsp;<a href=\"https:\/\/www.vivelabiblia.com\/\">vivelabiblia.com<\/a>,&nbsp;<a href=\"http:\/\/unitedbiblesocieties.org\/es\/casa\/\">unitedbiblesocieties.org\/es\/casa\/<\/a>,&nbsp;<a href=\"https:\/\/rvr60.bible\/?utm_source=website&amp;utm_medium=link&amp;utm_campaign=BGWYCEV11232021&amp;utm_id=biblegateway\/\">www.rvr60.bible<\/a><\/p><\/div>\n<\/div><\/div><\/div>\n<\/div><\/div>\n\n\n\n<p><strong>Devocional<\/strong><\/p>\n\n\n\n<p>El orgullo de los fariseos los ceg\u00f3 ante Jes\u00fas, mientras que el hombre que hab\u00eda sido sanado lo vio con claridad (Juan 9:Las hermosas y edificantes im\u00e1genes que Juan presenta en sus palabras saltan de las p\u00e1ginas de la Escritura y llegan a nuestros corazones. Aqu\u00ed, Jes\u00fas se revela como el Pastor perfecto, cuyo cuidado tierno contrasta profundamente con los pastores de los d\u00edas de Juan y los de hoy. Jes\u00fas demostr\u00f3 estar dispuesto a invertir sacrificialmente todo lo necesario para nuestro bienestar personal.<\/p>\n\n\n\n<p>Mi Pastor me conoce por mi nombre; estoy aprendiendo a reconocer su voz entre la multitud. Al rechazar otras voces, conf\u00edo en que \u00c9l me gu\u00ede a un lugar de abundancia y protecci\u00f3n. \u00c9l no teme a mis enemigos y nunca me abandonar\u00e1, siempre poniendo mi bienestar por encima del suyo.<\/p>\n\n\n\n<p>Las cr\u00edticas m\u00e1s severas de Jes\u00fas fueron dirigidas a los pastores infieles: l\u00edderes que fracasaron debido a su debilidad personal, metas ego\u00edstas y completo descuido de sus reba\u00f1os. La diferencia entre el Buen Pastor y los falsos pastores me gu\u00eda a tomar la decisi\u00f3n correcta.<\/p>\n\n\n\n<p>La imagen descrita por Juan sobre la \u201cpuerta del redil\u201d inquieta a muchos que creen que hay m\u00e1s de una puerta. Pero Jes\u00fas es esa \u00fanica puerta; Su redil est\u00e1 seguro, y cualquier intruso cuyo objetivo sea destruir a sus ovejas debe pasar por encima de nuestro Pastor para llegar a nosotros. \u00a1Protegernos le cost\u00f3 la vida mientras aseguraba nuestra libertad eterna!<\/p>\n\n\n\n<p><strong>\u00bfJes\u00fas conoce tu nombre? \u00bfLe sigues cuando \u00c9l te llama? \u00bfHas descubierto que la abundancia y la protecci\u00f3n solo se encuentran en \u00c9l?<\/strong><\/p>\n","protected":false},"excerpt":{"rendered":"<p>Juan 10 Autor:\u00a0Norma Goldman \u201cJJ\u201d Juan 10 Par\u00e1bola del redil 10&nbsp;De cierto, de cierto os digo: El que no entra por la puerta en el redil de las ovejas, sino que sube por otra parte, ese es ladr\u00f3n y salteador.&nbsp;2&nbsp;Mas el que entra por la puerta, el pastor de las ovejas es.&nbsp;3&nbsp;A este abre el &hellip; <a href=\"https:\/\/esp.championforest.org\/devotionals\/1-15-2025\/\" class=\"more-link\">Continue reading <span class=\"screen-reader-text\">D\u00eda Diez | \u00bfQui\u00e9n es Jes\u00fas?<\/span><\/a><\/p>\n","protected":false},"author":3,"featured_media":2023,"comment_status":"open","ping_status":"closed","sticky":false,"template":"","format":"standard","meta":{"footnotes":""},"categories":[32,6],"tags":[31],"class_list":["post-2071","post","type-post","status-publish","format-standard","has-post-thumbnail","hentry","category-quienesjesus","category-devocionales","tag-quien-es-jesus"],"featured_image_urls_v2":{"full":["https:\/\/esp.championforest.org\/devotionals\/wp-content\/uploads\/2024\/12\/John-BG.jpg",1500,806,false],"thumbnail":["https:\/\/esp.championforest.org\/devotionals\/wp-content\/uploads\/2024\/12\/John-BG-150x150.jpg",150,150,true],"medium":["https:\/\/esp.championforest.org\/devotionals\/wp-content\/uploads\/2024\/12\/John-BG-300x161.jpg",300,161,true],"medium_large":["https:\/\/esp.championforest.org\/devotionals\/wp-content\/uploads\/2024\/12\/John-BG-768x413.jpg",768,413,true],"large":["https:\/\/esp.championforest.org\/devotionals\/wp-content\/uploads\/2024\/12\/John-BG-1024x550.jpg",900,483,true],"1536x1536":["https:\/\/esp.championforest.org\/devotionals\/wp-content\/uploads\/2024\/12\/John-BG.jpg",1500,806,false],"2048x2048":["https:\/\/esp.championforest.org\/devotionals\/wp-content\/uploads\/2024\/12\/John-BG.jpg",1500,806,false],"post-thumbnail":["https:\/\/esp.championforest.org\/devotionals\/wp-content\/uploads\/2024\/12\/John-BG.jpg",1500,806,false]},"post_excerpt_stackable_v2":"<p>Juan 10 Autor:\u00a0Norma Goldman \u201cJJ\u201d Juan 10 Par\u00e1bola del redil 10&nbsp;De cierto, de cierto os digo: El que no entra por la puerta en el redil de las ovejas, sino que sube por otra parte, ese es ladr\u00f3n y salteador.&nbsp;2&nbsp;Mas el que entra por la puerta, el pastor de las ovejas es.&nbsp;3&nbsp;A este abre el portero, y las ovejas oyen su voz; y a sus ovejas llama por nombre, y las saca.&nbsp;4&nbsp;Y cuando ha sacado fuera todas las propias, va delante de ellas; y las ovejas le siguen, porque conocen su voz.&nbsp;5&nbsp;Mas al extra\u00f1o no seguir\u00e1n, sino huir\u00e1n de \u00e9l,&hellip;<\/p>\n","category_list_v2":"<a href=\"https:\/\/esp.championforest.org\/devotionals\/category\/quienesjesus\/\" rel=\"category tag\">\u00bfQui\u00e9n es Jes\u00fas?<\/a>, <a href=\"https:\/\/esp.championforest.org\/devotionals\/category\/devocionales\/\" rel=\"category tag\">Devocionales<\/a>","author_info_v2":{"name":"Nhora Medina","url":"https:\/\/esp.championforest.org\/devotionals\/author\/devo-editor-medina\/"},"comments_num_v2":"15 comments","yoast_head":"<!-- This site is optimized with the Yoast SEO plugin v27.3 - https:\/\/yoast.com\/product\/yoast-seo-wordpress\/ -->\n<title>D\u00eda Diez | \u00bfQui\u00e9n es Jes\u00fas? - Devocionales<\/title>\n<meta name=\"robots\" content=\"index, follow, max-snippet:-1, max-image-preview:large, max-video-preview:-1\" \/>\n<link rel=\"canonical\" href=\"https:\/\/esp.championforest.org\/devotionals\/1-15-2025\/\" \/>\n<meta property=\"og:locale\" content=\"en_US\" \/>\n<meta property=\"og:type\" content=\"article\" \/>\n<meta property=\"og:title\" content=\"D\u00eda Diez | \u00bfQui\u00e9n es Jes\u00fas? - Devocionales\" \/>\n<meta property=\"og:description\" content=\"Juan 10 Autor:\u00a0Norma Goldman \u201cJJ\u201d Juan 10 Par\u00e1bola del redil 10&nbsp;De cierto, de cierto os digo: El que no entra por la puerta en el redil de las ovejas, sino que sube por otra parte, ese es ladr\u00f3n y salteador.&nbsp;2&nbsp;Mas el que entra por la puerta, el pastor de las ovejas es.&nbsp;3&nbsp;A este abre el &hellip; Continue reading D\u00eda Diez | \u00bfQui\u00e9n es Jes\u00fas?\" \/>\n<meta property=\"og:url\" content=\"https:\/\/esp.championforest.org\/devotionals\/1-15-2025\/\" \/>\n<meta property=\"og:site_name\" content=\"Devocionales\" \/>\n<meta property=\"article:published_time\" content=\"2025-01-15T06:05:22+00:00\" \/>\n<meta property=\"og:image\" content=\"https:\/\/esp.championforest.org\/devotionals\/wp-content\/uploads\/2024\/12\/John-BG.jpg\" \/>\n\t<meta property=\"og:image:width\" content=\"1500\" \/>\n\t<meta property=\"og:image:height\" content=\"806\" \/>\n\t<meta property=\"og:image:type\" content=\"image\/jpeg\" \/>\n<meta name=\"author\" content=\"Nhora Medina\" \/>\n<meta name=\"twitter:card\" content=\"summary_large_image\" \/>\n<meta name=\"twitter:label1\" content=\"Written by\" \/>\n\t<meta name=\"twitter:data1\" content=\"Nhora Medina\" \/>\n\t<meta name=\"twitter:label2\" content=\"Est. reading time\" \/>\n\t<meta name=\"twitter:data2\" content=\"6 minutes\" \/>\n<script type=\"application\/ld+json\" class=\"yoast-schema-graph\">{\"@context\":\"https:\\\/\\\/schema.org\",\"@graph\":[{\"@type\":\"Article\",\"@id\":\"https:\\\/\\\/esp.championforest.org\\\/devotionals\\\/1-15-2025\\\/#article\",\"isPartOf\":{\"@id\":\"https:\\\/\\\/esp.championforest.org\\\/devotionals\\\/1-15-2025\\\/\"},\"author\":{\"name\":\"Nhora Medina\",\"@id\":\"https:\\\/\\\/esp.championforest.org\\\/devotionals\\\/#\\\/schema\\\/person\\\/0096378efd42d36516bcf765eed089b3\"},\"headline\":\"D\u00eda Diez | \u00bfQui\u00e9n es Jes\u00fas?\",\"datePublished\":\"2025-01-15T06:05:22+00:00\",\"mainEntityOfPage\":{\"@id\":\"https:\\\/\\\/esp.championforest.org\\\/devotionals\\\/1-15-2025\\\/\"},\"wordCount\":1235,\"commentCount\":15,\"image\":{\"@id\":\"https:\\\/\\\/esp.championforest.org\\\/devotionals\\\/1-15-2025\\\/#primaryimage\"},\"thumbnailUrl\":\"https:\\\/\\\/esp.championforest.org\\\/devotionals\\\/wp-content\\\/uploads\\\/2024\\\/12\\\/John-BG.jpg\",\"keywords\":[\"\u00bfQui\u00e9n es Jes\u00fas?\"],\"articleSection\":[\"\u00bfQui\u00e9n es Jes\u00fas?\",\"Devocionales\"],\"inLanguage\":\"en-US\",\"potentialAction\":[{\"@type\":\"CommentAction\",\"name\":\"Comment\",\"target\":[\"https:\\\/\\\/esp.championforest.org\\\/devotionals\\\/1-15-2025\\\/#respond\"]}]},{\"@type\":\"WebPage\",\"@id\":\"https:\\\/\\\/esp.championforest.org\\\/devotionals\\\/1-15-2025\\\/\",\"url\":\"https:\\\/\\\/esp.championforest.org\\\/devotionals\\\/1-15-2025\\\/\",\"name\":\"D\u00eda Diez | \u00bfQui\u00e9n es Jes\u00fas? - Devocionales\",\"isPartOf\":{\"@id\":\"https:\\\/\\\/esp.championforest.org\\\/devotionals\\\/#website\"},\"primaryImageOfPage\":{\"@id\":\"https:\\\/\\\/esp.championforest.org\\\/devotionals\\\/1-15-2025\\\/#primaryimage\"},\"image\":{\"@id\":\"https:\\\/\\\/esp.championforest.org\\\/devotionals\\\/1-15-2025\\\/#primaryimage\"},\"thumbnailUrl\":\"https:\\\/\\\/esp.championforest.org\\\/devotionals\\\/wp-content\\\/uploads\\\/2024\\\/12\\\/John-BG.jpg\",\"datePublished\":\"2025-01-15T06:05:22+00:00\",\"author\":{\"@id\":\"https:\\\/\\\/esp.championforest.org\\\/devotionals\\\/#\\\/schema\\\/person\\\/0096378efd42d36516bcf765eed089b3\"},\"breadcrumb\":{\"@id\":\"https:\\\/\\\/esp.championforest.org\\\/devotionals\\\/1-15-2025\\\/#breadcrumb\"},\"inLanguage\":\"en-US\",\"potentialAction\":[{\"@type\":\"ReadAction\",\"target\":[\"https:\\\/\\\/esp.championforest.org\\\/devotionals\\\/1-15-2025\\\/\"]}]},{\"@type\":\"ImageObject\",\"inLanguage\":\"en-US\",\"@id\":\"https:\\\/\\\/esp.championforest.org\\\/devotionals\\\/1-15-2025\\\/#primaryimage\",\"url\":\"https:\\\/\\\/esp.championforest.org\\\/devotionals\\\/wp-content\\\/uploads\\\/2024\\\/12\\\/John-BG.jpg\",\"contentUrl\":\"https:\\\/\\\/esp.championforest.org\\\/devotionals\\\/wp-content\\\/uploads\\\/2024\\\/12\\\/John-BG.jpg\",\"width\":1500,\"height\":806},{\"@type\":\"BreadcrumbList\",\"@id\":\"https:\\\/\\\/esp.championforest.org\\\/devotionals\\\/1-15-2025\\\/#breadcrumb\",\"itemListElement\":[{\"@type\":\"ListItem\",\"position\":1,\"name\":\"Casa\",\"item\":\"https:\\\/\\\/esp.championforest.org\\\/devotionals\\\/\"},{\"@type\":\"ListItem\",\"position\":2,\"name\":\"D\u00eda Diez | \u00bfQui\u00e9n es Jes\u00fas?\"}]},{\"@type\":\"WebSite\",\"@id\":\"https:\\\/\\\/esp.championforest.org\\\/devotionals\\\/#website\",\"url\":\"https:\\\/\\\/esp.championforest.org\\\/devotionals\\\/\",\"name\":\"Devocionales\",\"description\":\"\",\"potentialAction\":[{\"@type\":\"SearchAction\",\"target\":{\"@type\":\"EntryPoint\",\"urlTemplate\":\"https:\\\/\\\/esp.championforest.org\\\/devotionals\\\/?s={search_term_string}\"},\"query-input\":{\"@type\":\"PropertyValueSpecification\",\"valueRequired\":true,\"valueName\":\"search_term_string\"}}],\"inLanguage\":\"en-US\"},{\"@type\":\"Person\",\"@id\":\"https:\\\/\\\/esp.championforest.org\\\/devotionals\\\/#\\\/schema\\\/person\\\/0096378efd42d36516bcf765eed089b3\",\"name\":\"Nhora Medina\",\"image\":{\"@type\":\"ImageObject\",\"inLanguage\":\"en-US\",\"@id\":\"https:\\\/\\\/secure.gravatar.com\\\/avatar\\\/3050849107c1f0db2f382da068401423bd10ce56c232b7ec7497a009890983b9?s=96&d=mm&r=g\",\"url\":\"https:\\\/\\\/secure.gravatar.com\\\/avatar\\\/3050849107c1f0db2f382da068401423bd10ce56c232b7ec7497a009890983b9?s=96&d=mm&r=g\",\"contentUrl\":\"https:\\\/\\\/secure.gravatar.com\\\/avatar\\\/3050849107c1f0db2f382da068401423bd10ce56c232b7ec7497a009890983b9?s=96&d=mm&r=g\",\"caption\":\"Nhora Medina\"},\"url\":\"https:\\\/\\\/esp.championforest.org\\\/devotionals\\\/author\\\/devo-editor-medina\\\/\"}]}<\/script>\n<!-- \/ Yoast SEO plugin. -->","yoast_head_json":{"title":"D\u00eda Diez | \u00bfQui\u00e9n es Jes\u00fas? - Devocionales","robots":{"index":"index","follow":"follow","max-snippet":"max-snippet:-1","max-image-preview":"max-image-preview:large","max-video-preview":"max-video-preview:-1"},"canonical":"https:\/\/esp.championforest.org\/devotionals\/1-15-2025\/","og_locale":"en_US","og_type":"article","og_title":"D\u00eda Diez | \u00bfQui\u00e9n es Jes\u00fas? - Devocionales","og_description":"Juan 10 Autor:\u00a0Norma Goldman \u201cJJ\u201d Juan 10 Par\u00e1bola del redil 10&nbsp;De cierto, de cierto os digo: El que no entra por la puerta en el redil de las ovejas, sino que sube por otra parte, ese es ladr\u00f3n y salteador.&nbsp;2&nbsp;Mas el que entra por la puerta, el pastor de las ovejas es.&nbsp;3&nbsp;A este abre el &hellip; Continue reading D\u00eda Diez | \u00bfQui\u00e9n es Jes\u00fas?","og_url":"https:\/\/esp.championforest.org\/devotionals\/1-15-2025\/","og_site_name":"Devocionales","article_published_time":"2025-01-15T06:05:22+00:00","og_image":[{"width":1500,"height":806,"url":"https:\/\/esp.championforest.org\/devotionals\/wp-content\/uploads\/2024\/12\/John-BG.jpg","type":"image\/jpeg"}],"author":"Nhora Medina","twitter_card":"summary_large_image","twitter_misc":{"Written by":"Nhora Medina","Est. reading time":"6 minutes"},"schema":{"@context":"https:\/\/schema.org","@graph":[{"@type":"Article","@id":"https:\/\/esp.championforest.org\/devotionals\/1-15-2025\/#article","isPartOf":{"@id":"https:\/\/esp.championforest.org\/devotionals\/1-15-2025\/"},"author":{"name":"Nhora Medina","@id":"https:\/\/esp.championforest.org\/devotionals\/#\/schema\/person\/0096378efd42d36516bcf765eed089b3"},"headline":"D\u00eda Diez | \u00bfQui\u00e9n es Jes\u00fas?","datePublished":"2025-01-15T06:05:22+00:00","mainEntityOfPage":{"@id":"https:\/\/esp.championforest.org\/devotionals\/1-15-2025\/"},"wordCount":1235,"commentCount":15,"image":{"@id":"https:\/\/esp.championforest.org\/devotionals\/1-15-2025\/#primaryimage"},"thumbnailUrl":"https:\/\/esp.championforest.org\/devotionals\/wp-content\/uploads\/2024\/12\/John-BG.jpg","keywords":["\u00bfQui\u00e9n es Jes\u00fas?"],"articleSection":["\u00bfQui\u00e9n es Jes\u00fas?","Devocionales"],"inLanguage":"en-US","potentialAction":[{"@type":"CommentAction","name":"Comment","target":["https:\/\/esp.championforest.org\/devotionals\/1-15-2025\/#respond"]}]},{"@type":"WebPage","@id":"https:\/\/esp.championforest.org\/devotionals\/1-15-2025\/","url":"https:\/\/esp.championforest.org\/devotionals\/1-15-2025\/","name":"D\u00eda Diez | \u00bfQui\u00e9n es Jes\u00fas? - Devocionales","isPartOf":{"@id":"https:\/\/esp.championforest.org\/devotionals\/#website"},"primaryImageOfPage":{"@id":"https:\/\/esp.championforest.org\/devotionals\/1-15-2025\/#primaryimage"},"image":{"@id":"https:\/\/esp.championforest.org\/devotionals\/1-15-2025\/#primaryimage"},"thumbnailUrl":"https:\/\/esp.championforest.org\/devotionals\/wp-content\/uploads\/2024\/12\/John-BG.jpg","datePublished":"2025-01-15T06:05:22+00:00","author":{"@id":"https:\/\/esp.championforest.org\/devotionals\/#\/schema\/person\/0096378efd42d36516bcf765eed089b3"},"breadcrumb":{"@id":"https:\/\/esp.championforest.org\/devotionals\/1-15-2025\/#breadcrumb"},"inLanguage":"en-US","potentialAction":[{"@type":"ReadAction","target":["https:\/\/esp.championforest.org\/devotionals\/1-15-2025\/"]}]},{"@type":"ImageObject","inLanguage":"en-US","@id":"https:\/\/esp.championforest.org\/devotionals\/1-15-2025\/#primaryimage","url":"https:\/\/esp.championforest.org\/devotionals\/wp-content\/uploads\/2024\/12\/John-BG.jpg","contentUrl":"https:\/\/esp.championforest.org\/devotionals\/wp-content\/uploads\/2024\/12\/John-BG.jpg","width":1500,"height":806},{"@type":"BreadcrumbList","@id":"https:\/\/esp.championforest.org\/devotionals\/1-15-2025\/#breadcrumb","itemListElement":[{"@type":"ListItem","position":1,"name":"Casa","item":"https:\/\/esp.championforest.org\/devotionals\/"},{"@type":"ListItem","position":2,"name":"D\u00eda Diez | \u00bfQui\u00e9n es Jes\u00fas?"}]},{"@type":"WebSite","@id":"https:\/\/esp.championforest.org\/devotionals\/#website","url":"https:\/\/esp.championforest.org\/devotionals\/","name":"Devocionales","description":"","potentialAction":[{"@type":"SearchAction","target":{"@type":"EntryPoint","urlTemplate":"https:\/\/esp.championforest.org\/devotionals\/?s={search_term_string}"},"query-input":{"@type":"PropertyValueSpecification","valueRequired":true,"valueName":"search_term_string"}}],"inLanguage":"en-US"},{"@type":"Person","@id":"https:\/\/esp.championforest.org\/devotionals\/#\/schema\/person\/0096378efd42d36516bcf765eed089b3","name":"Nhora Medina","image":{"@type":"ImageObject","inLanguage":"en-US","@id":"https:\/\/secure.gravatar.com\/avatar\/3050849107c1f0db2f382da068401423bd10ce56c232b7ec7497a009890983b9?s=96&d=mm&r=g","url":"https:\/\/secure.gravatar.com\/avatar\/3050849107c1f0db2f382da068401423bd10ce56c232b7ec7497a009890983b9?s=96&d=mm&r=g","contentUrl":"https:\/\/secure.gravatar.com\/avatar\/3050849107c1f0db2f382da068401423bd10ce56c232b7ec7497a009890983b9?s=96&d=mm&r=g","caption":"Nhora Medina"},"url":"https:\/\/esp.championforest.org\/devotionals\/author\/devo-editor-medina\/"}]}},"_links":{"self":[{"href":"https:\/\/esp.championforest.org\/devotionals\/wp-json\/wp\/v2\/posts\/2071","targetHints":{"allow":["GET"]}}],"collection":[{"href":"https:\/\/esp.championforest.org\/devotionals\/wp-json\/wp\/v2\/posts"}],"about":[{"href":"https:\/\/esp.championforest.org\/devotionals\/wp-json\/wp\/v2\/types\/post"}],"author":[{"embeddable":true,"href":"https:\/\/esp.championforest.org\/devotionals\/wp-json\/wp\/v2\/users\/3"}],"replies":[{"embeddable":true,"href":"https:\/\/esp.championforest.org\/devotionals\/wp-json\/wp\/v2\/comments?post=2071"}],"version-history":[{"count":3,"href":"https:\/\/esp.championforest.org\/devotionals\/wp-json\/wp\/v2\/posts\/2071\/revisions"}],"predecessor-version":[{"id":2075,"href":"https:\/\/esp.championforest.org\/devotionals\/wp-json\/wp\/v2\/posts\/2071\/revisions\/2075"}],"wp:featuredmedia":[{"embeddable":true,"href":"https:\/\/esp.championforest.org\/devotionals\/wp-json\/wp\/v2\/media\/2023"}],"wp:attachment":[{"href":"https:\/\/esp.championforest.org\/devotionals\/wp-json\/wp\/v2\/media?parent=2071"}],"wp:term":[{"taxonomy":"category","embeddable":true,"href":"https:\/\/esp.championforest.org\/devotionals\/wp-json\/wp\/v2\/categories?post=2071"},{"taxonomy":"post_tag","embeddable":true,"href":"https:\/\/esp.championforest.org\/devotionals\/wp-json\/wp\/v2\/tags?post=2071"}],"curies":[{"name":"wp","href":"https:\/\/api.w.org\/{rel}","templated":true}]}}