{"id":2063,"date":"2025-01-13T00:05:52","date_gmt":"2025-01-13T06:05:52","guid":{"rendered":"https:\/\/esp.championforest.org\/devotionals\/?p=2063"},"modified":"2025-01-05T13:57:37","modified_gmt":"2025-01-05T19:57:37","slug":"1-13-2025","status":"publish","type":"post","link":"https:\/\/esp.championforest.org\/devotionals\/1-13-2025\/","title":{"rendered":"D\u00eda Ocho | \u00bfQui\u00e9n es Jes\u00fas?"},"content":{"rendered":"\n<h2 class=\"wp-block-heading\"><span style=\"color: #000000;\" class=\"stk-highlight\">Juan 8<\/span><\/h2>\n\n\n\n<p><span style=\"color: #000000;\" class=\"stk-highlight\">Autor:\u00a0<em><em><em><em><em><em>Nannette Burrage<\/em><\/em><\/em><\/em><\/em><\/em><\/span><\/p>\n\n\n\n<div class=\"wp-block-group\"><div class=\"wp-block-group__inner-container is-layout-constrained wp-block-group-is-layout-constrained\">\n<div class=\"wp-block-stackable-hero stk-block-hero stk-block stk-bb37f46 is-style-default\" data-v=\"2\" data-block-id=\"bb37f46\"><style>.stk-bb37f46-inner-blocks{justify-content:center !important;}.stk-bb37f46-container{background-color:#f7f7f7 !important;}.stk-bb37f46-container:before{background-color:#f7f7f7 !important;}.stk-bb37f46 .stk-block-hero__content{min-height:500px !important;align-items:center !important;display:flex !important;}<\/style><div class=\"stk-block-hero__content stk-content-align stk-bb37f46-column stk-container stk-bb37f46-container stk-hover-parent\"><div class=\"stk-block-content stk-inner-blocks has-text-align-left stk--column-flex stk-bb37f46-inner-blocks\">\n<div class=\"wp-block-stackable-heading stk-block-heading stk-block-heading--v2 stk-block stk-4fd618f\" id=\"strong-juan-strong-8\" data-block-id=\"4fd618f\"><style>.stk-4fd618f {margin-bottom:0px !important;}<\/style><h4 class=\"stk-block-heading__text\"><strong>Juan <\/strong>8<\/h4><\/div>\n\n\n\n<p>8 <sup>1\u00a0<\/sup>y Jes\u00fas se fue al monte de los Olivos.\u00a0<sup>2\u00a0<\/sup>Y por la ma\u00f1ana volvi\u00f3 al templo, y todo el pueblo vino a \u00e9l; y sentado \u00e9l, les ense\u00f1aba.\u00a0<sup>3\u00a0<\/sup>Entonces los escribas y los fariseos le trajeron una mujer sorprendida en adulterio; y poni\u00e9ndola en medio,\u00a0<sup>4\u00a0<\/sup>le dijeron: Maestro, esta mujer ha sido sorprendida en el acto mismo de adulterio.\u00a0<sup>5\u00a0<\/sup>Y en la ley nos mand\u00f3 Mois\u00e9s apedrear a tales mujeres.\u00a0T\u00fa, pues, \u00bfqu\u00e9 dices?\u00a0<sup>6\u00a0<\/sup>Mas esto dec\u00edan tent\u00e1ndole, para poder acusarle. Pero Jes\u00fas, inclinado hacia el suelo, escrib\u00eda en tierra con el dedo.\u00a0<sup>7\u00a0<\/sup>Y como insistieran en preguntarle, se enderez\u00f3 y les dijo: El que de vosotros est\u00e9 sin pecado sea el primero en arrojar la piedra contra ella.\u00a0<sup>8\u00a0<\/sup>E inclin\u00e1ndose de nuevo hacia el suelo, sigui\u00f3 escribiendo en tierra.\u00a0<sup>9\u00a0<\/sup>Pero ellos, al o\u00edr esto, acusados por su conciencia, sal\u00edan uno a uno, comenzando desde los m\u00e1s viejos hasta los postreros; y qued\u00f3 solo Jes\u00fas, y la mujer que estaba en medio.\u00a0<sup>10\u00a0<\/sup>Enderez\u00e1ndose Jes\u00fas, y no viendo a nadie sino a la mujer, le dijo: Mujer, \u00bfd\u00f3nde est\u00e1n los que te acusaban? \u00bfNinguno te conden\u00f3?\u00a0<sup>11\u00a0<\/sup>Ella dijo: Ninguno, Se\u00f1or. Entonces Jes\u00fas le dijo: Ni yo te condeno; vete, y no peques m\u00e1s.<\/p>\n\n\n\n<h5 class=\"wp-block-heading\">Jes\u00fas, la luz del mundo<\/h5>\n\n\n\n<p><sup>12&nbsp;<\/sup>Otra vez Jes\u00fas les habl\u00f3, diciendo: Yo soy la luz del mundo;&nbsp;el que me sigue, no andar\u00e1 en tinieblas, sino que tendr\u00e1 la luz de la vida.&nbsp;<sup>13&nbsp;<\/sup>Entonces los fariseos le dijeron: T\u00fa das testimonio acerca de ti mismo; tu testimonio no es verdadero.&nbsp;<sup>14&nbsp;<\/sup>Respondi\u00f3 Jes\u00fas y les dijo: Aunque yo doy testimonio acerca de m\u00ed mismo, mi testimonio es verdadero, porque s\u00e9 de d\u00f3nde he venido y a d\u00f3nde voy; pero vosotros no sab\u00e9is de d\u00f3nde vengo, ni a d\u00f3nde voy.&nbsp;<sup>15&nbsp;<\/sup>Vosotros juzg\u00e1is seg\u00fan la carne; yo no juzgo a nadie.&nbsp;<sup>16&nbsp;<\/sup>Y si yo juzgo, mi juicio es verdadero; porque no soy yo solo, sino yo y el que me envi\u00f3, el Padre.&nbsp;<sup>17&nbsp;<\/sup>Y en vuestra ley est\u00e1 escrito que el testimonio de dos hombres es verdadero.&nbsp;<sup>18&nbsp;<\/sup>Yo soy el que doy testimonio de m\u00ed mismo, y el Padre que me envi\u00f3 da testimonio de m\u00ed.&nbsp;<sup>19&nbsp;<\/sup>Ellos le dijeron: \u00bfD\u00f3nde est\u00e1 tu Padre? Respondi\u00f3 Jes\u00fas: Ni a m\u00ed me conoc\u00e9is, ni a mi Padre; si a m\u00ed me conocieseis, tambi\u00e9n a mi Padre conocer\u00edais.&nbsp;<sup>20&nbsp;<\/sup>Estas palabras habl\u00f3 Jes\u00fas en el lugar de las ofrendas, ense\u00f1ando en el templo; y nadie le prendi\u00f3, porque a\u00fan no hab\u00eda llegado su hora.<\/p>\n\n\n\n<h5 class=\"wp-block-heading\">A donde yo voy, vosotros no pod\u00e9is venir<\/h5>\n\n\n\n<p><sup>21&nbsp;<\/sup>Otra vez les dijo Jes\u00fas: Yo me voy, y me buscar\u00e9is, pero en vuestro pecado morir\u00e9is; a donde yo voy, vosotros no pod\u00e9is venir.&nbsp;<sup>22&nbsp;<\/sup>Dec\u00edan entonces los jud\u00edos: \u00bfAcaso se matar\u00e1 a s\u00ed mismo, que dice: A donde yo voy, vosotros no pod\u00e9is venir?&nbsp;<sup>23&nbsp;<\/sup>Y les dijo: Vosotros sois de abajo, yo soy de arriba; vosotros sois de este mundo, yo no soy de este mundo.&nbsp;<sup>24&nbsp;<\/sup>Por eso os dije que morir\u00e9is en vuestros pecados; porque si no cre\u00e9is que yo soy, en vuestros pecados morir\u00e9is.&nbsp;<sup>25&nbsp;<\/sup>Entonces le dijeron: \u00bfT\u00fa qui\u00e9n eres? Entonces Jes\u00fas les dijo: Lo que desde el principio os he dicho.&nbsp;<sup>26&nbsp;<\/sup>Muchas cosas tengo que decir y juzgar de vosotros; pero el que me envi\u00f3 es verdadero; y yo, lo que he o\u00eddo de \u00e9l, esto hablo al mundo.&nbsp;<sup>27&nbsp;<\/sup>Pero no entendieron que les hablaba del Padre.&nbsp;<sup>28&nbsp;<\/sup>Les dijo, pues, Jes\u00fas: Cuando hay\u00e1is levantado al Hijo del Hombre, entonces conocer\u00e9is que yo soy, y que nada hago por m\u00ed mismo, sino que seg\u00fan me ense\u00f1\u00f3 el Padre, as\u00ed hablo.&nbsp;<sup>29&nbsp;<\/sup>Porque el que me envi\u00f3, conmigo est\u00e1; no me ha dejado solo el Padre, porque yo hago siempre lo que le agrada.&nbsp;<sup>30&nbsp;<\/sup>Hablando \u00e9l estas cosas, muchos creyeron en \u00e9l.<\/p>\n\n\n\n<h5 class=\"wp-block-heading\">La verdad os har\u00e1 libres<\/h5>\n\n\n\n<p><sup>31&nbsp;<\/sup>Dijo entonces Jes\u00fas a los jud\u00edos que hab\u00edan cre\u00eddo en \u00e9l: Si vosotros permaneciereis en mi palabra, ser\u00e9is verdaderamente mis disc\u00edpulos;&nbsp;<sup>32&nbsp;<\/sup>y conocer\u00e9is la verdad, y la verdad os har\u00e1 libres.&nbsp;<sup>33&nbsp;<\/sup>Le respondieron: Linaje de Abraham somos,&nbsp;y jam\u00e1s hemos sido esclavos de nadie. \u00bfC\u00f3mo dices t\u00fa: Ser\u00e9is libres?<\/p>\n\n\n\n<p><sup>34&nbsp;<\/sup>Jes\u00fas les respondi\u00f3: De cierto, de cierto os digo, que todo aquel que hace pecado, esclavo es del pecado.&nbsp;<sup>35&nbsp;<\/sup>Y el esclavo no queda en la casa para siempre; el hijo s\u00ed queda para siempre.&nbsp;<sup>36&nbsp;<\/sup>As\u00ed que, si el Hijo os libertare, ser\u00e9is verdaderamente libres.&nbsp;<sup>37&nbsp;<\/sup>S\u00e9 que sois descendientes de Abraham; pero procur\u00e1is matarme, porque mi palabra no halla cabida en vosotros.&nbsp;<sup>38&nbsp;<\/sup>Yo hablo lo que he visto cerca del Padre; y vosotros hac\u00e9is lo que hab\u00e9is o\u00eddo cerca de vuestro padre.<\/p>\n\n\n\n<h5 class=\"wp-block-heading\">Sois de vuestro padre el diablo<\/h5>\n\n\n\n<p><sup>39&nbsp;<\/sup>Respondieron y le dijeron: Nuestro padre es Abraham. Jes\u00fas les dijo: Si fueseis hijos de Abraham, las obras de Abraham har\u00edais.&nbsp;<sup>40&nbsp;<\/sup>Pero ahora procur\u00e1is matarme a m\u00ed, hombre que os he hablado la verdad, la cual he o\u00eddo de Dios; no hizo esto Abraham.&nbsp;<sup>41&nbsp;<\/sup>Vosotros hac\u00e9is las obras de vuestro padre. Entonces le dijeron: Nosotros no somos nacidos de fornicaci\u00f3n; un padre tenemos, que es Dios.&nbsp;<sup>42&nbsp;<\/sup>Jes\u00fas entonces les dijo: Si vuestro padre fuese Dios, ciertamente me amar\u00edais; porque yo de Dios he salido, y he venido; pues no he venido de m\u00ed mismo, sino que \u00e9l me envi\u00f3.&nbsp;<sup>43&nbsp;<\/sup>\u00bfPor qu\u00e9 no entend\u00e9is mi lenguaje? Porque no pod\u00e9is escuchar mi palabra.&nbsp;<sup>44&nbsp;<\/sup>Vosotros sois de vuestro padre el diablo, y los deseos de vuestro padre quer\u00e9is hacer. \u00c9l ha sido homicida desde el principio, y no ha permanecido en la verdad, porque no hay verdad en \u00e9l. Cuando habla mentira, de suyo habla; porque es mentiroso, y padre de mentira.&nbsp;<sup>45&nbsp;<\/sup>Y a m\u00ed, porque digo la verdad, no me cre\u00e9is.&nbsp;<sup>46&nbsp;<\/sup>\u00bfQui\u00e9n de vosotros me redarguye de pecado? Pues si digo la verdad, \u00bfpor qu\u00e9 vosotros no me cre\u00e9is?&nbsp;<sup>47&nbsp;<\/sup>El que es de Dios, las palabras de Dios oye; por esto no las o\u00eds vosotros, porque no sois de Dios.<\/p>\n\n\n\n<h5 class=\"wp-block-heading\">La preexistencia de Cristo<\/h5>\n\n\n\n<p><sup>48&nbsp;<\/sup>Respondieron entonces los jud\u00edos, y le dijeron: \u00bfNo decimos bien nosotros, que t\u00fa eres samaritano, y que tienes demonio?&nbsp;<sup>49&nbsp;<\/sup>Respondi\u00f3 Jes\u00fas: Yo no tengo demonio, antes honro a mi Padre; y vosotros me deshonr\u00e1is.&nbsp;<sup>50&nbsp;<\/sup>Pero yo no busco mi gloria; hay quien la busca, y juzga.&nbsp;<sup>51&nbsp;<\/sup>De cierto, de cierto os digo, que el que guarda mi palabra, nunca ver\u00e1 muerte.&nbsp;<sup>52&nbsp;<\/sup>Entonces los jud\u00edos le dijeron: Ahora conocemos que tienes demonio. Abraham muri\u00f3, y los profetas; y t\u00fa dices: El que guarda mi palabra, nunca sufrir\u00e1 muerte.&nbsp;<sup>53&nbsp;<\/sup>\u00bfEres t\u00fa acaso mayor que nuestro padre Abraham, el cual muri\u00f3? \u00a1Y los profetas murieron! \u00bfQui\u00e9n te haces a ti mismo?&nbsp;<sup>54&nbsp;<\/sup>Respondi\u00f3 Jes\u00fas: Si yo me glorifico a m\u00ed mismo, mi gloria nada es; mi Padre es el que me glorifica, el que vosotros dec\u00eds que es vuestro Dios.&nbsp;<sup>55&nbsp;<\/sup>Pero vosotros no le conoc\u00e9is; mas yo le conozco, y si dijere que no le conozco, ser\u00eda mentiroso como vosotros; pero le conozco, y guardo su palabra.&nbsp;<sup>56&nbsp;<\/sup>Abraham vuestro padre se goz\u00f3 de que hab\u00eda de ver mi d\u00eda; y lo vio, y se goz\u00f3.&nbsp;<sup>57&nbsp;<\/sup>Entonces le dijeron los jud\u00edos: A\u00fan no tienes cincuenta a\u00f1os, \u00bfy has visto a Abraham?&nbsp;<sup>58&nbsp;<\/sup>Jes\u00fas les dijo: De cierto, de cierto os digo: Antes que Abraham fuese, yo soy.&nbsp;<sup>59&nbsp;<\/sup>Tomaron entonces piedras para arroj\u00e1rselas; pero Jes\u00fas se escondi\u00f3 y sali\u00f3 del templo; y atravesando por en medio de ellos, se fue.<\/p>\n\n\n\n<div class=\"wp-block-stackable-text stk-block-text stk-block stk-3f49bf1 stk-block-background\" data-block-id=\"3f49bf1\"><style>.stk-3f49bf1 .stk-block-text__text{font-size:13px !important;}@media screen and (max-width: 1023px){.stk-3f49bf1 .stk-block-text__text{font-size:13px !important;}}<\/style><p class=\"stk-block-text__text\">Reina-Valera 1960 \u00ae \u00a9 Sociedades B\u00edblicas en Am\u00e9rica Latina, 1960. Renovado \u00a9 Sociedades B\u00edblicas Unidas, 1988. Utilizado con permiso. Si desea m\u00e1s informaci\u00f3n visite&nbsp;<a href=\"https:\/\/www.americanbible.org\/\">americanbible.org<\/a>,&nbsp;<a href=\"https:\/\/www.unitedbiblesocieties.org\/\">unitedbiblesocieties.org<\/a>,&nbsp;<a href=\"https:\/\/www.vivelabiblia.com\/\">vivelabiblia.com<\/a>,&nbsp;<a href=\"http:\/\/unitedbiblesocieties.org\/es\/casa\/\">unitedbiblesocieties.org\/es\/casa\/<\/a>,&nbsp;<a href=\"https:\/\/rvr60.bible\/?utm_source=website&amp;utm_medium=link&amp;utm_campaign=BGWYCEV11232021&amp;utm_id=biblegateway\/\">www.rvr60.bible<\/a><\/p><\/div>\n<\/div><\/div><\/div>\n<\/div><\/div>\n\n\n\n<p><strong>Devocional<\/strong><\/p>\n\n\n\n<p>Juan 8 desafi\u00f3 radicalmente a los l\u00edderes jud\u00edos y contin\u00faa desafi\u00e1ndonos incluso hoy. Aqu\u00ed hay algunos principios b\u00edblicos que testifican si somos \u201cverdaderamente disc\u00edpulos\u201d de Jes\u00fas o no:<\/p>\n\n\n\n<p>1.&nbsp;&nbsp;&nbsp;&nbsp;&nbsp; Recordar que todos somos pecadores y, como seguidores de Cristo, queremos vivir de tal manera que llevemos a las personas a recibir el amor y el perd\u00f3n de Jes\u00fas, en lugar de condenarlas por sus pecados.<\/p>\n\n\n\n<p>2.&nbsp;&nbsp;&nbsp;&nbsp;&nbsp; \u00bfReflejan nuestras vidas la promesa de Jes\u00fas de ser \u201cla luz del mundo\u201d?<\/p>\n\n\n\n<p>3.&nbsp;&nbsp;&nbsp;&nbsp;&nbsp; Jes\u00fas es el gran \u201cYO SOY\u201d del Antiguo Testamento, el Dios eterno. \u00bfRealmente creo y vivo mi vida en esta verdad?<\/p>\n\n\n\n<p>4.&nbsp;&nbsp;&nbsp;&nbsp;&nbsp; Cualquier pecado nos esclaviza al pecado. La libertad del pecado solo viene al creer en Jes\u00fas. \u00bfEstamos viviendo en la verdad que nos hace libres?<\/p>\n\n\n\n<p>5.&nbsp;&nbsp;&nbsp;&nbsp;&nbsp; Los l\u00edderes jud\u00edos no reconocieron a Jes\u00fas como el Mes\u00edas. \u00bfEs nuestra relaci\u00f3n con Jes\u00fas tan \u00edntima que reconocemos su obra en nuestras vidas, escuchamos su voz y deseamos obedecerle?<\/p>\n\n\n\n<p>6.&nbsp;&nbsp;&nbsp;&nbsp;&nbsp; \u00bfEstamos eligiendo darle a Dios toda la gloria que merece? Guardar su Palabra asegura que nunca veremos la muerte.<\/p>\n\n\n\n<p><strong>Si viviera bajo la verdad de Juan 8, \u00bfc\u00f3mo se reflejar\u00eda esto en mi vida y qu\u00e9 cambios necesitar\u00eda hacer para ser \u201cverdaderamente\u201d un disc\u00edpulo de Jes\u00fas?<\/strong><\/p>\n","protected":false},"excerpt":{"rendered":"<p>Juan 8 Autor:\u00a0Nannette Burrage Juan 8 8 1\u00a0y Jes\u00fas se fue al monte de los Olivos.\u00a02\u00a0Y por la ma\u00f1ana volvi\u00f3 al templo, y todo el pueblo vino a \u00e9l; y sentado \u00e9l, les ense\u00f1aba.\u00a03\u00a0Entonces los escribas y los fariseos le trajeron una mujer sorprendida en adulterio; y poni\u00e9ndola en medio,\u00a04\u00a0le dijeron: Maestro, esta mujer ha &hellip; <a href=\"https:\/\/esp.championforest.org\/devotionals\/1-13-2025\/\" class=\"more-link\">Continue reading <span class=\"screen-reader-text\">D\u00eda Ocho | \u00bfQui\u00e9n es Jes\u00fas?<\/span><\/a><\/p>\n","protected":false},"author":3,"featured_media":2023,"comment_status":"open","ping_status":"closed","sticky":false,"template":"","format":"standard","meta":{"footnotes":""},"categories":[32,6],"tags":[31],"class_list":["post-2063","post","type-post","status-publish","format-standard","has-post-thumbnail","hentry","category-quienesjesus","category-devocionales","tag-quien-es-jesus"],"featured_image_urls_v2":{"full":["https:\/\/esp.championforest.org\/devotionals\/wp-content\/uploads\/2024\/12\/John-BG.jpg",1500,806,false],"thumbnail":["https:\/\/esp.championforest.org\/devotionals\/wp-content\/uploads\/2024\/12\/John-BG-150x150.jpg",150,150,true],"medium":["https:\/\/esp.championforest.org\/devotionals\/wp-content\/uploads\/2024\/12\/John-BG-300x161.jpg",300,161,true],"medium_large":["https:\/\/esp.championforest.org\/devotionals\/wp-content\/uploads\/2024\/12\/John-BG-768x413.jpg",768,413,true],"large":["https:\/\/esp.championforest.org\/devotionals\/wp-content\/uploads\/2024\/12\/John-BG-1024x550.jpg",900,483,true],"1536x1536":["https:\/\/esp.championforest.org\/devotionals\/wp-content\/uploads\/2024\/12\/John-BG.jpg",1500,806,false],"2048x2048":["https:\/\/esp.championforest.org\/devotionals\/wp-content\/uploads\/2024\/12\/John-BG.jpg",1500,806,false],"post-thumbnail":["https:\/\/esp.championforest.org\/devotionals\/wp-content\/uploads\/2024\/12\/John-BG.jpg",1500,806,false]},"post_excerpt_stackable_v2":"<p>Juan 8 Autor:\u00a0Nannette Burrage Juan 8 8 1\u00a0y Jes\u00fas se fue al monte de los Olivos.\u00a02\u00a0Y por la ma\u00f1ana volvi\u00f3 al templo, y todo el pueblo vino a \u00e9l; y sentado \u00e9l, les ense\u00f1aba.\u00a03\u00a0Entonces los escribas y los fariseos le trajeron una mujer sorprendida en adulterio; y poni\u00e9ndola en medio,\u00a04\u00a0le dijeron: Maestro, esta mujer ha sido sorprendida en el acto mismo de adulterio.\u00a05\u00a0Y en la ley nos mand\u00f3 Mois\u00e9s apedrear a tales mujeres.\u00a0T\u00fa, pues, \u00bfqu\u00e9 dices?\u00a06\u00a0Mas esto dec\u00edan tent\u00e1ndole, para poder acusarle. Pero Jes\u00fas, inclinado hacia el suelo, escrib\u00eda en tierra con el dedo.\u00a07\u00a0Y como insistieran en preguntarle, se enderez\u00f3&hellip;<\/p>\n","category_list_v2":"<a href=\"https:\/\/esp.championforest.org\/devotionals\/category\/quienesjesus\/\" rel=\"category tag\">\u00bfQui\u00e9n es Jes\u00fas?<\/a>, <a href=\"https:\/\/esp.championforest.org\/devotionals\/category\/devocionales\/\" rel=\"category tag\">Devocionales<\/a>","author_info_v2":{"name":"Nhora Medina","url":"https:\/\/esp.championforest.org\/devotionals\/author\/devo-editor-medina\/"},"comments_num_v2":"11 comments","yoast_head":"<!-- This site is optimized with the Yoast SEO plugin v27.3 - https:\/\/yoast.com\/product\/yoast-seo-wordpress\/ -->\n<title>D\u00eda Ocho | \u00bfQui\u00e9n es Jes\u00fas? - Devocionales<\/title>\n<meta name=\"robots\" content=\"index, follow, max-snippet:-1, max-image-preview:large, max-video-preview:-1\" \/>\n<link rel=\"canonical\" href=\"https:\/\/esp.championforest.org\/devotionals\/1-13-2025\/\" \/>\n<meta property=\"og:locale\" content=\"en_US\" \/>\n<meta property=\"og:type\" content=\"article\" \/>\n<meta property=\"og:title\" content=\"D\u00eda Ocho | \u00bfQui\u00e9n es Jes\u00fas? - Devocionales\" \/>\n<meta property=\"og:description\" content=\"Juan 8 Autor:\u00a0Nannette Burrage Juan 8 8 1\u00a0y Jes\u00fas se fue al monte de los Olivos.\u00a02\u00a0Y por la ma\u00f1ana volvi\u00f3 al templo, y todo el pueblo vino a \u00e9l; y sentado \u00e9l, les ense\u00f1aba.\u00a03\u00a0Entonces los escribas y los fariseos le trajeron una mujer sorprendida en adulterio; y poni\u00e9ndola en medio,\u00a04\u00a0le dijeron: Maestro, esta mujer ha &hellip; Continue reading D\u00eda Ocho | \u00bfQui\u00e9n es Jes\u00fas?\" \/>\n<meta property=\"og:url\" content=\"https:\/\/esp.championforest.org\/devotionals\/1-13-2025\/\" \/>\n<meta property=\"og:site_name\" content=\"Devocionales\" \/>\n<meta property=\"article:published_time\" content=\"2025-01-13T06:05:52+00:00\" \/>\n<meta property=\"og:image\" content=\"https:\/\/esp.championforest.org\/devotionals\/wp-content\/uploads\/2024\/12\/John-BG.jpg\" \/>\n\t<meta property=\"og:image:width\" content=\"1500\" \/>\n\t<meta property=\"og:image:height\" content=\"806\" \/>\n\t<meta property=\"og:image:type\" content=\"image\/jpeg\" \/>\n<meta name=\"author\" content=\"Nhora Medina\" \/>\n<meta name=\"twitter:card\" content=\"summary_large_image\" \/>\n<meta name=\"twitter:label1\" content=\"Written by\" \/>\n\t<meta name=\"twitter:data1\" content=\"Nhora Medina\" \/>\n\t<meta name=\"twitter:label2\" content=\"Est. reading time\" \/>\n\t<meta name=\"twitter:data2\" content=\"7 minutes\" \/>\n<script type=\"application\/ld+json\" class=\"yoast-schema-graph\">{\"@context\":\"https:\\\/\\\/schema.org\",\"@graph\":[{\"@type\":\"Article\",\"@id\":\"https:\\\/\\\/esp.championforest.org\\\/devotionals\\\/1-13-2025\\\/#article\",\"isPartOf\":{\"@id\":\"https:\\\/\\\/esp.championforest.org\\\/devotionals\\\/1-13-2025\\\/\"},\"author\":{\"name\":\"Nhora Medina\",\"@id\":\"https:\\\/\\\/esp.championforest.org\\\/devotionals\\\/#\\\/schema\\\/person\\\/0096378efd42d36516bcf765eed089b3\"},\"headline\":\"D\u00eda Ocho | \u00bfQui\u00e9n es Jes\u00fas?\",\"datePublished\":\"2025-01-13T06:05:52+00:00\",\"mainEntityOfPage\":{\"@id\":\"https:\\\/\\\/esp.championforest.org\\\/devotionals\\\/1-13-2025\\\/\"},\"wordCount\":1708,\"commentCount\":11,\"image\":{\"@id\":\"https:\\\/\\\/esp.championforest.org\\\/devotionals\\\/1-13-2025\\\/#primaryimage\"},\"thumbnailUrl\":\"https:\\\/\\\/esp.championforest.org\\\/devotionals\\\/wp-content\\\/uploads\\\/2024\\\/12\\\/John-BG.jpg\",\"keywords\":[\"\u00bfQui\u00e9n es Jes\u00fas?\"],\"articleSection\":[\"\u00bfQui\u00e9n es Jes\u00fas?\",\"Devocionales\"],\"inLanguage\":\"en-US\",\"potentialAction\":[{\"@type\":\"CommentAction\",\"name\":\"Comment\",\"target\":[\"https:\\\/\\\/esp.championforest.org\\\/devotionals\\\/1-13-2025\\\/#respond\"]}]},{\"@type\":\"WebPage\",\"@id\":\"https:\\\/\\\/esp.championforest.org\\\/devotionals\\\/1-13-2025\\\/\",\"url\":\"https:\\\/\\\/esp.championforest.org\\\/devotionals\\\/1-13-2025\\\/\",\"name\":\"D\u00eda Ocho | \u00bfQui\u00e9n es Jes\u00fas? - Devocionales\",\"isPartOf\":{\"@id\":\"https:\\\/\\\/esp.championforest.org\\\/devotionals\\\/#website\"},\"primaryImageOfPage\":{\"@id\":\"https:\\\/\\\/esp.championforest.org\\\/devotionals\\\/1-13-2025\\\/#primaryimage\"},\"image\":{\"@id\":\"https:\\\/\\\/esp.championforest.org\\\/devotionals\\\/1-13-2025\\\/#primaryimage\"},\"thumbnailUrl\":\"https:\\\/\\\/esp.championforest.org\\\/devotionals\\\/wp-content\\\/uploads\\\/2024\\\/12\\\/John-BG.jpg\",\"datePublished\":\"2025-01-13T06:05:52+00:00\",\"author\":{\"@id\":\"https:\\\/\\\/esp.championforest.org\\\/devotionals\\\/#\\\/schema\\\/person\\\/0096378efd42d36516bcf765eed089b3\"},\"breadcrumb\":{\"@id\":\"https:\\\/\\\/esp.championforest.org\\\/devotionals\\\/1-13-2025\\\/#breadcrumb\"},\"inLanguage\":\"en-US\",\"potentialAction\":[{\"@type\":\"ReadAction\",\"target\":[\"https:\\\/\\\/esp.championforest.org\\\/devotionals\\\/1-13-2025\\\/\"]}]},{\"@type\":\"ImageObject\",\"inLanguage\":\"en-US\",\"@id\":\"https:\\\/\\\/esp.championforest.org\\\/devotionals\\\/1-13-2025\\\/#primaryimage\",\"url\":\"https:\\\/\\\/esp.championforest.org\\\/devotionals\\\/wp-content\\\/uploads\\\/2024\\\/12\\\/John-BG.jpg\",\"contentUrl\":\"https:\\\/\\\/esp.championforest.org\\\/devotionals\\\/wp-content\\\/uploads\\\/2024\\\/12\\\/John-BG.jpg\",\"width\":1500,\"height\":806},{\"@type\":\"BreadcrumbList\",\"@id\":\"https:\\\/\\\/esp.championforest.org\\\/devotionals\\\/1-13-2025\\\/#breadcrumb\",\"itemListElement\":[{\"@type\":\"ListItem\",\"position\":1,\"name\":\"Casa\",\"item\":\"https:\\\/\\\/esp.championforest.org\\\/devotionals\\\/\"},{\"@type\":\"ListItem\",\"position\":2,\"name\":\"D\u00eda Ocho | \u00bfQui\u00e9n es Jes\u00fas?\"}]},{\"@type\":\"WebSite\",\"@id\":\"https:\\\/\\\/esp.championforest.org\\\/devotionals\\\/#website\",\"url\":\"https:\\\/\\\/esp.championforest.org\\\/devotionals\\\/\",\"name\":\"Devocionales\",\"description\":\"\",\"potentialAction\":[{\"@type\":\"SearchAction\",\"target\":{\"@type\":\"EntryPoint\",\"urlTemplate\":\"https:\\\/\\\/esp.championforest.org\\\/devotionals\\\/?s={search_term_string}\"},\"query-input\":{\"@type\":\"PropertyValueSpecification\",\"valueRequired\":true,\"valueName\":\"search_term_string\"}}],\"inLanguage\":\"en-US\"},{\"@type\":\"Person\",\"@id\":\"https:\\\/\\\/esp.championforest.org\\\/devotionals\\\/#\\\/schema\\\/person\\\/0096378efd42d36516bcf765eed089b3\",\"name\":\"Nhora Medina\",\"image\":{\"@type\":\"ImageObject\",\"inLanguage\":\"en-US\",\"@id\":\"https:\\\/\\\/secure.gravatar.com\\\/avatar\\\/3050849107c1f0db2f382da068401423bd10ce56c232b7ec7497a009890983b9?s=96&d=mm&r=g\",\"url\":\"https:\\\/\\\/secure.gravatar.com\\\/avatar\\\/3050849107c1f0db2f382da068401423bd10ce56c232b7ec7497a009890983b9?s=96&d=mm&r=g\",\"contentUrl\":\"https:\\\/\\\/secure.gravatar.com\\\/avatar\\\/3050849107c1f0db2f382da068401423bd10ce56c232b7ec7497a009890983b9?s=96&d=mm&r=g\",\"caption\":\"Nhora Medina\"},\"url\":\"https:\\\/\\\/esp.championforest.org\\\/devotionals\\\/author\\\/devo-editor-medina\\\/\"}]}<\/script>\n<!-- \/ Yoast SEO plugin. -->","yoast_head_json":{"title":"D\u00eda Ocho | \u00bfQui\u00e9n es Jes\u00fas? - Devocionales","robots":{"index":"index","follow":"follow","max-snippet":"max-snippet:-1","max-image-preview":"max-image-preview:large","max-video-preview":"max-video-preview:-1"},"canonical":"https:\/\/esp.championforest.org\/devotionals\/1-13-2025\/","og_locale":"en_US","og_type":"article","og_title":"D\u00eda Ocho | \u00bfQui\u00e9n es Jes\u00fas? - Devocionales","og_description":"Juan 8 Autor:\u00a0Nannette Burrage Juan 8 8 1\u00a0y Jes\u00fas se fue al monte de los Olivos.\u00a02\u00a0Y por la ma\u00f1ana volvi\u00f3 al templo, y todo el pueblo vino a \u00e9l; y sentado \u00e9l, les ense\u00f1aba.\u00a03\u00a0Entonces los escribas y los fariseos le trajeron una mujer sorprendida en adulterio; y poni\u00e9ndola en medio,\u00a04\u00a0le dijeron: Maestro, esta mujer ha &hellip; Continue reading D\u00eda Ocho | \u00bfQui\u00e9n es Jes\u00fas?","og_url":"https:\/\/esp.championforest.org\/devotionals\/1-13-2025\/","og_site_name":"Devocionales","article_published_time":"2025-01-13T06:05:52+00:00","og_image":[{"width":1500,"height":806,"url":"https:\/\/esp.championforest.org\/devotionals\/wp-content\/uploads\/2024\/12\/John-BG.jpg","type":"image\/jpeg"}],"author":"Nhora Medina","twitter_card":"summary_large_image","twitter_misc":{"Written by":"Nhora Medina","Est. reading time":"7 minutes"},"schema":{"@context":"https:\/\/schema.org","@graph":[{"@type":"Article","@id":"https:\/\/esp.championforest.org\/devotionals\/1-13-2025\/#article","isPartOf":{"@id":"https:\/\/esp.championforest.org\/devotionals\/1-13-2025\/"},"author":{"name":"Nhora Medina","@id":"https:\/\/esp.championforest.org\/devotionals\/#\/schema\/person\/0096378efd42d36516bcf765eed089b3"},"headline":"D\u00eda Ocho | \u00bfQui\u00e9n es Jes\u00fas?","datePublished":"2025-01-13T06:05:52+00:00","mainEntityOfPage":{"@id":"https:\/\/esp.championforest.org\/devotionals\/1-13-2025\/"},"wordCount":1708,"commentCount":11,"image":{"@id":"https:\/\/esp.championforest.org\/devotionals\/1-13-2025\/#primaryimage"},"thumbnailUrl":"https:\/\/esp.championforest.org\/devotionals\/wp-content\/uploads\/2024\/12\/John-BG.jpg","keywords":["\u00bfQui\u00e9n es Jes\u00fas?"],"articleSection":["\u00bfQui\u00e9n es Jes\u00fas?","Devocionales"],"inLanguage":"en-US","potentialAction":[{"@type":"CommentAction","name":"Comment","target":["https:\/\/esp.championforest.org\/devotionals\/1-13-2025\/#respond"]}]},{"@type":"WebPage","@id":"https:\/\/esp.championforest.org\/devotionals\/1-13-2025\/","url":"https:\/\/esp.championforest.org\/devotionals\/1-13-2025\/","name":"D\u00eda Ocho | \u00bfQui\u00e9n es Jes\u00fas? - Devocionales","isPartOf":{"@id":"https:\/\/esp.championforest.org\/devotionals\/#website"},"primaryImageOfPage":{"@id":"https:\/\/esp.championforest.org\/devotionals\/1-13-2025\/#primaryimage"},"image":{"@id":"https:\/\/esp.championforest.org\/devotionals\/1-13-2025\/#primaryimage"},"thumbnailUrl":"https:\/\/esp.championforest.org\/devotionals\/wp-content\/uploads\/2024\/12\/John-BG.jpg","datePublished":"2025-01-13T06:05:52+00:00","author":{"@id":"https:\/\/esp.championforest.org\/devotionals\/#\/schema\/person\/0096378efd42d36516bcf765eed089b3"},"breadcrumb":{"@id":"https:\/\/esp.championforest.org\/devotionals\/1-13-2025\/#breadcrumb"},"inLanguage":"en-US","potentialAction":[{"@type":"ReadAction","target":["https:\/\/esp.championforest.org\/devotionals\/1-13-2025\/"]}]},{"@type":"ImageObject","inLanguage":"en-US","@id":"https:\/\/esp.championforest.org\/devotionals\/1-13-2025\/#primaryimage","url":"https:\/\/esp.championforest.org\/devotionals\/wp-content\/uploads\/2024\/12\/John-BG.jpg","contentUrl":"https:\/\/esp.championforest.org\/devotionals\/wp-content\/uploads\/2024\/12\/John-BG.jpg","width":1500,"height":806},{"@type":"BreadcrumbList","@id":"https:\/\/esp.championforest.org\/devotionals\/1-13-2025\/#breadcrumb","itemListElement":[{"@type":"ListItem","position":1,"name":"Casa","item":"https:\/\/esp.championforest.org\/devotionals\/"},{"@type":"ListItem","position":2,"name":"D\u00eda Ocho | \u00bfQui\u00e9n es Jes\u00fas?"}]},{"@type":"WebSite","@id":"https:\/\/esp.championforest.org\/devotionals\/#website","url":"https:\/\/esp.championforest.org\/devotionals\/","name":"Devocionales","description":"","potentialAction":[{"@type":"SearchAction","target":{"@type":"EntryPoint","urlTemplate":"https:\/\/esp.championforest.org\/devotionals\/?s={search_term_string}"},"query-input":{"@type":"PropertyValueSpecification","valueRequired":true,"valueName":"search_term_string"}}],"inLanguage":"en-US"},{"@type":"Person","@id":"https:\/\/esp.championforest.org\/devotionals\/#\/schema\/person\/0096378efd42d36516bcf765eed089b3","name":"Nhora Medina","image":{"@type":"ImageObject","inLanguage":"en-US","@id":"https:\/\/secure.gravatar.com\/avatar\/3050849107c1f0db2f382da068401423bd10ce56c232b7ec7497a009890983b9?s=96&d=mm&r=g","url":"https:\/\/secure.gravatar.com\/avatar\/3050849107c1f0db2f382da068401423bd10ce56c232b7ec7497a009890983b9?s=96&d=mm&r=g","contentUrl":"https:\/\/secure.gravatar.com\/avatar\/3050849107c1f0db2f382da068401423bd10ce56c232b7ec7497a009890983b9?s=96&d=mm&r=g","caption":"Nhora Medina"},"url":"https:\/\/esp.championforest.org\/devotionals\/author\/devo-editor-medina\/"}]}},"_links":{"self":[{"href":"https:\/\/esp.championforest.org\/devotionals\/wp-json\/wp\/v2\/posts\/2063","targetHints":{"allow":["GET"]}}],"collection":[{"href":"https:\/\/esp.championforest.org\/devotionals\/wp-json\/wp\/v2\/posts"}],"about":[{"href":"https:\/\/esp.championforest.org\/devotionals\/wp-json\/wp\/v2\/types\/post"}],"author":[{"embeddable":true,"href":"https:\/\/esp.championforest.org\/devotionals\/wp-json\/wp\/v2\/users\/3"}],"replies":[{"embeddable":true,"href":"https:\/\/esp.championforest.org\/devotionals\/wp-json\/wp\/v2\/comments?post=2063"}],"version-history":[{"count":2,"href":"https:\/\/esp.championforest.org\/devotionals\/wp-json\/wp\/v2\/posts\/2063\/revisions"}],"predecessor-version":[{"id":2066,"href":"https:\/\/esp.championforest.org\/devotionals\/wp-json\/wp\/v2\/posts\/2063\/revisions\/2066"}],"wp:featuredmedia":[{"embeddable":true,"href":"https:\/\/esp.championforest.org\/devotionals\/wp-json\/wp\/v2\/media\/2023"}],"wp:attachment":[{"href":"https:\/\/esp.championforest.org\/devotionals\/wp-json\/wp\/v2\/media?parent=2063"}],"wp:term":[{"taxonomy":"category","embeddable":true,"href":"https:\/\/esp.championforest.org\/devotionals\/wp-json\/wp\/v2\/categories?post=2063"},{"taxonomy":"post_tag","embeddable":true,"href":"https:\/\/esp.championforest.org\/devotionals\/wp-json\/wp\/v2\/tags?post=2063"}],"curies":[{"name":"wp","href":"https:\/\/api.w.org\/{rel}","templated":true}]}}