{"id":2059,"date":"2025-01-12T00:05:33","date_gmt":"2025-01-12T06:05:33","guid":{"rendered":"https:\/\/esp.championforest.org\/devotionals\/?p=2059"},"modified":"2025-01-05T13:50:37","modified_gmt":"2025-01-05T19:50:37","slug":"1-12-2025","status":"publish","type":"post","link":"https:\/\/esp.championforest.org\/devotionals\/1-12-2025\/","title":{"rendered":"D\u00eda Siete | \u00bfQui\u00e9n es Jes\u00fas?"},"content":{"rendered":"\n<h2 class=\"wp-block-heading\"><span style=\"color: #000000;\" class=\"stk-highlight\">Juan 7<\/span><\/h2>\n\n\n\n<p><span style=\"color: #000000;\" class=\"stk-highlight\">Autor:\u00a0<em><em><em><em><em>Bo Patterson<\/em><\/em><\/em><\/em><\/em><\/span><\/p>\n\n\n\n<div class=\"wp-block-group\"><div class=\"wp-block-group__inner-container is-layout-constrained wp-block-group-is-layout-constrained\">\n<div class=\"wp-block-stackable-hero stk-block-hero stk-block stk-bb37f46 is-style-default\" data-v=\"2\" data-block-id=\"bb37f46\"><style>.stk-bb37f46-inner-blocks{justify-content:center !important;}.stk-bb37f46-container{background-color:#f7f7f7 !important;}.stk-bb37f46-container:before{background-color:#f7f7f7 !important;}.stk-bb37f46 .stk-block-hero__content{min-height:500px !important;align-items:center !important;display:flex !important;}<\/style><div class=\"stk-block-hero__content stk-content-align stk-bb37f46-column stk-container stk-bb37f46-container stk-hover-parent\"><div class=\"stk-block-content stk-inner-blocks has-text-align-left stk--column-flex stk-bb37f46-inner-blocks\">\n<div class=\"wp-block-stackable-heading stk-block-heading stk-block-heading--v2 stk-block stk-4fd618f\" id=\"strong-juan-7-strong\" data-block-id=\"4fd618f\"><style>.stk-4fd618f {margin-bottom:0px !important;}<\/style><h4 class=\"stk-block-heading__text\"><strong>Juan 7<\/strong><\/h4><\/div>\n\n\n\n<h5 class=\"wp-block-heading\">Incredulidad de los hermanos de Jes\u00fas<\/h5>\n\n\n\n<p><strong>7&nbsp;<\/strong>Despu\u00e9s de estas cosas, andaba Jes\u00fas en Galilea; pues no quer\u00eda andar en Judea, porque los jud\u00edos procuraban matarle.&nbsp;<sup>2&nbsp;<\/sup>Estaba cerca la fiesta de los jud\u00edos, la de los tabern\u00e1culos;&nbsp;<sup>3&nbsp;<\/sup>y le dijeron sus hermanos: Sal de aqu\u00ed, y vete a Judea, para que tambi\u00e9n tus disc\u00edpulos vean las obras que haces.&nbsp;<sup>4&nbsp;<\/sup>Porque ninguno que procura darse a conocer hace algo en secreto. Si estas cosas haces, manifi\u00e9state al mundo.&nbsp;<sup>5&nbsp;<\/sup>Porque ni aun sus hermanos cre\u00edan en \u00e9l.&nbsp;<sup>6&nbsp;<\/sup>Entonces Jes\u00fas les dijo: Mi tiempo a\u00fan no ha llegado, mas vuestro tiempo siempre est\u00e1 presto.&nbsp;<sup>7&nbsp;<\/sup>No puede el mundo aborreceros a vosotros; mas a m\u00ed me aborrece, porque yo testifico de \u00e9l, que sus obras son malas.&nbsp;<sup>8&nbsp;<\/sup>Subid vosotros a la fiesta; yo no subo todav\u00eda a esa fiesta, porque mi tiempo a\u00fan no se ha cumplido.&nbsp;<sup>9&nbsp;<\/sup>Y habi\u00e9ndoles dicho esto, se qued\u00f3 en Galilea.<\/p>\n\n\n\n<h5 class=\"wp-block-heading\">Jes\u00fas en la fiesta de los tabern\u00e1culos<\/h5>\n\n\n\n<p><sup>10&nbsp;<\/sup>Pero despu\u00e9s que sus hermanos hab\u00edan subido, entonces \u00e9l tambi\u00e9n subi\u00f3 a la fiesta, no abiertamente, sino como en secreto.&nbsp;<sup>11&nbsp;<\/sup>Y le buscaban los jud\u00edos en la fiesta, y dec\u00edan: \u00bfD\u00f3nde est\u00e1 aquel?&nbsp;<sup>12&nbsp;<\/sup>Y hab\u00eda gran murmullo acerca de \u00e9l entre la multitud, pues unos dec\u00edan: Es bueno; pero otros dec\u00edan: No, sino que enga\u00f1a al pueblo.&nbsp;<sup>13&nbsp;<\/sup>Pero ninguno hablaba abiertamente de \u00e9l, por miedo a los jud\u00edos.<\/p>\n\n\n\n<p><sup>14&nbsp;<\/sup>Mas a la mitad de la fiesta subi\u00f3 Jes\u00fas al templo, y ense\u00f1aba.&nbsp;<sup>15&nbsp;<\/sup>Y se maravillaban los jud\u00edos, diciendo: \u00bfC\u00f3mo sabe este letras, sin haber estudiado?&nbsp;<sup>16&nbsp;<\/sup>Jes\u00fas les respondi\u00f3 y dijo: Mi doctrina no es m\u00eda, sino de aquel que me envi\u00f3.&nbsp;<sup>17&nbsp;<\/sup>El que quiera hacer la voluntad de Dios, conocer\u00e1 si la doctrina es de Dios, o si yo hablo por mi propia cuenta.&nbsp;<sup>18&nbsp;<\/sup>El que habla por su propia cuenta, su propia gloria busca; pero el que busca la gloria del que le envi\u00f3, este es verdadero, y no hay en \u00e9l injusticia.&nbsp;<sup>19&nbsp;<\/sup>\u00bfNo os dio Mois\u00e9s la ley, y ninguno de vosotros cumple la ley? \u00bfPor qu\u00e9 procur\u00e1is matarme?&nbsp;<sup>20&nbsp;<\/sup>Respondi\u00f3 la multitud y dijo: Demonio tienes; \u00bfqui\u00e9n procura matarte?&nbsp;<sup>21&nbsp;<\/sup>Jes\u00fas respondi\u00f3 y les dijo: Una obra hice, y todos os maravill\u00e1is.&nbsp;<sup>22&nbsp;<\/sup>Por cierto, Mois\u00e9s os dio la circuncisi\u00f3n&nbsp;(no porque sea de Mois\u00e9s, sino de los padres); y en el d\u00eda de reposo<sup>[<a href=\"https:\/\/www.biblegateway.com\/passage\/?search=John%207&amp;version=RVR1960#fes-RVR1960-26352a\">a<\/a>]<\/sup>&nbsp;circuncid\u00e1is al hombre.&nbsp;<sup>23&nbsp;<\/sup>Si recibe el hombre la circuncisi\u00f3n en el d\u00eda de reposo,<sup>[<a href=\"https:\/\/www.biblegateway.com\/passage\/?search=John%207&amp;version=RVR1960#fes-RVR1960-26353b\">b<\/a>]<\/sup>&nbsp;para que la ley de Mois\u00e9s no sea quebrantada, \u00bfos enoj\u00e1is conmigo porque en el d\u00eda de reposo<sup>[<a href=\"https:\/\/www.biblegateway.com\/passage\/?search=John%207&amp;version=RVR1960#fes-RVR1960-26353c\">c<\/a>]<\/sup>&nbsp;san\u00e9 completamente a un hombre?&nbsp;<sup>24&nbsp;<\/sup>No juzgu\u00e9is seg\u00fan las apariencias, sino juzgad con justo juicio.<\/p>\n\n\n\n<h5 class=\"wp-block-heading\">\u00bfEs este el Cristo?<\/h5>\n\n\n\n<p><sup>25&nbsp;<\/sup>Dec\u00edan entonces unos de Jerusal\u00e9n: \u00bfNo es este a quien buscan para matarle?&nbsp;<sup>26&nbsp;<\/sup>Pues mirad, habla p\u00fablicamente, y no le dicen nada. \u00bfHabr\u00e1n reconocido en verdad los gobernantes que este es el Cristo?&nbsp;<sup>27&nbsp;<\/sup>Pero este, sabemos de d\u00f3nde es; mas cuando venga el Cristo, nadie sabr\u00e1 de d\u00f3nde sea.&nbsp;<sup>28&nbsp;<\/sup>Jes\u00fas entonces, ense\u00f1ando en el templo, alz\u00f3 la voz y dijo: A m\u00ed me conoc\u00e9is, y sab\u00e9is de d\u00f3nde soy; y no he venido de m\u00ed mismo, pero el que me envi\u00f3 es verdadero, a quien vosotros no conoc\u00e9is.&nbsp;<sup>29&nbsp;<\/sup>Pero yo le conozco, porque de \u00e9l procedo, y \u00e9l me envi\u00f3.&nbsp;<sup>30&nbsp;<\/sup>Entonces procuraban prenderle; pero ninguno le ech\u00f3 mano, porque a\u00fan no hab\u00eda llegado su hora.&nbsp;<sup>31&nbsp;<\/sup>Y muchos de la multitud creyeron en \u00e9l, y dec\u00edan: El Cristo, cuando venga, \u00bfhar\u00e1 m\u00e1s se\u00f1ales que las que este hace?<\/p>\n\n\n\n<h5 class=\"wp-block-heading\">Los fariseos env\u00edan alguaciles para prender a Jes\u00fas<\/h5>\n\n\n\n<p><sup>32&nbsp;<\/sup>Los fariseos oyeron a la gente que murmuraba de \u00e9l estas cosas; y los principales sacerdotes y los fariseos enviaron alguaciles para que le prendiesen.&nbsp;<sup>33&nbsp;<\/sup>Entonces Jes\u00fas dijo: Todav\u00eda un poco de tiempo estar\u00e9 con vosotros, e ir\u00e9 al que me envi\u00f3.&nbsp;<sup>34&nbsp;<\/sup>Me buscar\u00e9is, y no me hallar\u00e9is; y a donde yo estar\u00e9, vosotros no podr\u00e9is venir.&nbsp;<sup>35&nbsp;<\/sup>Entonces los jud\u00edos dijeron entre s\u00ed: \u00bfAd\u00f3nde se ir\u00e1 este, que no le hallemos? \u00bfSe ir\u00e1 a los dispersos entre los griegos, y ense\u00f1ar\u00e1 a los griegos?&nbsp;<sup>36&nbsp;<\/sup>\u00bfQu\u00e9 significa esto que dijo: Me buscar\u00e9is, y no me hallar\u00e9is; y a donde yo estar\u00e9, vosotros no podr\u00e9is venir?<\/p>\n\n\n\n<h5 class=\"wp-block-heading\">R\u00edos de agua viva<\/h5>\n\n\n\n<p><sup>37&nbsp;<\/sup>En el \u00faltimo y gran d\u00eda de la fiesta,&nbsp;Jes\u00fas se puso en pie y alz\u00f3 la voz, diciendo: Si alguno tiene sed, venga a m\u00ed y beba.&nbsp;<sup>38&nbsp;<\/sup>El que cree en m\u00ed, como dice la Escritura, de su interior correr\u00e1n r\u00edos de agua viva.&nbsp;<sup>39&nbsp;<\/sup>Esto dijo del Esp\u00edritu que hab\u00edan de recibir los que creyesen en \u00e9l; pues a\u00fan no hab\u00eda venido el Esp\u00edritu Santo, porque Jes\u00fas no hab\u00eda sido a\u00fan glorificado.<\/p>\n\n\n\n<h5 class=\"wp-block-heading\">Divisi\u00f3n entre la gente<\/h5>\n\n\n\n<p><sup>40&nbsp;<\/sup>Entonces algunos de la multitud, oyendo estas palabras, dec\u00edan: Verdaderamente este es el profeta.&nbsp;<sup>41&nbsp;<\/sup>Otros dec\u00edan: Este es el Cristo. Pero algunos dec\u00edan: \u00bfDe Galilea ha de venir el Cristo?&nbsp;<sup>42&nbsp;<\/sup>\u00bfNo dice la Escritura que del linaje de David, y de la aldea de Bel\u00e9n,&nbsp;de donde era David, ha de venir el Cristo?&nbsp;<sup>43&nbsp;<\/sup>Hubo entonces disensi\u00f3n entre la gente a causa de \u00e9l.&nbsp;<sup>44&nbsp;<\/sup>Y algunos de ellos quer\u00edan prenderle; pero ninguno le ech\u00f3 mano.<\/p>\n\n\n\n<h5 class=\"wp-block-heading\">\u00a1Nunca ha hablado hombre as\u00ed!<\/h5>\n\n\n\n<p><sup>45&nbsp;<\/sup>Los alguaciles vinieron a los principales sacerdotes y a los fariseos; y estos les dijeron: \u00bfPor qu\u00e9 no le hab\u00e9is tra\u00eddo?&nbsp;<sup>46&nbsp;<\/sup>Los alguaciles respondieron: \u00a1Jam\u00e1s hombre alguno ha hablado como este hombre!&nbsp;<sup>47&nbsp;<\/sup>Entonces los fariseos les respondieron: \u00bfTambi\u00e9n vosotros hab\u00e9is sido enga\u00f1ados?&nbsp;<sup>48&nbsp;<\/sup>\u00bfAcaso ha cre\u00eddo en \u00e9l alguno de los gobernantes, o de los fariseos?&nbsp;<sup>49&nbsp;<\/sup>Mas esta gente que no sabe la ley, maldita es.&nbsp;<sup>50&nbsp;<\/sup>Les dijo Nicodemo, el que vino a \u00e9l de noche,&nbsp;el cual era uno de ellos:&nbsp;<sup>51&nbsp;<\/sup>\u00bfJuzga acaso nuestra ley a un hombre si primero no le oye, y sabe lo que ha hecho?&nbsp;<sup>52&nbsp;<\/sup>Respondieron y le dijeron: \u00bfEres t\u00fa tambi\u00e9n galileo? Escudri\u00f1a y ve que de Galilea nunca se ha levantado profeta.<\/p>\n\n\n\n<h5 class=\"wp-block-heading\">La mujer ad\u00faltera<\/h5>\n\n\n\n<p><sup>53&nbsp;<\/sup>Cada uno se fue a su casa;<\/p>\n\n\n\n<div class=\"wp-block-stackable-text stk-block-text stk-block stk-3f49bf1 stk-block-background\" data-block-id=\"3f49bf1\"><style>.stk-3f49bf1 .stk-block-text__text{font-size:13px !important;}@media screen and (max-width: 1023px){.stk-3f49bf1 .stk-block-text__text{font-size:13px !important;}}<\/style><p class=\"stk-block-text__text\">Reina-Valera 1960 \u00ae \u00a9 Sociedades B\u00edblicas en Am\u00e9rica Latina, 1960. Renovado \u00a9 Sociedades B\u00edblicas Unidas, 1988. Utilizado con permiso. Si desea m\u00e1s informaci\u00f3n visite&nbsp;<a href=\"https:\/\/www.americanbible.org\/\">americanbible.org<\/a>,&nbsp;<a href=\"https:\/\/www.unitedbiblesocieties.org\/\">unitedbiblesocieties.org<\/a>,&nbsp;<a href=\"https:\/\/www.vivelabiblia.com\/\">vivelabiblia.com<\/a>,&nbsp;<a href=\"http:\/\/unitedbiblesocieties.org\/es\/casa\/\">unitedbiblesocieties.org\/es\/casa\/<\/a>,&nbsp;<a href=\"https:\/\/rvr60.bible\/?utm_source=website&amp;utm_medium=link&amp;utm_campaign=BGWYCEV11232021&amp;utm_id=biblegateway\/\">www.rvr60.bible<\/a><\/p><\/div>\n<\/div><\/div><\/div>\n<\/div><\/div>\n\n\n\n<p><strong>Devocional<\/strong><\/p>\n\n\n\n<p>Los \u201cReality Show\u201d son algunos de los programas m\u00e1s vistos en la televisi\u00f3n actual. Elegimos a nuestros protagonistas favoritos, votamos por mensaje de texto y seguimos sus cuentas en redes sociales con la esperanza de que nuestro elegido gane. Juan 7 est\u00e1 lleno de momentos dignos de un \u201cReality Show\u201d. Las multitudes opinan sobre el car\u00e1cter de Jes\u00fas, \u00c9l sorprende a todos con un inesperado \u201cmomento revelador\u201d y un juez lo salva de ser eliminado. Pero la votaci\u00f3n no era para determinar si era el mejor artista, candidato pol\u00edtico o animador; se trataba de si Jes\u00fas era el Mes\u00edas. \u00bfEs \u00c9l el tan esperado ungido? \u00bfVendr\u00e1 a salvarlos? \u00bfLos har\u00e1 completos?<\/p>\n\n\n\n<p>Jes\u00fas dijo en Juan 7:28-29: \u201cUstedes me conocen y saben de d\u00f3nde soy; pero no he venido por mi propia cuenta. El que me envi\u00f3 es verdadero, a quien ustedes no conocen. Yo lo conozco, porque de \u00c9l procedo, y \u00c9l me envi\u00f3.\u201d Sus votos no lo convierten en el Mes\u00edas; Dios lo hace. Jes\u00fas tambi\u00e9n dijo en Juan 7:37-38: \u201cSi alguno tiene sed, venga a m\u00ed y beba. El que cree en m\u00ed, como dice la Escritura, \u2018de su interior correr\u00e1n r\u00edos de agua viva.\u2019\u201d Sus votos no lo salvan a \u00c9l; Jes\u00fas los salva a ellos.<\/p>\n\n\n\n<p>Aqu\u00ed es donde la met\u00e1fora del \u201cReality Show\u201d se rompe y entendemos la verdad. \u00c9l no es el concursante; nosotros lo somos. Ha estado observando nuestras vidas, apoy\u00e1ndonos, argumentando contra nuestro acusador y d\u00e1ndonos ayuda cuando m\u00e1s la necesitamos. \u00c9l es el juez que decide nuestro destino, declara nuestra victoria y nos prepara la mejor celebraci\u00f3n.<\/p>\n\n\n\n<p><strong>\u00bfDe qu\u00e9 maneras has juzgado a Jes\u00fas? \u00bfC\u00f3mo has demostrado tu fe en \u00c9l?<\/strong><\/p>\n","protected":false},"excerpt":{"rendered":"<p>Juan 7 Autor:\u00a0Bo Patterson Juan 7 Incredulidad de los hermanos de Jes\u00fas 7&nbsp;Despu\u00e9s de estas cosas, andaba Jes\u00fas en Galilea; pues no quer\u00eda andar en Judea, porque los jud\u00edos procuraban matarle.&nbsp;2&nbsp;Estaba cerca la fiesta de los jud\u00edos, la de los tabern\u00e1culos;&nbsp;3&nbsp;y le dijeron sus hermanos: Sal de aqu\u00ed, y vete a Judea, para que tambi\u00e9n &hellip; <a href=\"https:\/\/esp.championforest.org\/devotionals\/1-12-2025\/\" class=\"more-link\">Continue reading <span class=\"screen-reader-text\">D\u00eda Siete | \u00bfQui\u00e9n es Jes\u00fas?<\/span><\/a><\/p>\n","protected":false},"author":3,"featured_media":2023,"comment_status":"open","ping_status":"closed","sticky":false,"template":"","format":"standard","meta":{"footnotes":""},"categories":[32,6],"tags":[31],"class_list":["post-2059","post","type-post","status-publish","format-standard","has-post-thumbnail","hentry","category-quienesjesus","category-devocionales","tag-quien-es-jesus"],"featured_image_urls_v2":{"full":["https:\/\/esp.championforest.org\/devotionals\/wp-content\/uploads\/2024\/12\/John-BG.jpg",1500,806,false],"thumbnail":["https:\/\/esp.championforest.org\/devotionals\/wp-content\/uploads\/2024\/12\/John-BG-150x150.jpg",150,150,true],"medium":["https:\/\/esp.championforest.org\/devotionals\/wp-content\/uploads\/2024\/12\/John-BG-300x161.jpg",300,161,true],"medium_large":["https:\/\/esp.championforest.org\/devotionals\/wp-content\/uploads\/2024\/12\/John-BG-768x413.jpg",768,413,true],"large":["https:\/\/esp.championforest.org\/devotionals\/wp-content\/uploads\/2024\/12\/John-BG-1024x550.jpg",900,483,true],"1536x1536":["https:\/\/esp.championforest.org\/devotionals\/wp-content\/uploads\/2024\/12\/John-BG.jpg",1500,806,false],"2048x2048":["https:\/\/esp.championforest.org\/devotionals\/wp-content\/uploads\/2024\/12\/John-BG.jpg",1500,806,false],"post-thumbnail":["https:\/\/esp.championforest.org\/devotionals\/wp-content\/uploads\/2024\/12\/John-BG.jpg",1500,806,false]},"post_excerpt_stackable_v2":"<p>Juan 7 Autor:\u00a0Bo Patterson Juan 7 Incredulidad de los hermanos de Jes\u00fas 7&nbsp;Despu\u00e9s de estas cosas, andaba Jes\u00fas en Galilea; pues no quer\u00eda andar en Judea, porque los jud\u00edos procuraban matarle.&nbsp;2&nbsp;Estaba cerca la fiesta de los jud\u00edos, la de los tabern\u00e1culos;&nbsp;3&nbsp;y le dijeron sus hermanos: Sal de aqu\u00ed, y vete a Judea, para que tambi\u00e9n tus disc\u00edpulos vean las obras que haces.&nbsp;4&nbsp;Porque ninguno que procura darse a conocer hace algo en secreto. Si estas cosas haces, manifi\u00e9state al mundo.&nbsp;5&nbsp;Porque ni aun sus hermanos cre\u00edan en \u00e9l.&nbsp;6&nbsp;Entonces Jes\u00fas les dijo: Mi tiempo a\u00fan no ha llegado, mas vuestro tiempo siempre est\u00e1&hellip;<\/p>\n","category_list_v2":"<a href=\"https:\/\/esp.championforest.org\/devotionals\/category\/quienesjesus\/\" rel=\"category tag\">\u00bfQui\u00e9n es Jes\u00fas?<\/a>, <a href=\"https:\/\/esp.championforest.org\/devotionals\/category\/devocionales\/\" rel=\"category tag\">Devocionales<\/a>","author_info_v2":{"name":"Nhora Medina","url":"https:\/\/esp.championforest.org\/devotionals\/author\/devo-editor-medina\/"},"comments_num_v2":"9 comments","yoast_head":"<!-- This site is optimized with the Yoast SEO plugin v27.3 - https:\/\/yoast.com\/product\/yoast-seo-wordpress\/ -->\n<title>D\u00eda Siete | \u00bfQui\u00e9n es Jes\u00fas? - Devocionales<\/title>\n<meta name=\"robots\" content=\"index, follow, max-snippet:-1, max-image-preview:large, max-video-preview:-1\" \/>\n<link rel=\"canonical\" href=\"https:\/\/esp.championforest.org\/devotionals\/1-12-2025\/\" \/>\n<meta property=\"og:locale\" content=\"en_US\" \/>\n<meta property=\"og:type\" content=\"article\" \/>\n<meta property=\"og:title\" content=\"D\u00eda Siete | \u00bfQui\u00e9n es Jes\u00fas? - Devocionales\" \/>\n<meta property=\"og:description\" content=\"Juan 7 Autor:\u00a0Bo Patterson Juan 7 Incredulidad de los hermanos de Jes\u00fas 7&nbsp;Despu\u00e9s de estas cosas, andaba Jes\u00fas en Galilea; pues no quer\u00eda andar en Judea, porque los jud\u00edos procuraban matarle.&nbsp;2&nbsp;Estaba cerca la fiesta de los jud\u00edos, la de los tabern\u00e1culos;&nbsp;3&nbsp;y le dijeron sus hermanos: Sal de aqu\u00ed, y vete a Judea, para que tambi\u00e9n &hellip; Continue reading D\u00eda Siete | \u00bfQui\u00e9n es Jes\u00fas?\" \/>\n<meta property=\"og:url\" content=\"https:\/\/esp.championforest.org\/devotionals\/1-12-2025\/\" \/>\n<meta property=\"og:site_name\" content=\"Devocionales\" \/>\n<meta property=\"article:published_time\" content=\"2025-01-12T06:05:33+00:00\" \/>\n<meta property=\"og:image\" content=\"https:\/\/esp.championforest.org\/devotionals\/wp-content\/uploads\/2024\/12\/John-BG.jpg\" \/>\n\t<meta property=\"og:image:width\" content=\"1500\" \/>\n\t<meta property=\"og:image:height\" content=\"806\" \/>\n\t<meta property=\"og:image:type\" content=\"image\/jpeg\" \/>\n<meta name=\"author\" content=\"Nhora Medina\" \/>\n<meta name=\"twitter:card\" content=\"summary_large_image\" \/>\n<meta name=\"twitter:label1\" content=\"Written by\" \/>\n\t<meta name=\"twitter:data1\" content=\"Nhora Medina\" \/>\n\t<meta name=\"twitter:label2\" content=\"Est. reading time\" \/>\n\t<meta name=\"twitter:data2\" content=\"7 minutes\" \/>\n<script type=\"application\/ld+json\" class=\"yoast-schema-graph\">{\"@context\":\"https:\\\/\\\/schema.org\",\"@graph\":[{\"@type\":\"Article\",\"@id\":\"https:\\\/\\\/esp.championforest.org\\\/devotionals\\\/1-12-2025\\\/#article\",\"isPartOf\":{\"@id\":\"https:\\\/\\\/esp.championforest.org\\\/devotionals\\\/1-12-2025\\\/\"},\"author\":{\"name\":\"Nhora Medina\",\"@id\":\"https:\\\/\\\/esp.championforest.org\\\/devotionals\\\/#\\\/schema\\\/person\\\/0096378efd42d36516bcf765eed089b3\"},\"headline\":\"D\u00eda Siete | \u00bfQui\u00e9n es Jes\u00fas?\",\"datePublished\":\"2025-01-12T06:05:33+00:00\",\"mainEntityOfPage\":{\"@id\":\"https:\\\/\\\/esp.championforest.org\\\/devotionals\\\/1-12-2025\\\/\"},\"wordCount\":1545,\"commentCount\":9,\"image\":{\"@id\":\"https:\\\/\\\/esp.championforest.org\\\/devotionals\\\/1-12-2025\\\/#primaryimage\"},\"thumbnailUrl\":\"https:\\\/\\\/esp.championforest.org\\\/devotionals\\\/wp-content\\\/uploads\\\/2024\\\/12\\\/John-BG.jpg\",\"keywords\":[\"\u00bfQui\u00e9n es Jes\u00fas?\"],\"articleSection\":[\"\u00bfQui\u00e9n es Jes\u00fas?\",\"Devocionales\"],\"inLanguage\":\"en-US\",\"potentialAction\":[{\"@type\":\"CommentAction\",\"name\":\"Comment\",\"target\":[\"https:\\\/\\\/esp.championforest.org\\\/devotionals\\\/1-12-2025\\\/#respond\"]}]},{\"@type\":\"WebPage\",\"@id\":\"https:\\\/\\\/esp.championforest.org\\\/devotionals\\\/1-12-2025\\\/\",\"url\":\"https:\\\/\\\/esp.championforest.org\\\/devotionals\\\/1-12-2025\\\/\",\"name\":\"D\u00eda Siete | \u00bfQui\u00e9n es Jes\u00fas? - Devocionales\",\"isPartOf\":{\"@id\":\"https:\\\/\\\/esp.championforest.org\\\/devotionals\\\/#website\"},\"primaryImageOfPage\":{\"@id\":\"https:\\\/\\\/esp.championforest.org\\\/devotionals\\\/1-12-2025\\\/#primaryimage\"},\"image\":{\"@id\":\"https:\\\/\\\/esp.championforest.org\\\/devotionals\\\/1-12-2025\\\/#primaryimage\"},\"thumbnailUrl\":\"https:\\\/\\\/esp.championforest.org\\\/devotionals\\\/wp-content\\\/uploads\\\/2024\\\/12\\\/John-BG.jpg\",\"datePublished\":\"2025-01-12T06:05:33+00:00\",\"author\":{\"@id\":\"https:\\\/\\\/esp.championforest.org\\\/devotionals\\\/#\\\/schema\\\/person\\\/0096378efd42d36516bcf765eed089b3\"},\"breadcrumb\":{\"@id\":\"https:\\\/\\\/esp.championforest.org\\\/devotionals\\\/1-12-2025\\\/#breadcrumb\"},\"inLanguage\":\"en-US\",\"potentialAction\":[{\"@type\":\"ReadAction\",\"target\":[\"https:\\\/\\\/esp.championforest.org\\\/devotionals\\\/1-12-2025\\\/\"]}]},{\"@type\":\"ImageObject\",\"inLanguage\":\"en-US\",\"@id\":\"https:\\\/\\\/esp.championforest.org\\\/devotionals\\\/1-12-2025\\\/#primaryimage\",\"url\":\"https:\\\/\\\/esp.championforest.org\\\/devotionals\\\/wp-content\\\/uploads\\\/2024\\\/12\\\/John-BG.jpg\",\"contentUrl\":\"https:\\\/\\\/esp.championforest.org\\\/devotionals\\\/wp-content\\\/uploads\\\/2024\\\/12\\\/John-BG.jpg\",\"width\":1500,\"height\":806},{\"@type\":\"BreadcrumbList\",\"@id\":\"https:\\\/\\\/esp.championforest.org\\\/devotionals\\\/1-12-2025\\\/#breadcrumb\",\"itemListElement\":[{\"@type\":\"ListItem\",\"position\":1,\"name\":\"Casa\",\"item\":\"https:\\\/\\\/esp.championforest.org\\\/devotionals\\\/\"},{\"@type\":\"ListItem\",\"position\":2,\"name\":\"D\u00eda Siete | \u00bfQui\u00e9n es Jes\u00fas?\"}]},{\"@type\":\"WebSite\",\"@id\":\"https:\\\/\\\/esp.championforest.org\\\/devotionals\\\/#website\",\"url\":\"https:\\\/\\\/esp.championforest.org\\\/devotionals\\\/\",\"name\":\"Devocionales\",\"description\":\"\",\"potentialAction\":[{\"@type\":\"SearchAction\",\"target\":{\"@type\":\"EntryPoint\",\"urlTemplate\":\"https:\\\/\\\/esp.championforest.org\\\/devotionals\\\/?s={search_term_string}\"},\"query-input\":{\"@type\":\"PropertyValueSpecification\",\"valueRequired\":true,\"valueName\":\"search_term_string\"}}],\"inLanguage\":\"en-US\"},{\"@type\":\"Person\",\"@id\":\"https:\\\/\\\/esp.championforest.org\\\/devotionals\\\/#\\\/schema\\\/person\\\/0096378efd42d36516bcf765eed089b3\",\"name\":\"Nhora Medina\",\"image\":{\"@type\":\"ImageObject\",\"inLanguage\":\"en-US\",\"@id\":\"https:\\\/\\\/secure.gravatar.com\\\/avatar\\\/3050849107c1f0db2f382da068401423bd10ce56c232b7ec7497a009890983b9?s=96&d=mm&r=g\",\"url\":\"https:\\\/\\\/secure.gravatar.com\\\/avatar\\\/3050849107c1f0db2f382da068401423bd10ce56c232b7ec7497a009890983b9?s=96&d=mm&r=g\",\"contentUrl\":\"https:\\\/\\\/secure.gravatar.com\\\/avatar\\\/3050849107c1f0db2f382da068401423bd10ce56c232b7ec7497a009890983b9?s=96&d=mm&r=g\",\"caption\":\"Nhora Medina\"},\"url\":\"https:\\\/\\\/esp.championforest.org\\\/devotionals\\\/author\\\/devo-editor-medina\\\/\"}]}<\/script>\n<!-- \/ Yoast SEO plugin. -->","yoast_head_json":{"title":"D\u00eda Siete | \u00bfQui\u00e9n es Jes\u00fas? - Devocionales","robots":{"index":"index","follow":"follow","max-snippet":"max-snippet:-1","max-image-preview":"max-image-preview:large","max-video-preview":"max-video-preview:-1"},"canonical":"https:\/\/esp.championforest.org\/devotionals\/1-12-2025\/","og_locale":"en_US","og_type":"article","og_title":"D\u00eda Siete | \u00bfQui\u00e9n es Jes\u00fas? - Devocionales","og_description":"Juan 7 Autor:\u00a0Bo Patterson Juan 7 Incredulidad de los hermanos de Jes\u00fas 7&nbsp;Despu\u00e9s de estas cosas, andaba Jes\u00fas en Galilea; pues no quer\u00eda andar en Judea, porque los jud\u00edos procuraban matarle.&nbsp;2&nbsp;Estaba cerca la fiesta de los jud\u00edos, la de los tabern\u00e1culos;&nbsp;3&nbsp;y le dijeron sus hermanos: Sal de aqu\u00ed, y vete a Judea, para que tambi\u00e9n &hellip; Continue reading D\u00eda Siete | \u00bfQui\u00e9n es Jes\u00fas?","og_url":"https:\/\/esp.championforest.org\/devotionals\/1-12-2025\/","og_site_name":"Devocionales","article_published_time":"2025-01-12T06:05:33+00:00","og_image":[{"width":1500,"height":806,"url":"https:\/\/esp.championforest.org\/devotionals\/wp-content\/uploads\/2024\/12\/John-BG.jpg","type":"image\/jpeg"}],"author":"Nhora Medina","twitter_card":"summary_large_image","twitter_misc":{"Written by":"Nhora Medina","Est. reading time":"7 minutes"},"schema":{"@context":"https:\/\/schema.org","@graph":[{"@type":"Article","@id":"https:\/\/esp.championforest.org\/devotionals\/1-12-2025\/#article","isPartOf":{"@id":"https:\/\/esp.championforest.org\/devotionals\/1-12-2025\/"},"author":{"name":"Nhora Medina","@id":"https:\/\/esp.championforest.org\/devotionals\/#\/schema\/person\/0096378efd42d36516bcf765eed089b3"},"headline":"D\u00eda Siete | \u00bfQui\u00e9n es Jes\u00fas?","datePublished":"2025-01-12T06:05:33+00:00","mainEntityOfPage":{"@id":"https:\/\/esp.championforest.org\/devotionals\/1-12-2025\/"},"wordCount":1545,"commentCount":9,"image":{"@id":"https:\/\/esp.championforest.org\/devotionals\/1-12-2025\/#primaryimage"},"thumbnailUrl":"https:\/\/esp.championforest.org\/devotionals\/wp-content\/uploads\/2024\/12\/John-BG.jpg","keywords":["\u00bfQui\u00e9n es Jes\u00fas?"],"articleSection":["\u00bfQui\u00e9n es Jes\u00fas?","Devocionales"],"inLanguage":"en-US","potentialAction":[{"@type":"CommentAction","name":"Comment","target":["https:\/\/esp.championforest.org\/devotionals\/1-12-2025\/#respond"]}]},{"@type":"WebPage","@id":"https:\/\/esp.championforest.org\/devotionals\/1-12-2025\/","url":"https:\/\/esp.championforest.org\/devotionals\/1-12-2025\/","name":"D\u00eda Siete | \u00bfQui\u00e9n es Jes\u00fas? - Devocionales","isPartOf":{"@id":"https:\/\/esp.championforest.org\/devotionals\/#website"},"primaryImageOfPage":{"@id":"https:\/\/esp.championforest.org\/devotionals\/1-12-2025\/#primaryimage"},"image":{"@id":"https:\/\/esp.championforest.org\/devotionals\/1-12-2025\/#primaryimage"},"thumbnailUrl":"https:\/\/esp.championforest.org\/devotionals\/wp-content\/uploads\/2024\/12\/John-BG.jpg","datePublished":"2025-01-12T06:05:33+00:00","author":{"@id":"https:\/\/esp.championforest.org\/devotionals\/#\/schema\/person\/0096378efd42d36516bcf765eed089b3"},"breadcrumb":{"@id":"https:\/\/esp.championforest.org\/devotionals\/1-12-2025\/#breadcrumb"},"inLanguage":"en-US","potentialAction":[{"@type":"ReadAction","target":["https:\/\/esp.championforest.org\/devotionals\/1-12-2025\/"]}]},{"@type":"ImageObject","inLanguage":"en-US","@id":"https:\/\/esp.championforest.org\/devotionals\/1-12-2025\/#primaryimage","url":"https:\/\/esp.championforest.org\/devotionals\/wp-content\/uploads\/2024\/12\/John-BG.jpg","contentUrl":"https:\/\/esp.championforest.org\/devotionals\/wp-content\/uploads\/2024\/12\/John-BG.jpg","width":1500,"height":806},{"@type":"BreadcrumbList","@id":"https:\/\/esp.championforest.org\/devotionals\/1-12-2025\/#breadcrumb","itemListElement":[{"@type":"ListItem","position":1,"name":"Casa","item":"https:\/\/esp.championforest.org\/devotionals\/"},{"@type":"ListItem","position":2,"name":"D\u00eda Siete | \u00bfQui\u00e9n es Jes\u00fas?"}]},{"@type":"WebSite","@id":"https:\/\/esp.championforest.org\/devotionals\/#website","url":"https:\/\/esp.championforest.org\/devotionals\/","name":"Devocionales","description":"","potentialAction":[{"@type":"SearchAction","target":{"@type":"EntryPoint","urlTemplate":"https:\/\/esp.championforest.org\/devotionals\/?s={search_term_string}"},"query-input":{"@type":"PropertyValueSpecification","valueRequired":true,"valueName":"search_term_string"}}],"inLanguage":"en-US"},{"@type":"Person","@id":"https:\/\/esp.championforest.org\/devotionals\/#\/schema\/person\/0096378efd42d36516bcf765eed089b3","name":"Nhora Medina","image":{"@type":"ImageObject","inLanguage":"en-US","@id":"https:\/\/secure.gravatar.com\/avatar\/3050849107c1f0db2f382da068401423bd10ce56c232b7ec7497a009890983b9?s=96&d=mm&r=g","url":"https:\/\/secure.gravatar.com\/avatar\/3050849107c1f0db2f382da068401423bd10ce56c232b7ec7497a009890983b9?s=96&d=mm&r=g","contentUrl":"https:\/\/secure.gravatar.com\/avatar\/3050849107c1f0db2f382da068401423bd10ce56c232b7ec7497a009890983b9?s=96&d=mm&r=g","caption":"Nhora Medina"},"url":"https:\/\/esp.championforest.org\/devotionals\/author\/devo-editor-medina\/"}]}},"_links":{"self":[{"href":"https:\/\/esp.championforest.org\/devotionals\/wp-json\/wp\/v2\/posts\/2059","targetHints":{"allow":["GET"]}}],"collection":[{"href":"https:\/\/esp.championforest.org\/devotionals\/wp-json\/wp\/v2\/posts"}],"about":[{"href":"https:\/\/esp.championforest.org\/devotionals\/wp-json\/wp\/v2\/types\/post"}],"author":[{"embeddable":true,"href":"https:\/\/esp.championforest.org\/devotionals\/wp-json\/wp\/v2\/users\/3"}],"replies":[{"embeddable":true,"href":"https:\/\/esp.championforest.org\/devotionals\/wp-json\/wp\/v2\/comments?post=2059"}],"version-history":[{"count":2,"href":"https:\/\/esp.championforest.org\/devotionals\/wp-json\/wp\/v2\/posts\/2059\/revisions"}],"predecessor-version":[{"id":2062,"href":"https:\/\/esp.championforest.org\/devotionals\/wp-json\/wp\/v2\/posts\/2059\/revisions\/2062"}],"wp:featuredmedia":[{"embeddable":true,"href":"https:\/\/esp.championforest.org\/devotionals\/wp-json\/wp\/v2\/media\/2023"}],"wp:attachment":[{"href":"https:\/\/esp.championforest.org\/devotionals\/wp-json\/wp\/v2\/media?parent=2059"}],"wp:term":[{"taxonomy":"category","embeddable":true,"href":"https:\/\/esp.championforest.org\/devotionals\/wp-json\/wp\/v2\/categories?post=2059"},{"taxonomy":"post_tag","embeddable":true,"href":"https:\/\/esp.championforest.org\/devotionals\/wp-json\/wp\/v2\/tags?post=2059"}],"curies":[{"name":"wp","href":"https:\/\/api.w.org\/{rel}","templated":true}]}}