{"id":205,"date":"2020-03-28T01:00:00","date_gmt":"2020-03-28T07:00:00","guid":{"rendered":"https:\/\/esp.championforest.org\/devotionals\/?p=205"},"modified":"2020-03-24T12:23:31","modified_gmt":"2020-03-24T18:23:31","slug":"marcos-marzo-28","status":"publish","type":"post","link":"https:\/\/esp.championforest.org\/devotionals\/marcos-marzo-28\/","title":{"rendered":"Marcos Cap\u00edtulo 7"},"content":{"rendered":"\n<div class=\"wp-block-ugb-container ugb-container ugb-0265544 ugb-container--v2 ugb-container--design-basic ugb-main-block\" id=\"\"><style>.ugb-0265544-wrapper.ugb-container__wrapper{border-radius:12px !important;background-color:#f1f1f1 !important}.ugb-0265544-content-wrapper.ugb-container__content-wrapper{width:100% !important}.ugb-0265544-wrapper.ugb-container__wrapper:before{background-color:#f1f1f1 !important}.ugb-0265544-content-wrapper > h1,.ugb-0265544-content-wrapper > h2,.ugb-0265544-content-wrapper > h3,.ugb-0265544-content-wrapper > h4,.ugb-0265544-content-wrapper > h5,.ugb-0265544-content-wrapper > h6{color:#222222}.ugb-0265544-content-wrapper > p,.ugb-0265544-content-wrapper > ol li,.ugb-0265544-content-wrapper > ul li{color:#222222}<\/style><div class=\"ugb-inner-block\"><div class=\"ugb-block-content\"><div class=\"ugb-container__wrapper ugb-0265544-wrapper ugb--shadow-3\"><div class=\"ugb-container__side\"><div class=\"ugb-container__content-wrapper ugb-0265544-content-wrapper\">\n<h3 class=\"wp-block-heading\">Marcos 7<\/h3>\n\n\n\n<h5 class=\"wp-block-heading\">Lo que contamina al hombre<\/h5>\n\n\n\n<h6 class=\"wp-block-heading\">(Mt. 15.1-20)<\/h6>\n\n\n\n<p>Se juntaron a Jes\u00fas los fariseos, y algunos de los escribas, que hab\u00edan venido de Jerusal\u00e9n;<\/p>\n\n\n\n<p><sup>2&nbsp;<\/sup>los cuales, viendo a algunos de los disc\u00edpulos de Jes\u00fas comer pan con manos inmundas, esto es, no lavadas, los condenaban.<\/p>\n\n\n\n<p><sup>3&nbsp;<\/sup>Porque los fariseos y todos los jud\u00edos, aferr\u00e1ndose a la tradici\u00f3n de los ancianos, si muchas veces no se lavan las manos, no comen.<\/p>\n\n\n\n<p><sup>4&nbsp;<\/sup>Y volviendo de la plaza, si no se lavan, no comen. Y otras muchas cosas hay que tomaron para guardar, como los lavamientos de los vasos de beber, y de los jarros, y de los utensilios de metal, y de los lechos.<\/p>\n\n\n\n<p><sup>5&nbsp;<\/sup>Le preguntaron, pues, los fariseos y los escribas: \u00bfPor qu\u00e9 tus disc\u00edpulos no andan conforme a la tradici\u00f3n de los ancianos, sino que comen pan con manos inmundas?<\/p>\n\n\n\n<p><sup>6&nbsp;<\/sup>Respondiendo \u00e9l, les dijo: Hip\u00f3critas, bien profetiz\u00f3 de vosotros Isa\u00edas, como est\u00e1 escrito:<br>&nbsp;&nbsp;&nbsp;&nbsp;Este pueblo de labios me honra,<br>&nbsp;&nbsp;&nbsp;&nbsp;Mas su coraz\u00f3n est\u00e1 lejos de m\u00ed.<\/p>\n\n\n\n<p><sup>7&nbsp;<\/sup>Pues en vano me honran,<br>Ense\u00f1ando como doctrinas mandamientos de hombres.&nbsp;m<\/p>\n\n\n\n<p><sup>8&nbsp;<\/sup>Porque dejando el mandamiento de Dios, os aferr\u00e1is a la tradici\u00f3n de los hombres: los lavamientos de los jarros y de los vasos de beber; y hac\u00e9is otras muchas cosas semejantes.<\/p>\n\n\n\n<p><sup>9&nbsp;<\/sup>Les dec\u00eda tambi\u00e9n: Bien invalid\u00e1is el mandamiento de Dios para guardar vuestra tradici\u00f3n.<\/p>\n\n\n\n<p><sup>10&nbsp;<\/sup>Porque Mois\u00e9s dijo: Honra a tu padre y a tu madre;&nbsp;y: El que maldiga al padre o a la madre, muera irremisiblemente.<\/p>\n\n\n\n<p><sup>11&nbsp;<\/sup>Pero vosotros dec\u00eds: Basta que diga un hombre al padre o a la madre: Es Corb\u00e1n (que quiere decir, mi ofrenda a Dios) todo aquello con que pudiera ayudarte,<\/p>\n\n\n\n<p><sup>12&nbsp;<\/sup>y no le dej\u00e1is hacer m\u00e1s por su padre o por su madre,<\/p>\n\n\n\n<p><sup>13&nbsp;<\/sup>invalidando la palabra de Dios con vuestra tradici\u00f3n que hab\u00e9is transmitido. Y muchas cosas hac\u00e9is semejantes a estas.<\/p>\n\n\n\n<p><sup>14&nbsp;<\/sup>Y llamando a s\u00ed a toda la multitud, les dijo: O\u00eddme todos, y entended:<\/p>\n\n\n\n<p><sup>15&nbsp;<\/sup>Nada hay fuera del hombre que entre en \u00e9l, que le pueda contaminar; pero lo que sale de \u00e9l, eso es lo que contamina al hombre.<\/p>\n\n\n\n<p><sup>16&nbsp;<\/sup>Si alguno tiene o\u00eddos para o\u00edr, oiga.<\/p>\n\n\n\n<p><sup>17&nbsp;<\/sup>Cuando se alej\u00f3 de la multitud y entr\u00f3 en casa, le preguntaron sus disc\u00edpulos sobre la par\u00e1bola.<\/p>\n\n\n\n<p><sup>18&nbsp;<\/sup>El les dijo: \u00bfTambi\u00e9n vosotros est\u00e1is as\u00ed sin entendimiento? \u00bfNo entend\u00e9is que todo lo de fuera que entra en el hombre, no le puede contaminar,<\/p>\n\n\n\n<p><sup>19&nbsp;<\/sup>porque no entra en su coraz\u00f3n, sino en el vientre, y sale a la letrina? Esto dec\u00eda, haciendo limpios todos los alimentos.<\/p>\n\n\n\n<p><sup>20&nbsp;<\/sup>Pero dec\u00eda, que lo que del hombre sale, eso contamina al hombre.<\/p>\n\n\n\n<p><sup>21&nbsp;<\/sup>Porque de dentro, del coraz\u00f3n de los hombres, salen los malos pensamientos, los adulterios, las fornicaciones, los homicidios,<\/p>\n\n\n\n<p><sup>22&nbsp;<\/sup>los hurtos, las avaricias, las maldades, el enga\u00f1o, la lascivia, la envidia, la maledicencia, la soberbia, la insensatez.<\/p>\n\n\n\n<p><sup>23&nbsp;<\/sup>Todas estas maldades de dentro salen, y contaminan al hombre.<\/p>\n\n\n\n<h5 class=\"wp-block-heading\">La fe de la mujer sirofenicia<\/h5>\n\n\n\n<h6 class=\"wp-block-heading\">(Mt. 15.21-28)<\/h6>\n\n\n\n<p><sup>24&nbsp;<\/sup>Levant\u00e1ndose de all\u00ed, se fue a la regi\u00f3n de Tiro y de Sid\u00f3n; y entrando en una casa, no quiso que nadie lo supiese; pero no pudo esconderse.<\/p>\n\n\n\n<p><sup>25&nbsp;<\/sup>Porque una mujer, cuya hija ten\u00eda un esp\u00edritu inmundo, luego que oy\u00f3 de \u00e9l, vino y se postr\u00f3 a sus pies.<\/p>\n\n\n\n<p><sup>26&nbsp;<\/sup>La mujer era griega, y sirofenicia de naci\u00f3n; y le rogaba que echase fuera de su hija al demonio.<\/p>\n\n\n\n<p><sup>27&nbsp;<\/sup>Pero Jes\u00fas le dijo: Deja primero que se sacien los hijos, porque no est\u00e1 bien tomar el pan de los hijos y echarlo a los perrillos.<\/p>\n\n\n\n<p><sup>28&nbsp;<\/sup>Respondi\u00f3 ella y le dijo: S\u00ed, Se\u00f1or; pero aun los perrillos, debajo de la mesa, comen de las migajas de los hijos.<\/p>\n\n\n\n<p><sup>29&nbsp;<\/sup>Entonces le dijo: Por esta palabra, ve; el demonio ha salido de tu hija.<\/p>\n\n\n\n<p><sup>30&nbsp;<\/sup>Y cuando lleg\u00f3 ella a su casa, hall\u00f3 que el demonio hab\u00eda salido, y a la hija acostada en la cama.<\/p>\n\n\n\n<h5 class=\"wp-block-heading\">Jes\u00fas sana a un sordomudo<\/h5>\n\n\n\n<p><sup>31&nbsp;<\/sup>Volviendo a salir de la regi\u00f3n de Tiro, vino por Sid\u00f3n al mar de Galilea, pasando por la regi\u00f3n de Dec\u00e1polis.<\/p>\n\n\n\n<p><sup>32&nbsp;<\/sup>Y le trajeron un sordo y tartamudo, y le rogaron que le pusiera la mano encima.<\/p>\n\n\n\n<p><sup>33&nbsp;<\/sup>Y tom\u00e1ndole aparte de la gente, meti\u00f3 los dedos en las orejas de \u00e9l, y escupiendo, toc\u00f3 su lengua;<\/p>\n\n\n\n<p><sup>34&nbsp;<\/sup>y levantando los ojos al cielo, gimi\u00f3, y le dijo: Efata, es decir: S\u00e9 abierto.<\/p>\n\n\n\n<p><sup>35&nbsp;<\/sup>Al momento fueron abiertos sus o\u00eddos, y se desat\u00f3 la ligadura de su lengua, y hablaba bien.<\/p>\n\n\n\n<p><sup>36&nbsp;<\/sup>Y les mand\u00f3 que no lo dijesen a nadie; pero cuanto m\u00e1s les mandaba, tanto m\u00e1s y m\u00e1s lo divulgaban.<\/p>\n\n\n\n<p><sup>37&nbsp;<\/sup>Y en gran manera se maravillaban, diciendo: bien lo ha hecho todo; hace a los sordos o\u00edr, y a los mudos hablar.<\/p>\n\n\n\n<p>Versi\u00f3n Reina-Valera 1960 \u00a9 Sociedades B\u00edblicas en Am\u00e9rica Latina, 1960. Renovado \u00a9 Sociedades B\u00edblicas Unidas, 1988.<\/p>\n<\/div><\/div><\/div><\/div><\/div><\/div>\n","protected":false},"excerpt":{"rendered":"<p>Marcos 7 Lo que contamina al hombre (Mt. 15.1-20) Se juntaron a Jes\u00fas los fariseos, y algunos de los escribas, que hab\u00edan venido de Jerusal\u00e9n; 2&nbsp;los cuales, viendo a algunos de los disc\u00edpulos de Jes\u00fas comer pan con manos inmundas, esto es, no lavadas, los condenaban. 3&nbsp;Porque los fariseos y todos los jud\u00edos, aferr\u00e1ndose a &hellip; <a href=\"https:\/\/esp.championforest.org\/devotionals\/marcos-marzo-28\/\" class=\"more-link\">Continue reading <span class=\"screen-reader-text\">Marcos Cap\u00edtulo 7<\/span><\/a><\/p>\n","protected":false},"author":2,"featured_media":9,"comment_status":"open","ping_status":"open","sticky":false,"template":"","format":"standard","meta":{"footnotes":""},"categories":[3],"tags":[],"class_list":["post-205","post","type-post","status-publish","format-standard","has-post-thumbnail","hentry","category-marcos"],"featured_image_urls_v2":{"full":["https:\/\/esp.championforest.org\/devotionals\/wp-content\/uploads\/2019\/11\/bible-banner.jpg",2000,733,false],"thumbnail":["https:\/\/esp.championforest.org\/devotionals\/wp-content\/uploads\/2019\/11\/bible-banner-150x150.jpg",150,150,true],"medium":["https:\/\/esp.championforest.org\/devotionals\/wp-content\/uploads\/2019\/11\/bible-banner-300x110.jpg",300,110,true],"medium_large":["https:\/\/esp.championforest.org\/devotionals\/wp-content\/uploads\/2019\/11\/bible-banner-768x281.jpg",768,281,true],"large":["https:\/\/esp.championforest.org\/devotionals\/wp-content\/uploads\/2019\/11\/bible-banner-1024x375.jpg",900,330,true],"1536x1536":["https:\/\/esp.championforest.org\/devotionals\/wp-content\/uploads\/2019\/11\/bible-banner-1536x563.jpg",1536,563,true],"2048x2048":["https:\/\/esp.championforest.org\/devotionals\/wp-content\/uploads\/2019\/11\/bible-banner.jpg",2000,733,false],"post-thumbnail":["https:\/\/esp.championforest.org\/devotionals\/wp-content\/uploads\/2019\/11\/bible-banner.jpg",2000,733,false]},"post_excerpt_stackable_v2":"<p>Marcos 7 Lo que contamina al hombre (Mt. 15.1-20) Se juntaron a Jes\u00fas los fariseos, y algunos de los escribas, que hab\u00edan venido de Jerusal\u00e9n; 2&nbsp;los cuales, viendo a algunos de los disc\u00edpulos de Jes\u00fas comer pan con manos inmundas, esto es, no lavadas, los condenaban. 3&nbsp;Porque los fariseos y todos los jud\u00edos, aferr\u00e1ndose a la tradici\u00f3n de los ancianos, si muchas veces no se lavan las manos, no comen. 4&nbsp;Y volviendo de la plaza, si no se lavan, no comen. Y otras muchas cosas hay que tomaron para guardar, como los lavamientos de los vasos de beber, y de&hellip;<\/p>\n","category_list_v2":"<a href=\"https:\/\/esp.championforest.org\/devotionals\/category\/marcos\/\" rel=\"category tag\">Marcos<\/a>","author_info_v2":{"name":"Champion Forest","url":"https:\/\/esp.championforest.org\/devotionals\/author\/cfbcms_admin\/"},"comments_num_v2":"2 comments","yoast_head":"<!-- This site is optimized with the Yoast SEO plugin v27.3 - https:\/\/yoast.com\/product\/yoast-seo-wordpress\/ -->\n<title>Marcos Cap\u00edtulo 7 - Devocionales<\/title>\n<meta name=\"robots\" content=\"index, follow, max-snippet:-1, max-image-preview:large, max-video-preview:-1\" \/>\n<link rel=\"canonical\" href=\"https:\/\/esp.championforest.org\/devotionals\/marcos-marzo-28\/\" \/>\n<meta property=\"og:locale\" content=\"en_US\" \/>\n<meta property=\"og:type\" content=\"article\" \/>\n<meta property=\"og:title\" content=\"Marcos Cap\u00edtulo 7 - Devocionales\" \/>\n<meta property=\"og:description\" content=\"Marcos 7 Lo que contamina al hombre (Mt. 15.1-20) Se juntaron a Jes\u00fas los fariseos, y algunos de los escribas, que hab\u00edan venido de Jerusal\u00e9n; 2&nbsp;los cuales, viendo a algunos de los disc\u00edpulos de Jes\u00fas comer pan con manos inmundas, esto es, no lavadas, los condenaban. 3&nbsp;Porque los fariseos y todos los jud\u00edos, aferr\u00e1ndose a &hellip; Continue reading Marcos Cap\u00edtulo 7\" \/>\n<meta property=\"og:url\" content=\"https:\/\/esp.championforest.org\/devotionals\/marcos-marzo-28\/\" \/>\n<meta property=\"og:site_name\" content=\"Devocionales\" \/>\n<meta property=\"article:published_time\" content=\"2020-03-28T07:00:00+00:00\" \/>\n<meta property=\"og:image\" content=\"https:\/\/esp.championforest.org\/devotionals\/wp-content\/uploads\/2019\/11\/bible-banner.jpg\" \/>\n\t<meta property=\"og:image:width\" content=\"2000\" \/>\n\t<meta property=\"og:image:height\" content=\"733\" \/>\n\t<meta property=\"og:image:type\" content=\"image\/jpeg\" \/>\n<meta name=\"author\" content=\"Champion Forest\" \/>\n<meta name=\"twitter:card\" content=\"summary_large_image\" \/>\n<meta name=\"twitter:label1\" content=\"Written by\" \/>\n\t<meta name=\"twitter:data1\" content=\"Champion Forest\" \/>\n\t<meta name=\"twitter:label2\" content=\"Est. reading time\" \/>\n\t<meta name=\"twitter:data2\" content=\"4 minutes\" \/>\n<script type=\"application\/ld+json\" class=\"yoast-schema-graph\">{\"@context\":\"https:\\\/\\\/schema.org\",\"@graph\":[{\"@type\":\"Article\",\"@id\":\"https:\\\/\\\/esp.championforest.org\\\/devotionals\\\/marcos-marzo-28\\\/#article\",\"isPartOf\":{\"@id\":\"https:\\\/\\\/esp.championforest.org\\\/devotionals\\\/marcos-marzo-28\\\/\"},\"author\":{\"name\":\"Champion Forest\",\"@id\":\"https:\\\/\\\/esp.championforest.org\\\/devotionals\\\/#\\\/schema\\\/person\\\/0d7b32cb6698781087962c699912c666\"},\"headline\":\"Marcos Cap\u00edtulo 7\",\"datePublished\":\"2020-03-28T07:00:00+00:00\",\"mainEntityOfPage\":{\"@id\":\"https:\\\/\\\/esp.championforest.org\\\/devotionals\\\/marcos-marzo-28\\\/\"},\"wordCount\":893,\"commentCount\":2,\"image\":{\"@id\":\"https:\\\/\\\/esp.championforest.org\\\/devotionals\\\/marcos-marzo-28\\\/#primaryimage\"},\"thumbnailUrl\":\"https:\\\/\\\/esp.championforest.org\\\/devotionals\\\/wp-content\\\/uploads\\\/2019\\\/11\\\/bible-banner.jpg\",\"articleSection\":[\"Marcos\"],\"inLanguage\":\"en-US\",\"potentialAction\":[{\"@type\":\"CommentAction\",\"name\":\"Comment\",\"target\":[\"https:\\\/\\\/esp.championforest.org\\\/devotionals\\\/marcos-marzo-28\\\/#respond\"]}]},{\"@type\":\"WebPage\",\"@id\":\"https:\\\/\\\/esp.championforest.org\\\/devotionals\\\/marcos-marzo-28\\\/\",\"url\":\"https:\\\/\\\/esp.championforest.org\\\/devotionals\\\/marcos-marzo-28\\\/\",\"name\":\"Marcos Cap\u00edtulo 7 - Devocionales\",\"isPartOf\":{\"@id\":\"https:\\\/\\\/esp.championforest.org\\\/devotionals\\\/#website\"},\"primaryImageOfPage\":{\"@id\":\"https:\\\/\\\/esp.championforest.org\\\/devotionals\\\/marcos-marzo-28\\\/#primaryimage\"},\"image\":{\"@id\":\"https:\\\/\\\/esp.championforest.org\\\/devotionals\\\/marcos-marzo-28\\\/#primaryimage\"},\"thumbnailUrl\":\"https:\\\/\\\/esp.championforest.org\\\/devotionals\\\/wp-content\\\/uploads\\\/2019\\\/11\\\/bible-banner.jpg\",\"datePublished\":\"2020-03-28T07:00:00+00:00\",\"author\":{\"@id\":\"https:\\\/\\\/esp.championforest.org\\\/devotionals\\\/#\\\/schema\\\/person\\\/0d7b32cb6698781087962c699912c666\"},\"breadcrumb\":{\"@id\":\"https:\\\/\\\/esp.championforest.org\\\/devotionals\\\/marcos-marzo-28\\\/#breadcrumb\"},\"inLanguage\":\"en-US\",\"potentialAction\":[{\"@type\":\"ReadAction\",\"target\":[\"https:\\\/\\\/esp.championforest.org\\\/devotionals\\\/marcos-marzo-28\\\/\"]}]},{\"@type\":\"ImageObject\",\"inLanguage\":\"en-US\",\"@id\":\"https:\\\/\\\/esp.championforest.org\\\/devotionals\\\/marcos-marzo-28\\\/#primaryimage\",\"url\":\"https:\\\/\\\/esp.championforest.org\\\/devotionals\\\/wp-content\\\/uploads\\\/2019\\\/11\\\/bible-banner.jpg\",\"contentUrl\":\"https:\\\/\\\/esp.championforest.org\\\/devotionals\\\/wp-content\\\/uploads\\\/2019\\\/11\\\/bible-banner.jpg\",\"width\":2000,\"height\":733},{\"@type\":\"BreadcrumbList\",\"@id\":\"https:\\\/\\\/esp.championforest.org\\\/devotionals\\\/marcos-marzo-28\\\/#breadcrumb\",\"itemListElement\":[{\"@type\":\"ListItem\",\"position\":1,\"name\":\"Casa\",\"item\":\"https:\\\/\\\/esp.championforest.org\\\/devotionals\\\/\"},{\"@type\":\"ListItem\",\"position\":2,\"name\":\"Marcos Cap\u00edtulo 7\"}]},{\"@type\":\"WebSite\",\"@id\":\"https:\\\/\\\/esp.championforest.org\\\/devotionals\\\/#website\",\"url\":\"https:\\\/\\\/esp.championforest.org\\\/devotionals\\\/\",\"name\":\"Devocionales\",\"description\":\"\",\"potentialAction\":[{\"@type\":\"SearchAction\",\"target\":{\"@type\":\"EntryPoint\",\"urlTemplate\":\"https:\\\/\\\/esp.championforest.org\\\/devotionals\\\/?s={search_term_string}\"},\"query-input\":{\"@type\":\"PropertyValueSpecification\",\"valueRequired\":true,\"valueName\":\"search_term_string\"}}],\"inLanguage\":\"en-US\"},{\"@type\":\"Person\",\"@id\":\"https:\\\/\\\/esp.championforest.org\\\/devotionals\\\/#\\\/schema\\\/person\\\/0d7b32cb6698781087962c699912c666\",\"name\":\"Champion Forest\",\"image\":{\"@type\":\"ImageObject\",\"inLanguage\":\"en-US\",\"@id\":\"https:\\\/\\\/secure.gravatar.com\\\/avatar\\\/978ba5d6180fa65624708e969f442efde16543b129f0679a2cb301024d170062?s=96&d=mm&r=g\",\"url\":\"https:\\\/\\\/secure.gravatar.com\\\/avatar\\\/978ba5d6180fa65624708e969f442efde16543b129f0679a2cb301024d170062?s=96&d=mm&r=g\",\"contentUrl\":\"https:\\\/\\\/secure.gravatar.com\\\/avatar\\\/978ba5d6180fa65624708e969f442efde16543b129f0679a2cb301024d170062?s=96&d=mm&r=g\",\"caption\":\"Champion Forest\"},\"url\":\"https:\\\/\\\/esp.championforest.org\\\/devotionals\\\/author\\\/cfbcms_admin\\\/\"}]}<\/script>\n<!-- \/ Yoast SEO plugin. -->","yoast_head_json":{"title":"Marcos Cap\u00edtulo 7 - Devocionales","robots":{"index":"index","follow":"follow","max-snippet":"max-snippet:-1","max-image-preview":"max-image-preview:large","max-video-preview":"max-video-preview:-1"},"canonical":"https:\/\/esp.championforest.org\/devotionals\/marcos-marzo-28\/","og_locale":"en_US","og_type":"article","og_title":"Marcos Cap\u00edtulo 7 - Devocionales","og_description":"Marcos 7 Lo que contamina al hombre (Mt. 15.1-20) Se juntaron a Jes\u00fas los fariseos, y algunos de los escribas, que hab\u00edan venido de Jerusal\u00e9n; 2&nbsp;los cuales, viendo a algunos de los disc\u00edpulos de Jes\u00fas comer pan con manos inmundas, esto es, no lavadas, los condenaban. 3&nbsp;Porque los fariseos y todos los jud\u00edos, aferr\u00e1ndose a &hellip; Continue reading Marcos Cap\u00edtulo 7","og_url":"https:\/\/esp.championforest.org\/devotionals\/marcos-marzo-28\/","og_site_name":"Devocionales","article_published_time":"2020-03-28T07:00:00+00:00","og_image":[{"width":2000,"height":733,"url":"https:\/\/esp.championforest.org\/devotionals\/wp-content\/uploads\/2019\/11\/bible-banner.jpg","type":"image\/jpeg"}],"author":"Champion Forest","twitter_card":"summary_large_image","twitter_misc":{"Written by":"Champion Forest","Est. reading time":"4 minutes"},"schema":{"@context":"https:\/\/schema.org","@graph":[{"@type":"Article","@id":"https:\/\/esp.championforest.org\/devotionals\/marcos-marzo-28\/#article","isPartOf":{"@id":"https:\/\/esp.championforest.org\/devotionals\/marcos-marzo-28\/"},"author":{"name":"Champion Forest","@id":"https:\/\/esp.championforest.org\/devotionals\/#\/schema\/person\/0d7b32cb6698781087962c699912c666"},"headline":"Marcos Cap\u00edtulo 7","datePublished":"2020-03-28T07:00:00+00:00","mainEntityOfPage":{"@id":"https:\/\/esp.championforest.org\/devotionals\/marcos-marzo-28\/"},"wordCount":893,"commentCount":2,"image":{"@id":"https:\/\/esp.championforest.org\/devotionals\/marcos-marzo-28\/#primaryimage"},"thumbnailUrl":"https:\/\/esp.championforest.org\/devotionals\/wp-content\/uploads\/2019\/11\/bible-banner.jpg","articleSection":["Marcos"],"inLanguage":"en-US","potentialAction":[{"@type":"CommentAction","name":"Comment","target":["https:\/\/esp.championforest.org\/devotionals\/marcos-marzo-28\/#respond"]}]},{"@type":"WebPage","@id":"https:\/\/esp.championforest.org\/devotionals\/marcos-marzo-28\/","url":"https:\/\/esp.championforest.org\/devotionals\/marcos-marzo-28\/","name":"Marcos Cap\u00edtulo 7 - Devocionales","isPartOf":{"@id":"https:\/\/esp.championforest.org\/devotionals\/#website"},"primaryImageOfPage":{"@id":"https:\/\/esp.championforest.org\/devotionals\/marcos-marzo-28\/#primaryimage"},"image":{"@id":"https:\/\/esp.championforest.org\/devotionals\/marcos-marzo-28\/#primaryimage"},"thumbnailUrl":"https:\/\/esp.championforest.org\/devotionals\/wp-content\/uploads\/2019\/11\/bible-banner.jpg","datePublished":"2020-03-28T07:00:00+00:00","author":{"@id":"https:\/\/esp.championforest.org\/devotionals\/#\/schema\/person\/0d7b32cb6698781087962c699912c666"},"breadcrumb":{"@id":"https:\/\/esp.championforest.org\/devotionals\/marcos-marzo-28\/#breadcrumb"},"inLanguage":"en-US","potentialAction":[{"@type":"ReadAction","target":["https:\/\/esp.championforest.org\/devotionals\/marcos-marzo-28\/"]}]},{"@type":"ImageObject","inLanguage":"en-US","@id":"https:\/\/esp.championforest.org\/devotionals\/marcos-marzo-28\/#primaryimage","url":"https:\/\/esp.championforest.org\/devotionals\/wp-content\/uploads\/2019\/11\/bible-banner.jpg","contentUrl":"https:\/\/esp.championforest.org\/devotionals\/wp-content\/uploads\/2019\/11\/bible-banner.jpg","width":2000,"height":733},{"@type":"BreadcrumbList","@id":"https:\/\/esp.championforest.org\/devotionals\/marcos-marzo-28\/#breadcrumb","itemListElement":[{"@type":"ListItem","position":1,"name":"Casa","item":"https:\/\/esp.championforest.org\/devotionals\/"},{"@type":"ListItem","position":2,"name":"Marcos Cap\u00edtulo 7"}]},{"@type":"WebSite","@id":"https:\/\/esp.championforest.org\/devotionals\/#website","url":"https:\/\/esp.championforest.org\/devotionals\/","name":"Devocionales","description":"","potentialAction":[{"@type":"SearchAction","target":{"@type":"EntryPoint","urlTemplate":"https:\/\/esp.championforest.org\/devotionals\/?s={search_term_string}"},"query-input":{"@type":"PropertyValueSpecification","valueRequired":true,"valueName":"search_term_string"}}],"inLanguage":"en-US"},{"@type":"Person","@id":"https:\/\/esp.championforest.org\/devotionals\/#\/schema\/person\/0d7b32cb6698781087962c699912c666","name":"Champion Forest","image":{"@type":"ImageObject","inLanguage":"en-US","@id":"https:\/\/secure.gravatar.com\/avatar\/978ba5d6180fa65624708e969f442efde16543b129f0679a2cb301024d170062?s=96&d=mm&r=g","url":"https:\/\/secure.gravatar.com\/avatar\/978ba5d6180fa65624708e969f442efde16543b129f0679a2cb301024d170062?s=96&d=mm&r=g","contentUrl":"https:\/\/secure.gravatar.com\/avatar\/978ba5d6180fa65624708e969f442efde16543b129f0679a2cb301024d170062?s=96&d=mm&r=g","caption":"Champion Forest"},"url":"https:\/\/esp.championforest.org\/devotionals\/author\/cfbcms_admin\/"}]}},"_links":{"self":[{"href":"https:\/\/esp.championforest.org\/devotionals\/wp-json\/wp\/v2\/posts\/205","targetHints":{"allow":["GET"]}}],"collection":[{"href":"https:\/\/esp.championforest.org\/devotionals\/wp-json\/wp\/v2\/posts"}],"about":[{"href":"https:\/\/esp.championforest.org\/devotionals\/wp-json\/wp\/v2\/types\/post"}],"author":[{"embeddable":true,"href":"https:\/\/esp.championforest.org\/devotionals\/wp-json\/wp\/v2\/users\/2"}],"replies":[{"embeddable":true,"href":"https:\/\/esp.championforest.org\/devotionals\/wp-json\/wp\/v2\/comments?post=205"}],"version-history":[{"count":1,"href":"https:\/\/esp.championforest.org\/devotionals\/wp-json\/wp\/v2\/posts\/205\/revisions"}],"predecessor-version":[{"id":206,"href":"https:\/\/esp.championforest.org\/devotionals\/wp-json\/wp\/v2\/posts\/205\/revisions\/206"}],"wp:featuredmedia":[{"embeddable":true,"href":"https:\/\/esp.championforest.org\/devotionals\/wp-json\/wp\/v2\/media\/9"}],"wp:attachment":[{"href":"https:\/\/esp.championforest.org\/devotionals\/wp-json\/wp\/v2\/media?parent=205"}],"wp:term":[{"taxonomy":"category","embeddable":true,"href":"https:\/\/esp.championforest.org\/devotionals\/wp-json\/wp\/v2\/categories?post=205"},{"taxonomy":"post_tag","embeddable":true,"href":"https:\/\/esp.championforest.org\/devotionals\/wp-json\/wp\/v2\/tags?post=205"}],"curies":[{"name":"wp","href":"https:\/\/api.w.org\/{rel}","templated":true}]}}