{"id":1990,"date":"2024-03-26T00:03:23","date_gmt":"2024-03-26T05:03:23","guid":{"rendered":"https:\/\/esp.championforest.org\/devotionals\/?p=1990"},"modified":"2024-03-24T09:44:24","modified_gmt":"2024-03-24T14:44:24","slug":"3-26-2024","status":"publish","type":"post","link":"https:\/\/esp.championforest.org\/devotionals\/3-26-2024\/","title":{"rendered":"D\u00eda Tres | Semana Santa 2024"},"content":{"rendered":"\n<h2 class=\"wp-block-heading\"><span style=\"color: #000000;\" class=\"stk-highlight\">Jes\u00fas, el Hijo del Hombre<\/span><\/h2>\n\n\n\n<p><span style=\"color: #000000;\" class=\"stk-highlight\">Autor: Jeremy Hamblen<\/span><\/p>\n\n\n\n<div class=\"wp-block-group\"><div class=\"wp-block-group__inner-container is-layout-constrained wp-block-group-is-layout-constrained\">\n<div class=\"wp-block-stackable-hero stk-block-hero stk-block stk-bb37f46 is-style-default\" data-v=\"2\" data-block-id=\"bb37f46\"><style>.stk-bb37f46-inner-blocks{justify-content:center !important}.stk-bb37f46-container{background-color:#f7f7f7 !important}.stk-bb37f46-container:before{background-color:#f7f7f7 !important}.stk-bb37f46 .stk-block-hero__content{min-height:500px !important;align-items:center !important;display:flex !important}<\/style><div class=\"stk-block-hero__content stk-content-align stk-bb37f46-column stk-container stk-bb37f46-container stk-hover-parent\"><div class=\"stk-block-content stk-inner-blocks has-text-align-left stk--column-flex stk-bb37f46-inner-blocks\">\n<div class=\"wp-block-stackable-heading stk-block-heading stk-block-heading--v2 stk-block stk-dd1ef88\" id=\"ezequiel-2-1\" data-block-id=\"dd1ef88\"><style>.stk-dd1ef88{margin-bottom:1px !important}<\/style><h4 class=\"stk-block-heading__text\">Ezequiel 2:1<\/h4><\/div>\n\n\n\n<h5 class=\"wp-block-heading\">Llamamiento de Ezequiel<\/h5>\n\n\n\n<p><strong>2\u00a0<\/strong>Me dijo: Hijo de hombre, ponte sobre tus pies, y hablar\u00e9 contigo.<\/p>\n\n\n\n<div class=\"wp-block-stackable-heading stk-block-heading stk-block-heading--v2 stk-block stk-a344c86\" id=\"daniel-7-13-14\" data-block-id=\"a344c86\"><style>.stk-a344c86{margin-bottom:0px !important}<\/style><h4 class=\"stk-block-heading__text\">Daniel 7:13-14<\/h4><\/div>\n\n\n\n<p><sup>13\u00a0<\/sup>Miraba yo en la visi\u00f3n de la noche, y he aqu\u00ed con las nubes del cielo ven\u00eda uno como un hijo de hombre,\u00a0que vino hasta el Anciano de d\u00edas, y le hicieron acercarse delante de \u00e9l.\u00a0<sup>14\u00a0<\/sup>Y le fue dado dominio, gloria y reino, para que todos los pueblos, naciones y lenguas le sirvieran;\u00a0su dominio es dominio eterno, que nunca pasar\u00e1, y su reino uno que no ser\u00e1 destruido.<\/p>\n\n\n\n<div class=\"wp-block-stackable-heading stk-block-heading stk-block-heading--v2 stk-block stk-4fd618f\" id=\"mateo-21-23-27\" data-block-id=\"4fd618f\"><style>.stk-4fd618f{margin-bottom:0px !important}<\/style><h4 class=\"stk-block-heading__text\">Mateo 21:23-27<\/h4><\/div>\n\n\n\n<h5 class=\"wp-block-heading\">La autoridad de Jes\u00fas<\/h5>\n\n\n\n<h5 class=\"wp-block-heading\">(Mr. 11.27-33;\u00a0Lc. 20.1-8)<\/h5>\n\n\n\n<p><sup>23\u00a0<\/sup>Cuando vino al templo, los principales sacerdotes y los ancianos del pueblo se acercaron a \u00e9l mientras ense\u00f1aba, y le dijeron: \u00bfCon qu\u00e9 autoridad haces estas cosas? \u00bfy qui\u00e9n te dio esta autoridad?\u00a0<sup>24\u00a0<\/sup>Respondiendo Jes\u00fas, les dijo: Yo tambi\u00e9n os har\u00e9 una pregunta, y si me la contest\u00e1is, tambi\u00e9n yo os dir\u00e9 con qu\u00e9 autoridad hago estas cosas.\u00a0<sup>25\u00a0<\/sup>El bautismo de Juan, \u00bfde d\u00f3nde era? \u00bfDel cielo, o de los hombres? Ellos entonces discut\u00edan entre s\u00ed, diciendo: Si decimos, del cielo, nos dir\u00e1: \u00bfPor qu\u00e9, pues, no le cre\u00edsteis?\u00a0<sup>26\u00a0<\/sup>Y si decimos, de los hombres, tememos al pueblo; porque todos tienen a Juan por profeta.\u00a0<sup>27\u00a0<\/sup>Y respondiendo a Jes\u00fas, dijeron: No sabemos. Y \u00e9l tambi\u00e9n les dijo: Tampoco yo os digo con qu\u00e9 autoridad hago estas cosas.<\/p>\n\n\n\n<div class=\"wp-block-stackable-heading stk-block-heading stk-block-heading--v2 stk-block stk-c7601da\" id=\"mateo-25-31-46\" data-block-id=\"c7601da\"><style>.stk-c7601da{margin-bottom:0px !important}<\/style><h4 class=\"stk-block-heading__text\">Mateo 25:31-46<\/h4><\/div>\n\n\n\n<h5 class=\"wp-block-heading\">El juicio de las naciones<\/h5>\n\n\n\n<p><sup>31&nbsp;<\/sup>Cuando el Hijo del Hombre venga en su gloria, y todos los santos \u00e1ngeles con \u00e9l,&nbsp;entonces se sentar\u00e1 en su trono de gloria,&nbsp;<sup>32&nbsp;<\/sup>y ser\u00e1n reunidas delante de \u00e9l todas las naciones; y apartar\u00e1 los unos de los otros, como aparta el pastor las ovejas de los cabritos.&nbsp;<sup>33&nbsp;<\/sup>Y pondr\u00e1 las ovejas a su derecha, y los cabritos a su izquierda.&nbsp;<sup>34&nbsp;<\/sup>Entonces el Rey dir\u00e1 a los de su derecha: Venid, benditos de mi Padre, heredad el reino preparado para vosotros desde la fundaci\u00f3n del mundo.&nbsp;<sup>35&nbsp;<\/sup>Porque tuve hambre, y me disteis de comer; tuve sed, y me disteis de beber; fui forastero, y me recogisteis;&nbsp;<sup>36&nbsp;<\/sup>estuve desnudo, y me cubristeis; enfermo, y me visitasteis; en la c\u00e1rcel, y vinisteis a m\u00ed.&nbsp;<sup>37&nbsp;<\/sup>Entonces los justos le responder\u00e1n diciendo: Se\u00f1or, \u00bfcu\u00e1ndo te vimos hambriento, y te sustentamos, o sediento, y te dimos de beber?&nbsp;<sup>38&nbsp;<\/sup>\u00bfY cu\u00e1ndo te vimos forastero, y te recogimos, o desnudo, y te cubrimos?&nbsp;<sup>39&nbsp;<\/sup>\u00bfO cu\u00e1ndo te vimos enfermo, o en la c\u00e1rcel, y vinimos a ti?&nbsp;<sup>40&nbsp;<\/sup>Y respondiendo el Rey, les dir\u00e1: De cierto os digo que en cuanto lo hicisteis a uno de estos mis hermanos m\u00e1s peque\u00f1os, a m\u00ed lo hicisteis.&nbsp;<sup>41&nbsp;<\/sup>Entonces dir\u00e1 tambi\u00e9n a los de la izquierda: Apartaos de m\u00ed, malditos, al fuego eterno preparado para el diablo y sus \u00e1ngeles.&nbsp;<sup>42&nbsp;<\/sup>Porque tuve hambre, y no me disteis de comer; tuve sed, y no me disteis de beber;&nbsp;<sup>43&nbsp;<\/sup>fui forastero, y no me recogisteis; estuve desnudo, y no me cubristeis; enfermo, y en la c\u00e1rcel, y no me visitasteis.&nbsp;<sup>44&nbsp;<\/sup>Entonces tambi\u00e9n ellos le responder\u00e1n diciendo: Se\u00f1or, \u00bfcu\u00e1ndo te vimos hambriento, sediento, forastero, desnudo, enfermo, o en la c\u00e1rcel, y no te servimos?&nbsp;<sup>45&nbsp;<\/sup>Entonces les responder\u00e1 diciendo: De cierto os digo que en cuanto no lo hicisteis a uno de estos m\u00e1s peque\u00f1os, tampoco a m\u00ed lo hicisteis.&nbsp;<sup>46&nbsp;<\/sup>E ir\u00e1n estos al castigo eterno, y los justos a la vida eterna.<\/p>\n\n\n\n<div class=\"wp-block-stackable-text stk-block-text stk-block stk-3f49bf1 stk-block-background\" data-block-id=\"3f49bf1\"><style>.stk-3f49bf1 .stk-block-text__text{font-size:13px !important}@media screen and (max-width:1023px){.stk-3f49bf1 .stk-block-text__text{font-size:13px !important}}<\/style><p class=\"stk-block-text__text\">Reina-Valera 1960 \u00ae \u00a9 Sociedades B\u00edblicas en Am\u00e9rica Latina, 1960. Renovado \u00a9 Sociedades B\u00edblicas Unidas, 1988. Utilizado con permiso. Si desea m\u00e1s informaci\u00f3n visite&nbsp;<a href=\"https:\/\/www.americanbible.org\/\">americanbible.org<\/a>,&nbsp;<a href=\"https:\/\/www.unitedbiblesocieties.org\/\">unitedbiblesocieties.org<\/a>,&nbsp;<a href=\"https:\/\/www.vivelabiblia.com\/\">vivelabiblia.com<\/a>,&nbsp;<a href=\"http:\/\/unitedbiblesocieties.org\/es\/casa\/\">unitedbiblesocieties.org\/es\/casa\/<\/a>,&nbsp;<a href=\"https:\/\/rvr60.bible\/?utm_source=website&amp;utm_medium=link&amp;utm_campaign=BGWYCEV11232021&amp;utm_id=biblegateway\/\">www.rvr60.bible<\/a><\/p><\/div>\n<\/div><\/div><\/div>\n<\/div><\/div>\n\n\n\n<p>Como hemos visto en los \u00faltimos dos d\u00edas, los nombres y t\u00edtulos de Jes\u00fas son de profunda importancia y est\u00e1n \u00edntimamente ligados a su identidad. \u00c9l hizo manifiesto esta identidad por palabra y obra durante la semana previa a su muerte y resurrecci\u00f3n. El nombre de hoy no es una excepci\u00f3n, pero se podr\u00eda argumentar que es excepcionalmente \u00fanico porque aqu\u00ed nos enfocamos en el nombre que Jes\u00fas eligi\u00f3 para s\u00ed mismo, el que m\u00e1s us\u00f3 durante su ministerio terrenal: El Hijo del Hombre.<\/p>\n\n\n\n<p>Un estudio de este nombre podr\u00eda (y lo hace) llenar vol\u00famenes de investigaci\u00f3n acad\u00e9mica, pero espero que encuentres aqu\u00ed un resumen \u00fatil, aunque abreviado, de tres conceptos claves en su auto-designaci\u00f3n, &#8220;Hijo del Hombre&#8221;:<\/p>\n\n\n\n<p><strong>Humanidad<\/strong><\/p>\n\n\n\n<p>Es simplemente Jes\u00fas iluminando el lado humano de su naturaleza dual. De hecho, &#8220;Hijo del Hombre&#8221; simplemente significa &#8220;humano&#8221;, como vemos en el Antiguo Testamento, un ejemplo que encontramos a lo largo de Ezequiel (Ezequiel 2:1).<\/p>\n\n\n\n<p><strong>Divinidad<\/strong><\/p>\n\n\n\n<p>Subraya la divinidad y autoridad de Jes\u00fas mediante la alineaci\u00f3n con Daniel 7:13-14, mostrando su autoridad eterna y papel como juez divino sobre todos los reyes y reinos, una verdad enfatizada adem\u00e1s en Marcos 2:10 (perdona pecados) y Mateo 25:31-46 (juez final). Este t\u00edtulo trasciende la humanidad y afirma a Jes\u00fas como el cumplimiento de la profec\u00eda mesi\u00e1nica.<\/p>\n\n\n\n<p><strong>Mediador<\/strong><\/p>\n\n\n\n<p>Jes\u00fas es el eslab\u00f3n crucial entre el cielo y la tierra, un papel aludido en Su conversaci\u00f3n con Natanael haciendo referencia a la Escalera de Jacob (Juan 1:51; G\u00e9nesis 28:12). No solo el Hijo del Hombre es humano y divino, sino que es el v\u00ednculo que los une.<\/p>\n\n\n\n<p>Entonces, \u00bfd\u00f3nde vemos al Hijo del Hombre revelado en el pasaje de hoy? \u00a1Bueno, hay muchos momentos donde lo podemos encontrar! El martes fue un d\u00eda ocupado para Jes\u00fas. Documentado en 211 vers\u00edculos en casi cinco cap\u00edtulos, el tercer d\u00eda de la Semana Santa representa el 20% de todo el Evangelio de Mateo. Desde que ense\u00f1\u00f3 en el templo y mostr\u00f3 su autoridad ante un grupo cambiante de l\u00edderes religiosos y civiles astutos, hasta que predijo lo que suceder\u00eda en el futuro mientras estaba en el Monte de los Olivos, estos cap\u00edtulos densos marcan el final de su ministerio p\u00fablico mientras quienes planeaban matarlo ultimaban sus planes. Jes\u00fas no mostr\u00f3 desgano en su \u00faltimo d\u00eda de trabajo.<\/p>\n\n\n\n<p>Vemos su humanidad principalmente reflejada en su apariencia f\u00edsica y acciones, pero tambi\u00e9n de manera m\u00e1s espec\u00edfica en su participaci\u00f3n en la ense\u00f1anza (Mateo 21:23-27, 22:15-46), en la intensidad emocional de su lamento por Israel (Mateo 23:37-39), y de forma impl\u00edcita en el complot para matarlo, que fue un intento de despojarlo de su humanidad (Mateo 26:3-4).<\/p>\n\n\n\n<p>Vemos su divinidad exhibida en sus ense\u00f1anzas y par\u00e1bolas autoritarias (Mateo 21:23-22:14), su sabidur\u00eda al enfrentarse a l\u00edderes religiosos (Mateo 22:15-46), y sus percepciones prof\u00e9ticas del Serm\u00f3n del Monte de los Olivos (Mateo 24-25). \u00c9l es la autoridad divina, el juez, y el cumplimiento de las profec\u00edas mesi\u00e1nicas.<\/p>\n\n\n\n<p>Lo vemos mostrado como mediador en sus discusiones sobre el mayor mandamiento, conectando la ley de Dios y la acci\u00f3n humana (Mateo 22:34-40); su lamento prof\u00e9tico por Jerusal\u00e9n, expresando el deseo de reunir a su pueblo como una gallina re\u00fane a sus polluelos (Mateo 23:37-39); y en su pregunta a los fariseos sobre de qui\u00e9n es hijo el Cristo (Mateo 22:41-45). \u00a1Dondequiera que veamos la intersecci\u00f3n de Dios y el hombre, all\u00ed vemos a Cristo!<\/p>\n\n\n\n<p>Entendemos que lo que Jes\u00fas dice es importante, pero recordemos que Jes\u00fas es la Palabra, y fue por medio de la Palabra que se form\u00f3 la creaci\u00f3n. As\u00ed que, cuando Dios encarnado elige palabras para revelarse a nosotros, palabras tan \u00fanicas que nadie m\u00e1s en el Nuevo Testamento las usa directamente, deber\u00edamos disfrutarlas. El Hijo del Hombre encarnado\u2014totalmente humano (\u00e9l nos conoce), totalmente Dios (\u00e9l provee para nosotros)\u2014y el mediador perfecto entre ambos reinos (\u00e9l est\u00e1 por nosotros). \u00a1Qu\u00e9 alegr\u00eda es conocer a nuestro Se\u00f1or en sus propios t\u00e9rminos!<\/p>\n\n\n\n<p><strong>La idea de que Jes\u00fas acept\u00f3 completamente ser humano y divino nos recuerda lo cercano que est\u00e1 de nosotros. El hecho de que \u00c9l escogiera este t\u00edtulo para representar ambos aspectos, nos deber\u00eda llevar a pensar: \u00bfC\u00f3mo cambia nuestra conversaci\u00f3n con \u00e9l el saber que Dios realmente entiende lo que vivimos? Esto es algo que tendr\u00eda que influenciar nuestras oraciones y c\u00f3mo expresamos nuestra fe.<\/strong><\/p>\n","protected":false},"excerpt":{"rendered":"<p>Jes\u00fas, el Hijo del Hombre Autor: Jeremy Hamblen Ezequiel 2:1 Llamamiento de Ezequiel 2\u00a0Me dijo: Hijo de hombre, ponte sobre tus pies, y hablar\u00e9 contigo. Daniel 7:13-14 13\u00a0Miraba yo en la visi\u00f3n de la noche, y he aqu\u00ed con las nubes del cielo ven\u00eda uno como un hijo de hombre,\u00a0que vino hasta el Anciano de &hellip; <a href=\"https:\/\/esp.championforest.org\/devotionals\/3-26-2024\/\" class=\"more-link\">Continue reading <span class=\"screen-reader-text\">D\u00eda Tres | Semana Santa 2024<\/span><\/a><\/p>\n","protected":false},"author":2,"featured_media":2008,"comment_status":"open","ping_status":"closed","sticky":false,"template":"","format":"standard","meta":{"footnotes":""},"categories":[6,5],"tags":[30],"class_list":["post-1990","post","type-post","status-publish","format-standard","has-post-thumbnail","hentry","category-devocionales","category-semana-santa","tag-semana-santa-2024"],"featured_image_urls_v2":{"full":["https:\/\/esp.championforest.org\/devotionals\/wp-content\/uploads\/2024\/03\/Background-easter-devo.jpg",1080,581,false],"thumbnail":["https:\/\/esp.championforest.org\/devotionals\/wp-content\/uploads\/2024\/03\/Background-easter-devo-150x150.jpg",150,150,true],"medium":["https:\/\/esp.championforest.org\/devotionals\/wp-content\/uploads\/2024\/03\/Background-easter-devo-300x161.jpg",300,161,true],"medium_large":["https:\/\/esp.championforest.org\/devotionals\/wp-content\/uploads\/2024\/03\/Background-easter-devo-768x413.jpg",768,413,true],"large":["https:\/\/esp.championforest.org\/devotionals\/wp-content\/uploads\/2024\/03\/Background-easter-devo-1024x551.jpg",900,484,true],"1536x1536":["https:\/\/esp.championforest.org\/devotionals\/wp-content\/uploads\/2024\/03\/Background-easter-devo.jpg",1080,581,false],"2048x2048":["https:\/\/esp.championforest.org\/devotionals\/wp-content\/uploads\/2024\/03\/Background-easter-devo.jpg",1080,581,false],"post-thumbnail":["https:\/\/esp.championforest.org\/devotionals\/wp-content\/uploads\/2024\/03\/Background-easter-devo.jpg",1080,581,false]},"post_excerpt_stackable_v2":"<p>Jes\u00fas, el Hijo del Hombre Autor: Jeremy Hamblen Ezequiel 2:1 Llamamiento de Ezequiel 2\u00a0Me dijo: Hijo de hombre, ponte sobre tus pies, y hablar\u00e9 contigo. Daniel 7:13-14 13\u00a0Miraba yo en la visi\u00f3n de la noche, y he aqu\u00ed con las nubes del cielo ven\u00eda uno como un hijo de hombre,\u00a0que vino hasta el Anciano de d\u00edas, y le hicieron acercarse delante de \u00e9l.\u00a014\u00a0Y le fue dado dominio, gloria y reino, para que todos los pueblos, naciones y lenguas le sirvieran;\u00a0su dominio es dominio eterno, que nunca pasar\u00e1, y su reino uno que no ser\u00e1 destruido. Mateo 21:23-27 La autoridad de&hellip;<\/p>\n","category_list_v2":"<a href=\"https:\/\/esp.championforest.org\/devotionals\/category\/devocionales\/\" rel=\"category tag\">Devocionales<\/a>, <a href=\"https:\/\/esp.championforest.org\/devotionals\/category\/semana-santa\/\" rel=\"category tag\">Semana Santa<\/a>","author_info_v2":{"name":"Champion Forest","url":"https:\/\/esp.championforest.org\/devotionals\/author\/cfbcms_admin\/"},"comments_num_v2":"7 comments","yoast_head":"<!-- This site is optimized with the Yoast SEO plugin v27.3 - https:\/\/yoast.com\/product\/yoast-seo-wordpress\/ -->\n<title>D\u00eda Tres | Semana Santa 2024 - Devocionales<\/title>\n<meta name=\"robots\" content=\"index, follow, max-snippet:-1, max-image-preview:large, max-video-preview:-1\" \/>\n<link rel=\"canonical\" href=\"https:\/\/esp.championforest.org\/devotionals\/3-26-2024\/\" \/>\n<meta property=\"og:locale\" content=\"en_US\" \/>\n<meta property=\"og:type\" content=\"article\" \/>\n<meta property=\"og:title\" content=\"D\u00eda Tres | Semana Santa 2024 - Devocionales\" \/>\n<meta property=\"og:description\" content=\"Jes\u00fas, el Hijo del Hombre Autor: Jeremy Hamblen Ezequiel 2:1 Llamamiento de Ezequiel 2\u00a0Me dijo: Hijo de hombre, ponte sobre tus pies, y hablar\u00e9 contigo. Daniel 7:13-14 13\u00a0Miraba yo en la visi\u00f3n de la noche, y he aqu\u00ed con las nubes del cielo ven\u00eda uno como un hijo de hombre,\u00a0que vino hasta el Anciano de &hellip; Continue reading D\u00eda Tres | Semana Santa 2024\" \/>\n<meta property=\"og:url\" content=\"https:\/\/esp.championforest.org\/devotionals\/3-26-2024\/\" \/>\n<meta property=\"og:site_name\" content=\"Devocionales\" \/>\n<meta property=\"article:published_time\" content=\"2024-03-26T05:03:23+00:00\" \/>\n<meta property=\"og:image\" content=\"https:\/\/esp.championforest.org\/devotionals\/wp-content\/uploads\/2024\/03\/Background-easter-devo.jpg\" \/>\n\t<meta property=\"og:image:width\" content=\"1080\" \/>\n\t<meta property=\"og:image:height\" content=\"581\" \/>\n\t<meta property=\"og:image:type\" content=\"image\/jpeg\" \/>\n<meta name=\"author\" content=\"Champion Forest\" \/>\n<meta name=\"twitter:card\" content=\"summary_large_image\" \/>\n<meta name=\"twitter:label1\" content=\"Written by\" \/>\n\t<meta name=\"twitter:data1\" content=\"Champion Forest\" \/>\n\t<meta name=\"twitter:label2\" content=\"Est. reading time\" \/>\n\t<meta name=\"twitter:data2\" content=\"7 minutes\" \/>\n<script type=\"application\/ld+json\" class=\"yoast-schema-graph\">{\"@context\":\"https:\\\/\\\/schema.org\",\"@graph\":[{\"@type\":\"Article\",\"@id\":\"https:\\\/\\\/esp.championforest.org\\\/devotionals\\\/3-26-2024\\\/#article\",\"isPartOf\":{\"@id\":\"https:\\\/\\\/esp.championforest.org\\\/devotionals\\\/3-26-2024\\\/\"},\"author\":{\"name\":\"Champion Forest\",\"@id\":\"https:\\\/\\\/esp.championforest.org\\\/devotionals\\\/#\\\/schema\\\/person\\\/0d7b32cb6698781087962c699912c666\"},\"headline\":\"D\u00eda Tres | Semana Santa 2024\",\"datePublished\":\"2024-03-26T05:03:23+00:00\",\"mainEntityOfPage\":{\"@id\":\"https:\\\/\\\/esp.championforest.org\\\/devotionals\\\/3-26-2024\\\/\"},\"wordCount\":1459,\"commentCount\":7,\"image\":{\"@id\":\"https:\\\/\\\/esp.championforest.org\\\/devotionals\\\/3-26-2024\\\/#primaryimage\"},\"thumbnailUrl\":\"https:\\\/\\\/esp.championforest.org\\\/devotionals\\\/wp-content\\\/uploads\\\/2024\\\/03\\\/Background-easter-devo.jpg\",\"keywords\":[\"Semana Santa 2024\"],\"articleSection\":[\"Devocionales\",\"Semana Santa\"],\"inLanguage\":\"en-US\",\"potentialAction\":[{\"@type\":\"CommentAction\",\"name\":\"Comment\",\"target\":[\"https:\\\/\\\/esp.championforest.org\\\/devotionals\\\/3-26-2024\\\/#respond\"]}]},{\"@type\":\"WebPage\",\"@id\":\"https:\\\/\\\/esp.championforest.org\\\/devotionals\\\/3-26-2024\\\/\",\"url\":\"https:\\\/\\\/esp.championforest.org\\\/devotionals\\\/3-26-2024\\\/\",\"name\":\"D\u00eda Tres | Semana Santa 2024 - Devocionales\",\"isPartOf\":{\"@id\":\"https:\\\/\\\/esp.championforest.org\\\/devotionals\\\/#website\"},\"primaryImageOfPage\":{\"@id\":\"https:\\\/\\\/esp.championforest.org\\\/devotionals\\\/3-26-2024\\\/#primaryimage\"},\"image\":{\"@id\":\"https:\\\/\\\/esp.championforest.org\\\/devotionals\\\/3-26-2024\\\/#primaryimage\"},\"thumbnailUrl\":\"https:\\\/\\\/esp.championforest.org\\\/devotionals\\\/wp-content\\\/uploads\\\/2024\\\/03\\\/Background-easter-devo.jpg\",\"datePublished\":\"2024-03-26T05:03:23+00:00\",\"author\":{\"@id\":\"https:\\\/\\\/esp.championforest.org\\\/devotionals\\\/#\\\/schema\\\/person\\\/0d7b32cb6698781087962c699912c666\"},\"breadcrumb\":{\"@id\":\"https:\\\/\\\/esp.championforest.org\\\/devotionals\\\/3-26-2024\\\/#breadcrumb\"},\"inLanguage\":\"en-US\",\"potentialAction\":[{\"@type\":\"ReadAction\",\"target\":[\"https:\\\/\\\/esp.championforest.org\\\/devotionals\\\/3-26-2024\\\/\"]}]},{\"@type\":\"ImageObject\",\"inLanguage\":\"en-US\",\"@id\":\"https:\\\/\\\/esp.championforest.org\\\/devotionals\\\/3-26-2024\\\/#primaryimage\",\"url\":\"https:\\\/\\\/esp.championforest.org\\\/devotionals\\\/wp-content\\\/uploads\\\/2024\\\/03\\\/Background-easter-devo.jpg\",\"contentUrl\":\"https:\\\/\\\/esp.championforest.org\\\/devotionals\\\/wp-content\\\/uploads\\\/2024\\\/03\\\/Background-easter-devo.jpg\",\"width\":1080,\"height\":581},{\"@type\":\"BreadcrumbList\",\"@id\":\"https:\\\/\\\/esp.championforest.org\\\/devotionals\\\/3-26-2024\\\/#breadcrumb\",\"itemListElement\":[{\"@type\":\"ListItem\",\"position\":1,\"name\":\"Casa\",\"item\":\"https:\\\/\\\/esp.championforest.org\\\/devotionals\\\/\"},{\"@type\":\"ListItem\",\"position\":2,\"name\":\"D\u00eda Tres | Semana Santa 2024\"}]},{\"@type\":\"WebSite\",\"@id\":\"https:\\\/\\\/esp.championforest.org\\\/devotionals\\\/#website\",\"url\":\"https:\\\/\\\/esp.championforest.org\\\/devotionals\\\/\",\"name\":\"Devocionales\",\"description\":\"\",\"potentialAction\":[{\"@type\":\"SearchAction\",\"target\":{\"@type\":\"EntryPoint\",\"urlTemplate\":\"https:\\\/\\\/esp.championforest.org\\\/devotionals\\\/?s={search_term_string}\"},\"query-input\":{\"@type\":\"PropertyValueSpecification\",\"valueRequired\":true,\"valueName\":\"search_term_string\"}}],\"inLanguage\":\"en-US\"},{\"@type\":\"Person\",\"@id\":\"https:\\\/\\\/esp.championforest.org\\\/devotionals\\\/#\\\/schema\\\/person\\\/0d7b32cb6698781087962c699912c666\",\"name\":\"Champion Forest\",\"image\":{\"@type\":\"ImageObject\",\"inLanguage\":\"en-US\",\"@id\":\"https:\\\/\\\/secure.gravatar.com\\\/avatar\\\/978ba5d6180fa65624708e969f442efde16543b129f0679a2cb301024d170062?s=96&d=mm&r=g\",\"url\":\"https:\\\/\\\/secure.gravatar.com\\\/avatar\\\/978ba5d6180fa65624708e969f442efde16543b129f0679a2cb301024d170062?s=96&d=mm&r=g\",\"contentUrl\":\"https:\\\/\\\/secure.gravatar.com\\\/avatar\\\/978ba5d6180fa65624708e969f442efde16543b129f0679a2cb301024d170062?s=96&d=mm&r=g\",\"caption\":\"Champion Forest\"},\"url\":\"https:\\\/\\\/esp.championforest.org\\\/devotionals\\\/author\\\/cfbcms_admin\\\/\"}]}<\/script>\n<!-- \/ Yoast SEO plugin. -->","yoast_head_json":{"title":"D\u00eda Tres | Semana Santa 2024 - Devocionales","robots":{"index":"index","follow":"follow","max-snippet":"max-snippet:-1","max-image-preview":"max-image-preview:large","max-video-preview":"max-video-preview:-1"},"canonical":"https:\/\/esp.championforest.org\/devotionals\/3-26-2024\/","og_locale":"en_US","og_type":"article","og_title":"D\u00eda Tres | Semana Santa 2024 - Devocionales","og_description":"Jes\u00fas, el Hijo del Hombre Autor: Jeremy Hamblen Ezequiel 2:1 Llamamiento de Ezequiel 2\u00a0Me dijo: Hijo de hombre, ponte sobre tus pies, y hablar\u00e9 contigo. Daniel 7:13-14 13\u00a0Miraba yo en la visi\u00f3n de la noche, y he aqu\u00ed con las nubes del cielo ven\u00eda uno como un hijo de hombre,\u00a0que vino hasta el Anciano de &hellip; Continue reading D\u00eda Tres | Semana Santa 2024","og_url":"https:\/\/esp.championforest.org\/devotionals\/3-26-2024\/","og_site_name":"Devocionales","article_published_time":"2024-03-26T05:03:23+00:00","og_image":[{"width":1080,"height":581,"url":"https:\/\/esp.championforest.org\/devotionals\/wp-content\/uploads\/2024\/03\/Background-easter-devo.jpg","type":"image\/jpeg"}],"author":"Champion Forest","twitter_card":"summary_large_image","twitter_misc":{"Written by":"Champion Forest","Est. reading time":"7 minutes"},"schema":{"@context":"https:\/\/schema.org","@graph":[{"@type":"Article","@id":"https:\/\/esp.championforest.org\/devotionals\/3-26-2024\/#article","isPartOf":{"@id":"https:\/\/esp.championforest.org\/devotionals\/3-26-2024\/"},"author":{"name":"Champion Forest","@id":"https:\/\/esp.championforest.org\/devotionals\/#\/schema\/person\/0d7b32cb6698781087962c699912c666"},"headline":"D\u00eda Tres | Semana Santa 2024","datePublished":"2024-03-26T05:03:23+00:00","mainEntityOfPage":{"@id":"https:\/\/esp.championforest.org\/devotionals\/3-26-2024\/"},"wordCount":1459,"commentCount":7,"image":{"@id":"https:\/\/esp.championforest.org\/devotionals\/3-26-2024\/#primaryimage"},"thumbnailUrl":"https:\/\/esp.championforest.org\/devotionals\/wp-content\/uploads\/2024\/03\/Background-easter-devo.jpg","keywords":["Semana Santa 2024"],"articleSection":["Devocionales","Semana Santa"],"inLanguage":"en-US","potentialAction":[{"@type":"CommentAction","name":"Comment","target":["https:\/\/esp.championforest.org\/devotionals\/3-26-2024\/#respond"]}]},{"@type":"WebPage","@id":"https:\/\/esp.championforest.org\/devotionals\/3-26-2024\/","url":"https:\/\/esp.championforest.org\/devotionals\/3-26-2024\/","name":"D\u00eda Tres | Semana Santa 2024 - Devocionales","isPartOf":{"@id":"https:\/\/esp.championforest.org\/devotionals\/#website"},"primaryImageOfPage":{"@id":"https:\/\/esp.championforest.org\/devotionals\/3-26-2024\/#primaryimage"},"image":{"@id":"https:\/\/esp.championforest.org\/devotionals\/3-26-2024\/#primaryimage"},"thumbnailUrl":"https:\/\/esp.championforest.org\/devotionals\/wp-content\/uploads\/2024\/03\/Background-easter-devo.jpg","datePublished":"2024-03-26T05:03:23+00:00","author":{"@id":"https:\/\/esp.championforest.org\/devotionals\/#\/schema\/person\/0d7b32cb6698781087962c699912c666"},"breadcrumb":{"@id":"https:\/\/esp.championforest.org\/devotionals\/3-26-2024\/#breadcrumb"},"inLanguage":"en-US","potentialAction":[{"@type":"ReadAction","target":["https:\/\/esp.championforest.org\/devotionals\/3-26-2024\/"]}]},{"@type":"ImageObject","inLanguage":"en-US","@id":"https:\/\/esp.championforest.org\/devotionals\/3-26-2024\/#primaryimage","url":"https:\/\/esp.championforest.org\/devotionals\/wp-content\/uploads\/2024\/03\/Background-easter-devo.jpg","contentUrl":"https:\/\/esp.championforest.org\/devotionals\/wp-content\/uploads\/2024\/03\/Background-easter-devo.jpg","width":1080,"height":581},{"@type":"BreadcrumbList","@id":"https:\/\/esp.championforest.org\/devotionals\/3-26-2024\/#breadcrumb","itemListElement":[{"@type":"ListItem","position":1,"name":"Casa","item":"https:\/\/esp.championforest.org\/devotionals\/"},{"@type":"ListItem","position":2,"name":"D\u00eda Tres | Semana Santa 2024"}]},{"@type":"WebSite","@id":"https:\/\/esp.championforest.org\/devotionals\/#website","url":"https:\/\/esp.championforest.org\/devotionals\/","name":"Devocionales","description":"","potentialAction":[{"@type":"SearchAction","target":{"@type":"EntryPoint","urlTemplate":"https:\/\/esp.championforest.org\/devotionals\/?s={search_term_string}"},"query-input":{"@type":"PropertyValueSpecification","valueRequired":true,"valueName":"search_term_string"}}],"inLanguage":"en-US"},{"@type":"Person","@id":"https:\/\/esp.championforest.org\/devotionals\/#\/schema\/person\/0d7b32cb6698781087962c699912c666","name":"Champion Forest","image":{"@type":"ImageObject","inLanguage":"en-US","@id":"https:\/\/secure.gravatar.com\/avatar\/978ba5d6180fa65624708e969f442efde16543b129f0679a2cb301024d170062?s=96&d=mm&r=g","url":"https:\/\/secure.gravatar.com\/avatar\/978ba5d6180fa65624708e969f442efde16543b129f0679a2cb301024d170062?s=96&d=mm&r=g","contentUrl":"https:\/\/secure.gravatar.com\/avatar\/978ba5d6180fa65624708e969f442efde16543b129f0679a2cb301024d170062?s=96&d=mm&r=g","caption":"Champion Forest"},"url":"https:\/\/esp.championforest.org\/devotionals\/author\/cfbcms_admin\/"}]}},"_links":{"self":[{"href":"https:\/\/esp.championforest.org\/devotionals\/wp-json\/wp\/v2\/posts\/1990","targetHints":{"allow":["GET"]}}],"collection":[{"href":"https:\/\/esp.championforest.org\/devotionals\/wp-json\/wp\/v2\/posts"}],"about":[{"href":"https:\/\/esp.championforest.org\/devotionals\/wp-json\/wp\/v2\/types\/post"}],"author":[{"embeddable":true,"href":"https:\/\/esp.championforest.org\/devotionals\/wp-json\/wp\/v2\/users\/2"}],"replies":[{"embeddable":true,"href":"https:\/\/esp.championforest.org\/devotionals\/wp-json\/wp\/v2\/comments?post=1990"}],"version-history":[{"count":2,"href":"https:\/\/esp.championforest.org\/devotionals\/wp-json\/wp\/v2\/posts\/1990\/revisions"}],"predecessor-version":[{"id":1992,"href":"https:\/\/esp.championforest.org\/devotionals\/wp-json\/wp\/v2\/posts\/1990\/revisions\/1992"}],"wp:featuredmedia":[{"embeddable":true,"href":"https:\/\/esp.championforest.org\/devotionals\/wp-json\/wp\/v2\/media\/2008"}],"wp:attachment":[{"href":"https:\/\/esp.championforest.org\/devotionals\/wp-json\/wp\/v2\/media?parent=1990"}],"wp:term":[{"taxonomy":"category","embeddable":true,"href":"https:\/\/esp.championforest.org\/devotionals\/wp-json\/wp\/v2\/categories?post=1990"},{"taxonomy":"post_tag","embeddable":true,"href":"https:\/\/esp.championforest.org\/devotionals\/wp-json\/wp\/v2\/tags?post=1990"}],"curies":[{"name":"wp","href":"https:\/\/api.w.org\/{rel}","templated":true}]}}