{"id":1977,"date":"2024-03-24T00:03:33","date_gmt":"2024-03-24T05:03:33","guid":{"rendered":"https:\/\/esp.championforest.org\/devotionals\/?p=1977"},"modified":"2024-03-24T09:41:18","modified_gmt":"2024-03-24T14:41:18","slug":"3-24-2024","status":"publish","type":"post","link":"https:\/\/esp.championforest.org\/devotionals\/3-24-2024\/","title":{"rendered":"D\u00eda Uno | Semana Santa 2024"},"content":{"rendered":"\n<h2 class=\"wp-block-heading\"><span style=\"color: #000000;\" class=\"stk-highlight\">Jes\u00fas, el Rey de Sion<\/span><\/h2>\n\n\n\n<p><span style=\"color: #000000;\" class=\"stk-highlight\">Autor: Tony Gonzalez<\/span><\/p>\n\n\n\n<div class=\"wp-block-group\"><div class=\"wp-block-group__inner-container is-layout-constrained wp-block-group-is-layout-constrained\">\n<div class=\"wp-block-stackable-hero stk-block-hero stk-block stk-bb37f46 is-style-default\" data-v=\"2\" data-block-id=\"bb37f46\"><style>.stk-bb37f46-inner-blocks{justify-content:center !important}.stk-bb37f46-container{background-color:#f7f7f7 !important}.stk-bb37f46-container:before{background-color:#f7f7f7 !important}.stk-bb37f46 .stk-block-hero__content{min-height:500px !important;align-items:center !important;display:flex !important}<\/style><div class=\"stk-block-hero__content stk-content-align stk-bb37f46-column stk-container stk-bb37f46-container stk-hover-parent\"><div class=\"stk-block-content stk-inner-blocks has-text-align-left stk--column-flex stk-bb37f46-inner-blocks\">\n<div class=\"wp-block-stackable-heading stk-block-heading stk-block-heading--v2 stk-block stk-4fd618f\" id=\"mateo-21-1-11\" data-block-id=\"4fd618f\"><style>.stk-4fd618f{margin-bottom:1px !important}<\/style><h4 class=\"stk-block-heading__text\">Mateo 21:1-11<\/h4><\/div>\n\n\n\n<h5 class=\"wp-block-heading\">La entrada triunfal en Jerusal\u00e9n<\/h5>\n\n\n\n<h5 class=\"wp-block-heading\">(Mr. 11.1-11;\u00a0Lc. 19.28-40;\u00a0Jn. 12.12-19)<\/h5>\n\n\n\n<p><strong>21&nbsp;<\/strong>Cuando se acercaron a Jerusal\u00e9n, y vinieron a Betfag\u00e9, al monte de los Olivos, Jes\u00fas envi\u00f3 dos disc\u00edpulos,&nbsp;<sup>2&nbsp;<\/sup>dici\u00e9ndoles: Id a la aldea que est\u00e1 enfrente de vosotros, y luego hallar\u00e9is una asna atada, y un pollino con ella; desatadla, y tra\u00e9dmelos.&nbsp;<sup>3&nbsp;<\/sup>Y si alguien os dijere algo, decid: El Se\u00f1or los necesita; y luego los enviar\u00e1.&nbsp;<sup>4&nbsp;<\/sup>Todo esto aconteci\u00f3 para que se cumpliese lo dicho por el profeta, cuando dijo:<\/p>\n\n\n\n<p><sup>5&nbsp;<\/sup>Decid a la hija de Sion:<\/p>\n\n\n\n<p>He aqu\u00ed, tu Rey viene a ti,<\/p>\n\n\n\n<p>Manso, y sentado sobre una asna,<\/p>\n\n\n\n<p>Sobre un pollino, hijo de animal de carga.<\/p>\n\n\n\n<p><sup>6&nbsp;<\/sup>Y los disc\u00edpulos fueron, e hicieron como Jes\u00fas les mand\u00f3;&nbsp;<sup>7&nbsp;<\/sup>y trajeron el asna y el pollino, y pusieron sobre ellos sus mantos; y \u00e9l se sent\u00f3 encima.&nbsp;<sup>8&nbsp;<\/sup>Y la multitud, que era muy numerosa, tend\u00eda sus mantos en el camino; y otros cortaban ramas de los \u00e1rboles, y las tend\u00edan en el camino.&nbsp;<sup>9&nbsp;<\/sup>Y la gente que iba delante y la que iba detr\u00e1s aclamaba, diciendo: \u00a1Hosanna&nbsp;al Hijo de David! \u00a1Bendito el que viene en el nombre del Se\u00f1or!&nbsp;\u00a1Hosanna en las alturas!&nbsp;<sup>10&nbsp;<\/sup>Cuando entr\u00f3 \u00e9l en Jerusal\u00e9n, toda la ciudad se conmovi\u00f3, diciendo: \u00bfQui\u00e9n es este?&nbsp;<sup>11&nbsp;<\/sup>Y la gente dec\u00eda: Este es Jes\u00fas el profeta, de Nazaret de Galilea.<\/p>\n\n\n\n<div class=\"wp-block-stackable-text stk-block-text stk-block stk-3f49bf1 stk-block-background\" data-block-id=\"3f49bf1\"><style>.stk-3f49bf1 .stk-block-text__text{font-size:13px !important}@media screen and (max-width:1023px){.stk-3f49bf1 .stk-block-text__text{font-size:13px !important}}<\/style><p class=\"stk-block-text__text\">Reina-Valera 1960 \u00ae \u00a9 Sociedades B\u00edblicas en Am\u00e9rica Latina, 1960. Renovado \u00a9 Sociedades B\u00edblicas Unidas, 1988. Utilizado con permiso. Si desea m\u00e1s informaci\u00f3n visite&nbsp;<a href=\"https:\/\/www.americanbible.org\/\">americanbible.org<\/a>,&nbsp;<a href=\"https:\/\/www.unitedbiblesocieties.org\/\">unitedbiblesocieties.org<\/a>,&nbsp;<a href=\"https:\/\/www.vivelabiblia.com\/\">vivelabiblia.com<\/a>,&nbsp;<a href=\"http:\/\/unitedbiblesocieties.org\/es\/casa\/\">unitedbiblesocieties.org\/es\/casa\/<\/a>,&nbsp;<a href=\"https:\/\/rvr60.bible\/?utm_source=website&amp;utm_medium=link&amp;utm_campaign=BGWYCEV11232021&amp;utm_id=biblegateway\/\">www.rvr60.bible<\/a><\/p><\/div>\n<\/div><\/div><\/div>\n<\/div><\/div>\n\n\n\n<p>En Mateo 21:1-11, presenciamos un momento crucial en el ministerio de Jesucristo cuando entra a Jerusal\u00e9n montado en un burro, en medio de aclamaciones de &#8220;\u00a1Hosanna al Hijo de David!&#8221; La multitud coloca mantos y ramas de palma en el suelo, reconociendo a Jes\u00fas como su Rey. Este evento cumple la profec\u00eda de Zacar\u00edas 9:9, que declara: \u00a1Al\u00e9grate mucho, hija de Si\u00f3n! \u00a1Grita de alegr\u00eda, hija de Jerusal\u00e9n! Mira, tu rey viene hacia ti, justo, victorioso y humilde. Viene montado en un burro, en un burrito, cr\u00eda de asna.&#8221; La importancia de que Jes\u00fas sea aclamado como el Rey de Sion radica en el cumplimiento de antiguas profec\u00edas y en el establecimiento de su autoridad divina.<\/p>\n\n\n\n<p>En primer lugar, la forma en que Jes\u00fas entra coincide con la profec\u00eda de Zacar\u00edas, simbolizando humildad y paz. A diferencia de los reyes terrenales que montan caballos, Jes\u00fas elige un burro, mostrando humildad y servicio. Esto significa que su reinado no es de poder terrenal y dominaci\u00f3n, sino de justicia y salvaci\u00f3n. La designaci\u00f3n &#8220;Rey de Si\u00f3n&#8221; tiene un profundo significado teol\u00f3gico. Si\u00f3n, a menudo sin\u00f3nimo de Jerusal\u00e9n, simboliza la presencia y el reinado de Dios entre su pueblo. Al proclamar a Jes\u00fas como el Rey de Si\u00f3n, las multitudes afirman su autoridad divina sobre toda la creaci\u00f3n. \u00c9l no es simplemente un l\u00edder pol\u00edtico, sino el Soberano del Reino espiritual y el fundamento de una nueva era de salvaci\u00f3n y restauraci\u00f3n.<\/p>\n\n\n\n<p>Adem\u00e1s, la entrada de Jes\u00fas en Jerusal\u00e9n marca el comienzo de su viaje hacia la cruz. A pesar de los elogios de la multitud, Jes\u00fas sab\u00eda que el camino por delante ser\u00eda de sufrimiento y sacrificio. Como el Rey de Si\u00f3n, acept\u00f3 voluntariamente su papel como el Cordero sacrificial, ofreci\u00e9ndose a s\u00ed mismo por la redenci\u00f3n de la humanidad. Su reinado trasciende el poder temporal, centr\u00e1ndose en cambio en la salvaci\u00f3n eterna.<\/p>\n\n\n\n<p>Adicionalmente, la respuesta de la multitud resalta la expectativa del pueblo jud\u00edo sobre el Mes\u00edas. Reconocieron a Jes\u00fas como el cumplimiento de su esperanza tan esperada, el Rey prometido que los liberar\u00eda de la opresi\u00f3n y establecer\u00eda el reino de Dios. Sin embargo, su comprensi\u00f3n de la misi\u00f3n del Mes\u00edas se limitaba a la liberaci\u00f3n terrenal, mientras que Jes\u00fas vino a ofrecer liberaci\u00f3n espiritual del pecado.<\/p>\n\n\n\n<p>En \u00faltima instancia, el reinado de Jes\u00fas se extiende m\u00e1s all\u00e1 de los l\u00edmites del tiempo y el espacio. \u00c9l reina como el Rey de Si\u00f3n no solo sobre un territorio f\u00edsico, sino tambi\u00e9n sobre los corazones y vidas de los creyentes en todo el mundo. Al reconocer a Jes\u00fas como nuestro Rey, nos sometemos a su autoridad, entregando nuestras vidas a su se\u00f1or\u00edo y participando en el establecimiento de su reino en la tierra.<\/p>\n\n\n\n<p><strong>Mientras reflexionas sobre su entrada triunfal en Jerusal\u00e9n, \u00bfc\u00f3mo puedes reconocer a Jes\u00fas como Rey, aceptar su reinado en tu vida y anticipar con ansias su glorioso regreso?<\/strong><\/p>\n","protected":false},"excerpt":{"rendered":"<p>Jes\u00fas, el Rey de Sion Autor: Tony Gonzalez Mateo 21:1-11 La entrada triunfal en Jerusal\u00e9n (Mr. 11.1-11;\u00a0Lc. 19.28-40;\u00a0Jn. 12.12-19) 21&nbsp;Cuando se acercaron a Jerusal\u00e9n, y vinieron a Betfag\u00e9, al monte de los Olivos, Jes\u00fas envi\u00f3 dos disc\u00edpulos,&nbsp;2&nbsp;dici\u00e9ndoles: Id a la aldea que est\u00e1 enfrente de vosotros, y luego hallar\u00e9is una asna atada, y un pollino &hellip; <a href=\"https:\/\/esp.championforest.org\/devotionals\/3-24-2024\/\" class=\"more-link\">Continue reading <span class=\"screen-reader-text\">D\u00eda Uno | Semana Santa 2024<\/span><\/a><\/p>\n","protected":false},"author":2,"featured_media":2008,"comment_status":"open","ping_status":"closed","sticky":false,"template":"","format":"standard","meta":{"footnotes":""},"categories":[6,5],"tags":[30],"class_list":["post-1977","post","type-post","status-publish","format-standard","has-post-thumbnail","hentry","category-devocionales","category-semana-santa","tag-semana-santa-2024"],"featured_image_urls_v2":{"full":["https:\/\/esp.championforest.org\/devotionals\/wp-content\/uploads\/2024\/03\/Background-easter-devo.jpg",1080,581,false],"thumbnail":["https:\/\/esp.championforest.org\/devotionals\/wp-content\/uploads\/2024\/03\/Background-easter-devo-150x150.jpg",150,150,true],"medium":["https:\/\/esp.championforest.org\/devotionals\/wp-content\/uploads\/2024\/03\/Background-easter-devo-300x161.jpg",300,161,true],"medium_large":["https:\/\/esp.championforest.org\/devotionals\/wp-content\/uploads\/2024\/03\/Background-easter-devo-768x413.jpg",768,413,true],"large":["https:\/\/esp.championforest.org\/devotionals\/wp-content\/uploads\/2024\/03\/Background-easter-devo-1024x551.jpg",900,484,true],"1536x1536":["https:\/\/esp.championforest.org\/devotionals\/wp-content\/uploads\/2024\/03\/Background-easter-devo.jpg",1080,581,false],"2048x2048":["https:\/\/esp.championforest.org\/devotionals\/wp-content\/uploads\/2024\/03\/Background-easter-devo.jpg",1080,581,false],"post-thumbnail":["https:\/\/esp.championforest.org\/devotionals\/wp-content\/uploads\/2024\/03\/Background-easter-devo.jpg",1080,581,false]},"post_excerpt_stackable_v2":"<p>Jes\u00fas, el Rey de Sion Autor: Tony Gonzalez Mateo 21:1-11 La entrada triunfal en Jerusal\u00e9n (Mr. 11.1-11;\u00a0Lc. 19.28-40;\u00a0Jn. 12.12-19) 21&nbsp;Cuando se acercaron a Jerusal\u00e9n, y vinieron a Betfag\u00e9, al monte de los Olivos, Jes\u00fas envi\u00f3 dos disc\u00edpulos,&nbsp;2&nbsp;dici\u00e9ndoles: Id a la aldea que est\u00e1 enfrente de vosotros, y luego hallar\u00e9is una asna atada, y un pollino con ella; desatadla, y tra\u00e9dmelos.&nbsp;3&nbsp;Y si alguien os dijere algo, decid: El Se\u00f1or los necesita; y luego los enviar\u00e1.&nbsp;4&nbsp;Todo esto aconteci\u00f3 para que se cumpliese lo dicho por el profeta, cuando dijo: 5&nbsp;Decid a la hija de Sion: He aqu\u00ed, tu Rey viene a ti,&hellip;<\/p>\n","category_list_v2":"<a href=\"https:\/\/esp.championforest.org\/devotionals\/category\/devocionales\/\" rel=\"category tag\">Devocionales<\/a>, <a href=\"https:\/\/esp.championforest.org\/devotionals\/category\/semana-santa\/\" rel=\"category tag\">Semana Santa<\/a>","author_info_v2":{"name":"Champion Forest","url":"https:\/\/esp.championforest.org\/devotionals\/author\/cfbcms_admin\/"},"comments_num_v2":"10 comments","yoast_head":"<!-- This site is optimized with the Yoast SEO plugin v27.3 - https:\/\/yoast.com\/product\/yoast-seo-wordpress\/ -->\n<title>D\u00eda Uno | Semana Santa 2024 - Devocionales<\/title>\n<meta name=\"robots\" content=\"index, follow, max-snippet:-1, max-image-preview:large, max-video-preview:-1\" \/>\n<link rel=\"canonical\" href=\"https:\/\/esp.championforest.org\/devotionals\/3-24-2024\/\" \/>\n<meta property=\"og:locale\" content=\"en_US\" \/>\n<meta property=\"og:type\" content=\"article\" \/>\n<meta property=\"og:title\" content=\"D\u00eda Uno | Semana Santa 2024 - Devocionales\" \/>\n<meta property=\"og:description\" content=\"Jes\u00fas, el Rey de Sion Autor: Tony Gonzalez Mateo 21:1-11 La entrada triunfal en Jerusal\u00e9n (Mr. 11.1-11;\u00a0Lc. 19.28-40;\u00a0Jn. 12.12-19) 21&nbsp;Cuando se acercaron a Jerusal\u00e9n, y vinieron a Betfag\u00e9, al monte de los Olivos, Jes\u00fas envi\u00f3 dos disc\u00edpulos,&nbsp;2&nbsp;dici\u00e9ndoles: Id a la aldea que est\u00e1 enfrente de vosotros, y luego hallar\u00e9is una asna atada, y un pollino &hellip; Continue reading D\u00eda Uno | Semana Santa 2024\" \/>\n<meta property=\"og:url\" content=\"https:\/\/esp.championforest.org\/devotionals\/3-24-2024\/\" \/>\n<meta property=\"og:site_name\" content=\"Devocionales\" \/>\n<meta property=\"article:published_time\" content=\"2024-03-24T05:03:33+00:00\" \/>\n<meta property=\"article:modified_time\" content=\"2024-03-24T14:41:18+00:00\" \/>\n<meta property=\"og:image\" content=\"https:\/\/esp.championforest.org\/devotionals\/wp-content\/uploads\/2024\/03\/Background-easter-devo.jpg\" \/>\n\t<meta property=\"og:image:width\" content=\"1080\" \/>\n\t<meta property=\"og:image:height\" content=\"581\" \/>\n\t<meta property=\"og:image:type\" content=\"image\/jpeg\" \/>\n<meta name=\"author\" content=\"Champion Forest\" \/>\n<meta name=\"twitter:card\" content=\"summary_large_image\" \/>\n<meta name=\"twitter:label1\" content=\"Written by\" \/>\n\t<meta name=\"twitter:data1\" content=\"Champion Forest\" \/>\n\t<meta name=\"twitter:label2\" content=\"Est. reading time\" \/>\n\t<meta name=\"twitter:data2\" content=\"4 minutes\" \/>\n<script type=\"application\/ld+json\" class=\"yoast-schema-graph\">{\"@context\":\"https:\\\/\\\/schema.org\",\"@graph\":[{\"@type\":\"Article\",\"@id\":\"https:\\\/\\\/esp.championforest.org\\\/devotionals\\\/3-24-2024\\\/#article\",\"isPartOf\":{\"@id\":\"https:\\\/\\\/esp.championforest.org\\\/devotionals\\\/3-24-2024\\\/\"},\"author\":{\"name\":\"Champion Forest\",\"@id\":\"https:\\\/\\\/esp.championforest.org\\\/devotionals\\\/#\\\/schema\\\/person\\\/0d7b32cb6698781087962c699912c666\"},\"headline\":\"D\u00eda Uno | Semana Santa 2024\",\"datePublished\":\"2024-03-24T05:03:33+00:00\",\"dateModified\":\"2024-03-24T14:41:18+00:00\",\"mainEntityOfPage\":{\"@id\":\"https:\\\/\\\/esp.championforest.org\\\/devotionals\\\/3-24-2024\\\/\"},\"wordCount\":861,\"commentCount\":10,\"image\":{\"@id\":\"https:\\\/\\\/esp.championforest.org\\\/devotionals\\\/3-24-2024\\\/#primaryimage\"},\"thumbnailUrl\":\"https:\\\/\\\/esp.championforest.org\\\/devotionals\\\/wp-content\\\/uploads\\\/2024\\\/03\\\/Background-easter-devo.jpg\",\"keywords\":[\"Semana Santa 2024\"],\"articleSection\":[\"Devocionales\",\"Semana Santa\"],\"inLanguage\":\"en-US\",\"potentialAction\":[{\"@type\":\"CommentAction\",\"name\":\"Comment\",\"target\":[\"https:\\\/\\\/esp.championforest.org\\\/devotionals\\\/3-24-2024\\\/#respond\"]}]},{\"@type\":\"WebPage\",\"@id\":\"https:\\\/\\\/esp.championforest.org\\\/devotionals\\\/3-24-2024\\\/\",\"url\":\"https:\\\/\\\/esp.championforest.org\\\/devotionals\\\/3-24-2024\\\/\",\"name\":\"D\u00eda Uno | Semana Santa 2024 - Devocionales\",\"isPartOf\":{\"@id\":\"https:\\\/\\\/esp.championforest.org\\\/devotionals\\\/#website\"},\"primaryImageOfPage\":{\"@id\":\"https:\\\/\\\/esp.championforest.org\\\/devotionals\\\/3-24-2024\\\/#primaryimage\"},\"image\":{\"@id\":\"https:\\\/\\\/esp.championforest.org\\\/devotionals\\\/3-24-2024\\\/#primaryimage\"},\"thumbnailUrl\":\"https:\\\/\\\/esp.championforest.org\\\/devotionals\\\/wp-content\\\/uploads\\\/2024\\\/03\\\/Background-easter-devo.jpg\",\"datePublished\":\"2024-03-24T05:03:33+00:00\",\"dateModified\":\"2024-03-24T14:41:18+00:00\",\"author\":{\"@id\":\"https:\\\/\\\/esp.championforest.org\\\/devotionals\\\/#\\\/schema\\\/person\\\/0d7b32cb6698781087962c699912c666\"},\"breadcrumb\":{\"@id\":\"https:\\\/\\\/esp.championforest.org\\\/devotionals\\\/3-24-2024\\\/#breadcrumb\"},\"inLanguage\":\"en-US\",\"potentialAction\":[{\"@type\":\"ReadAction\",\"target\":[\"https:\\\/\\\/esp.championforest.org\\\/devotionals\\\/3-24-2024\\\/\"]}]},{\"@type\":\"ImageObject\",\"inLanguage\":\"en-US\",\"@id\":\"https:\\\/\\\/esp.championforest.org\\\/devotionals\\\/3-24-2024\\\/#primaryimage\",\"url\":\"https:\\\/\\\/esp.championforest.org\\\/devotionals\\\/wp-content\\\/uploads\\\/2024\\\/03\\\/Background-easter-devo.jpg\",\"contentUrl\":\"https:\\\/\\\/esp.championforest.org\\\/devotionals\\\/wp-content\\\/uploads\\\/2024\\\/03\\\/Background-easter-devo.jpg\",\"width\":1080,\"height\":581},{\"@type\":\"BreadcrumbList\",\"@id\":\"https:\\\/\\\/esp.championforest.org\\\/devotionals\\\/3-24-2024\\\/#breadcrumb\",\"itemListElement\":[{\"@type\":\"ListItem\",\"position\":1,\"name\":\"Casa\",\"item\":\"https:\\\/\\\/esp.championforest.org\\\/devotionals\\\/\"},{\"@type\":\"ListItem\",\"position\":2,\"name\":\"D\u00eda Uno | Semana Santa 2024\"}]},{\"@type\":\"WebSite\",\"@id\":\"https:\\\/\\\/esp.championforest.org\\\/devotionals\\\/#website\",\"url\":\"https:\\\/\\\/esp.championforest.org\\\/devotionals\\\/\",\"name\":\"Devocionales\",\"description\":\"\",\"potentialAction\":[{\"@type\":\"SearchAction\",\"target\":{\"@type\":\"EntryPoint\",\"urlTemplate\":\"https:\\\/\\\/esp.championforest.org\\\/devotionals\\\/?s={search_term_string}\"},\"query-input\":{\"@type\":\"PropertyValueSpecification\",\"valueRequired\":true,\"valueName\":\"search_term_string\"}}],\"inLanguage\":\"en-US\"},{\"@type\":\"Person\",\"@id\":\"https:\\\/\\\/esp.championforest.org\\\/devotionals\\\/#\\\/schema\\\/person\\\/0d7b32cb6698781087962c699912c666\",\"name\":\"Champion Forest\",\"image\":{\"@type\":\"ImageObject\",\"inLanguage\":\"en-US\",\"@id\":\"https:\\\/\\\/secure.gravatar.com\\\/avatar\\\/978ba5d6180fa65624708e969f442efde16543b129f0679a2cb301024d170062?s=96&d=mm&r=g\",\"url\":\"https:\\\/\\\/secure.gravatar.com\\\/avatar\\\/978ba5d6180fa65624708e969f442efde16543b129f0679a2cb301024d170062?s=96&d=mm&r=g\",\"contentUrl\":\"https:\\\/\\\/secure.gravatar.com\\\/avatar\\\/978ba5d6180fa65624708e969f442efde16543b129f0679a2cb301024d170062?s=96&d=mm&r=g\",\"caption\":\"Champion Forest\"},\"url\":\"https:\\\/\\\/esp.championforest.org\\\/devotionals\\\/author\\\/cfbcms_admin\\\/\"}]}<\/script>\n<!-- \/ Yoast SEO plugin. -->","yoast_head_json":{"title":"D\u00eda Uno | Semana Santa 2024 - Devocionales","robots":{"index":"index","follow":"follow","max-snippet":"max-snippet:-1","max-image-preview":"max-image-preview:large","max-video-preview":"max-video-preview:-1"},"canonical":"https:\/\/esp.championforest.org\/devotionals\/3-24-2024\/","og_locale":"en_US","og_type":"article","og_title":"D\u00eda Uno | Semana Santa 2024 - Devocionales","og_description":"Jes\u00fas, el Rey de Sion Autor: Tony Gonzalez Mateo 21:1-11 La entrada triunfal en Jerusal\u00e9n (Mr. 11.1-11;\u00a0Lc. 19.28-40;\u00a0Jn. 12.12-19) 21&nbsp;Cuando se acercaron a Jerusal\u00e9n, y vinieron a Betfag\u00e9, al monte de los Olivos, Jes\u00fas envi\u00f3 dos disc\u00edpulos,&nbsp;2&nbsp;dici\u00e9ndoles: Id a la aldea que est\u00e1 enfrente de vosotros, y luego hallar\u00e9is una asna atada, y un pollino &hellip; Continue reading D\u00eda Uno | Semana Santa 2024","og_url":"https:\/\/esp.championforest.org\/devotionals\/3-24-2024\/","og_site_name":"Devocionales","article_published_time":"2024-03-24T05:03:33+00:00","article_modified_time":"2024-03-24T14:41:18+00:00","og_image":[{"width":1080,"height":581,"url":"https:\/\/esp.championforest.org\/devotionals\/wp-content\/uploads\/2024\/03\/Background-easter-devo.jpg","type":"image\/jpeg"}],"author":"Champion Forest","twitter_card":"summary_large_image","twitter_misc":{"Written by":"Champion Forest","Est. reading time":"4 minutes"},"schema":{"@context":"https:\/\/schema.org","@graph":[{"@type":"Article","@id":"https:\/\/esp.championforest.org\/devotionals\/3-24-2024\/#article","isPartOf":{"@id":"https:\/\/esp.championforest.org\/devotionals\/3-24-2024\/"},"author":{"name":"Champion Forest","@id":"https:\/\/esp.championforest.org\/devotionals\/#\/schema\/person\/0d7b32cb6698781087962c699912c666"},"headline":"D\u00eda Uno | Semana Santa 2024","datePublished":"2024-03-24T05:03:33+00:00","dateModified":"2024-03-24T14:41:18+00:00","mainEntityOfPage":{"@id":"https:\/\/esp.championforest.org\/devotionals\/3-24-2024\/"},"wordCount":861,"commentCount":10,"image":{"@id":"https:\/\/esp.championforest.org\/devotionals\/3-24-2024\/#primaryimage"},"thumbnailUrl":"https:\/\/esp.championforest.org\/devotionals\/wp-content\/uploads\/2024\/03\/Background-easter-devo.jpg","keywords":["Semana Santa 2024"],"articleSection":["Devocionales","Semana Santa"],"inLanguage":"en-US","potentialAction":[{"@type":"CommentAction","name":"Comment","target":["https:\/\/esp.championforest.org\/devotionals\/3-24-2024\/#respond"]}]},{"@type":"WebPage","@id":"https:\/\/esp.championforest.org\/devotionals\/3-24-2024\/","url":"https:\/\/esp.championforest.org\/devotionals\/3-24-2024\/","name":"D\u00eda Uno | Semana Santa 2024 - Devocionales","isPartOf":{"@id":"https:\/\/esp.championforest.org\/devotionals\/#website"},"primaryImageOfPage":{"@id":"https:\/\/esp.championforest.org\/devotionals\/3-24-2024\/#primaryimage"},"image":{"@id":"https:\/\/esp.championforest.org\/devotionals\/3-24-2024\/#primaryimage"},"thumbnailUrl":"https:\/\/esp.championforest.org\/devotionals\/wp-content\/uploads\/2024\/03\/Background-easter-devo.jpg","datePublished":"2024-03-24T05:03:33+00:00","dateModified":"2024-03-24T14:41:18+00:00","author":{"@id":"https:\/\/esp.championforest.org\/devotionals\/#\/schema\/person\/0d7b32cb6698781087962c699912c666"},"breadcrumb":{"@id":"https:\/\/esp.championforest.org\/devotionals\/3-24-2024\/#breadcrumb"},"inLanguage":"en-US","potentialAction":[{"@type":"ReadAction","target":["https:\/\/esp.championforest.org\/devotionals\/3-24-2024\/"]}]},{"@type":"ImageObject","inLanguage":"en-US","@id":"https:\/\/esp.championforest.org\/devotionals\/3-24-2024\/#primaryimage","url":"https:\/\/esp.championforest.org\/devotionals\/wp-content\/uploads\/2024\/03\/Background-easter-devo.jpg","contentUrl":"https:\/\/esp.championforest.org\/devotionals\/wp-content\/uploads\/2024\/03\/Background-easter-devo.jpg","width":1080,"height":581},{"@type":"BreadcrumbList","@id":"https:\/\/esp.championforest.org\/devotionals\/3-24-2024\/#breadcrumb","itemListElement":[{"@type":"ListItem","position":1,"name":"Casa","item":"https:\/\/esp.championforest.org\/devotionals\/"},{"@type":"ListItem","position":2,"name":"D\u00eda Uno | Semana Santa 2024"}]},{"@type":"WebSite","@id":"https:\/\/esp.championforest.org\/devotionals\/#website","url":"https:\/\/esp.championforest.org\/devotionals\/","name":"Devocionales","description":"","potentialAction":[{"@type":"SearchAction","target":{"@type":"EntryPoint","urlTemplate":"https:\/\/esp.championforest.org\/devotionals\/?s={search_term_string}"},"query-input":{"@type":"PropertyValueSpecification","valueRequired":true,"valueName":"search_term_string"}}],"inLanguage":"en-US"},{"@type":"Person","@id":"https:\/\/esp.championforest.org\/devotionals\/#\/schema\/person\/0d7b32cb6698781087962c699912c666","name":"Champion Forest","image":{"@type":"ImageObject","inLanguage":"en-US","@id":"https:\/\/secure.gravatar.com\/avatar\/978ba5d6180fa65624708e969f442efde16543b129f0679a2cb301024d170062?s=96&d=mm&r=g","url":"https:\/\/secure.gravatar.com\/avatar\/978ba5d6180fa65624708e969f442efde16543b129f0679a2cb301024d170062?s=96&d=mm&r=g","contentUrl":"https:\/\/secure.gravatar.com\/avatar\/978ba5d6180fa65624708e969f442efde16543b129f0679a2cb301024d170062?s=96&d=mm&r=g","caption":"Champion Forest"},"url":"https:\/\/esp.championforest.org\/devotionals\/author\/cfbcms_admin\/"}]}},"_links":{"self":[{"href":"https:\/\/esp.championforest.org\/devotionals\/wp-json\/wp\/v2\/posts\/1977","targetHints":{"allow":["GET"]}}],"collection":[{"href":"https:\/\/esp.championforest.org\/devotionals\/wp-json\/wp\/v2\/posts"}],"about":[{"href":"https:\/\/esp.championforest.org\/devotionals\/wp-json\/wp\/v2\/types\/post"}],"author":[{"embeddable":true,"href":"https:\/\/esp.championforest.org\/devotionals\/wp-json\/wp\/v2\/users\/2"}],"replies":[{"embeddable":true,"href":"https:\/\/esp.championforest.org\/devotionals\/wp-json\/wp\/v2\/comments?post=1977"}],"version-history":[{"count":2,"href":"https:\/\/esp.championforest.org\/devotionals\/wp-json\/wp\/v2\/posts\/1977\/revisions"}],"predecessor-version":[{"id":1979,"href":"https:\/\/esp.championforest.org\/devotionals\/wp-json\/wp\/v2\/posts\/1977\/revisions\/1979"}],"wp:featuredmedia":[{"embeddable":true,"href":"https:\/\/esp.championforest.org\/devotionals\/wp-json\/wp\/v2\/media\/2008"}],"wp:attachment":[{"href":"https:\/\/esp.championforest.org\/devotionals\/wp-json\/wp\/v2\/media?parent=1977"}],"wp:term":[{"taxonomy":"category","embeddable":true,"href":"https:\/\/esp.championforest.org\/devotionals\/wp-json\/wp\/v2\/categories?post=1977"},{"taxonomy":"post_tag","embeddable":true,"href":"https:\/\/esp.championforest.org\/devotionals\/wp-json\/wp\/v2\/tags?post=1977"}],"curies":[{"name":"wp","href":"https:\/\/api.w.org\/{rel}","templated":true}]}}