{"id":1964,"date":"2024-02-01T00:03:37","date_gmt":"2024-02-01T06:03:37","guid":{"rendered":"https:\/\/esp.championforest.org\/devotionals\/?p=1964"},"modified":"2024-01-26T13:21:40","modified_gmt":"2024-01-26T19:21:40","slug":"2-1-2024","status":"publish","type":"post","link":"https:\/\/esp.championforest.org\/devotionals\/2-1-2024\/","title":{"rendered":"D\u00eda Veinticinco | El Libro de Hechos"},"content":{"rendered":"\n<p><span style=\"color: #000000;\" class=\"stk-highlight\">Devocional por<\/span> <span style=\"color: #000000;\" class=\"stk-highlight\"><span style=\"color: #000000;\" class=\"stk-highlight\"><span style=\"color: #000000;\" class=\"stk-highlight\">Adam Pemberton<\/span><\/span><\/span><\/p>\n\n\n\n<div class=\"wp-block-group\"><div class=\"wp-block-group__inner-container is-layout-constrained wp-block-group-is-layout-constrained\">\n<div class=\"wp-block-stackable-hero stk-block-hero stk-block stk-bb37f46 is-style-default\" data-v=\"2\" data-block-id=\"bb37f46\"><style>.stk-bb37f46-inner-blocks{justify-content:center !important}.stk-bb37f46-container{background-color:#f7f7f7 !important}.stk-bb37f46-container:before{background-color:#f7f7f7 !important}.stk-bb37f46 .stk-block-hero__content{min-height:500px !important;align-items:center !important;display:flex !important}<\/style><div class=\"stk-block-hero__content stk-content-align stk-bb37f46-column stk-container stk-bb37f46-container stk-hover-parent\"><div class=\"stk-block-content stk-inner-blocks has-text-align-left stk--column-flex stk-bb37f46-inner-blocks\">\n<div class=\"wp-block-stackable-heading stk-block-heading stk-block-heading--v2 stk-block stk-4fd618f\" id=\"hechos-25\" data-block-id=\"4fd618f\"><style>.stk-4fd618f{margin-bottom:1px !important}<\/style><h4 class=\"stk-block-heading__text\">Hechos 25<\/h4><\/div>\n\n\n\n<h5 class=\"wp-block-heading\">Pablo apela a C\u00e9sar<\/h5>\n\n\n\n<p><strong>25&nbsp;<\/strong>Llegado, pues, Festo a la provincia, subi\u00f3 de Cesarea a Jerusal\u00e9n tres d\u00edas despu\u00e9s.&nbsp;<sup>2&nbsp;<\/sup>Y los principales sacerdotes y los m\u00e1s influyentes de los jud\u00edos se presentaron ante \u00e9l contra Pablo, y le rogaron,&nbsp;<sup>3&nbsp;<\/sup>pidiendo contra \u00e9l, como gracia, que le hiciese traer a Jerusal\u00e9n; preparando ellos una celada para matarle en el camino.&nbsp;<sup>4&nbsp;<\/sup>Pero Festo respondi\u00f3 que Pablo estaba custodiado en Cesarea, adonde \u00e9l mismo partir\u00eda en breve.&nbsp;<sup>5&nbsp;<\/sup>Los que de vosotros puedan, dijo, desciendan conmigo, y si hay alg\u00fan crimen en este hombre, ac\u00fasenle.<\/p>\n\n\n\n<p><sup>6&nbsp;<\/sup>Y deteni\u00e9ndose entre ellos no m\u00e1s de ocho o diez d\u00edas, venido a Cesarea, al siguiente d\u00eda se sent\u00f3 en el tribunal, y mand\u00f3 que fuese tra\u00eddo Pablo.&nbsp;<sup>7&nbsp;<\/sup>Cuando este lleg\u00f3, lo rodearon los jud\u00edos que hab\u00edan venido de Jerusal\u00e9n, presentando contra \u00e9l muchas y graves acusaciones, las cuales no pod\u00edan probar;&nbsp;<sup>8&nbsp;<\/sup>alegando Pablo en su defensa: Ni contra la ley de los jud\u00edos, ni contra el templo, ni contra C\u00e9sar he pecado en nada.&nbsp;<sup>9&nbsp;<\/sup>Pero Festo, queriendo congraciarse con los jud\u00edos, respondiendo a Pablo dijo: \u00bfQuieres subir a Jerusal\u00e9n, y all\u00e1 ser juzgado de estas cosas delante de m\u00ed?&nbsp;<sup>10&nbsp;<\/sup>Pablo dijo: Ante el tribunal de C\u00e9sar estoy, donde debo ser juzgado. A los jud\u00edos no les he hecho ning\u00fan agravio, como t\u00fa sabes muy bien.&nbsp;<sup>11&nbsp;<\/sup>Porque si alg\u00fan agravio, o cosa alguna digna de muerte he hecho, no reh\u00faso morir; pero si nada hay de las cosas de que estos me acusan, nadie puede entregarme a ellos. A C\u00e9sar apelo.&nbsp;<sup>12&nbsp;<\/sup>Entonces Festo, habiendo hablado con el consejo, respondi\u00f3: A C\u00e9sar has apelado; a C\u00e9sar ir\u00e1s.<\/p>\n\n\n\n<h5 class=\"wp-block-heading\">Pablo ante Agripa y Berenice<\/h5>\n\n\n\n<p><sup>13&nbsp;<\/sup>Pasados algunos d\u00edas, el rey Agripa y Berenice vinieron a Cesarea para saludar a Festo.&nbsp;<sup>14&nbsp;<\/sup>Y como estuvieron all\u00ed muchos d\u00edas, Festo expuso al rey la causa de Pablo, diciendo: Un hombre ha sido dejado preso por F\u00e9lix,&nbsp;<sup>15&nbsp;<\/sup>respecto al cual, cuando fui a Jerusal\u00e9n, se me presentaron los principales sacerdotes y los ancianos de los jud\u00edos, pidiendo condenaci\u00f3n contra \u00e9l.&nbsp;<sup>16&nbsp;<\/sup>A estos respond\u00ed que no es costumbre de los romanos entregar alguno a la muerte antes que el acusado tenga delante a sus acusadores, y pueda defenderse de la acusaci\u00f3n.&nbsp;<sup>17&nbsp;<\/sup>As\u00ed que, habiendo venido ellos juntos ac\u00e1, sin ninguna dilaci\u00f3n, al d\u00eda siguiente, sentado en el tribunal, mand\u00e9 traer al hombre.&nbsp;<sup>18&nbsp;<\/sup>Y estando presentes los acusadores, ning\u00fan cargo presentaron de los que yo sospechaba,&nbsp;<sup>19&nbsp;<\/sup>sino que ten\u00edan contra \u00e9l ciertas cuestiones acerca de su religi\u00f3n, y de un cierto Jes\u00fas, ya muerto, el que Pablo afirmaba estar vivo.&nbsp;<sup>20&nbsp;<\/sup>Yo, dudando en cuesti\u00f3n semejante, le pregunt\u00e9 si quer\u00eda ir a Jerusal\u00e9n y all\u00e1 ser juzgado de estas cosas.&nbsp;<sup>21&nbsp;<\/sup>Mas como Pablo apel\u00f3 para que se le reservase para el conocimiento de Augusto, mand\u00e9 que le custodiasen hasta que le enviara yo a C\u00e9sar.&nbsp;<sup>22&nbsp;<\/sup>Entonces Agripa dijo a Festo: Yo tambi\u00e9n quisiera o\u00edr a ese hombre. Y \u00e9l le dijo: Ma\u00f1ana le oir\u00e1s.<\/p>\n\n\n\n<p><sup>23&nbsp;<\/sup>Al otro d\u00eda, viniendo Agripa y Berenice con mucha pompa, y entrando en la audiencia con los tribunos y principales hombres de la ciudad, por mandato de Festo fue tra\u00eddo Pablo.&nbsp;<sup>24&nbsp;<\/sup>Entonces Festo dijo: Rey Agripa, y todos los varones que est\u00e1is aqu\u00ed juntos con nosotros, aqu\u00ed ten\u00e9is a este hombre, respecto del cual toda la multitud de los jud\u00edos me ha demandado en Jerusal\u00e9n y aqu\u00ed, dando voces que no debe vivir m\u00e1s.&nbsp;<sup>25&nbsp;<\/sup>Pero yo, hallando que ninguna cosa digna de muerte ha hecho, y como \u00e9l mismo apel\u00f3 a Augusto, he determinado enviarle a \u00e9l.&nbsp;<sup>26&nbsp;<\/sup>Como no tengo cosa cierta que escribir a mi se\u00f1or, le he tra\u00eddo ante vosotros, y mayormente ante ti, oh rey Agripa, para que despu\u00e9s de examinarle, tenga yo qu\u00e9 escribir.&nbsp;<sup>27&nbsp;<\/sup>Porque me parece fuera de raz\u00f3n enviar un preso, y no informar de los cargos que haya en su contra.<\/p>\n\n\n\n<div class=\"wp-block-stackable-text stk-block-text stk-block stk-3f49bf1 stk-block-background\" data-block-id=\"3f49bf1\"><style>.stk-3f49bf1 .stk-block-text__text{font-size:13px !important}@media screen and (max-width:1023px){.stk-3f49bf1 .stk-block-text__text{font-size:13px !important}}<\/style><p class=\"stk-block-text__text\">Reina-Valera 1960 \u00ae \u00a9 Sociedades B\u00edblicas en Am\u00e9rica Latina, 1960. Renovado \u00a9 Sociedades B\u00edblicas Unidas, 1988. Utilizado con permiso. Si desea m\u00e1s informaci\u00f3n visite&nbsp;<a href=\"https:\/\/www.americanbible.org\/\">americanbible.org<\/a>,&nbsp;<a href=\"https:\/\/www.unitedbiblesocieties.org\/\">unitedbiblesocieties.org<\/a>,&nbsp;<a href=\"https:\/\/www.vivelabiblia.com\/\">vivelabiblia.com<\/a>,&nbsp;<a href=\"http:\/\/unitedbiblesocieties.org\/es\/casa\/\">unitedbiblesocieties.org\/es\/casa\/<\/a>,&nbsp;<a href=\"https:\/\/rvr60.bible\/?utm_source=website&amp;utm_medium=link&amp;utm_campaign=BGWYCEV11232021&amp;utm_id=biblegateway\/\">www.rvr60.bible<\/a><\/p><\/div>\n<\/div><\/div><\/div>\n<\/div><\/div>\n\n\n\n<p>\u00a1Qu\u00e9 gran ejemplo de valent\u00eda vemos hoy al proclamar a Cristo en medio de la adversidad! En Hechos 25, el ap\u00f3stol Pablo se encuentra ante el gobernador romano, Festo, y el rey Agripa, enfrentando acusaciones falsas y juicios injustos. El punto principal de este pasaje gira en torno a la fe inquebrantable de Pablo en el prop\u00f3sito de Dios a pesar de la adversidad que estaba enfrentando. A lo largo de las pruebas, Pablo permanece firme, proclamando con seguridad y denuedo la verdad y el mensaje de salvaci\u00f3n en Cristo.<\/p>\n\n\n\n<p>La narrativa plantea preguntas sobre la naturaleza de la fe cuando se enfrenta a la adversidad y c\u00f3mo los creyentes deben responder a las acusaciones falsas y a la persecuci\u00f3n. Comprender el contexto hist\u00f3rico y pol\u00edtico de los juicios de Pablo proporciona una idea de los desaf\u00edos que enfrentaron los primeros cristianos al navegar por sistemas legales complejos.<\/p>\n\n\n\n<p>&nbsp;El ejemplo de Pablo deber\u00eda desafiarnos a cultivar una fe inquebrantable durante las pruebas de la vida. Cuando nos enfrentamos a oposici\u00f3n o acusaciones falsas, estamos llamados a emular la audacia de Pablo y la confianza en la providencia de Dios. Permita que este pasaje le lleve a reflexionar sobre su respuesta a la injusticia y la persecuci\u00f3n, anim\u00e1ndole a confiar en la oraci\u00f3n, proclamar la verdad y creer en el plan supremo de Dios para su vida.<\/p>\n\n\n\n<p>&nbsp;Al enfrentar la adversidad, que su fe en Cristo brille intensamente, revelando el poder transformador de una confianza firme en el Se\u00f1or. El viaje de Pablo sirve como un poderoso recordatorio de que, incluso frente a la injusticia, tu fe puede permanecer firme, anclada en la promesa inquebrantable de la providencia y el prop\u00f3sito de Dios.<\/p>\n\n\n\n<p><strong><em>&nbsp;\u00bfC\u00f3mo puedes reflejar en tu vida la valent\u00eda que Pablo mostr\u00f3 en Hechos 25?<\/em><\/strong><\/p>\n","protected":false},"excerpt":{"rendered":"<p>Devocional por Adam Pemberton Hechos 25 Pablo apela a C\u00e9sar 25&nbsp;Llegado, pues, Festo a la provincia, subi\u00f3 de Cesarea a Jerusal\u00e9n tres d\u00edas despu\u00e9s.&nbsp;2&nbsp;Y los principales sacerdotes y los m\u00e1s influyentes de los jud\u00edos se presentaron ante \u00e9l contra Pablo, y le rogaron,&nbsp;3&nbsp;pidiendo contra \u00e9l, como gracia, que le hiciese traer a Jerusal\u00e9n; preparando ellos &hellip; <a href=\"https:\/\/esp.championforest.org\/devotionals\/2-1-2024\/\" class=\"more-link\">Continue reading <span class=\"screen-reader-text\">D\u00eda Veinticinco | El Libro de Hechos<\/span><\/a><\/p>\n","protected":false},"author":2,"featured_media":1834,"comment_status":"open","ping_status":"closed","sticky":false,"template":"","format":"standard","meta":{"footnotes":""},"categories":[6,29],"tags":[28],"class_list":["post-1964","post","type-post","status-publish","format-standard","has-post-thumbnail","hentry","category-devocionales","category-hechos","tag-hechos"],"featured_image_urls_v2":{"full":["https:\/\/esp.championforest.org\/devotionals\/wp-content\/uploads\/2023\/12\/Acts-BG.jpg",1080,581,false],"thumbnail":["https:\/\/esp.championforest.org\/devotionals\/wp-content\/uploads\/2023\/12\/Acts-BG-150x150.jpg",150,150,true],"medium":["https:\/\/esp.championforest.org\/devotionals\/wp-content\/uploads\/2023\/12\/Acts-BG-300x161.jpg",300,161,true],"medium_large":["https:\/\/esp.championforest.org\/devotionals\/wp-content\/uploads\/2023\/12\/Acts-BG-768x413.jpg",768,413,true],"large":["https:\/\/esp.championforest.org\/devotionals\/wp-content\/uploads\/2023\/12\/Acts-BG-1024x551.jpg",900,484,true],"1536x1536":["https:\/\/esp.championforest.org\/devotionals\/wp-content\/uploads\/2023\/12\/Acts-BG.jpg",1080,581,false],"2048x2048":["https:\/\/esp.championforest.org\/devotionals\/wp-content\/uploads\/2023\/12\/Acts-BG.jpg",1080,581,false],"post-thumbnail":["https:\/\/esp.championforest.org\/devotionals\/wp-content\/uploads\/2023\/12\/Acts-BG.jpg",1080,581,false]},"post_excerpt_stackable_v2":"<p>Devocional por Adam Pemberton Hechos 25 Pablo apela a C\u00e9sar 25&nbsp;Llegado, pues, Festo a la provincia, subi\u00f3 de Cesarea a Jerusal\u00e9n tres d\u00edas despu\u00e9s.&nbsp;2&nbsp;Y los principales sacerdotes y los m\u00e1s influyentes de los jud\u00edos se presentaron ante \u00e9l contra Pablo, y le rogaron,&nbsp;3&nbsp;pidiendo contra \u00e9l, como gracia, que le hiciese traer a Jerusal\u00e9n; preparando ellos una celada para matarle en el camino.&nbsp;4&nbsp;Pero Festo respondi\u00f3 que Pablo estaba custodiado en Cesarea, adonde \u00e9l mismo partir\u00eda en breve.&nbsp;5&nbsp;Los que de vosotros puedan, dijo, desciendan conmigo, y si hay alg\u00fan crimen en este hombre, ac\u00fasenle. 6&nbsp;Y deteni\u00e9ndose entre ellos no m\u00e1s de ocho&hellip;<\/p>\n","category_list_v2":"<a href=\"https:\/\/esp.championforest.org\/devotionals\/category\/devocionales\/\" rel=\"category tag\">Devocionales<\/a>, <a href=\"https:\/\/esp.championforest.org\/devotionals\/category\/hechos\/\" rel=\"category tag\">Hechos<\/a>","author_info_v2":{"name":"Champion Forest","url":"https:\/\/esp.championforest.org\/devotionals\/author\/cfbcms_admin\/"},"comments_num_v2":"3 comments","yoast_head":"<!-- This site is optimized with the Yoast SEO plugin v27.3 - https:\/\/yoast.com\/product\/yoast-seo-wordpress\/ -->\n<title>D\u00eda Veinticinco | El Libro de Hechos - Devocionales<\/title>\n<meta name=\"robots\" content=\"index, follow, max-snippet:-1, max-image-preview:large, max-video-preview:-1\" \/>\n<link rel=\"canonical\" href=\"https:\/\/esp.championforest.org\/devotionals\/2-1-2024\/\" \/>\n<meta property=\"og:locale\" content=\"en_US\" \/>\n<meta property=\"og:type\" content=\"article\" \/>\n<meta property=\"og:title\" content=\"D\u00eda Veinticinco | El Libro de Hechos - Devocionales\" \/>\n<meta property=\"og:description\" content=\"Devocional por Adam Pemberton Hechos 25 Pablo apela a C\u00e9sar 25&nbsp;Llegado, pues, Festo a la provincia, subi\u00f3 de Cesarea a Jerusal\u00e9n tres d\u00edas despu\u00e9s.&nbsp;2&nbsp;Y los principales sacerdotes y los m\u00e1s influyentes de los jud\u00edos se presentaron ante \u00e9l contra Pablo, y le rogaron,&nbsp;3&nbsp;pidiendo contra \u00e9l, como gracia, que le hiciese traer a Jerusal\u00e9n; preparando ellos &hellip; Continue reading D\u00eda Veinticinco | El Libro de Hechos\" \/>\n<meta property=\"og:url\" content=\"https:\/\/esp.championforest.org\/devotionals\/2-1-2024\/\" \/>\n<meta property=\"og:site_name\" content=\"Devocionales\" \/>\n<meta property=\"article:published_time\" content=\"2024-02-01T06:03:37+00:00\" \/>\n<meta property=\"og:image\" content=\"https:\/\/esp.championforest.org\/devotionals\/wp-content\/uploads\/2023\/12\/Acts-BG.jpg\" \/>\n\t<meta property=\"og:image:width\" content=\"1080\" \/>\n\t<meta property=\"og:image:height\" content=\"581\" \/>\n\t<meta property=\"og:image:type\" content=\"image\/jpeg\" \/>\n<meta name=\"author\" content=\"Champion Forest\" \/>\n<meta name=\"twitter:card\" content=\"summary_large_image\" \/>\n<meta name=\"twitter:label1\" content=\"Written by\" \/>\n\t<meta name=\"twitter:data1\" content=\"Champion Forest\" \/>\n\t<meta name=\"twitter:label2\" content=\"Est. reading time\" \/>\n\t<meta name=\"twitter:data2\" content=\"5 minutes\" \/>\n<script type=\"application\/ld+json\" class=\"yoast-schema-graph\">{\"@context\":\"https:\\\/\\\/schema.org\",\"@graph\":[{\"@type\":\"Article\",\"@id\":\"https:\\\/\\\/esp.championforest.org\\\/devotionals\\\/2-1-2024\\\/#article\",\"isPartOf\":{\"@id\":\"https:\\\/\\\/esp.championforest.org\\\/devotionals\\\/2-1-2024\\\/\"},\"author\":{\"name\":\"Champion Forest\",\"@id\":\"https:\\\/\\\/esp.championforest.org\\\/devotionals\\\/#\\\/schema\\\/person\\\/0d7b32cb6698781087962c699912c666\"},\"headline\":\"D\u00eda Veinticinco | El Libro de Hechos\",\"datePublished\":\"2024-02-01T06:03:37+00:00\",\"mainEntityOfPage\":{\"@id\":\"https:\\\/\\\/esp.championforest.org\\\/devotionals\\\/2-1-2024\\\/\"},\"wordCount\":1113,\"commentCount\":3,\"image\":{\"@id\":\"https:\\\/\\\/esp.championforest.org\\\/devotionals\\\/2-1-2024\\\/#primaryimage\"},\"thumbnailUrl\":\"https:\\\/\\\/esp.championforest.org\\\/devotionals\\\/wp-content\\\/uploads\\\/2023\\\/12\\\/Acts-BG.jpg\",\"keywords\":[\"Hechos\"],\"articleSection\":[\"Devocionales\",\"Hechos\"],\"inLanguage\":\"en-US\",\"potentialAction\":[{\"@type\":\"CommentAction\",\"name\":\"Comment\",\"target\":[\"https:\\\/\\\/esp.championforest.org\\\/devotionals\\\/2-1-2024\\\/#respond\"]}]},{\"@type\":\"WebPage\",\"@id\":\"https:\\\/\\\/esp.championforest.org\\\/devotionals\\\/2-1-2024\\\/\",\"url\":\"https:\\\/\\\/esp.championforest.org\\\/devotionals\\\/2-1-2024\\\/\",\"name\":\"D\u00eda Veinticinco | El Libro de Hechos - Devocionales\",\"isPartOf\":{\"@id\":\"https:\\\/\\\/esp.championforest.org\\\/devotionals\\\/#website\"},\"primaryImageOfPage\":{\"@id\":\"https:\\\/\\\/esp.championforest.org\\\/devotionals\\\/2-1-2024\\\/#primaryimage\"},\"image\":{\"@id\":\"https:\\\/\\\/esp.championforest.org\\\/devotionals\\\/2-1-2024\\\/#primaryimage\"},\"thumbnailUrl\":\"https:\\\/\\\/esp.championforest.org\\\/devotionals\\\/wp-content\\\/uploads\\\/2023\\\/12\\\/Acts-BG.jpg\",\"datePublished\":\"2024-02-01T06:03:37+00:00\",\"author\":{\"@id\":\"https:\\\/\\\/esp.championforest.org\\\/devotionals\\\/#\\\/schema\\\/person\\\/0d7b32cb6698781087962c699912c666\"},\"breadcrumb\":{\"@id\":\"https:\\\/\\\/esp.championforest.org\\\/devotionals\\\/2-1-2024\\\/#breadcrumb\"},\"inLanguage\":\"en-US\",\"potentialAction\":[{\"@type\":\"ReadAction\",\"target\":[\"https:\\\/\\\/esp.championforest.org\\\/devotionals\\\/2-1-2024\\\/\"]}]},{\"@type\":\"ImageObject\",\"inLanguage\":\"en-US\",\"@id\":\"https:\\\/\\\/esp.championforest.org\\\/devotionals\\\/2-1-2024\\\/#primaryimage\",\"url\":\"https:\\\/\\\/esp.championforest.org\\\/devotionals\\\/wp-content\\\/uploads\\\/2023\\\/12\\\/Acts-BG.jpg\",\"contentUrl\":\"https:\\\/\\\/esp.championforest.org\\\/devotionals\\\/wp-content\\\/uploads\\\/2023\\\/12\\\/Acts-BG.jpg\",\"width\":1080,\"height\":581},{\"@type\":\"BreadcrumbList\",\"@id\":\"https:\\\/\\\/esp.championforest.org\\\/devotionals\\\/2-1-2024\\\/#breadcrumb\",\"itemListElement\":[{\"@type\":\"ListItem\",\"position\":1,\"name\":\"Casa\",\"item\":\"https:\\\/\\\/esp.championforest.org\\\/devotionals\\\/\"},{\"@type\":\"ListItem\",\"position\":2,\"name\":\"D\u00eda Veinticinco | El Libro de Hechos\"}]},{\"@type\":\"WebSite\",\"@id\":\"https:\\\/\\\/esp.championforest.org\\\/devotionals\\\/#website\",\"url\":\"https:\\\/\\\/esp.championforest.org\\\/devotionals\\\/\",\"name\":\"Devocionales\",\"description\":\"\",\"potentialAction\":[{\"@type\":\"SearchAction\",\"target\":{\"@type\":\"EntryPoint\",\"urlTemplate\":\"https:\\\/\\\/esp.championforest.org\\\/devotionals\\\/?s={search_term_string}\"},\"query-input\":{\"@type\":\"PropertyValueSpecification\",\"valueRequired\":true,\"valueName\":\"search_term_string\"}}],\"inLanguage\":\"en-US\"},{\"@type\":\"Person\",\"@id\":\"https:\\\/\\\/esp.championforest.org\\\/devotionals\\\/#\\\/schema\\\/person\\\/0d7b32cb6698781087962c699912c666\",\"name\":\"Champion Forest\",\"image\":{\"@type\":\"ImageObject\",\"inLanguage\":\"en-US\",\"@id\":\"https:\\\/\\\/secure.gravatar.com\\\/avatar\\\/978ba5d6180fa65624708e969f442efde16543b129f0679a2cb301024d170062?s=96&d=mm&r=g\",\"url\":\"https:\\\/\\\/secure.gravatar.com\\\/avatar\\\/978ba5d6180fa65624708e969f442efde16543b129f0679a2cb301024d170062?s=96&d=mm&r=g\",\"contentUrl\":\"https:\\\/\\\/secure.gravatar.com\\\/avatar\\\/978ba5d6180fa65624708e969f442efde16543b129f0679a2cb301024d170062?s=96&d=mm&r=g\",\"caption\":\"Champion Forest\"},\"url\":\"https:\\\/\\\/esp.championforest.org\\\/devotionals\\\/author\\\/cfbcms_admin\\\/\"}]}<\/script>\n<!-- \/ Yoast SEO plugin. -->","yoast_head_json":{"title":"D\u00eda Veinticinco | El Libro de Hechos - Devocionales","robots":{"index":"index","follow":"follow","max-snippet":"max-snippet:-1","max-image-preview":"max-image-preview:large","max-video-preview":"max-video-preview:-1"},"canonical":"https:\/\/esp.championforest.org\/devotionals\/2-1-2024\/","og_locale":"en_US","og_type":"article","og_title":"D\u00eda Veinticinco | El Libro de Hechos - Devocionales","og_description":"Devocional por Adam Pemberton Hechos 25 Pablo apela a C\u00e9sar 25&nbsp;Llegado, pues, Festo a la provincia, subi\u00f3 de Cesarea a Jerusal\u00e9n tres d\u00edas despu\u00e9s.&nbsp;2&nbsp;Y los principales sacerdotes y los m\u00e1s influyentes de los jud\u00edos se presentaron ante \u00e9l contra Pablo, y le rogaron,&nbsp;3&nbsp;pidiendo contra \u00e9l, como gracia, que le hiciese traer a Jerusal\u00e9n; preparando ellos &hellip; Continue reading D\u00eda Veinticinco | El Libro de Hechos","og_url":"https:\/\/esp.championforest.org\/devotionals\/2-1-2024\/","og_site_name":"Devocionales","article_published_time":"2024-02-01T06:03:37+00:00","og_image":[{"width":1080,"height":581,"url":"https:\/\/esp.championforest.org\/devotionals\/wp-content\/uploads\/2023\/12\/Acts-BG.jpg","type":"image\/jpeg"}],"author":"Champion Forest","twitter_card":"summary_large_image","twitter_misc":{"Written by":"Champion Forest","Est. reading time":"5 minutes"},"schema":{"@context":"https:\/\/schema.org","@graph":[{"@type":"Article","@id":"https:\/\/esp.championforest.org\/devotionals\/2-1-2024\/#article","isPartOf":{"@id":"https:\/\/esp.championforest.org\/devotionals\/2-1-2024\/"},"author":{"name":"Champion Forest","@id":"https:\/\/esp.championforest.org\/devotionals\/#\/schema\/person\/0d7b32cb6698781087962c699912c666"},"headline":"D\u00eda Veinticinco | El Libro de Hechos","datePublished":"2024-02-01T06:03:37+00:00","mainEntityOfPage":{"@id":"https:\/\/esp.championforest.org\/devotionals\/2-1-2024\/"},"wordCount":1113,"commentCount":3,"image":{"@id":"https:\/\/esp.championforest.org\/devotionals\/2-1-2024\/#primaryimage"},"thumbnailUrl":"https:\/\/esp.championforest.org\/devotionals\/wp-content\/uploads\/2023\/12\/Acts-BG.jpg","keywords":["Hechos"],"articleSection":["Devocionales","Hechos"],"inLanguage":"en-US","potentialAction":[{"@type":"CommentAction","name":"Comment","target":["https:\/\/esp.championforest.org\/devotionals\/2-1-2024\/#respond"]}]},{"@type":"WebPage","@id":"https:\/\/esp.championforest.org\/devotionals\/2-1-2024\/","url":"https:\/\/esp.championforest.org\/devotionals\/2-1-2024\/","name":"D\u00eda Veinticinco | El Libro de Hechos - Devocionales","isPartOf":{"@id":"https:\/\/esp.championforest.org\/devotionals\/#website"},"primaryImageOfPage":{"@id":"https:\/\/esp.championforest.org\/devotionals\/2-1-2024\/#primaryimage"},"image":{"@id":"https:\/\/esp.championforest.org\/devotionals\/2-1-2024\/#primaryimage"},"thumbnailUrl":"https:\/\/esp.championforest.org\/devotionals\/wp-content\/uploads\/2023\/12\/Acts-BG.jpg","datePublished":"2024-02-01T06:03:37+00:00","author":{"@id":"https:\/\/esp.championforest.org\/devotionals\/#\/schema\/person\/0d7b32cb6698781087962c699912c666"},"breadcrumb":{"@id":"https:\/\/esp.championforest.org\/devotionals\/2-1-2024\/#breadcrumb"},"inLanguage":"en-US","potentialAction":[{"@type":"ReadAction","target":["https:\/\/esp.championforest.org\/devotionals\/2-1-2024\/"]}]},{"@type":"ImageObject","inLanguage":"en-US","@id":"https:\/\/esp.championforest.org\/devotionals\/2-1-2024\/#primaryimage","url":"https:\/\/esp.championforest.org\/devotionals\/wp-content\/uploads\/2023\/12\/Acts-BG.jpg","contentUrl":"https:\/\/esp.championforest.org\/devotionals\/wp-content\/uploads\/2023\/12\/Acts-BG.jpg","width":1080,"height":581},{"@type":"BreadcrumbList","@id":"https:\/\/esp.championforest.org\/devotionals\/2-1-2024\/#breadcrumb","itemListElement":[{"@type":"ListItem","position":1,"name":"Casa","item":"https:\/\/esp.championforest.org\/devotionals\/"},{"@type":"ListItem","position":2,"name":"D\u00eda Veinticinco | El Libro de Hechos"}]},{"@type":"WebSite","@id":"https:\/\/esp.championforest.org\/devotionals\/#website","url":"https:\/\/esp.championforest.org\/devotionals\/","name":"Devocionales","description":"","potentialAction":[{"@type":"SearchAction","target":{"@type":"EntryPoint","urlTemplate":"https:\/\/esp.championforest.org\/devotionals\/?s={search_term_string}"},"query-input":{"@type":"PropertyValueSpecification","valueRequired":true,"valueName":"search_term_string"}}],"inLanguage":"en-US"},{"@type":"Person","@id":"https:\/\/esp.championforest.org\/devotionals\/#\/schema\/person\/0d7b32cb6698781087962c699912c666","name":"Champion Forest","image":{"@type":"ImageObject","inLanguage":"en-US","@id":"https:\/\/secure.gravatar.com\/avatar\/978ba5d6180fa65624708e969f442efde16543b129f0679a2cb301024d170062?s=96&d=mm&r=g","url":"https:\/\/secure.gravatar.com\/avatar\/978ba5d6180fa65624708e969f442efde16543b129f0679a2cb301024d170062?s=96&d=mm&r=g","contentUrl":"https:\/\/secure.gravatar.com\/avatar\/978ba5d6180fa65624708e969f442efde16543b129f0679a2cb301024d170062?s=96&d=mm&r=g","caption":"Champion Forest"},"url":"https:\/\/esp.championforest.org\/devotionals\/author\/cfbcms_admin\/"}]}},"_links":{"self":[{"href":"https:\/\/esp.championforest.org\/devotionals\/wp-json\/wp\/v2\/posts\/1964","targetHints":{"allow":["GET"]}}],"collection":[{"href":"https:\/\/esp.championforest.org\/devotionals\/wp-json\/wp\/v2\/posts"}],"about":[{"href":"https:\/\/esp.championforest.org\/devotionals\/wp-json\/wp\/v2\/types\/post"}],"author":[{"embeddable":true,"href":"https:\/\/esp.championforest.org\/devotionals\/wp-json\/wp\/v2\/users\/2"}],"replies":[{"embeddable":true,"href":"https:\/\/esp.championforest.org\/devotionals\/wp-json\/wp\/v2\/comments?post=1964"}],"version-history":[{"count":2,"href":"https:\/\/esp.championforest.org\/devotionals\/wp-json\/wp\/v2\/posts\/1964\/revisions"}],"predecessor-version":[{"id":1966,"href":"https:\/\/esp.championforest.org\/devotionals\/wp-json\/wp\/v2\/posts\/1964\/revisions\/1966"}],"wp:featuredmedia":[{"embeddable":true,"href":"https:\/\/esp.championforest.org\/devotionals\/wp-json\/wp\/v2\/media\/1834"}],"wp:attachment":[{"href":"https:\/\/esp.championforest.org\/devotionals\/wp-json\/wp\/v2\/media?parent=1964"}],"wp:term":[{"taxonomy":"category","embeddable":true,"href":"https:\/\/esp.championforest.org\/devotionals\/wp-json\/wp\/v2\/categories?post=1964"},{"taxonomy":"post_tag","embeddable":true,"href":"https:\/\/esp.championforest.org\/devotionals\/wp-json\/wp\/v2\/tags?post=1964"}],"curies":[{"name":"wp","href":"https:\/\/api.w.org\/{rel}","templated":true}]}}