{"id":1958,"date":"2024-01-30T00:03:20","date_gmt":"2024-01-30T06:03:20","guid":{"rendered":"https:\/\/esp.championforest.org\/devotionals\/?p=1958"},"modified":"2024-01-26T13:14:37","modified_gmt":"2024-01-26T19:14:37","slug":"1-30-2024","status":"publish","type":"post","link":"https:\/\/esp.championforest.org\/devotionals\/1-30-2024\/","title":{"rendered":"D\u00eda Veintitr\u00e9s | El Libro de Hechos"},"content":{"rendered":"\n<p><span style=\"color: #000000;\" class=\"stk-highlight\">Devocional por<\/span> <span style=\"color: #000000;\" class=\"stk-highlight\"><span style=\"color: #000000;\" class=\"stk-highlight\"><span style=\"color: #000000;\" class=\"stk-highlight\">Shauna Wallace<\/span><\/span><\/span><\/p>\n\n\n\n<div class=\"wp-block-group\"><div class=\"wp-block-group__inner-container is-layout-constrained wp-block-group-is-layout-constrained\">\n<div class=\"wp-block-stackable-hero stk-block-hero stk-block stk-bb37f46 is-style-default\" data-v=\"2\" data-block-id=\"bb37f46\"><style>.stk-bb37f46-inner-blocks{justify-content:center !important}.stk-bb37f46-container{background-color:#f7f7f7 !important}.stk-bb37f46-container:before{background-color:#f7f7f7 !important}.stk-bb37f46 .stk-block-hero__content{min-height:500px !important;align-items:center !important;display:flex !important}<\/style><div class=\"stk-block-hero__content stk-content-align stk-bb37f46-column stk-container stk-bb37f46-container stk-hover-parent\"><div class=\"stk-block-content stk-inner-blocks has-text-align-left stk--column-flex stk-bb37f46-inner-blocks\">\n<div class=\"wp-block-stackable-heading stk-block-heading stk-block-heading--v2 stk-block stk-4fd618f\" id=\"hechos-23\" data-block-id=\"4fd618f\"><style>.stk-4fd618f{margin-bottom:1px !important}<\/style><h4 class=\"stk-block-heading__text\">Hechos 23<\/h4><\/div>\n\n\n\n<p><strong>23&nbsp;<\/strong>Entonces Pablo, mirando fijamente al concilio, dijo: Varones hermanos, yo con toda buena conciencia he vivido delante de Dios hasta el d\u00eda de hoy.&nbsp;<sup>2&nbsp;<\/sup>El sumo sacerdote Anan\u00edas orden\u00f3 entonces a los que estaban junto a \u00e9l, que le golpeasen en la boca.&nbsp;<sup>3&nbsp;<\/sup>Entonces Pablo le dijo: \u00a1Dios te golpear\u00e1 a ti, pared blanqueada!&nbsp;\u00bfEst\u00e1s t\u00fa sentado para juzgarme conforme a la ley, y quebrantando la ley me mandas golpear?&nbsp;<sup>4&nbsp;<\/sup>Los que estaban presentes dijeron: \u00bfAl sumo sacerdote de Dios injurias?&nbsp;<sup>5&nbsp;<\/sup>Pablo dijo: No sab\u00eda, hermanos, que era el sumo sacerdote; pues escrito est\u00e1: No maldecir\u00e1s a un pr\u00edncipe de tu pueblo.<\/p>\n\n\n\n<p><sup>6&nbsp;<\/sup>Entonces Pablo, notando que una parte era de saduceos y otra de fariseos, alz\u00f3 la voz en el concilio: Varones hermanos, yo soy fariseo,&nbsp;hijo de fariseo; acerca de la esperanza y de la resurrecci\u00f3n de los muertos se me juzga.&nbsp;<sup>7&nbsp;<\/sup>Cuando dijo esto, se produjo disensi\u00f3n entre los fariseos y los saduceos, y la asamblea se dividi\u00f3.&nbsp;<sup>8&nbsp;<\/sup>Porque los saduceos dicen que no hay resurrecci\u00f3n,&nbsp;ni \u00e1ngel, ni esp\u00edritu; pero los fariseos afirman estas cosas.&nbsp;<sup>9&nbsp;<\/sup>Y hubo un gran vocer\u00edo; y levant\u00e1ndose los escribas de la parte de los fariseos, contend\u00edan, diciendo: Ning\u00fan mal hallamos en este hombre; que si un esp\u00edritu le ha hablado, o un \u00e1ngel, no resistamos a Dios.&nbsp;<sup>10&nbsp;<\/sup>Y habiendo grande disensi\u00f3n, el tribuno, teniendo temor de que Pablo fuese despedazado por ellos, mand\u00f3 que bajasen soldados y le arrebatasen de en medio de ellos, y le llevasen a la fortaleza.<\/p>\n\n\n\n<p><sup>11&nbsp;<\/sup>A la noche siguiente se le present\u00f3 el Se\u00f1or y le dijo: Ten \u00e1nimo, Pablo, pues como has testificado de m\u00ed en Jerusal\u00e9n, as\u00ed es necesario que testifiques tambi\u00e9n en Roma.<\/p>\n\n\n\n<h5 class=\"wp-block-heading\">Complot contra Pablo<\/h5>\n\n\n\n<p><sup>12&nbsp;<\/sup>Venido el d\u00eda, algunos de los jud\u00edos tramaron un complot y se juramentaron bajo maldici\u00f3n, diciendo que no comer\u00edan ni beber\u00edan hasta que hubiesen dado muerte a Pablo.&nbsp;<sup>13&nbsp;<\/sup>Eran m\u00e1s de cuarenta los que hab\u00edan hecho esta conjuraci\u00f3n,&nbsp;<sup>14&nbsp;<\/sup>los cuales fueron a los principales sacerdotes y a los ancianos y dijeron: Nosotros nos hemos juramentado bajo maldici\u00f3n, a no gustar nada hasta que hayamos dado muerte a Pablo.&nbsp;<sup>15&nbsp;<\/sup>Ahora pues, vosotros, con el concilio, requerid al tribuno que le traiga ma\u00f1ana ante vosotros, como que quer\u00e9is indagar alguna cosa m\u00e1s cierta acerca de \u00e9l; y nosotros estaremos listos para matarle antes que llegue.<\/p>\n\n\n\n<p><sup>16&nbsp;<\/sup>Mas el hijo de la hermana de Pablo, oyendo hablar de la celada, fue y entr\u00f3 en la fortaleza, y dio aviso a Pablo.&nbsp;<sup>17&nbsp;<\/sup>Pablo, llamando a uno de los centuriones, dijo: Lleva a este joven ante el tribuno, porque tiene cierto aviso que darle.&nbsp;<sup>18&nbsp;<\/sup>\u00c9l entonces tom\u00e1ndole, le llev\u00f3 al tribuno, y dijo: El preso Pablo me llam\u00f3 y me rog\u00f3 que trajese ante ti a este joven, que tiene algo que hablarte.&nbsp;<sup>19&nbsp;<\/sup>El tribuno, tom\u00e1ndole de la mano y retir\u00e1ndose aparte, le pregunt\u00f3: \u00bfQu\u00e9 es lo que tienes que decirme?&nbsp;<sup>20&nbsp;<\/sup>\u00c9l le dijo: Los jud\u00edos han convenido en rogarte que ma\u00f1ana lleves a Pablo ante el concilio, como que van a inquirir alguna cosa m\u00e1s cierta acerca de \u00e9l.&nbsp;<sup>21&nbsp;<\/sup>Pero t\u00fa no les creas; porque m\u00e1s de cuarenta hombres de ellos le acechan, los cuales se han juramentado bajo maldici\u00f3n, a no comer ni beber hasta que le hayan dado muerte; y ahora est\u00e1n listos esperando tu promesa.&nbsp;<sup>22&nbsp;<\/sup>Entonces el tribuno despidi\u00f3 al joven, mand\u00e1ndole que a nadie dijese que le hab\u00eda dado aviso de esto.<\/p>\n\n\n\n<h5 class=\"wp-block-heading\">Pablo es enviado a F\u00e9lix el gobernador<\/h5>\n\n\n\n<p><sup>23&nbsp;<\/sup>Y llamando a dos centuriones, mand\u00f3 que preparasen para la hora tercera de la noche doscientos soldados, setenta jinetes y doscientos lanceros, para que fuesen hasta Cesarea;&nbsp;<sup>24&nbsp;<\/sup>y que preparasen cabalgaduras en que poniendo a Pablo, le llevasen en salvo a F\u00e9lix el gobernador.&nbsp;<sup>25&nbsp;<\/sup>Y escribi\u00f3 una carta en estos t\u00e9rminos:<\/p>\n\n\n\n<p><sup>26&nbsp;<\/sup>Claudio Lisias al excelent\u00edsimo gobernador F\u00e9lix: Salud.&nbsp;<sup>27&nbsp;<\/sup>A este hombre, aprehendido por los jud\u00edos, y que iban ellos a matar, lo libr\u00e9 yo acudiendo con la tropa, habiendo sabido que era ciudadano romano.&nbsp;<sup>28&nbsp;<\/sup>Y queriendo saber la causa por qu\u00e9 le acusaban, le llev\u00e9 al concilio de ellos;&nbsp;<sup>29&nbsp;<\/sup>y hall\u00e9 que le acusaban por cuestiones de la ley de ellos, pero que ning\u00fan delito ten\u00eda digno de muerte o de prisi\u00f3n.&nbsp;<sup>30&nbsp;<\/sup>Pero al ser avisado de asechanzas que los jud\u00edos hab\u00edan tendido contra este hombre, al punto le he enviado a ti, intimando tambi\u00e9n a los acusadores que traten delante de ti lo que tengan contra \u00e9l. P\u00e1salo bien.<\/p>\n\n\n\n<p><sup>31&nbsp;<\/sup>Y los soldados, tomando a Pablo como se les orden\u00f3, le llevaron de noche a Ant\u00edpatris.&nbsp;<sup>32&nbsp;<\/sup>Y al d\u00eda siguiente, dejando a los jinetes que fuesen con \u00e9l, volvieron a la fortaleza.&nbsp;<sup>33&nbsp;<\/sup>Cuando aquellos llegaron a Cesarea, y dieron la carta al gobernador, presentaron tambi\u00e9n a Pablo delante de \u00e9l.&nbsp;<sup>34&nbsp;<\/sup>Y el gobernador, le\u00edda la carta, pregunt\u00f3 de qu\u00e9 provincia era; y habiendo entendido que era de Cilicia,&nbsp;<sup>35&nbsp;<\/sup>le dijo: Te oir\u00e9 cuando vengan tus acusadores. Y mand\u00f3 que le custodiasen en el pretorio de Herodes.<\/p>\n\n\n\n<div class=\"wp-block-stackable-text stk-block-text stk-block stk-3f49bf1 stk-block-background\" data-block-id=\"3f49bf1\"><style>.stk-3f49bf1 .stk-block-text__text{font-size:13px !important}@media screen and (max-width:1023px){.stk-3f49bf1 .stk-block-text__text{font-size:13px !important}}<\/style><p class=\"stk-block-text__text\">Reina-Valera 1960 \u00ae \u00a9 Sociedades B\u00edblicas en Am\u00e9rica Latina, 1960. Renovado \u00a9 Sociedades B\u00edblicas Unidas, 1988. Utilizado con permiso. Si desea m\u00e1s informaci\u00f3n visite&nbsp;<a href=\"https:\/\/www.americanbible.org\/\">americanbible.org<\/a>,&nbsp;<a href=\"https:\/\/www.unitedbiblesocieties.org\/\">unitedbiblesocieties.org<\/a>,&nbsp;<a href=\"https:\/\/www.vivelabiblia.com\/\">vivelabiblia.com<\/a>,&nbsp;<a href=\"http:\/\/unitedbiblesocieties.org\/es\/casa\/\">unitedbiblesocieties.org\/es\/casa\/<\/a>,&nbsp;<a href=\"https:\/\/rvr60.bible\/?utm_source=website&amp;utm_medium=link&amp;utm_campaign=BGWYCEV11232021&amp;utm_id=biblegateway\/\">www.rvr60.bible<\/a><\/p><\/div>\n<\/div><\/div><\/div>\n<\/div><\/div>\n\n\n\n<p>La verdad sobre Jes\u00fas siempre ha enfurecido y siempre enfurecer\u00e1 a los enemigos de Dios y dividir\u00e1 a la gente, tal como Jes\u00fas advirti\u00f3 cuando dispers\u00f3 a sus disc\u00edpulos como \u201covejas en medio de lobos\u201d (Mateo 10:16). Predijo persecuci\u00f3n y odio, como los que enfrent\u00f3 Pablo en Hechos 23, porque \u201cno vine a traer paz, sino espada\u201d (vers\u00edculo 34). Esta no era una espada de muerte y destrucci\u00f3n, sino \u201cviva, eficaz y m\u00e1s cortante que cualquier espada de dos filos. Penetra hasta lo m\u00e1s profundo del alma y del esp\u00edritu, hasta la m\u00e9dula de los huesos, y juzga los pensamientos y las intenciones del coraz\u00f3n.\u201d (Hebreos 4:12 NVI)<\/p>\n\n\n\n<p>Cuando Jes\u00fas usa nuestro testimonio y Su Palabra para iluminar a aquellos \u201c[que aman] las tinieblas m\u00e1s que la luz\u201d (Juan 3:19 NVI), podemos encontrarnos en prueba \u201ccon respecto a la esperanza y la resurrecci\u00f3n de los muertos\u201d (Hechos 23:6 NVI). En algunos pa\u00edses, como en los d\u00edas de Pablo, los seguidores de Jes\u00fas pierden sus familias, sus posesiones, propiedades, medios de sustento y hasta sus propias vidas. Sus testimonios, al igual que lo vivido por el ap\u00f3stol Pablo, me conmueven y me inspiran a \u201ccobrar \u00e1nimo\u201d (Hechos 23:11 NVI)<\/p>\n\n\n\n<p>Somos la luz del mundo. Cuando encontramos disensi\u00f3n, divisi\u00f3n, conflicto y conspiraciones para matar el mensaje del evangelio y silenciar a quienes lo proclaman, podemos confiar en que Dios convertir\u00e1 los planes del enemigo en puertas abiertas para que el evangelio llegue m\u00e1s lejos que nunca.<\/p>\n\n\n\n<p><strong><em>\u00bfDe qu\u00e9 manera necesita cobrar \u00e1nimo hoy?<\/em><\/strong><\/p>\n","protected":false},"excerpt":{"rendered":"<p>Devocional por Shauna Wallace Hechos 23 23&nbsp;Entonces Pablo, mirando fijamente al concilio, dijo: Varones hermanos, yo con toda buena conciencia he vivido delante de Dios hasta el d\u00eda de hoy.&nbsp;2&nbsp;El sumo sacerdote Anan\u00edas orden\u00f3 entonces a los que estaban junto a \u00e9l, que le golpeasen en la boca.&nbsp;3&nbsp;Entonces Pablo le dijo: \u00a1Dios te golpear\u00e1 a &hellip; <a href=\"https:\/\/esp.championforest.org\/devotionals\/1-30-2024\/\" class=\"more-link\">Continue reading <span class=\"screen-reader-text\">D\u00eda Veintitr\u00e9s | El Libro de Hechos<\/span><\/a><\/p>\n","protected":false},"author":2,"featured_media":1834,"comment_status":"open","ping_status":"closed","sticky":false,"template":"","format":"standard","meta":{"footnotes":""},"categories":[6,29],"tags":[28],"class_list":["post-1958","post","type-post","status-publish","format-standard","has-post-thumbnail","hentry","category-devocionales","category-hechos","tag-hechos"],"featured_image_urls_v2":{"full":["https:\/\/esp.championforest.org\/devotionals\/wp-content\/uploads\/2023\/12\/Acts-BG.jpg",1080,581,false],"thumbnail":["https:\/\/esp.championforest.org\/devotionals\/wp-content\/uploads\/2023\/12\/Acts-BG-150x150.jpg",150,150,true],"medium":["https:\/\/esp.championforest.org\/devotionals\/wp-content\/uploads\/2023\/12\/Acts-BG-300x161.jpg",300,161,true],"medium_large":["https:\/\/esp.championforest.org\/devotionals\/wp-content\/uploads\/2023\/12\/Acts-BG-768x413.jpg",768,413,true],"large":["https:\/\/esp.championforest.org\/devotionals\/wp-content\/uploads\/2023\/12\/Acts-BG-1024x551.jpg",900,484,true],"1536x1536":["https:\/\/esp.championforest.org\/devotionals\/wp-content\/uploads\/2023\/12\/Acts-BG.jpg",1080,581,false],"2048x2048":["https:\/\/esp.championforest.org\/devotionals\/wp-content\/uploads\/2023\/12\/Acts-BG.jpg",1080,581,false],"post-thumbnail":["https:\/\/esp.championforest.org\/devotionals\/wp-content\/uploads\/2023\/12\/Acts-BG.jpg",1080,581,false]},"post_excerpt_stackable_v2":"<p>Devocional por Shauna Wallace Hechos 23 23&nbsp;Entonces Pablo, mirando fijamente al concilio, dijo: Varones hermanos, yo con toda buena conciencia he vivido delante de Dios hasta el d\u00eda de hoy.&nbsp;2&nbsp;El sumo sacerdote Anan\u00edas orden\u00f3 entonces a los que estaban junto a \u00e9l, que le golpeasen en la boca.&nbsp;3&nbsp;Entonces Pablo le dijo: \u00a1Dios te golpear\u00e1 a ti, pared blanqueada!&nbsp;\u00bfEst\u00e1s t\u00fa sentado para juzgarme conforme a la ley, y quebrantando la ley me mandas golpear?&nbsp;4&nbsp;Los que estaban presentes dijeron: \u00bfAl sumo sacerdote de Dios injurias?&nbsp;5&nbsp;Pablo dijo: No sab\u00eda, hermanos, que era el sumo sacerdote; pues escrito est\u00e1: No maldecir\u00e1s a un pr\u00edncipe&hellip;<\/p>\n","category_list_v2":"<a href=\"https:\/\/esp.championforest.org\/devotionals\/category\/devocionales\/\" rel=\"category tag\">Devocionales<\/a>, <a href=\"https:\/\/esp.championforest.org\/devotionals\/category\/hechos\/\" rel=\"category tag\">Hechos<\/a>","author_info_v2":{"name":"Champion Forest","url":"https:\/\/esp.championforest.org\/devotionals\/author\/cfbcms_admin\/"},"comments_num_v2":"4 comments","yoast_head":"<!-- This site is optimized with the Yoast SEO plugin v27.3 - https:\/\/yoast.com\/product\/yoast-seo-wordpress\/ -->\n<title>D\u00eda Veintitr\u00e9s | El Libro de Hechos - Devocionales<\/title>\n<meta name=\"robots\" content=\"index, follow, max-snippet:-1, max-image-preview:large, max-video-preview:-1\" \/>\n<link rel=\"canonical\" href=\"https:\/\/esp.championforest.org\/devotionals\/1-30-2024\/\" \/>\n<meta property=\"og:locale\" content=\"en_US\" \/>\n<meta property=\"og:type\" content=\"article\" \/>\n<meta property=\"og:title\" content=\"D\u00eda Veintitr\u00e9s | El Libro de Hechos - Devocionales\" \/>\n<meta property=\"og:description\" content=\"Devocional por Shauna Wallace Hechos 23 23&nbsp;Entonces Pablo, mirando fijamente al concilio, dijo: Varones hermanos, yo con toda buena conciencia he vivido delante de Dios hasta el d\u00eda de hoy.&nbsp;2&nbsp;El sumo sacerdote Anan\u00edas orden\u00f3 entonces a los que estaban junto a \u00e9l, que le golpeasen en la boca.&nbsp;3&nbsp;Entonces Pablo le dijo: \u00a1Dios te golpear\u00e1 a &hellip; Continue reading D\u00eda Veintitr\u00e9s | El Libro de Hechos\" \/>\n<meta property=\"og:url\" content=\"https:\/\/esp.championforest.org\/devotionals\/1-30-2024\/\" \/>\n<meta property=\"og:site_name\" content=\"Devocionales\" \/>\n<meta property=\"article:published_time\" content=\"2024-01-30T06:03:20+00:00\" \/>\n<meta property=\"og:image\" content=\"https:\/\/esp.championforest.org\/devotionals\/wp-content\/uploads\/2023\/12\/Acts-BG.jpg\" \/>\n\t<meta property=\"og:image:width\" content=\"1080\" \/>\n\t<meta property=\"og:image:height\" content=\"581\" \/>\n\t<meta property=\"og:image:type\" content=\"image\/jpeg\" \/>\n<meta name=\"author\" content=\"Champion Forest\" \/>\n<meta name=\"twitter:card\" content=\"summary_large_image\" \/>\n<meta name=\"twitter:label1\" content=\"Written by\" \/>\n\t<meta name=\"twitter:data1\" content=\"Champion Forest\" \/>\n\t<meta name=\"twitter:label2\" content=\"Est. reading time\" \/>\n\t<meta name=\"twitter:data2\" content=\"6 minutes\" \/>\n<script type=\"application\/ld+json\" class=\"yoast-schema-graph\">{\"@context\":\"https:\\\/\\\/schema.org\",\"@graph\":[{\"@type\":\"Article\",\"@id\":\"https:\\\/\\\/esp.championforest.org\\\/devotionals\\\/1-30-2024\\\/#article\",\"isPartOf\":{\"@id\":\"https:\\\/\\\/esp.championforest.org\\\/devotionals\\\/1-30-2024\\\/\"},\"author\":{\"name\":\"Champion Forest\",\"@id\":\"https:\\\/\\\/esp.championforest.org\\\/devotionals\\\/#\\\/schema\\\/person\\\/0d7b32cb6698781087962c699912c666\"},\"headline\":\"D\u00eda Veintitr\u00e9s | El Libro de Hechos\",\"datePublished\":\"2024-01-30T06:03:20+00:00\",\"mainEntityOfPage\":{\"@id\":\"https:\\\/\\\/esp.championforest.org\\\/devotionals\\\/1-30-2024\\\/\"},\"wordCount\":1259,\"commentCount\":4,\"image\":{\"@id\":\"https:\\\/\\\/esp.championforest.org\\\/devotionals\\\/1-30-2024\\\/#primaryimage\"},\"thumbnailUrl\":\"https:\\\/\\\/esp.championforest.org\\\/devotionals\\\/wp-content\\\/uploads\\\/2023\\\/12\\\/Acts-BG.jpg\",\"keywords\":[\"Hechos\"],\"articleSection\":[\"Devocionales\",\"Hechos\"],\"inLanguage\":\"en-US\",\"potentialAction\":[{\"@type\":\"CommentAction\",\"name\":\"Comment\",\"target\":[\"https:\\\/\\\/esp.championforest.org\\\/devotionals\\\/1-30-2024\\\/#respond\"]}]},{\"@type\":\"WebPage\",\"@id\":\"https:\\\/\\\/esp.championforest.org\\\/devotionals\\\/1-30-2024\\\/\",\"url\":\"https:\\\/\\\/esp.championforest.org\\\/devotionals\\\/1-30-2024\\\/\",\"name\":\"D\u00eda Veintitr\u00e9s | El Libro de Hechos - Devocionales\",\"isPartOf\":{\"@id\":\"https:\\\/\\\/esp.championforest.org\\\/devotionals\\\/#website\"},\"primaryImageOfPage\":{\"@id\":\"https:\\\/\\\/esp.championforest.org\\\/devotionals\\\/1-30-2024\\\/#primaryimage\"},\"image\":{\"@id\":\"https:\\\/\\\/esp.championforest.org\\\/devotionals\\\/1-30-2024\\\/#primaryimage\"},\"thumbnailUrl\":\"https:\\\/\\\/esp.championforest.org\\\/devotionals\\\/wp-content\\\/uploads\\\/2023\\\/12\\\/Acts-BG.jpg\",\"datePublished\":\"2024-01-30T06:03:20+00:00\",\"author\":{\"@id\":\"https:\\\/\\\/esp.championforest.org\\\/devotionals\\\/#\\\/schema\\\/person\\\/0d7b32cb6698781087962c699912c666\"},\"breadcrumb\":{\"@id\":\"https:\\\/\\\/esp.championforest.org\\\/devotionals\\\/1-30-2024\\\/#breadcrumb\"},\"inLanguage\":\"en-US\",\"potentialAction\":[{\"@type\":\"ReadAction\",\"target\":[\"https:\\\/\\\/esp.championforest.org\\\/devotionals\\\/1-30-2024\\\/\"]}]},{\"@type\":\"ImageObject\",\"inLanguage\":\"en-US\",\"@id\":\"https:\\\/\\\/esp.championforest.org\\\/devotionals\\\/1-30-2024\\\/#primaryimage\",\"url\":\"https:\\\/\\\/esp.championforest.org\\\/devotionals\\\/wp-content\\\/uploads\\\/2023\\\/12\\\/Acts-BG.jpg\",\"contentUrl\":\"https:\\\/\\\/esp.championforest.org\\\/devotionals\\\/wp-content\\\/uploads\\\/2023\\\/12\\\/Acts-BG.jpg\",\"width\":1080,\"height\":581},{\"@type\":\"BreadcrumbList\",\"@id\":\"https:\\\/\\\/esp.championforest.org\\\/devotionals\\\/1-30-2024\\\/#breadcrumb\",\"itemListElement\":[{\"@type\":\"ListItem\",\"position\":1,\"name\":\"Casa\",\"item\":\"https:\\\/\\\/esp.championforest.org\\\/devotionals\\\/\"},{\"@type\":\"ListItem\",\"position\":2,\"name\":\"D\u00eda Veintitr\u00e9s | El Libro de Hechos\"}]},{\"@type\":\"WebSite\",\"@id\":\"https:\\\/\\\/esp.championforest.org\\\/devotionals\\\/#website\",\"url\":\"https:\\\/\\\/esp.championforest.org\\\/devotionals\\\/\",\"name\":\"Devocionales\",\"description\":\"\",\"potentialAction\":[{\"@type\":\"SearchAction\",\"target\":{\"@type\":\"EntryPoint\",\"urlTemplate\":\"https:\\\/\\\/esp.championforest.org\\\/devotionals\\\/?s={search_term_string}\"},\"query-input\":{\"@type\":\"PropertyValueSpecification\",\"valueRequired\":true,\"valueName\":\"search_term_string\"}}],\"inLanguage\":\"en-US\"},{\"@type\":\"Person\",\"@id\":\"https:\\\/\\\/esp.championforest.org\\\/devotionals\\\/#\\\/schema\\\/person\\\/0d7b32cb6698781087962c699912c666\",\"name\":\"Champion Forest\",\"image\":{\"@type\":\"ImageObject\",\"inLanguage\":\"en-US\",\"@id\":\"https:\\\/\\\/secure.gravatar.com\\\/avatar\\\/978ba5d6180fa65624708e969f442efde16543b129f0679a2cb301024d170062?s=96&d=mm&r=g\",\"url\":\"https:\\\/\\\/secure.gravatar.com\\\/avatar\\\/978ba5d6180fa65624708e969f442efde16543b129f0679a2cb301024d170062?s=96&d=mm&r=g\",\"contentUrl\":\"https:\\\/\\\/secure.gravatar.com\\\/avatar\\\/978ba5d6180fa65624708e969f442efde16543b129f0679a2cb301024d170062?s=96&d=mm&r=g\",\"caption\":\"Champion Forest\"},\"url\":\"https:\\\/\\\/esp.championforest.org\\\/devotionals\\\/author\\\/cfbcms_admin\\\/\"}]}<\/script>\n<!-- \/ Yoast SEO plugin. -->","yoast_head_json":{"title":"D\u00eda Veintitr\u00e9s | El Libro de Hechos - Devocionales","robots":{"index":"index","follow":"follow","max-snippet":"max-snippet:-1","max-image-preview":"max-image-preview:large","max-video-preview":"max-video-preview:-1"},"canonical":"https:\/\/esp.championforest.org\/devotionals\/1-30-2024\/","og_locale":"en_US","og_type":"article","og_title":"D\u00eda Veintitr\u00e9s | El Libro de Hechos - Devocionales","og_description":"Devocional por Shauna Wallace Hechos 23 23&nbsp;Entonces Pablo, mirando fijamente al concilio, dijo: Varones hermanos, yo con toda buena conciencia he vivido delante de Dios hasta el d\u00eda de hoy.&nbsp;2&nbsp;El sumo sacerdote Anan\u00edas orden\u00f3 entonces a los que estaban junto a \u00e9l, que le golpeasen en la boca.&nbsp;3&nbsp;Entonces Pablo le dijo: \u00a1Dios te golpear\u00e1 a &hellip; Continue reading D\u00eda Veintitr\u00e9s | El Libro de Hechos","og_url":"https:\/\/esp.championforest.org\/devotionals\/1-30-2024\/","og_site_name":"Devocionales","article_published_time":"2024-01-30T06:03:20+00:00","og_image":[{"width":1080,"height":581,"url":"https:\/\/esp.championforest.org\/devotionals\/wp-content\/uploads\/2023\/12\/Acts-BG.jpg","type":"image\/jpeg"}],"author":"Champion Forest","twitter_card":"summary_large_image","twitter_misc":{"Written by":"Champion Forest","Est. reading time":"6 minutes"},"schema":{"@context":"https:\/\/schema.org","@graph":[{"@type":"Article","@id":"https:\/\/esp.championforest.org\/devotionals\/1-30-2024\/#article","isPartOf":{"@id":"https:\/\/esp.championforest.org\/devotionals\/1-30-2024\/"},"author":{"name":"Champion Forest","@id":"https:\/\/esp.championforest.org\/devotionals\/#\/schema\/person\/0d7b32cb6698781087962c699912c666"},"headline":"D\u00eda Veintitr\u00e9s | El Libro de Hechos","datePublished":"2024-01-30T06:03:20+00:00","mainEntityOfPage":{"@id":"https:\/\/esp.championforest.org\/devotionals\/1-30-2024\/"},"wordCount":1259,"commentCount":4,"image":{"@id":"https:\/\/esp.championforest.org\/devotionals\/1-30-2024\/#primaryimage"},"thumbnailUrl":"https:\/\/esp.championforest.org\/devotionals\/wp-content\/uploads\/2023\/12\/Acts-BG.jpg","keywords":["Hechos"],"articleSection":["Devocionales","Hechos"],"inLanguage":"en-US","potentialAction":[{"@type":"CommentAction","name":"Comment","target":["https:\/\/esp.championforest.org\/devotionals\/1-30-2024\/#respond"]}]},{"@type":"WebPage","@id":"https:\/\/esp.championforest.org\/devotionals\/1-30-2024\/","url":"https:\/\/esp.championforest.org\/devotionals\/1-30-2024\/","name":"D\u00eda Veintitr\u00e9s | El Libro de Hechos - Devocionales","isPartOf":{"@id":"https:\/\/esp.championforest.org\/devotionals\/#website"},"primaryImageOfPage":{"@id":"https:\/\/esp.championforest.org\/devotionals\/1-30-2024\/#primaryimage"},"image":{"@id":"https:\/\/esp.championforest.org\/devotionals\/1-30-2024\/#primaryimage"},"thumbnailUrl":"https:\/\/esp.championforest.org\/devotionals\/wp-content\/uploads\/2023\/12\/Acts-BG.jpg","datePublished":"2024-01-30T06:03:20+00:00","author":{"@id":"https:\/\/esp.championforest.org\/devotionals\/#\/schema\/person\/0d7b32cb6698781087962c699912c666"},"breadcrumb":{"@id":"https:\/\/esp.championforest.org\/devotionals\/1-30-2024\/#breadcrumb"},"inLanguage":"en-US","potentialAction":[{"@type":"ReadAction","target":["https:\/\/esp.championforest.org\/devotionals\/1-30-2024\/"]}]},{"@type":"ImageObject","inLanguage":"en-US","@id":"https:\/\/esp.championforest.org\/devotionals\/1-30-2024\/#primaryimage","url":"https:\/\/esp.championforest.org\/devotionals\/wp-content\/uploads\/2023\/12\/Acts-BG.jpg","contentUrl":"https:\/\/esp.championforest.org\/devotionals\/wp-content\/uploads\/2023\/12\/Acts-BG.jpg","width":1080,"height":581},{"@type":"BreadcrumbList","@id":"https:\/\/esp.championforest.org\/devotionals\/1-30-2024\/#breadcrumb","itemListElement":[{"@type":"ListItem","position":1,"name":"Casa","item":"https:\/\/esp.championforest.org\/devotionals\/"},{"@type":"ListItem","position":2,"name":"D\u00eda Veintitr\u00e9s | El Libro de Hechos"}]},{"@type":"WebSite","@id":"https:\/\/esp.championforest.org\/devotionals\/#website","url":"https:\/\/esp.championforest.org\/devotionals\/","name":"Devocionales","description":"","potentialAction":[{"@type":"SearchAction","target":{"@type":"EntryPoint","urlTemplate":"https:\/\/esp.championforest.org\/devotionals\/?s={search_term_string}"},"query-input":{"@type":"PropertyValueSpecification","valueRequired":true,"valueName":"search_term_string"}}],"inLanguage":"en-US"},{"@type":"Person","@id":"https:\/\/esp.championforest.org\/devotionals\/#\/schema\/person\/0d7b32cb6698781087962c699912c666","name":"Champion Forest","image":{"@type":"ImageObject","inLanguage":"en-US","@id":"https:\/\/secure.gravatar.com\/avatar\/978ba5d6180fa65624708e969f442efde16543b129f0679a2cb301024d170062?s=96&d=mm&r=g","url":"https:\/\/secure.gravatar.com\/avatar\/978ba5d6180fa65624708e969f442efde16543b129f0679a2cb301024d170062?s=96&d=mm&r=g","contentUrl":"https:\/\/secure.gravatar.com\/avatar\/978ba5d6180fa65624708e969f442efde16543b129f0679a2cb301024d170062?s=96&d=mm&r=g","caption":"Champion Forest"},"url":"https:\/\/esp.championforest.org\/devotionals\/author\/cfbcms_admin\/"}]}},"_links":{"self":[{"href":"https:\/\/esp.championforest.org\/devotionals\/wp-json\/wp\/v2\/posts\/1958","targetHints":{"allow":["GET"]}}],"collection":[{"href":"https:\/\/esp.championforest.org\/devotionals\/wp-json\/wp\/v2\/posts"}],"about":[{"href":"https:\/\/esp.championforest.org\/devotionals\/wp-json\/wp\/v2\/types\/post"}],"author":[{"embeddable":true,"href":"https:\/\/esp.championforest.org\/devotionals\/wp-json\/wp\/v2\/users\/2"}],"replies":[{"embeddable":true,"href":"https:\/\/esp.championforest.org\/devotionals\/wp-json\/wp\/v2\/comments?post=1958"}],"version-history":[{"count":2,"href":"https:\/\/esp.championforest.org\/devotionals\/wp-json\/wp\/v2\/posts\/1958\/revisions"}],"predecessor-version":[{"id":1960,"href":"https:\/\/esp.championforest.org\/devotionals\/wp-json\/wp\/v2\/posts\/1958\/revisions\/1960"}],"wp:featuredmedia":[{"embeddable":true,"href":"https:\/\/esp.championforest.org\/devotionals\/wp-json\/wp\/v2\/media\/1834"}],"wp:attachment":[{"href":"https:\/\/esp.championforest.org\/devotionals\/wp-json\/wp\/v2\/media?parent=1958"}],"wp:term":[{"taxonomy":"category","embeddable":true,"href":"https:\/\/esp.championforest.org\/devotionals\/wp-json\/wp\/v2\/categories?post=1958"},{"taxonomy":"post_tag","embeddable":true,"href":"https:\/\/esp.championforest.org\/devotionals\/wp-json\/wp\/v2\/tags?post=1958"}],"curies":[{"name":"wp","href":"https:\/\/api.w.org\/{rel}","templated":true}]}}