{"id":195,"date":"2020-03-27T01:00:00","date_gmt":"2020-03-27T07:00:00","guid":{"rendered":"https:\/\/esp.championforest.org\/devotionals\/?p=195"},"modified":"2020-03-22T05:59:10","modified_gmt":"2020-03-22T11:59:10","slug":"marcos-marzo-27","status":"publish","type":"post","link":"https:\/\/esp.championforest.org\/devotionals\/marcos-marzo-27\/","title":{"rendered":"Marcos Cap\u00edtulo 6"},"content":{"rendered":"\n<div class=\"wp-block-ugb-container ugb-container ugb-e797b4d ugb-container--v2 ugb-container--design-basic ugb-main-block\" id=\"\"><style>.ugb-e797b4d-wrapper.ugb-container__wrapper{border-radius:12px !important;background-color:#f1f1f1 !important}.ugb-e797b4d-content-wrapper.ugb-container__content-wrapper{width:100% !important}.ugb-e797b4d-wrapper.ugb-container__wrapper:before{background-color:#f1f1f1 !important}.ugb-e797b4d-content-wrapper > h1,.ugb-e797b4d-content-wrapper > h2,.ugb-e797b4d-content-wrapper > h3,.ugb-e797b4d-content-wrapper > h4,.ugb-e797b4d-content-wrapper > h5,.ugb-e797b4d-content-wrapper > h6{color:#222222}.ugb-e797b4d-content-wrapper > p,.ugb-e797b4d-content-wrapper > ol li,.ugb-e797b4d-content-wrapper > ul li{color:#222222}<\/style><div class=\"ugb-inner-block\"><div class=\"ugb-block-content\"><div class=\"ugb-container__wrapper ugb-e797b4d-wrapper ugb--shadow-3\"><div class=\"ugb-container__side\"><div class=\"ugb-container__content-wrapper ugb-e797b4d-content-wrapper\">\n<h3 class=\"wp-block-heading\">Marcos 6<\/h3>\n\n\n\n<h5 class=\"wp-block-heading\">Jes\u00fas en Nazaret<\/h5>\n\n\n\n<h6 class=\"wp-block-heading\">(Mt. 13.53-58; Lc. 4.16-30)<\/h6>\n\n\n\n<p>Sali\u00f3 Jes\u00fas de all\u00ed y vino a su tierra, y le segu\u00edan sus disc\u00edpulos.<\/p>\n\n\n\n<p><sup>2&nbsp;<\/sup>Y llegado el d\u00eda de reposo,&nbsp;comenz\u00f3 a ense\u00f1ar en la sinagoga; y muchos, oy\u00e9ndole, se admiraban, y dec\u00edan: \u00bfDe d\u00f3nde tiene \u00e9ste estas cosas? \u00bfY qu\u00e9 sabidur\u00eda es esta que le es dada, y estos milagros que por sus manos son hechos?<\/p>\n\n\n\n<p><sup>3&nbsp;<\/sup>\u00bfNo es \u00e9ste el carpintero, hijo de Mar\u00eda, hermano de Jacobo, de Jos\u00e9, de Judas y de Sim\u00f3n? \u00bfNo est\u00e1n tambi\u00e9n aqu\u00ed con nosotros sus hermanas? Y se escandalizaban de \u00e9l.<\/p>\n\n\n\n<p><sup>4&nbsp;<\/sup>Mas Jes\u00fas les dec\u00eda: No hay profeta sin honra sino en su propia tierra,&nbsp;y entre sus parientes, y en su casa.<\/p>\n\n\n\n<p><sup>5&nbsp;<\/sup>Y no pudo hacer all\u00ed ning\u00fan milagro, salvo que san\u00f3 a unos pocos enfermos, poniendo sobre ellos las manos.<\/p>\n\n\n\n<p><sup>6&nbsp;<\/sup>Y estaba asombrado de la incredulidad de ellos. Y recorr\u00eda las aldeas de alrededor, ense\u00f1ando.<\/p>\n\n\n\n<h5 class=\"wp-block-heading\">Misi\u00f3n de los doce disc\u00edpulos<\/h5>\n\n\n\n<h6 class=\"wp-block-heading\">(Mt. 10.5-15; Lc. 9.1-6)<\/h6>\n\n\n\n<p><sup>7&nbsp;<\/sup>Despu\u00e9s llam\u00f3 a los doce, y comenz\u00f3 a enviarlos de dos en dos; y les dio autoridad sobre los esp\u00edritus inmundos.<\/p>\n\n\n\n<p><sup>8&nbsp;<\/sup>Y les mand\u00f3&nbsp;que no llevasen nada para el camino, sino solamente bord\u00f3n; ni alforja, ni pan, ni dinero en el cinto,<\/p>\n\n\n\n<p><sup>9&nbsp;<\/sup>sino que calzasen sandalias, y no vistiesen dos t\u00fanicas.<\/p>\n\n\n\n<p><sup>10&nbsp;<\/sup>Y les dijo: Dondequiera que entr\u00e9is en una casa, posad en ella hasta que salg\u00e1is de aquel lugar.<\/p>\n\n\n\n<p><sup>11&nbsp;<\/sup>Y si en alg\u00fan lugar no os recibieren ni os oyeren, salid de all\u00ed, y sacudid el polvo que est\u00e1 debajo de vuestros pies, para testimonio a ellos.&nbsp;De cierto os digo que en el d\u00eda del juicio, ser\u00e1 m\u00e1s tolerable el castigo para los de Sodoma y Gomorra, que para aquella ciudad.<\/p>\n\n\n\n<p><sup>12&nbsp;<\/sup>Y saliendo, predicaban que los hombres se arrepintiesen.<\/p>\n\n\n\n<p><sup>13&nbsp;<\/sup>Y echaban fuera muchos demonios, y ung\u00edan con aceite a muchos enfermos, y los sanaban.<\/p>\n\n\n\n<h5 class=\"wp-block-heading\">Muerte de Juan el Bautista<\/h5>\n\n\n\n<h6 class=\"wp-block-heading\">(Mt. 14.1-12; Lc. 9.7-9)<\/h6>\n\n\n\n<p><sup>14&nbsp;<\/sup>Oy\u00f3 el rey Herodes la fama de Jes\u00fas, porque su nombre se hab\u00eda hecho notorio; y dijo: Juan el Bautista ha resucitado de los muertos, y por eso act\u00faan en \u00e9l estos poderes.<\/p>\n\n\n\n<p><sup>15&nbsp;<\/sup>Otros dec\u00edan: Es El\u00edas. Y otros dec\u00edan: Es un profeta, o alguno de los profetas.<\/p>\n\n\n\n<p><sup>16&nbsp;<\/sup>Al o\u00edr esto Herodes, dijo: Este es Juan, el que yo decapit\u00e9, que ha resucitado de los muertos.<\/p>\n\n\n\n<p><sup>17&nbsp;<\/sup>Porque el mismo Herodes hab\u00eda enviado y prendido a Juan, y le hab\u00eda encadenado en la c\u00e1rcel por causa de Herod\u00edas, mujer de Felipe su hermano; pues la hab\u00eda tomado por mujer.<\/p>\n\n\n\n<p><sup>18&nbsp;<\/sup>Porque Juan dec\u00eda a Herodes: No te es l\u00edcito tener la mujer de tu hermano.<\/p>\n\n\n\n<p><sup>19&nbsp;<\/sup>Pero Herod\u00edas le acechaba, y deseaba matarle, y no pod\u00eda;<\/p>\n\n\n\n<p><sup>20&nbsp;<\/sup>porque Herodes tem\u00eda a Juan, sabiendo que era var\u00f3n justo y santo, y le guardaba a salvo; y oy\u00e9ndole, se quedaba muy perplejo, pero le escuchaba de buena gana.<\/p>\n\n\n\n<p><sup>21&nbsp;<\/sup>Pero venido un d\u00eda oportuno, en que Herodes, en la fiesta de su cumplea\u00f1os, daba una cena a sus pr\u00edncipes y tribunos y a los principales de Galilea,<\/p>\n\n\n\n<p><sup>22&nbsp;<\/sup>entrando la hija de Herod\u00edas, danz\u00f3, y agrad\u00f3 a Herodes y a los que estaban con \u00e9l a la mesa; y el rey dijo a la muchacha: P\u00eddeme lo que quieras, y yo te lo dar\u00e9.<\/p>\n\n\n\n<p><sup>23&nbsp;<\/sup>Y le jur\u00f3: Todo lo que me pidas te dar\u00e9, hasta la mitad de mi reino.<\/p>\n\n\n\n<p><sup>24&nbsp;<\/sup>Saliendo ella, dijo a su madre: \u00bfQu\u00e9 pedir\u00e9? Y ella le dijo: La cabeza de Juan el Bautista.<\/p>\n\n\n\n<p><sup>25&nbsp;<\/sup>Entonces ella entr\u00f3 prontamente al rey, y pidi\u00f3 diciendo: Quiero que ahora mismo me des en un plato la cabeza de Juan el Bautista.<\/p>\n\n\n\n<p><sup>26&nbsp;<\/sup>Y el rey se entristeci\u00f3 mucho; pero a causa del juramento, y de los que estaban con \u00e9l a la mesa, no quiso desecharla.<\/p>\n\n\n\n<p><sup>27&nbsp;<\/sup>Y en seguida el rey, enviando a uno de la guardia, mand\u00f3 que fuese tra\u00edda la cabeza de Juan.<\/p>\n\n\n\n<p><sup>28&nbsp;<\/sup>El guarda fue, le decapit\u00f3 en la c\u00e1rcel, y trajo su cabeza en un plato y la dio a la muchacha, y la muchacha la dio a su madre.<\/p>\n\n\n\n<p><sup>29&nbsp;<\/sup>Cuando oyeron esto sus disc\u00edpulos, vinieron y tomaron su cuerpo, y lo pusieron en un sepulcro.<\/p>\n\n\n\n<h5 class=\"wp-block-heading\">Alimentaci\u00f3n de los cinco mil<\/h5>\n\n\n\n<h6 class=\"wp-block-heading\">(Mt. 14.13-21; Lc. 9.10-17; Jn. 6.1-14)<\/h6>\n\n\n\n<p><sup>30&nbsp;<\/sup>Entonces los ap\u00f3stoles se juntaron con Jes\u00fas, y le contaron todo lo que hab\u00edan hecho, y lo que hab\u00edan ense\u00f1ado.<\/p>\n\n\n\n<p><sup>31&nbsp;<\/sup>El les dijo: Venid vosotros aparte a un lugar desierto, y descansad un poco. Porque eran muchos los que iban y ven\u00edan, de manera que ni aun ten\u00edan tiempo para comer.<\/p>\n\n\n\n<p><sup>32&nbsp;<\/sup>Y se fueron solos en una barca a un lugar desierto.<\/p>\n\n\n\n<p><sup>33&nbsp;<\/sup>Pero muchos los vieron ir, y le reconocieron; y muchos fueron all\u00e1 a pie desde las ciudades, y llegaron antes que ellos, y se juntaron a \u00e9l.<\/p>\n\n\n\n<p><sup>34&nbsp;<\/sup>Y sali\u00f3 Jes\u00fas y vio una gran multitud, y tuvo compasi\u00f3n de ellos, porque eran como ovejas que no ten\u00edan pastor;&nbsp;y comenz\u00f3 a ense\u00f1arles muchas cosas.<\/p>\n\n\n\n<p><sup>35&nbsp;<\/sup>Cuando ya era muy avanzada la hora, sus disc\u00edpulos se acercaron a \u00e9l, diciendo: El lugar es desierto, y la hora ya muy avanzada.<\/p>\n\n\n\n<p><sup>36&nbsp;<\/sup>Desp\u00eddelos para que vayan a los campos y aldeas de alrededor, y compren pan, pues no tienen qu\u00e9 comer.<\/p>\n\n\n\n<p><sup>37&nbsp;<\/sup>Respondiendo \u00e9l, les dijo: Dadles vosotros de comer. Ellos le dijeron: \u00bfQue vayamos y compremos pan por doscientos denarios, y les demos de comer?<\/p>\n\n\n\n<p><sup>38&nbsp;<\/sup>El les dijo: \u00bfCu\u00e1ntos panes ten\u00e9is? Id y vedlo. Y al saberlo, dijeron: Cinco, y dos peces.<\/p>\n\n\n\n<p><sup>39&nbsp;<\/sup>Y les mand\u00f3 que hiciesen recostar a todos por grupos sobre la hierba verde.<\/p>\n\n\n\n<p><sup>40&nbsp;<\/sup>Y se recostaron por grupos, de ciento en ciento, y de cincuenta en cincuenta.<\/p>\n\n\n\n<p><sup>41&nbsp;<\/sup>Entonces tom\u00f3 los cinco panes y los dos peces, y levantando los ojos al cielo, bendijo, y parti\u00f3 los panes, y dio a sus disc\u00edpulos para que los pusiesen delante; y reparti\u00f3 los dos peces entre todos.<\/p>\n\n\n\n<p><sup>42&nbsp;<\/sup>Y comieron todos, y se saciaron.<\/p>\n\n\n\n<p><sup>43&nbsp;<\/sup>Y recogieron de los pedazos doce cestas llenas, y de lo que sobr\u00f3 de los peces.<\/p>\n\n\n\n<p><sup>44&nbsp;<\/sup>Y los que comieron eran cinco mil hombres.<\/p>\n\n\n\n<h5 class=\"wp-block-heading\">Jes\u00fas anda sobre el mar<\/h5>\n\n\n\n<h6 class=\"wp-block-heading\">(Mt. 14.22-27; Jn. 6.15-21)<\/h6>\n\n\n\n<p><sup>45&nbsp;<\/sup>En seguida hizo a sus disc\u00edpulos entrar en la barca e ir delante de \u00e9l a Betsaida, en la otra ribera, entre tanto que \u00e9l desped\u00eda a la multitud.<\/p>\n\n\n\n<p><sup>46&nbsp;<\/sup>Y despu\u00e9s que los hubo despedido, se fue al monte a orar;<\/p>\n\n\n\n<p><sup>47&nbsp;<\/sup>y al venir la noche, la barca estaba en medio del mar, y \u00e9l solo en tierra.<\/p>\n\n\n\n<p><sup>48&nbsp;<\/sup>Y vi\u00e9ndoles remar con gran fatiga, porque el viento les era contrario, cerca de la cuarta vigilia de la noche vino a ellos andando sobre el mar, y quer\u00eda adelant\u00e1rseles.<\/p>\n\n\n\n<p><sup>49&nbsp;<\/sup>Vi\u00e9ndole ellos andar sobre el mar, pensaron que era un fantasma, y gritaron;<\/p>\n\n\n\n<p><sup>50&nbsp;<\/sup>porque todos le ve\u00edan, y se turbaron. Pero en seguida habl\u00f3 con ellos, y les dijo: !!Tened \u00e1nimo; yo soy, no tem\u00e1is!<\/p>\n\n\n\n<p><sup>51&nbsp;<\/sup>Y subi\u00f3 a ellos en la barca, y se calm\u00f3 el viento; y ellos se asombraron en gran manera, y se maravillaban.<\/p>\n\n\n\n<p><sup>52&nbsp;<\/sup>Porque a\u00fan no hab\u00edan entendido lo de los panes, por cuanto estaban endurecidos sus corazones.<\/p>\n\n\n\n<h5 class=\"wp-block-heading\">Jes\u00fas sana a los enfermos en Genesaret<\/h5>\n\n\n\n<h6 class=\"wp-block-heading\">(Mt. 14.34-36)<\/h6>\n\n\n\n<p><sup>53&nbsp;<\/sup>Terminada la traves\u00eda, vinieron a tierra de Genesaret, y arribaron a la orilla.<\/p>\n\n\n\n<p><sup>54&nbsp;<\/sup>Y saliendo ellos de la barca, en seguida la gente le conoci\u00f3.<\/p>\n\n\n\n<p><sup>55&nbsp;<\/sup>Y recorriendo toda la tierra de alrededor, comenzaron a traer de todas partes enfermos en lechos, a donde o\u00edan que estaba.<\/p>\n\n\n\n<p><sup>56&nbsp;<\/sup>Y dondequiera que entraba, en aldeas, ciudades o campos, pon\u00edan en las calles a los que estaban enfermos, y le rogaban que les dejase tocar siquiera el borde de su manto; y todos los que le tocaban quedaban sanos.<\/p>\n\n\n\n<p>Versi\u00f3n Reina-Valera 1960 \u00a9 Sociedades B\u00edblicas en Am\u00e9rica Latina, 1960. Renovado \u00a9 Sociedades B\u00edblicas Unidas, 1988.<\/p>\n<\/div><\/div><\/div><\/div><\/div><\/div>\n","protected":false},"excerpt":{"rendered":"<p>Marcos 6 Jes\u00fas en Nazaret (Mt. 13.53-58; Lc. 4.16-30) Sali\u00f3 Jes\u00fas de all\u00ed y vino a su tierra, y le segu\u00edan sus disc\u00edpulos. 2&nbsp;Y llegado el d\u00eda de reposo,&nbsp;comenz\u00f3 a ense\u00f1ar en la sinagoga; y muchos, oy\u00e9ndole, se admiraban, y dec\u00edan: \u00bfDe d\u00f3nde tiene \u00e9ste estas cosas? \u00bfY qu\u00e9 sabidur\u00eda es esta que le es &hellip; <a href=\"https:\/\/esp.championforest.org\/devotionals\/marcos-marzo-27\/\" class=\"more-link\">Continue reading <span class=\"screen-reader-text\">Marcos Cap\u00edtulo 6<\/span><\/a><\/p>\n","protected":false},"author":2,"featured_media":9,"comment_status":"open","ping_status":"open","sticky":false,"template":"","format":"standard","meta":{"footnotes":""},"categories":[3],"tags":[],"class_list":["post-195","post","type-post","status-publish","format-standard","has-post-thumbnail","hentry","category-marcos"],"featured_image_urls_v2":{"full":["https:\/\/esp.championforest.org\/devotionals\/wp-content\/uploads\/2019\/11\/bible-banner.jpg",2000,733,false],"thumbnail":["https:\/\/esp.championforest.org\/devotionals\/wp-content\/uploads\/2019\/11\/bible-banner-150x150.jpg",150,150,true],"medium":["https:\/\/esp.championforest.org\/devotionals\/wp-content\/uploads\/2019\/11\/bible-banner-300x110.jpg",300,110,true],"medium_large":["https:\/\/esp.championforest.org\/devotionals\/wp-content\/uploads\/2019\/11\/bible-banner-768x281.jpg",768,281,true],"large":["https:\/\/esp.championforest.org\/devotionals\/wp-content\/uploads\/2019\/11\/bible-banner-1024x375.jpg",900,330,true],"1536x1536":["https:\/\/esp.championforest.org\/devotionals\/wp-content\/uploads\/2019\/11\/bible-banner-1536x563.jpg",1536,563,true],"2048x2048":["https:\/\/esp.championforest.org\/devotionals\/wp-content\/uploads\/2019\/11\/bible-banner.jpg",2000,733,false],"post-thumbnail":["https:\/\/esp.championforest.org\/devotionals\/wp-content\/uploads\/2019\/11\/bible-banner.jpg",2000,733,false]},"post_excerpt_stackable_v2":"<p>Marcos 6 Jes\u00fas en Nazaret (Mt. 13.53-58; Lc. 4.16-30) Sali\u00f3 Jes\u00fas de all\u00ed y vino a su tierra, y le segu\u00edan sus disc\u00edpulos. 2&nbsp;Y llegado el d\u00eda de reposo,&nbsp;comenz\u00f3 a ense\u00f1ar en la sinagoga; y muchos, oy\u00e9ndole, se admiraban, y dec\u00edan: \u00bfDe d\u00f3nde tiene \u00e9ste estas cosas? \u00bfY qu\u00e9 sabidur\u00eda es esta que le es dada, y estos milagros que por sus manos son hechos? 3&nbsp;\u00bfNo es \u00e9ste el carpintero, hijo de Mar\u00eda, hermano de Jacobo, de Jos\u00e9, de Judas y de Sim\u00f3n? \u00bfNo est\u00e1n tambi\u00e9n aqu\u00ed con nosotros sus hermanas? Y se escandalizaban de \u00e9l. 4&nbsp;Mas Jes\u00fas les dec\u00eda:&hellip;<\/p>\n","category_list_v2":"<a href=\"https:\/\/esp.championforest.org\/devotionals\/category\/marcos\/\" rel=\"category tag\">Marcos<\/a>","author_info_v2":{"name":"Champion Forest","url":"https:\/\/esp.championforest.org\/devotionals\/author\/cfbcms_admin\/"},"comments_num_v2":"5 comments","yoast_head":"<!-- This site is optimized with the Yoast SEO plugin v27.3 - https:\/\/yoast.com\/product\/yoast-seo-wordpress\/ -->\n<title>Marcos Cap\u00edtulo 6 - Devocionales<\/title>\n<meta name=\"robots\" content=\"index, follow, max-snippet:-1, max-image-preview:large, max-video-preview:-1\" \/>\n<link rel=\"canonical\" href=\"https:\/\/esp.championforest.org\/devotionals\/marcos-marzo-27\/\" \/>\n<meta property=\"og:locale\" content=\"en_US\" \/>\n<meta property=\"og:type\" content=\"article\" \/>\n<meta property=\"og:title\" content=\"Marcos Cap\u00edtulo 6 - Devocionales\" \/>\n<meta property=\"og:description\" content=\"Marcos 6 Jes\u00fas en Nazaret (Mt. 13.53-58; Lc. 4.16-30) Sali\u00f3 Jes\u00fas de all\u00ed y vino a su tierra, y le segu\u00edan sus disc\u00edpulos. 2&nbsp;Y llegado el d\u00eda de reposo,&nbsp;comenz\u00f3 a ense\u00f1ar en la sinagoga; y muchos, oy\u00e9ndole, se admiraban, y dec\u00edan: \u00bfDe d\u00f3nde tiene \u00e9ste estas cosas? \u00bfY qu\u00e9 sabidur\u00eda es esta que le es &hellip; Continue reading Marcos Cap\u00edtulo 6\" \/>\n<meta property=\"og:url\" content=\"https:\/\/esp.championforest.org\/devotionals\/marcos-marzo-27\/\" \/>\n<meta property=\"og:site_name\" content=\"Devocionales\" \/>\n<meta property=\"article:published_time\" content=\"2020-03-27T07:00:00+00:00\" \/>\n<meta property=\"og:image\" content=\"https:\/\/esp.championforest.org\/devotionals\/wp-content\/uploads\/2019\/11\/bible-banner.jpg\" \/>\n\t<meta property=\"og:image:width\" content=\"2000\" \/>\n\t<meta property=\"og:image:height\" content=\"733\" \/>\n\t<meta property=\"og:image:type\" content=\"image\/jpeg\" \/>\n<meta name=\"author\" content=\"Champion Forest\" \/>\n<meta name=\"twitter:card\" content=\"summary_large_image\" \/>\n<meta name=\"twitter:label1\" content=\"Written by\" \/>\n\t<meta name=\"twitter:data1\" content=\"Champion Forest\" \/>\n\t<meta name=\"twitter:label2\" content=\"Est. reading time\" \/>\n\t<meta name=\"twitter:data2\" content=\"7 minutes\" \/>\n<script type=\"application\/ld+json\" class=\"yoast-schema-graph\">{\"@context\":\"https:\\\/\\\/schema.org\",\"@graph\":[{\"@type\":\"Article\",\"@id\":\"https:\\\/\\\/esp.championforest.org\\\/devotionals\\\/marcos-marzo-27\\\/#article\",\"isPartOf\":{\"@id\":\"https:\\\/\\\/esp.championforest.org\\\/devotionals\\\/marcos-marzo-27\\\/\"},\"author\":{\"name\":\"Champion Forest\",\"@id\":\"https:\\\/\\\/esp.championforest.org\\\/devotionals\\\/#\\\/schema\\\/person\\\/0d7b32cb6698781087962c699912c666\"},\"headline\":\"Marcos Cap\u00edtulo 6\",\"datePublished\":\"2020-03-27T07:00:00+00:00\",\"mainEntityOfPage\":{\"@id\":\"https:\\\/\\\/esp.championforest.org\\\/devotionals\\\/marcos-marzo-27\\\/\"},\"wordCount\":1416,\"commentCount\":5,\"image\":{\"@id\":\"https:\\\/\\\/esp.championforest.org\\\/devotionals\\\/marcos-marzo-27\\\/#primaryimage\"},\"thumbnailUrl\":\"https:\\\/\\\/esp.championforest.org\\\/devotionals\\\/wp-content\\\/uploads\\\/2019\\\/11\\\/bible-banner.jpg\",\"articleSection\":[\"Marcos\"],\"inLanguage\":\"en-US\",\"potentialAction\":[{\"@type\":\"CommentAction\",\"name\":\"Comment\",\"target\":[\"https:\\\/\\\/esp.championforest.org\\\/devotionals\\\/marcos-marzo-27\\\/#respond\"]}]},{\"@type\":\"WebPage\",\"@id\":\"https:\\\/\\\/esp.championforest.org\\\/devotionals\\\/marcos-marzo-27\\\/\",\"url\":\"https:\\\/\\\/esp.championforest.org\\\/devotionals\\\/marcos-marzo-27\\\/\",\"name\":\"Marcos Cap\u00edtulo 6 - Devocionales\",\"isPartOf\":{\"@id\":\"https:\\\/\\\/esp.championforest.org\\\/devotionals\\\/#website\"},\"primaryImageOfPage\":{\"@id\":\"https:\\\/\\\/esp.championforest.org\\\/devotionals\\\/marcos-marzo-27\\\/#primaryimage\"},\"image\":{\"@id\":\"https:\\\/\\\/esp.championforest.org\\\/devotionals\\\/marcos-marzo-27\\\/#primaryimage\"},\"thumbnailUrl\":\"https:\\\/\\\/esp.championforest.org\\\/devotionals\\\/wp-content\\\/uploads\\\/2019\\\/11\\\/bible-banner.jpg\",\"datePublished\":\"2020-03-27T07:00:00+00:00\",\"author\":{\"@id\":\"https:\\\/\\\/esp.championforest.org\\\/devotionals\\\/#\\\/schema\\\/person\\\/0d7b32cb6698781087962c699912c666\"},\"breadcrumb\":{\"@id\":\"https:\\\/\\\/esp.championforest.org\\\/devotionals\\\/marcos-marzo-27\\\/#breadcrumb\"},\"inLanguage\":\"en-US\",\"potentialAction\":[{\"@type\":\"ReadAction\",\"target\":[\"https:\\\/\\\/esp.championforest.org\\\/devotionals\\\/marcos-marzo-27\\\/\"]}]},{\"@type\":\"ImageObject\",\"inLanguage\":\"en-US\",\"@id\":\"https:\\\/\\\/esp.championforest.org\\\/devotionals\\\/marcos-marzo-27\\\/#primaryimage\",\"url\":\"https:\\\/\\\/esp.championforest.org\\\/devotionals\\\/wp-content\\\/uploads\\\/2019\\\/11\\\/bible-banner.jpg\",\"contentUrl\":\"https:\\\/\\\/esp.championforest.org\\\/devotionals\\\/wp-content\\\/uploads\\\/2019\\\/11\\\/bible-banner.jpg\",\"width\":2000,\"height\":733},{\"@type\":\"BreadcrumbList\",\"@id\":\"https:\\\/\\\/esp.championforest.org\\\/devotionals\\\/marcos-marzo-27\\\/#breadcrumb\",\"itemListElement\":[{\"@type\":\"ListItem\",\"position\":1,\"name\":\"Casa\",\"item\":\"https:\\\/\\\/esp.championforest.org\\\/devotionals\\\/\"},{\"@type\":\"ListItem\",\"position\":2,\"name\":\"Marcos Cap\u00edtulo 6\"}]},{\"@type\":\"WebSite\",\"@id\":\"https:\\\/\\\/esp.championforest.org\\\/devotionals\\\/#website\",\"url\":\"https:\\\/\\\/esp.championforest.org\\\/devotionals\\\/\",\"name\":\"Devocionales\",\"description\":\"\",\"potentialAction\":[{\"@type\":\"SearchAction\",\"target\":{\"@type\":\"EntryPoint\",\"urlTemplate\":\"https:\\\/\\\/esp.championforest.org\\\/devotionals\\\/?s={search_term_string}\"},\"query-input\":{\"@type\":\"PropertyValueSpecification\",\"valueRequired\":true,\"valueName\":\"search_term_string\"}}],\"inLanguage\":\"en-US\"},{\"@type\":\"Person\",\"@id\":\"https:\\\/\\\/esp.championforest.org\\\/devotionals\\\/#\\\/schema\\\/person\\\/0d7b32cb6698781087962c699912c666\",\"name\":\"Champion Forest\",\"image\":{\"@type\":\"ImageObject\",\"inLanguage\":\"en-US\",\"@id\":\"https:\\\/\\\/secure.gravatar.com\\\/avatar\\\/978ba5d6180fa65624708e969f442efde16543b129f0679a2cb301024d170062?s=96&d=mm&r=g\",\"url\":\"https:\\\/\\\/secure.gravatar.com\\\/avatar\\\/978ba5d6180fa65624708e969f442efde16543b129f0679a2cb301024d170062?s=96&d=mm&r=g\",\"contentUrl\":\"https:\\\/\\\/secure.gravatar.com\\\/avatar\\\/978ba5d6180fa65624708e969f442efde16543b129f0679a2cb301024d170062?s=96&d=mm&r=g\",\"caption\":\"Champion Forest\"},\"url\":\"https:\\\/\\\/esp.championforest.org\\\/devotionals\\\/author\\\/cfbcms_admin\\\/\"}]}<\/script>\n<!-- \/ Yoast SEO plugin. -->","yoast_head_json":{"title":"Marcos Cap\u00edtulo 6 - Devocionales","robots":{"index":"index","follow":"follow","max-snippet":"max-snippet:-1","max-image-preview":"max-image-preview:large","max-video-preview":"max-video-preview:-1"},"canonical":"https:\/\/esp.championforest.org\/devotionals\/marcos-marzo-27\/","og_locale":"en_US","og_type":"article","og_title":"Marcos Cap\u00edtulo 6 - Devocionales","og_description":"Marcos 6 Jes\u00fas en Nazaret (Mt. 13.53-58; Lc. 4.16-30) Sali\u00f3 Jes\u00fas de all\u00ed y vino a su tierra, y le segu\u00edan sus disc\u00edpulos. 2&nbsp;Y llegado el d\u00eda de reposo,&nbsp;comenz\u00f3 a ense\u00f1ar en la sinagoga; y muchos, oy\u00e9ndole, se admiraban, y dec\u00edan: \u00bfDe d\u00f3nde tiene \u00e9ste estas cosas? \u00bfY qu\u00e9 sabidur\u00eda es esta que le es &hellip; Continue reading Marcos Cap\u00edtulo 6","og_url":"https:\/\/esp.championforest.org\/devotionals\/marcos-marzo-27\/","og_site_name":"Devocionales","article_published_time":"2020-03-27T07:00:00+00:00","og_image":[{"width":2000,"height":733,"url":"https:\/\/esp.championforest.org\/devotionals\/wp-content\/uploads\/2019\/11\/bible-banner.jpg","type":"image\/jpeg"}],"author":"Champion Forest","twitter_card":"summary_large_image","twitter_misc":{"Written by":"Champion Forest","Est. reading time":"7 minutes"},"schema":{"@context":"https:\/\/schema.org","@graph":[{"@type":"Article","@id":"https:\/\/esp.championforest.org\/devotionals\/marcos-marzo-27\/#article","isPartOf":{"@id":"https:\/\/esp.championforest.org\/devotionals\/marcos-marzo-27\/"},"author":{"name":"Champion Forest","@id":"https:\/\/esp.championforest.org\/devotionals\/#\/schema\/person\/0d7b32cb6698781087962c699912c666"},"headline":"Marcos Cap\u00edtulo 6","datePublished":"2020-03-27T07:00:00+00:00","mainEntityOfPage":{"@id":"https:\/\/esp.championforest.org\/devotionals\/marcos-marzo-27\/"},"wordCount":1416,"commentCount":5,"image":{"@id":"https:\/\/esp.championforest.org\/devotionals\/marcos-marzo-27\/#primaryimage"},"thumbnailUrl":"https:\/\/esp.championforest.org\/devotionals\/wp-content\/uploads\/2019\/11\/bible-banner.jpg","articleSection":["Marcos"],"inLanguage":"en-US","potentialAction":[{"@type":"CommentAction","name":"Comment","target":["https:\/\/esp.championforest.org\/devotionals\/marcos-marzo-27\/#respond"]}]},{"@type":"WebPage","@id":"https:\/\/esp.championforest.org\/devotionals\/marcos-marzo-27\/","url":"https:\/\/esp.championforest.org\/devotionals\/marcos-marzo-27\/","name":"Marcos Cap\u00edtulo 6 - Devocionales","isPartOf":{"@id":"https:\/\/esp.championforest.org\/devotionals\/#website"},"primaryImageOfPage":{"@id":"https:\/\/esp.championforest.org\/devotionals\/marcos-marzo-27\/#primaryimage"},"image":{"@id":"https:\/\/esp.championforest.org\/devotionals\/marcos-marzo-27\/#primaryimage"},"thumbnailUrl":"https:\/\/esp.championforest.org\/devotionals\/wp-content\/uploads\/2019\/11\/bible-banner.jpg","datePublished":"2020-03-27T07:00:00+00:00","author":{"@id":"https:\/\/esp.championforest.org\/devotionals\/#\/schema\/person\/0d7b32cb6698781087962c699912c666"},"breadcrumb":{"@id":"https:\/\/esp.championforest.org\/devotionals\/marcos-marzo-27\/#breadcrumb"},"inLanguage":"en-US","potentialAction":[{"@type":"ReadAction","target":["https:\/\/esp.championforest.org\/devotionals\/marcos-marzo-27\/"]}]},{"@type":"ImageObject","inLanguage":"en-US","@id":"https:\/\/esp.championforest.org\/devotionals\/marcos-marzo-27\/#primaryimage","url":"https:\/\/esp.championforest.org\/devotionals\/wp-content\/uploads\/2019\/11\/bible-banner.jpg","contentUrl":"https:\/\/esp.championforest.org\/devotionals\/wp-content\/uploads\/2019\/11\/bible-banner.jpg","width":2000,"height":733},{"@type":"BreadcrumbList","@id":"https:\/\/esp.championforest.org\/devotionals\/marcos-marzo-27\/#breadcrumb","itemListElement":[{"@type":"ListItem","position":1,"name":"Casa","item":"https:\/\/esp.championforest.org\/devotionals\/"},{"@type":"ListItem","position":2,"name":"Marcos Cap\u00edtulo 6"}]},{"@type":"WebSite","@id":"https:\/\/esp.championforest.org\/devotionals\/#website","url":"https:\/\/esp.championforest.org\/devotionals\/","name":"Devocionales","description":"","potentialAction":[{"@type":"SearchAction","target":{"@type":"EntryPoint","urlTemplate":"https:\/\/esp.championforest.org\/devotionals\/?s={search_term_string}"},"query-input":{"@type":"PropertyValueSpecification","valueRequired":true,"valueName":"search_term_string"}}],"inLanguage":"en-US"},{"@type":"Person","@id":"https:\/\/esp.championforest.org\/devotionals\/#\/schema\/person\/0d7b32cb6698781087962c699912c666","name":"Champion Forest","image":{"@type":"ImageObject","inLanguage":"en-US","@id":"https:\/\/secure.gravatar.com\/avatar\/978ba5d6180fa65624708e969f442efde16543b129f0679a2cb301024d170062?s=96&d=mm&r=g","url":"https:\/\/secure.gravatar.com\/avatar\/978ba5d6180fa65624708e969f442efde16543b129f0679a2cb301024d170062?s=96&d=mm&r=g","contentUrl":"https:\/\/secure.gravatar.com\/avatar\/978ba5d6180fa65624708e969f442efde16543b129f0679a2cb301024d170062?s=96&d=mm&r=g","caption":"Champion Forest"},"url":"https:\/\/esp.championforest.org\/devotionals\/author\/cfbcms_admin\/"}]}},"_links":{"self":[{"href":"https:\/\/esp.championforest.org\/devotionals\/wp-json\/wp\/v2\/posts\/195","targetHints":{"allow":["GET"]}}],"collection":[{"href":"https:\/\/esp.championforest.org\/devotionals\/wp-json\/wp\/v2\/posts"}],"about":[{"href":"https:\/\/esp.championforest.org\/devotionals\/wp-json\/wp\/v2\/types\/post"}],"author":[{"embeddable":true,"href":"https:\/\/esp.championforest.org\/devotionals\/wp-json\/wp\/v2\/users\/2"}],"replies":[{"embeddable":true,"href":"https:\/\/esp.championforest.org\/devotionals\/wp-json\/wp\/v2\/comments?post=195"}],"version-history":[{"count":3,"href":"https:\/\/esp.championforest.org\/devotionals\/wp-json\/wp\/v2\/posts\/195\/revisions"}],"predecessor-version":[{"id":204,"href":"https:\/\/esp.championforest.org\/devotionals\/wp-json\/wp\/v2\/posts\/195\/revisions\/204"}],"wp:featuredmedia":[{"embeddable":true,"href":"https:\/\/esp.championforest.org\/devotionals\/wp-json\/wp\/v2\/media\/9"}],"wp:attachment":[{"href":"https:\/\/esp.championforest.org\/devotionals\/wp-json\/wp\/v2\/media?parent=195"}],"wp:term":[{"taxonomy":"category","embeddable":true,"href":"https:\/\/esp.championforest.org\/devotionals\/wp-json\/wp\/v2\/categories?post=195"},{"taxonomy":"post_tag","embeddable":true,"href":"https:\/\/esp.championforest.org\/devotionals\/wp-json\/wp\/v2\/tags?post=195"}],"curies":[{"name":"wp","href":"https:\/\/api.w.org\/{rel}","templated":true}]}}