{"id":1948,"date":"2024-01-27T00:03:47","date_gmt":"2024-01-27T06:03:47","guid":{"rendered":"https:\/\/esp.championforest.org\/devotionals\/?p=1948"},"modified":"2024-01-19T12:18:08","modified_gmt":"2024-01-19T18:18:08","slug":"1-27-2024","status":"publish","type":"post","link":"https:\/\/esp.championforest.org\/devotionals\/1-27-2024\/","title":{"rendered":"D\u00eda Veinte | El Libro de Hechos"},"content":{"rendered":"\n<p><span style=\"color: #000000;\" class=\"stk-highlight\">Devocional por<\/span> <span style=\"color: #000000;\" class=\"stk-highlight\"><span style=\"color: #000000;\" class=\"stk-highlight\"><span style=\"color: #000000;\" class=\"stk-highlight\">Brent Johnson<\/span><\/span><\/span><\/p>\n\n\n\n<div class=\"wp-block-group\"><div class=\"wp-block-group__inner-container is-layout-constrained wp-block-group-is-layout-constrained\">\n<div class=\"wp-block-stackable-hero stk-block-hero stk-block stk-bb37f46 is-style-default\" data-v=\"2\" data-block-id=\"bb37f46\"><style>.stk-bb37f46-inner-blocks{justify-content:center !important}.stk-bb37f46-container{background-color:#f7f7f7 !important}.stk-bb37f46-container:before{background-color:#f7f7f7 !important}.stk-bb37f46 .stk-block-hero__content{min-height:500px !important;align-items:center !important;display:flex !important}<\/style><div class=\"stk-block-hero__content stk-content-align stk-bb37f46-column stk-container stk-bb37f46-container stk-hover-parent\"><div class=\"stk-block-content stk-inner-blocks has-text-align-left stk--column-flex stk-bb37f46-inner-blocks\">\n<div class=\"wp-block-stackable-heading stk-block-heading stk-block-heading--v2 stk-block stk-4fd618f\" id=\"hechos-20\" data-block-id=\"4fd618f\"><style>.stk-4fd618f{margin-bottom:1px !important}<\/style><h4 class=\"stk-block-heading__text\">Hechos 20<\/h4><\/div>\n\n\n\n<h5 class=\"wp-block-heading\">Viaje de Pablo a Macedonia y Grecia<\/h5>\n\n\n\n<p><strong>20&nbsp;<\/strong>Despu\u00e9s que ces\u00f3 el alboroto, llam\u00f3 Pablo a los disc\u00edpulos, y habi\u00e9ndolos exhortado y abrazado, se despidi\u00f3 y sali\u00f3 para ir a Macedonia.&nbsp;<sup>2&nbsp;<\/sup>Y despu\u00e9s de recorrer aquellas regiones, y de exhortarles con abundancia de palabras, lleg\u00f3 a Grecia.&nbsp;<sup>3&nbsp;<\/sup>Despu\u00e9s de haber estado all\u00ed tres meses, y si\u00e9ndole puestas asechanzas por los jud\u00edos para cuando se embarcase para Siria, tom\u00f3 la decisi\u00f3n de volver por Macedonia.&nbsp;<sup>4&nbsp;<\/sup>Y le acompa\u00f1aron hasta Asia, S\u00f3pater de Berea, Aristarco y Segundo de Tesal\u00f3nica, Gayo de Derbe, y Timoteo; y de Asia, T\u00edquico y Tr\u00f3fimo.&nbsp;<sup>5&nbsp;<\/sup>Estos, habi\u00e9ndose adelantado, nos esperaron en Troas.&nbsp;<sup>6&nbsp;<\/sup>Y nosotros, pasados los d\u00edas de los panes sin levadura, navegamos de Filipos, y en cinco d\u00edas nos reunimos con ellos en Troas, donde nos quedamos siete d\u00edas.<\/p>\n\n\n\n<h5 class=\"wp-block-heading\">Visita de despedida de Pablo en Troas<\/h5>\n\n\n\n<p><sup>7&nbsp;<\/sup>El primer d\u00eda de la semana, reunidos los disc\u00edpulos para partir el pan, Pablo les ense\u00f1aba, habiendo de salir al d\u00eda siguiente; y alarg\u00f3 el discurso hasta la medianoche.&nbsp;<sup>8&nbsp;<\/sup>Y hab\u00eda muchas l\u00e1mparas en el aposento alto donde estaban reunidos;&nbsp;<sup>9&nbsp;<\/sup>y un joven llamado Eutico, que estaba sentado en la ventana, rendido de un sue\u00f1o profundo, por cuanto Pablo disertaba largamente, vencido del sue\u00f1o cay\u00f3 del tercer piso abajo, y fue levantado muerto.&nbsp;<sup>10&nbsp;<\/sup>Entonces descendi\u00f3 Pablo y se ech\u00f3 sobre \u00e9l, y abraz\u00e1ndole, dijo: No os alarm\u00e9is, pues est\u00e1 vivo.&nbsp;<sup>11&nbsp;<\/sup>Despu\u00e9s de haber subido, y partido el pan y comido, habl\u00f3 largamente hasta el alba; y as\u00ed sali\u00f3.&nbsp;<sup>12&nbsp;<\/sup>Y llevaron al joven vivo, y fueron grandemente consolados.<\/p>\n\n\n\n<h5 class=\"wp-block-heading\">Viaje de Troas a Mileto<\/h5>\n\n\n\n<p><sup>13&nbsp;<\/sup>Nosotros, adelant\u00e1ndonos a embarcarnos, navegamos a As\u00f3n para recoger all\u00ed a Pablo, ya que as\u00ed lo hab\u00eda determinado, queriendo \u00e9l ir por tierra.&nbsp;<sup>14&nbsp;<\/sup>Cuando se reuni\u00f3 con nosotros en As\u00f3n, tom\u00e1ndole a bordo, vinimos a Mitilene.&nbsp;<sup>15&nbsp;<\/sup>Navegando de all\u00ed, al d\u00eda siguiente llegamos delante de Qu\u00edo, y al otro d\u00eda tomamos puerto en Samos; y habiendo hecho escala en Trogilio, al d\u00eda siguiente llegamos a Mileto.&nbsp;<sup>16&nbsp;<\/sup>Porque Pablo se hab\u00eda propuesto pasar de largo a \u00c9feso, para no detenerse en Asia, pues se apresuraba por estar el d\u00eda de Pentecost\u00e9s, si le fuese posible, en Jerusal\u00e9n.<\/p>\n\n\n\n<h5 class=\"wp-block-heading\">Discurso de despedida de Pablo en Mileto<\/h5>\n\n\n\n<p><sup>17&nbsp;<\/sup>Enviando, pues, desde Mileto a \u00c9feso, hizo llamar a los ancianos de la iglesia.&nbsp;<sup>18&nbsp;<\/sup>Cuando vinieron a \u00e9l, les dijo:<\/p>\n\n\n\n<p>Vosotros sab\u00e9is c\u00f3mo me he comportado entre vosotros todo el tiempo, desde el primer d\u00eda que entr\u00e9 en Asia,&nbsp;<sup>19&nbsp;<\/sup>sirviendo al Se\u00f1or con toda humildad, y con muchas l\u00e1grimas, y pruebas que me han venido por las asechanzas de los jud\u00edos;&nbsp;<sup>20&nbsp;<\/sup>y c\u00f3mo nada que fuese \u00fatil he rehuido de anunciaros y ense\u00f1aros, p\u00fablicamente y por las casas,&nbsp;<sup>21&nbsp;<\/sup>testificando a jud\u00edos y a gentiles acerca del arrepentimiento para con Dios, y de la fe en nuestro Se\u00f1or Jesucristo.&nbsp;<sup>22&nbsp;<\/sup>Ahora, he aqu\u00ed, ligado yo en esp\u00edritu, voy a Jerusal\u00e9n, sin saber lo que all\u00e1 me ha de acontecer;&nbsp;<sup>23&nbsp;<\/sup>salvo que el Esp\u00edritu Santo por todas las ciudades me da testimonio, diciendo que me esperan prisiones y tribulaciones.&nbsp;<sup>24&nbsp;<\/sup>Pero de ninguna cosa hago caso, ni estimo preciosa mi vida para m\u00ed mismo, con tal que acabe mi carrera&nbsp;con gozo, y el ministerio que recib\u00ed del Se\u00f1or Jes\u00fas, para dar testimonio del evangelio de la gracia de Dios.&nbsp;<sup>25&nbsp;<\/sup>Y ahora, he aqu\u00ed, yo s\u00e9 que ninguno de todos vosotros, entre quienes he pasado predicando el reino de Dios, ver\u00e1 m\u00e1s mi rostro.&nbsp;<sup>26&nbsp;<\/sup>Por tanto, yo os protesto en el d\u00eda de hoy, que estoy limpio de la sangre de todos;&nbsp;<sup>27&nbsp;<\/sup>porque no he rehuido anunciaros todo el consejo de Dios.&nbsp;<sup>28&nbsp;<\/sup>Por tanto, mirad por vosotros, y por todo el reba\u00f1o en que el Esp\u00edritu Santo os ha puesto por obispos, para apacentar la iglesia del Se\u00f1or, la cual \u00e9l gan\u00f3 por su propia sangre.&nbsp;<sup>29&nbsp;<\/sup>Porque yo s\u00e9 que despu\u00e9s de mi partida entrar\u00e1n en medio de vosotros lobos rapaces, que no perdonar\u00e1n al reba\u00f1o.&nbsp;<sup>30&nbsp;<\/sup>Y de vosotros mismos se levantar\u00e1n hombres que hablen cosas perversas para arrastrar tras s\u00ed a los disc\u00edpulos.&nbsp;<sup>31&nbsp;<\/sup>Por tanto, velad, acord\u00e1ndoos que por tres a\u00f1os, de noche y de d\u00eda, no he cesado de amonestar con l\u00e1grimas a cada uno.&nbsp;<sup>32&nbsp;<\/sup>Y ahora, hermanos, os encomiendo a Dios, y a la palabra de su gracia, que tiene poder para sobreedificaros y daros herencia con todos los santificados.&nbsp;<sup>33&nbsp;<\/sup>Ni plata ni oro ni vestido de nadie he codiciado.&nbsp;<sup>34&nbsp;<\/sup>Antes vosotros sab\u00e9is que para lo que me ha sido necesario a m\u00ed y a los que est\u00e1n conmigo, estas manos me han servido.&nbsp;<sup>35&nbsp;<\/sup>En todo os he ense\u00f1ado que, trabajando as\u00ed, se debe ayudar a los necesitados, y recordar las palabras del Se\u00f1or Jes\u00fas, que dijo: M\u00e1s bienaventurado es dar que recibir.<\/p>\n\n\n\n<p><sup>36&nbsp;<\/sup>Cuando hubo dicho estas cosas, se puso de rodillas, y or\u00f3 con todos ellos.&nbsp;<sup>37&nbsp;<\/sup>Entonces hubo gran llanto de todos; y ech\u00e1ndose al cuello de Pablo, le besaban,&nbsp;<sup>38&nbsp;<\/sup>doli\u00e9ndose en gran manera por la palabra que dijo, de que no ver\u00edan m\u00e1s su rostro. Y le acompa\u00f1aron al barco.<\/p>\n\n\n\n<div class=\"wp-block-stackable-text stk-block-text stk-block stk-3f49bf1 stk-block-background\" data-block-id=\"3f49bf1\"><style>.stk-3f49bf1 .stk-block-text__text{font-size:13px !important}@media screen and (max-width:1023px){.stk-3f49bf1 .stk-block-text__text{font-size:13px !important}}<\/style><p class=\"stk-block-text__text\">Reina-Valera 1960 \u00ae \u00a9 Sociedades B\u00edblicas en Am\u00e9rica Latina, 1960. Renovado \u00a9 Sociedades B\u00edblicas Unidas, 1988. Utilizado con permiso. Si desea m\u00e1s informaci\u00f3n visite&nbsp;<a href=\"https:\/\/www.americanbible.org\/\">americanbible.org<\/a>,&nbsp;<a href=\"https:\/\/www.unitedbiblesocieties.org\/\">unitedbiblesocieties.org<\/a>,&nbsp;<a href=\"https:\/\/www.vivelabiblia.com\/\">vivelabiblia.com<\/a>,&nbsp;<a href=\"http:\/\/unitedbiblesocieties.org\/es\/casa\/\">unitedbiblesocieties.org\/es\/casa\/<\/a>,&nbsp;<a href=\"https:\/\/rvr60.bible\/?utm_source=website&amp;utm_medium=link&amp;utm_campaign=BGWYCEV11232021&amp;utm_id=biblegateway\/\">www.rvr60.bible<\/a><\/p><\/div>\n<\/div><\/div><\/div>\n<\/div><\/div>\n\n\n\n<p>En Hechos 20, podemos hacernos una idea acerca del coraz\u00f3n del ap\u00f3stol Pablo y su ministerio, y hay dos cosas muy claras que saltan a la vista en este texto. Primero, vemos el tierno cuidado de Pablo por las iglesias que visit\u00f3 al concluir este tercer viaje misionero. Vemos su tristeza cuando se despide de sus amigos llorando, vemos su compasi\u00f3n cuando sana a los muertos y vemos su alegr\u00eda cuando re\u00fane dinero para los creyentes en Jerusal\u00e9n. En segundo lugar, sentimos la pasi\u00f3n de Pablo por el Se\u00f1or Jes\u00fas mientras les predica, tanto a jud\u00edos como a griegos, advirti\u00e9ndoles a todos con gran vigor que est\u00e9n atentos a los falsos maestros que pretenden desviarlos.<\/p>\n\n\n\n<p>La vida de Pablo modela los dos grandes mandamientos resumidos por Jes\u00fas: (1) Amar al Se\u00f1or tu Dios y (2) amar a tu pr\u00f3jimo como a ti mismo (Lucas 10:27). Pablo se relaciona de manera conmovedora con Dios y el hombre a pesar de las dificultades y la persecuci\u00f3n prevista. Como cristianos, se nos pide que hagamos lo mismo sin importar el costo. De hecho, Jes\u00fas dijo en Mateo 16:24 que cualquier seguidor debe &#8220;negarse a s\u00ed mismo, tomar su cruz y seguirme&#8221;. Nuestra vida no nos pertenece, sino que hemos sido comprados por un alto precio y, por lo tanto, \u00a1debemos buscar a Dios y servirle por completo!<\/p>\n\n\n\n<p><strong><em>&nbsp;\u00bfHay algunas \u00e1reas en su vida que le oculta a Dios? \u00bfPuede pensar en alg\u00fan recurso que guarde para s\u00ed mismo en lugar de compartirlo con otros para la gloria de Dios?<\/em><\/strong><\/p>\n","protected":false},"excerpt":{"rendered":"<p>Devocional por Brent Johnson Hechos 20 Viaje de Pablo a Macedonia y Grecia 20&nbsp;Despu\u00e9s que ces\u00f3 el alboroto, llam\u00f3 Pablo a los disc\u00edpulos, y habi\u00e9ndolos exhortado y abrazado, se despidi\u00f3 y sali\u00f3 para ir a Macedonia.&nbsp;2&nbsp;Y despu\u00e9s de recorrer aquellas regiones, y de exhortarles con abundancia de palabras, lleg\u00f3 a Grecia.&nbsp;3&nbsp;Despu\u00e9s de haber estado all\u00ed &hellip; <a href=\"https:\/\/esp.championforest.org\/devotionals\/1-27-2024\/\" class=\"more-link\">Continue reading <span class=\"screen-reader-text\">D\u00eda Veinte | El Libro de Hechos<\/span><\/a><\/p>\n","protected":false},"author":2,"featured_media":1834,"comment_status":"open","ping_status":"closed","sticky":false,"template":"","format":"standard","meta":{"footnotes":""},"categories":[6,29],"tags":[28],"class_list":["post-1948","post","type-post","status-publish","format-standard","has-post-thumbnail","hentry","category-devocionales","category-hechos","tag-hechos"],"featured_image_urls_v2":{"full":["https:\/\/esp.championforest.org\/devotionals\/wp-content\/uploads\/2023\/12\/Acts-BG.jpg",1080,581,false],"thumbnail":["https:\/\/esp.championforest.org\/devotionals\/wp-content\/uploads\/2023\/12\/Acts-BG-150x150.jpg",150,150,true],"medium":["https:\/\/esp.championforest.org\/devotionals\/wp-content\/uploads\/2023\/12\/Acts-BG-300x161.jpg",300,161,true],"medium_large":["https:\/\/esp.championforest.org\/devotionals\/wp-content\/uploads\/2023\/12\/Acts-BG-768x413.jpg",768,413,true],"large":["https:\/\/esp.championforest.org\/devotionals\/wp-content\/uploads\/2023\/12\/Acts-BG-1024x551.jpg",900,484,true],"1536x1536":["https:\/\/esp.championforest.org\/devotionals\/wp-content\/uploads\/2023\/12\/Acts-BG.jpg",1080,581,false],"2048x2048":["https:\/\/esp.championforest.org\/devotionals\/wp-content\/uploads\/2023\/12\/Acts-BG.jpg",1080,581,false],"post-thumbnail":["https:\/\/esp.championforest.org\/devotionals\/wp-content\/uploads\/2023\/12\/Acts-BG.jpg",1080,581,false]},"post_excerpt_stackable_v2":"<p>Devocional por Brent Johnson Hechos 20 Viaje de Pablo a Macedonia y Grecia 20&nbsp;Despu\u00e9s que ces\u00f3 el alboroto, llam\u00f3 Pablo a los disc\u00edpulos, y habi\u00e9ndolos exhortado y abrazado, se despidi\u00f3 y sali\u00f3 para ir a Macedonia.&nbsp;2&nbsp;Y despu\u00e9s de recorrer aquellas regiones, y de exhortarles con abundancia de palabras, lleg\u00f3 a Grecia.&nbsp;3&nbsp;Despu\u00e9s de haber estado all\u00ed tres meses, y si\u00e9ndole puestas asechanzas por los jud\u00edos para cuando se embarcase para Siria, tom\u00f3 la decisi\u00f3n de volver por Macedonia.&nbsp;4&nbsp;Y le acompa\u00f1aron hasta Asia, S\u00f3pater de Berea, Aristarco y Segundo de Tesal\u00f3nica, Gayo de Derbe, y Timoteo; y de Asia, T\u00edquico y Tr\u00f3fimo.&nbsp;5&nbsp;Estos,&hellip;<\/p>\n","category_list_v2":"<a href=\"https:\/\/esp.championforest.org\/devotionals\/category\/devocionales\/\" rel=\"category tag\">Devocionales<\/a>, <a href=\"https:\/\/esp.championforest.org\/devotionals\/category\/hechos\/\" rel=\"category tag\">Hechos<\/a>","author_info_v2":{"name":"Champion Forest","url":"https:\/\/esp.championforest.org\/devotionals\/author\/cfbcms_admin\/"},"comments_num_v2":"7 comments","yoast_head":"<!-- This site is optimized with the Yoast SEO plugin v27.3 - https:\/\/yoast.com\/product\/yoast-seo-wordpress\/ -->\n<title>D\u00eda Veinte | El Libro de Hechos - Devocionales<\/title>\n<meta name=\"robots\" content=\"index, follow, max-snippet:-1, max-image-preview:large, max-video-preview:-1\" \/>\n<link rel=\"canonical\" href=\"https:\/\/esp.championforest.org\/devotionals\/1-27-2024\/\" \/>\n<meta property=\"og:locale\" content=\"en_US\" \/>\n<meta property=\"og:type\" content=\"article\" \/>\n<meta property=\"og:title\" content=\"D\u00eda Veinte | El Libro de Hechos - Devocionales\" \/>\n<meta property=\"og:description\" content=\"Devocional por Brent Johnson Hechos 20 Viaje de Pablo a Macedonia y Grecia 20&nbsp;Despu\u00e9s que ces\u00f3 el alboroto, llam\u00f3 Pablo a los disc\u00edpulos, y habi\u00e9ndolos exhortado y abrazado, se despidi\u00f3 y sali\u00f3 para ir a Macedonia.&nbsp;2&nbsp;Y despu\u00e9s de recorrer aquellas regiones, y de exhortarles con abundancia de palabras, lleg\u00f3 a Grecia.&nbsp;3&nbsp;Despu\u00e9s de haber estado all\u00ed &hellip; Continue reading D\u00eda Veinte | El Libro de Hechos\" \/>\n<meta property=\"og:url\" content=\"https:\/\/esp.championforest.org\/devotionals\/1-27-2024\/\" \/>\n<meta property=\"og:site_name\" content=\"Devocionales\" \/>\n<meta property=\"article:published_time\" content=\"2024-01-27T06:03:47+00:00\" \/>\n<meta property=\"og:image\" content=\"https:\/\/esp.championforest.org\/devotionals\/wp-content\/uploads\/2023\/12\/Acts-BG.jpg\" \/>\n\t<meta property=\"og:image:width\" content=\"1080\" \/>\n\t<meta property=\"og:image:height\" content=\"581\" \/>\n\t<meta property=\"og:image:type\" content=\"image\/jpeg\" \/>\n<meta name=\"author\" content=\"Champion Forest\" \/>\n<meta name=\"twitter:card\" content=\"summary_large_image\" \/>\n<meta name=\"twitter:label1\" content=\"Written by\" \/>\n\t<meta name=\"twitter:data1\" content=\"Champion Forest\" \/>\n\t<meta name=\"twitter:label2\" content=\"Est. reading time\" \/>\n\t<meta name=\"twitter:data2\" content=\"6 minutes\" \/>\n<script type=\"application\/ld+json\" class=\"yoast-schema-graph\">{\"@context\":\"https:\\\/\\\/schema.org\",\"@graph\":[{\"@type\":\"Article\",\"@id\":\"https:\\\/\\\/esp.championforest.org\\\/devotionals\\\/1-27-2024\\\/#article\",\"isPartOf\":{\"@id\":\"https:\\\/\\\/esp.championforest.org\\\/devotionals\\\/1-27-2024\\\/\"},\"author\":{\"name\":\"Champion Forest\",\"@id\":\"https:\\\/\\\/esp.championforest.org\\\/devotionals\\\/#\\\/schema\\\/person\\\/0d7b32cb6698781087962c699912c666\"},\"headline\":\"D\u00eda Veinte | El Libro de Hechos\",\"datePublished\":\"2024-01-27T06:03:47+00:00\",\"mainEntityOfPage\":{\"@id\":\"https:\\\/\\\/esp.championforest.org\\\/devotionals\\\/1-27-2024\\\/\"},\"wordCount\":1303,\"commentCount\":7,\"image\":{\"@id\":\"https:\\\/\\\/esp.championforest.org\\\/devotionals\\\/1-27-2024\\\/#primaryimage\"},\"thumbnailUrl\":\"https:\\\/\\\/esp.championforest.org\\\/devotionals\\\/wp-content\\\/uploads\\\/2023\\\/12\\\/Acts-BG.jpg\",\"keywords\":[\"Hechos\"],\"articleSection\":[\"Devocionales\",\"Hechos\"],\"inLanguage\":\"en-US\",\"potentialAction\":[{\"@type\":\"CommentAction\",\"name\":\"Comment\",\"target\":[\"https:\\\/\\\/esp.championforest.org\\\/devotionals\\\/1-27-2024\\\/#respond\"]}]},{\"@type\":\"WebPage\",\"@id\":\"https:\\\/\\\/esp.championforest.org\\\/devotionals\\\/1-27-2024\\\/\",\"url\":\"https:\\\/\\\/esp.championforest.org\\\/devotionals\\\/1-27-2024\\\/\",\"name\":\"D\u00eda Veinte | El Libro de Hechos - Devocionales\",\"isPartOf\":{\"@id\":\"https:\\\/\\\/esp.championforest.org\\\/devotionals\\\/#website\"},\"primaryImageOfPage\":{\"@id\":\"https:\\\/\\\/esp.championforest.org\\\/devotionals\\\/1-27-2024\\\/#primaryimage\"},\"image\":{\"@id\":\"https:\\\/\\\/esp.championforest.org\\\/devotionals\\\/1-27-2024\\\/#primaryimage\"},\"thumbnailUrl\":\"https:\\\/\\\/esp.championforest.org\\\/devotionals\\\/wp-content\\\/uploads\\\/2023\\\/12\\\/Acts-BG.jpg\",\"datePublished\":\"2024-01-27T06:03:47+00:00\",\"author\":{\"@id\":\"https:\\\/\\\/esp.championforest.org\\\/devotionals\\\/#\\\/schema\\\/person\\\/0d7b32cb6698781087962c699912c666\"},\"breadcrumb\":{\"@id\":\"https:\\\/\\\/esp.championforest.org\\\/devotionals\\\/1-27-2024\\\/#breadcrumb\"},\"inLanguage\":\"en-US\",\"potentialAction\":[{\"@type\":\"ReadAction\",\"target\":[\"https:\\\/\\\/esp.championforest.org\\\/devotionals\\\/1-27-2024\\\/\"]}]},{\"@type\":\"ImageObject\",\"inLanguage\":\"en-US\",\"@id\":\"https:\\\/\\\/esp.championforest.org\\\/devotionals\\\/1-27-2024\\\/#primaryimage\",\"url\":\"https:\\\/\\\/esp.championforest.org\\\/devotionals\\\/wp-content\\\/uploads\\\/2023\\\/12\\\/Acts-BG.jpg\",\"contentUrl\":\"https:\\\/\\\/esp.championforest.org\\\/devotionals\\\/wp-content\\\/uploads\\\/2023\\\/12\\\/Acts-BG.jpg\",\"width\":1080,\"height\":581},{\"@type\":\"BreadcrumbList\",\"@id\":\"https:\\\/\\\/esp.championforest.org\\\/devotionals\\\/1-27-2024\\\/#breadcrumb\",\"itemListElement\":[{\"@type\":\"ListItem\",\"position\":1,\"name\":\"Casa\",\"item\":\"https:\\\/\\\/esp.championforest.org\\\/devotionals\\\/\"},{\"@type\":\"ListItem\",\"position\":2,\"name\":\"D\u00eda Veinte | El Libro de Hechos\"}]},{\"@type\":\"WebSite\",\"@id\":\"https:\\\/\\\/esp.championforest.org\\\/devotionals\\\/#website\",\"url\":\"https:\\\/\\\/esp.championforest.org\\\/devotionals\\\/\",\"name\":\"Devocionales\",\"description\":\"\",\"potentialAction\":[{\"@type\":\"SearchAction\",\"target\":{\"@type\":\"EntryPoint\",\"urlTemplate\":\"https:\\\/\\\/esp.championforest.org\\\/devotionals\\\/?s={search_term_string}\"},\"query-input\":{\"@type\":\"PropertyValueSpecification\",\"valueRequired\":true,\"valueName\":\"search_term_string\"}}],\"inLanguage\":\"en-US\"},{\"@type\":\"Person\",\"@id\":\"https:\\\/\\\/esp.championforest.org\\\/devotionals\\\/#\\\/schema\\\/person\\\/0d7b32cb6698781087962c699912c666\",\"name\":\"Champion Forest\",\"image\":{\"@type\":\"ImageObject\",\"inLanguage\":\"en-US\",\"@id\":\"https:\\\/\\\/secure.gravatar.com\\\/avatar\\\/978ba5d6180fa65624708e969f442efde16543b129f0679a2cb301024d170062?s=96&d=mm&r=g\",\"url\":\"https:\\\/\\\/secure.gravatar.com\\\/avatar\\\/978ba5d6180fa65624708e969f442efde16543b129f0679a2cb301024d170062?s=96&d=mm&r=g\",\"contentUrl\":\"https:\\\/\\\/secure.gravatar.com\\\/avatar\\\/978ba5d6180fa65624708e969f442efde16543b129f0679a2cb301024d170062?s=96&d=mm&r=g\",\"caption\":\"Champion Forest\"},\"url\":\"https:\\\/\\\/esp.championforest.org\\\/devotionals\\\/author\\\/cfbcms_admin\\\/\"}]}<\/script>\n<!-- \/ Yoast SEO plugin. -->","yoast_head_json":{"title":"D\u00eda Veinte | El Libro de Hechos - Devocionales","robots":{"index":"index","follow":"follow","max-snippet":"max-snippet:-1","max-image-preview":"max-image-preview:large","max-video-preview":"max-video-preview:-1"},"canonical":"https:\/\/esp.championforest.org\/devotionals\/1-27-2024\/","og_locale":"en_US","og_type":"article","og_title":"D\u00eda Veinte | El Libro de Hechos - Devocionales","og_description":"Devocional por Brent Johnson Hechos 20 Viaje de Pablo a Macedonia y Grecia 20&nbsp;Despu\u00e9s que ces\u00f3 el alboroto, llam\u00f3 Pablo a los disc\u00edpulos, y habi\u00e9ndolos exhortado y abrazado, se despidi\u00f3 y sali\u00f3 para ir a Macedonia.&nbsp;2&nbsp;Y despu\u00e9s de recorrer aquellas regiones, y de exhortarles con abundancia de palabras, lleg\u00f3 a Grecia.&nbsp;3&nbsp;Despu\u00e9s de haber estado all\u00ed &hellip; Continue reading D\u00eda Veinte | El Libro de Hechos","og_url":"https:\/\/esp.championforest.org\/devotionals\/1-27-2024\/","og_site_name":"Devocionales","article_published_time":"2024-01-27T06:03:47+00:00","og_image":[{"width":1080,"height":581,"url":"https:\/\/esp.championforest.org\/devotionals\/wp-content\/uploads\/2023\/12\/Acts-BG.jpg","type":"image\/jpeg"}],"author":"Champion Forest","twitter_card":"summary_large_image","twitter_misc":{"Written by":"Champion Forest","Est. reading time":"6 minutes"},"schema":{"@context":"https:\/\/schema.org","@graph":[{"@type":"Article","@id":"https:\/\/esp.championforest.org\/devotionals\/1-27-2024\/#article","isPartOf":{"@id":"https:\/\/esp.championforest.org\/devotionals\/1-27-2024\/"},"author":{"name":"Champion Forest","@id":"https:\/\/esp.championforest.org\/devotionals\/#\/schema\/person\/0d7b32cb6698781087962c699912c666"},"headline":"D\u00eda Veinte | El Libro de Hechos","datePublished":"2024-01-27T06:03:47+00:00","mainEntityOfPage":{"@id":"https:\/\/esp.championforest.org\/devotionals\/1-27-2024\/"},"wordCount":1303,"commentCount":7,"image":{"@id":"https:\/\/esp.championforest.org\/devotionals\/1-27-2024\/#primaryimage"},"thumbnailUrl":"https:\/\/esp.championforest.org\/devotionals\/wp-content\/uploads\/2023\/12\/Acts-BG.jpg","keywords":["Hechos"],"articleSection":["Devocionales","Hechos"],"inLanguage":"en-US","potentialAction":[{"@type":"CommentAction","name":"Comment","target":["https:\/\/esp.championforest.org\/devotionals\/1-27-2024\/#respond"]}]},{"@type":"WebPage","@id":"https:\/\/esp.championforest.org\/devotionals\/1-27-2024\/","url":"https:\/\/esp.championforest.org\/devotionals\/1-27-2024\/","name":"D\u00eda Veinte | El Libro de Hechos - Devocionales","isPartOf":{"@id":"https:\/\/esp.championforest.org\/devotionals\/#website"},"primaryImageOfPage":{"@id":"https:\/\/esp.championforest.org\/devotionals\/1-27-2024\/#primaryimage"},"image":{"@id":"https:\/\/esp.championforest.org\/devotionals\/1-27-2024\/#primaryimage"},"thumbnailUrl":"https:\/\/esp.championforest.org\/devotionals\/wp-content\/uploads\/2023\/12\/Acts-BG.jpg","datePublished":"2024-01-27T06:03:47+00:00","author":{"@id":"https:\/\/esp.championforest.org\/devotionals\/#\/schema\/person\/0d7b32cb6698781087962c699912c666"},"breadcrumb":{"@id":"https:\/\/esp.championforest.org\/devotionals\/1-27-2024\/#breadcrumb"},"inLanguage":"en-US","potentialAction":[{"@type":"ReadAction","target":["https:\/\/esp.championforest.org\/devotionals\/1-27-2024\/"]}]},{"@type":"ImageObject","inLanguage":"en-US","@id":"https:\/\/esp.championforest.org\/devotionals\/1-27-2024\/#primaryimage","url":"https:\/\/esp.championforest.org\/devotionals\/wp-content\/uploads\/2023\/12\/Acts-BG.jpg","contentUrl":"https:\/\/esp.championforest.org\/devotionals\/wp-content\/uploads\/2023\/12\/Acts-BG.jpg","width":1080,"height":581},{"@type":"BreadcrumbList","@id":"https:\/\/esp.championforest.org\/devotionals\/1-27-2024\/#breadcrumb","itemListElement":[{"@type":"ListItem","position":1,"name":"Casa","item":"https:\/\/esp.championforest.org\/devotionals\/"},{"@type":"ListItem","position":2,"name":"D\u00eda Veinte | El Libro de Hechos"}]},{"@type":"WebSite","@id":"https:\/\/esp.championforest.org\/devotionals\/#website","url":"https:\/\/esp.championforest.org\/devotionals\/","name":"Devocionales","description":"","potentialAction":[{"@type":"SearchAction","target":{"@type":"EntryPoint","urlTemplate":"https:\/\/esp.championforest.org\/devotionals\/?s={search_term_string}"},"query-input":{"@type":"PropertyValueSpecification","valueRequired":true,"valueName":"search_term_string"}}],"inLanguage":"en-US"},{"@type":"Person","@id":"https:\/\/esp.championforest.org\/devotionals\/#\/schema\/person\/0d7b32cb6698781087962c699912c666","name":"Champion Forest","image":{"@type":"ImageObject","inLanguage":"en-US","@id":"https:\/\/secure.gravatar.com\/avatar\/978ba5d6180fa65624708e969f442efde16543b129f0679a2cb301024d170062?s=96&d=mm&r=g","url":"https:\/\/secure.gravatar.com\/avatar\/978ba5d6180fa65624708e969f442efde16543b129f0679a2cb301024d170062?s=96&d=mm&r=g","contentUrl":"https:\/\/secure.gravatar.com\/avatar\/978ba5d6180fa65624708e969f442efde16543b129f0679a2cb301024d170062?s=96&d=mm&r=g","caption":"Champion Forest"},"url":"https:\/\/esp.championforest.org\/devotionals\/author\/cfbcms_admin\/"}]}},"_links":{"self":[{"href":"https:\/\/esp.championforest.org\/devotionals\/wp-json\/wp\/v2\/posts\/1948","targetHints":{"allow":["GET"]}}],"collection":[{"href":"https:\/\/esp.championforest.org\/devotionals\/wp-json\/wp\/v2\/posts"}],"about":[{"href":"https:\/\/esp.championforest.org\/devotionals\/wp-json\/wp\/v2\/types\/post"}],"author":[{"embeddable":true,"href":"https:\/\/esp.championforest.org\/devotionals\/wp-json\/wp\/v2\/users\/2"}],"replies":[{"embeddable":true,"href":"https:\/\/esp.championforest.org\/devotionals\/wp-json\/wp\/v2\/comments?post=1948"}],"version-history":[{"count":2,"href":"https:\/\/esp.championforest.org\/devotionals\/wp-json\/wp\/v2\/posts\/1948\/revisions"}],"predecessor-version":[{"id":1950,"href":"https:\/\/esp.championforest.org\/devotionals\/wp-json\/wp\/v2\/posts\/1948\/revisions\/1950"}],"wp:featuredmedia":[{"embeddable":true,"href":"https:\/\/esp.championforest.org\/devotionals\/wp-json\/wp\/v2\/media\/1834"}],"wp:attachment":[{"href":"https:\/\/esp.championforest.org\/devotionals\/wp-json\/wp\/v2\/media?parent=1948"}],"wp:term":[{"taxonomy":"category","embeddable":true,"href":"https:\/\/esp.championforest.org\/devotionals\/wp-json\/wp\/v2\/categories?post=1948"},{"taxonomy":"post_tag","embeddable":true,"href":"https:\/\/esp.championforest.org\/devotionals\/wp-json\/wp\/v2\/tags?post=1948"}],"curies":[{"name":"wp","href":"https:\/\/api.w.org\/{rel}","templated":true}]}}