{"id":1942,"date":"2024-01-25T00:03:50","date_gmt":"2024-01-25T06:03:50","guid":{"rendered":"https:\/\/esp.championforest.org\/devotionals\/?p=1942"},"modified":"2024-01-19T12:09:53","modified_gmt":"2024-01-19T18:09:53","slug":"1-25-2024","status":"publish","type":"post","link":"https:\/\/esp.championforest.org\/devotionals\/1-25-2024\/","title":{"rendered":"D\u00eda Dieciocho | El Libro de Hechos"},"content":{"rendered":"\n<p><span style=\"color: #000000;\" class=\"stk-highlight\">Devocional por<\/span> <span style=\"color: #000000;\" class=\"stk-highlight\"><span style=\"color: #000000;\" class=\"stk-highlight\"><span style=\"color: #000000;\" class=\"stk-highlight\">Emory Cothen<\/span><\/span><\/span><\/p>\n\n\n\n<div class=\"wp-block-group\"><div class=\"wp-block-group__inner-container is-layout-constrained wp-block-group-is-layout-constrained\">\n<div class=\"wp-block-stackable-hero stk-block-hero stk-block stk-bb37f46 is-style-default\" data-v=\"2\" data-block-id=\"bb37f46\"><style>.stk-bb37f46-inner-blocks{justify-content:center !important}.stk-bb37f46-container{background-color:#f7f7f7 !important}.stk-bb37f46-container:before{background-color:#f7f7f7 !important}.stk-bb37f46 .stk-block-hero__content{min-height:500px !important;align-items:center !important;display:flex !important}<\/style><div class=\"stk-block-hero__content stk-content-align stk-bb37f46-column stk-container stk-bb37f46-container stk-hover-parent\"><div class=\"stk-block-content stk-inner-blocks has-text-align-left stk--column-flex stk-bb37f46-inner-blocks\">\n<div class=\"wp-block-stackable-heading stk-block-heading stk-block-heading--v2 stk-block stk-4fd618f\" id=\"hechos-18\" data-block-id=\"4fd618f\"><style>.stk-4fd618f{margin-bottom:1px !important}<\/style><h4 class=\"stk-block-heading__text\">Hechos 18<\/h4><\/div>\n\n\n\n<h5 class=\"wp-block-heading\">Pablo en Corinto<\/h5>\n\n\n\n<p><strong>18\u00a0<\/strong>Despu\u00e9s de estas cosas, Pablo sali\u00f3 de Atenas y fue a Corinto.\u00a0<sup>2\u00a0<\/sup>Y hall\u00f3 a un jud\u00edo llamado Aquila, natural del Ponto, reci\u00e9n venido de Italia con Priscila su mujer, por cuanto Claudio hab\u00eda mandado que todos los jud\u00edos saliesen de Roma. Fue a ellos,\u00a0<sup>3\u00a0<\/sup>y como era del mismo oficio, se qued\u00f3 con ellos, y trabajaban juntos, pues el oficio de ellos era hacer tiendas.\u00a0<sup>4\u00a0<\/sup>Y discut\u00eda en la sinagoga todos los d\u00edas de reposo,\u00a0y persuad\u00eda a jud\u00edos y a griegos.<\/p>\n\n\n\n<p><sup>5&nbsp;<\/sup>Y cuando Silas y Timoteo vinieron de Macedonia, Pablo estaba entregado por entero a la predicaci\u00f3n de la palabra, testificando a los jud\u00edos que Jes\u00fas era el Cristo.&nbsp;<sup>6&nbsp;<\/sup>Pero oponi\u00e9ndose y blasfemando estos, les dijo, sacudi\u00e9ndose los vestidos: Vuestra sangre sea sobre vuestra propia cabeza; yo, limpio; desde ahora me ir\u00e9 a los gentiles.&nbsp;<sup>7&nbsp;<\/sup>Y saliendo de all\u00ed, se fue a la casa de uno llamado Justo, temeroso de Dios, la cual estaba junto a la sinagoga.&nbsp;<sup>8&nbsp;<\/sup>Y Crispo, el principal de la sinagoga, crey\u00f3 en el Se\u00f1or con toda su casa; y muchos de los corintios, oyendo, cre\u00edan y eran bautizados.&nbsp;<sup>9&nbsp;<\/sup>Entonces el Se\u00f1or dijo a Pablo en visi\u00f3n de noche: No temas, sino habla, y no calles;&nbsp;<sup>10&nbsp;<\/sup>porque yo estoy contigo, y ninguno pondr\u00e1 sobre ti la mano para hacerte mal, porque yo tengo mucho pueblo en esta ciudad.&nbsp;<sup>11&nbsp;<\/sup>Y se detuvo all\u00ed un a\u00f1o y seis meses, ense\u00f1\u00e1ndoles la palabra de Dios.<\/p>\n\n\n\n<p><sup>12&nbsp;<\/sup>Pero siendo Gali\u00f3n proc\u00f3nsul de Acaya, los jud\u00edos se levantaron de com\u00fan acuerdo contra Pablo, y le llevaron al tribunal,&nbsp;<sup>13&nbsp;<\/sup>diciendo: Este persuade a los hombres a honrar a Dios contra la ley.&nbsp;<sup>14&nbsp;<\/sup>Y al comenzar Pablo a hablar, Gali\u00f3n dijo a los jud\u00edos: Si fuera alg\u00fan agravio o alg\u00fan crimen enorme, oh jud\u00edos, conforme a derecho yo os tolerar\u00eda.&nbsp;<sup>15&nbsp;<\/sup>Pero si son cuestiones de palabras, y de nombres, y de vuestra ley, vedlo vosotros; porque yo no quiero ser juez de estas cosas.&nbsp;<sup>16&nbsp;<\/sup>Y los ech\u00f3 del tribunal.&nbsp;<sup>17&nbsp;<\/sup>Entonces todos los griegos, apoder\u00e1ndose de S\u00f3stenes, principal de la sinagoga, le golpeaban delante del tribunal; pero a Gali\u00f3n nada se le daba de ello.<\/p>\n\n\n\n<p><sup>18&nbsp;<\/sup>Mas Pablo, habi\u00e9ndose detenido a\u00fan muchos d\u00edas all\u00ed, despu\u00e9s se despidi\u00f3 de los hermanos y naveg\u00f3 a Siria, y con \u00e9l Priscila y Aquila, habi\u00e9ndose rapado la cabeza en Cencrea, porque ten\u00eda hecho voto.&nbsp;<sup>19&nbsp;<\/sup>Y lleg\u00f3 a \u00c9feso, y los dej\u00f3 all\u00ed; y entrando en la sinagoga, discut\u00eda con los jud\u00edos,&nbsp;<sup>20&nbsp;<\/sup>los cuales le rogaban que se quedase con ellos por m\u00e1s tiempo; mas no accedi\u00f3,&nbsp;<sup>21&nbsp;<\/sup>sino que se despidi\u00f3 de ellos, diciendo: Es necesario que en todo caso yo guarde en Jerusal\u00e9n la fiesta que viene; pero otra vez volver\u00e9 a vosotros, si Dios quiere. Y zarp\u00f3 de \u00c9feso.<\/p>\n\n\n\n<h5 class=\"wp-block-heading\">Pablo regresa a Antioqu\u00eda y comienza su tercer viaje misionero<\/h5>\n\n\n\n<p><sup>22&nbsp;<\/sup>Habiendo arribado a Cesarea, subi\u00f3 para saludar a la iglesia, y luego descendi\u00f3 a Antioqu\u00eda.&nbsp;<sup>23&nbsp;<\/sup>Y despu\u00e9s de estar all\u00ed alg\u00fan tiempo, sali\u00f3, recorriendo por orden la regi\u00f3n de Galacia y de Frigia, confirmando a todos los disc\u00edpulos.<\/p>\n\n\n\n<h5 class=\"wp-block-heading\">Apolos predica en \u00c9feso<\/h5>\n\n\n\n<p><sup>24&nbsp;<\/sup>Lleg\u00f3 entonces a \u00c9feso un jud\u00edo llamado Apolos, natural de Alejandr\u00eda, var\u00f3n elocuente, poderoso en las Escrituras.&nbsp;<sup>25&nbsp;<\/sup>Este hab\u00eda sido instruido en el camino del Se\u00f1or; y siendo de esp\u00edritu fervoroso, hablaba y ense\u00f1aba diligentemente lo concerniente al Se\u00f1or, aunque solamente conoc\u00eda el bautismo de Juan.&nbsp;<sup>26&nbsp;<\/sup>Y comenz\u00f3 a hablar con denuedo en la sinagoga; pero cuando le oyeron Priscila y Aquila, le tomaron aparte y le expusieron m\u00e1s exactamente el camino de Dios.&nbsp;<sup>27&nbsp;<\/sup>Y queriendo \u00e9l pasar a Acaya, los hermanos le animaron, y escribieron a los disc\u00edpulos que le recibiesen; y llegado \u00e9l all\u00e1, fue de gran provecho a los que por la gracia hab\u00edan cre\u00eddo;&nbsp;<sup>28&nbsp;<\/sup>porque con gran vehemencia refutaba p\u00fablicamente a los jud\u00edos, demostrando por las Escrituras que Jes\u00fas era el Cristo.<\/p>\n\n\n\n<div class=\"wp-block-stackable-text stk-block-text stk-block stk-3f49bf1 stk-block-background\" data-block-id=\"3f49bf1\"><style>.stk-3f49bf1 .stk-block-text__text{font-size:13px !important}@media screen and (max-width:1023px){.stk-3f49bf1 .stk-block-text__text{font-size:13px !important}}<\/style><p class=\"stk-block-text__text\">Reina-Valera 1960 \u00ae \u00a9 Sociedades B\u00edblicas en Am\u00e9rica Latina, 1960. Renovado \u00a9 Sociedades B\u00edblicas Unidas, 1988. Utilizado con permiso. Si desea m\u00e1s informaci\u00f3n visite&nbsp;<a href=\"https:\/\/www.americanbible.org\/\">americanbible.org<\/a>,&nbsp;<a href=\"https:\/\/www.unitedbiblesocieties.org\/\">unitedbiblesocieties.org<\/a>,&nbsp;<a href=\"https:\/\/www.vivelabiblia.com\/\">vivelabiblia.com<\/a>,&nbsp;<a href=\"http:\/\/unitedbiblesocieties.org\/es\/casa\/\">unitedbiblesocieties.org\/es\/casa\/<\/a>,&nbsp;<a href=\"https:\/\/rvr60.bible\/?utm_source=website&amp;utm_medium=link&amp;utm_campaign=BGWYCEV11232021&amp;utm_id=biblegateway\/\">www.rvr60.bible<\/a><\/p><\/div>\n<\/div><\/div><\/div>\n<\/div><\/div>\n\n\n\n<p>Hechos 18 marca la transici\u00f3n entre el segundo y el tercer viaje misionero de Pablo. Este cap\u00edtulo describe cambios significativos en la vida y misi\u00f3n de Pablo, y ense\u00f1a lecciones que permanecen en el tiempo. La obediencia a pesar de las circunstancias es un reflejo de que nuestra fe est\u00e1 en un Dios soberano que es mayor que nuestras circunstancias. Al leer Hechos 18, observe las caracter\u00edsticas claves de la iglesia primitiva, la cual permanec\u00eda unida por el compromiso con Cristo y las Escrituras y por el cuidado que manten\u00edan entre s\u00ed.<\/p>\n\n\n\n<p>Muy a menudo, nuestros objetivos en la vida se forman a partir de las comparaciones que hacemos con el mundo que nos rodea. Sin embargo, podemos mirar el ejemplo dado por Pablo y otros en la iglesia local y edificar nuestras vidas sobre las cosas que agradan a Dios. En medio de las pruebas y la persecuci\u00f3n en el surgimiento de la fe cristiana, los creyentes en Hechos 18 estaban comprometidos con la Palabra de Dios, escuchando el llamado del Se\u00f1or y pasando tiempo con el pueblo de Dios. Objetivos simples pero profundos que le dan al creyente un estilo de vida tremendamente diferente al que entiende el mundo incr\u00e9dulo.<\/p>\n\n\n\n<p>&nbsp;La misi\u00f3n de Pablo en la vida era clara: quer\u00eda que todos supieran que Jes\u00fas es el Mes\u00edas y que es digno de ser adorado. En este nuevo a\u00f1o, tenemos la oportunidad de impactar el mundo viviendo nuestra fe y comparti\u00e9ndola con quienes nos rodean.<\/p>\n\n\n\n<p><strong><em>&nbsp;Si estamos llamados a conocer la Palabra de Dios, obedecer el llamado de Dios y pasar tiempo con el pueblo de Dios, \u00bfc\u00f3mo podr\u00eda direccionar su tiempo y las resoluciones de este a\u00f1o para lograrlo?<\/em><\/strong><\/p>\n","protected":false},"excerpt":{"rendered":"<p>Devocional por Emory Cothen Hechos 18 Pablo en Corinto 18\u00a0Despu\u00e9s de estas cosas, Pablo sali\u00f3 de Atenas y fue a Corinto.\u00a02\u00a0Y hall\u00f3 a un jud\u00edo llamado Aquila, natural del Ponto, reci\u00e9n venido de Italia con Priscila su mujer, por cuanto Claudio hab\u00eda mandado que todos los jud\u00edos saliesen de Roma. Fue a ellos,\u00a03\u00a0y como era &hellip; <a href=\"https:\/\/esp.championforest.org\/devotionals\/1-25-2024\/\" class=\"more-link\">Continue reading <span class=\"screen-reader-text\">D\u00eda Dieciocho | El Libro de Hechos<\/span><\/a><\/p>\n","protected":false},"author":2,"featured_media":1834,"comment_status":"open","ping_status":"closed","sticky":false,"template":"","format":"standard","meta":{"footnotes":""},"categories":[6,29],"tags":[28],"class_list":["post-1942","post","type-post","status-publish","format-standard","has-post-thumbnail","hentry","category-devocionales","category-hechos","tag-hechos"],"featured_image_urls_v2":{"full":["https:\/\/esp.championforest.org\/devotionals\/wp-content\/uploads\/2023\/12\/Acts-BG.jpg",1080,581,false],"thumbnail":["https:\/\/esp.championforest.org\/devotionals\/wp-content\/uploads\/2023\/12\/Acts-BG-150x150.jpg",150,150,true],"medium":["https:\/\/esp.championforest.org\/devotionals\/wp-content\/uploads\/2023\/12\/Acts-BG-300x161.jpg",300,161,true],"medium_large":["https:\/\/esp.championforest.org\/devotionals\/wp-content\/uploads\/2023\/12\/Acts-BG-768x413.jpg",768,413,true],"large":["https:\/\/esp.championforest.org\/devotionals\/wp-content\/uploads\/2023\/12\/Acts-BG-1024x551.jpg",900,484,true],"1536x1536":["https:\/\/esp.championforest.org\/devotionals\/wp-content\/uploads\/2023\/12\/Acts-BG.jpg",1080,581,false],"2048x2048":["https:\/\/esp.championforest.org\/devotionals\/wp-content\/uploads\/2023\/12\/Acts-BG.jpg",1080,581,false],"post-thumbnail":["https:\/\/esp.championforest.org\/devotionals\/wp-content\/uploads\/2023\/12\/Acts-BG.jpg",1080,581,false]},"post_excerpt_stackable_v2":"<p>Devocional por Emory Cothen Hechos 18 Pablo en Corinto 18\u00a0Despu\u00e9s de estas cosas, Pablo sali\u00f3 de Atenas y fue a Corinto.\u00a02\u00a0Y hall\u00f3 a un jud\u00edo llamado Aquila, natural del Ponto, reci\u00e9n venido de Italia con Priscila su mujer, por cuanto Claudio hab\u00eda mandado que todos los jud\u00edos saliesen de Roma. Fue a ellos,\u00a03\u00a0y como era del mismo oficio, se qued\u00f3 con ellos, y trabajaban juntos, pues el oficio de ellos era hacer tiendas.\u00a04\u00a0Y discut\u00eda en la sinagoga todos los d\u00edas de reposo,\u00a0y persuad\u00eda a jud\u00edos y a griegos. 5&nbsp;Y cuando Silas y Timoteo vinieron de Macedonia, Pablo estaba entregado por&hellip;<\/p>\n","category_list_v2":"<a href=\"https:\/\/esp.championforest.org\/devotionals\/category\/devocionales\/\" rel=\"category tag\">Devocionales<\/a>, <a href=\"https:\/\/esp.championforest.org\/devotionals\/category\/hechos\/\" rel=\"category tag\">Hechos<\/a>","author_info_v2":{"name":"Champion Forest","url":"https:\/\/esp.championforest.org\/devotionals\/author\/cfbcms_admin\/"},"comments_num_v2":"6 comments","yoast_head":"<!-- This site is optimized with the Yoast SEO plugin v27.3 - https:\/\/yoast.com\/product\/yoast-seo-wordpress\/ -->\n<title>D\u00eda Dieciocho | El Libro de Hechos - Devocionales<\/title>\n<meta name=\"robots\" content=\"index, follow, max-snippet:-1, max-image-preview:large, max-video-preview:-1\" \/>\n<link rel=\"canonical\" href=\"https:\/\/esp.championforest.org\/devotionals\/1-25-2024\/\" \/>\n<meta property=\"og:locale\" content=\"en_US\" \/>\n<meta property=\"og:type\" content=\"article\" \/>\n<meta property=\"og:title\" content=\"D\u00eda Dieciocho | El Libro de Hechos - Devocionales\" \/>\n<meta property=\"og:description\" content=\"Devocional por Emory Cothen Hechos 18 Pablo en Corinto 18\u00a0Despu\u00e9s de estas cosas, Pablo sali\u00f3 de Atenas y fue a Corinto.\u00a02\u00a0Y hall\u00f3 a un jud\u00edo llamado Aquila, natural del Ponto, reci\u00e9n venido de Italia con Priscila su mujer, por cuanto Claudio hab\u00eda mandado que todos los jud\u00edos saliesen de Roma. Fue a ellos,\u00a03\u00a0y como era &hellip; Continue reading D\u00eda Dieciocho | El Libro de Hechos\" \/>\n<meta property=\"og:url\" content=\"https:\/\/esp.championforest.org\/devotionals\/1-25-2024\/\" \/>\n<meta property=\"og:site_name\" content=\"Devocionales\" \/>\n<meta property=\"article:published_time\" content=\"2024-01-25T06:03:50+00:00\" \/>\n<meta property=\"og:image\" content=\"https:\/\/esp.championforest.org\/devotionals\/wp-content\/uploads\/2023\/12\/Acts-BG.jpg\" \/>\n\t<meta property=\"og:image:width\" content=\"1080\" \/>\n\t<meta property=\"og:image:height\" content=\"581\" \/>\n\t<meta property=\"og:image:type\" content=\"image\/jpeg\" \/>\n<meta name=\"author\" content=\"Champion Forest\" \/>\n<meta name=\"twitter:card\" content=\"summary_large_image\" \/>\n<meta name=\"twitter:label1\" content=\"Written by\" \/>\n\t<meta name=\"twitter:data1\" content=\"Champion Forest\" \/>\n\t<meta name=\"twitter:label2\" content=\"Est. reading time\" \/>\n\t<meta name=\"twitter:data2\" content=\"5 minutes\" \/>\n<script type=\"application\/ld+json\" class=\"yoast-schema-graph\">{\"@context\":\"https:\\\/\\\/schema.org\",\"@graph\":[{\"@type\":\"Article\",\"@id\":\"https:\\\/\\\/esp.championforest.org\\\/devotionals\\\/1-25-2024\\\/#article\",\"isPartOf\":{\"@id\":\"https:\\\/\\\/esp.championforest.org\\\/devotionals\\\/1-25-2024\\\/\"},\"author\":{\"name\":\"Champion Forest\",\"@id\":\"https:\\\/\\\/esp.championforest.org\\\/devotionals\\\/#\\\/schema\\\/person\\\/0d7b32cb6698781087962c699912c666\"},\"headline\":\"D\u00eda Dieciocho | El Libro de Hechos\",\"datePublished\":\"2024-01-25T06:03:50+00:00\",\"mainEntityOfPage\":{\"@id\":\"https:\\\/\\\/esp.championforest.org\\\/devotionals\\\/1-25-2024\\\/\"},\"wordCount\":1094,\"commentCount\":6,\"image\":{\"@id\":\"https:\\\/\\\/esp.championforest.org\\\/devotionals\\\/1-25-2024\\\/#primaryimage\"},\"thumbnailUrl\":\"https:\\\/\\\/esp.championforest.org\\\/devotionals\\\/wp-content\\\/uploads\\\/2023\\\/12\\\/Acts-BG.jpg\",\"keywords\":[\"Hechos\"],\"articleSection\":[\"Devocionales\",\"Hechos\"],\"inLanguage\":\"en-US\",\"potentialAction\":[{\"@type\":\"CommentAction\",\"name\":\"Comment\",\"target\":[\"https:\\\/\\\/esp.championforest.org\\\/devotionals\\\/1-25-2024\\\/#respond\"]}]},{\"@type\":\"WebPage\",\"@id\":\"https:\\\/\\\/esp.championforest.org\\\/devotionals\\\/1-25-2024\\\/\",\"url\":\"https:\\\/\\\/esp.championforest.org\\\/devotionals\\\/1-25-2024\\\/\",\"name\":\"D\u00eda Dieciocho | El Libro de Hechos - Devocionales\",\"isPartOf\":{\"@id\":\"https:\\\/\\\/esp.championforest.org\\\/devotionals\\\/#website\"},\"primaryImageOfPage\":{\"@id\":\"https:\\\/\\\/esp.championforest.org\\\/devotionals\\\/1-25-2024\\\/#primaryimage\"},\"image\":{\"@id\":\"https:\\\/\\\/esp.championforest.org\\\/devotionals\\\/1-25-2024\\\/#primaryimage\"},\"thumbnailUrl\":\"https:\\\/\\\/esp.championforest.org\\\/devotionals\\\/wp-content\\\/uploads\\\/2023\\\/12\\\/Acts-BG.jpg\",\"datePublished\":\"2024-01-25T06:03:50+00:00\",\"author\":{\"@id\":\"https:\\\/\\\/esp.championforest.org\\\/devotionals\\\/#\\\/schema\\\/person\\\/0d7b32cb6698781087962c699912c666\"},\"breadcrumb\":{\"@id\":\"https:\\\/\\\/esp.championforest.org\\\/devotionals\\\/1-25-2024\\\/#breadcrumb\"},\"inLanguage\":\"en-US\",\"potentialAction\":[{\"@type\":\"ReadAction\",\"target\":[\"https:\\\/\\\/esp.championforest.org\\\/devotionals\\\/1-25-2024\\\/\"]}]},{\"@type\":\"ImageObject\",\"inLanguage\":\"en-US\",\"@id\":\"https:\\\/\\\/esp.championforest.org\\\/devotionals\\\/1-25-2024\\\/#primaryimage\",\"url\":\"https:\\\/\\\/esp.championforest.org\\\/devotionals\\\/wp-content\\\/uploads\\\/2023\\\/12\\\/Acts-BG.jpg\",\"contentUrl\":\"https:\\\/\\\/esp.championforest.org\\\/devotionals\\\/wp-content\\\/uploads\\\/2023\\\/12\\\/Acts-BG.jpg\",\"width\":1080,\"height\":581},{\"@type\":\"BreadcrumbList\",\"@id\":\"https:\\\/\\\/esp.championforest.org\\\/devotionals\\\/1-25-2024\\\/#breadcrumb\",\"itemListElement\":[{\"@type\":\"ListItem\",\"position\":1,\"name\":\"Casa\",\"item\":\"https:\\\/\\\/esp.championforest.org\\\/devotionals\\\/\"},{\"@type\":\"ListItem\",\"position\":2,\"name\":\"D\u00eda Dieciocho | El Libro de Hechos\"}]},{\"@type\":\"WebSite\",\"@id\":\"https:\\\/\\\/esp.championforest.org\\\/devotionals\\\/#website\",\"url\":\"https:\\\/\\\/esp.championforest.org\\\/devotionals\\\/\",\"name\":\"Devocionales\",\"description\":\"\",\"potentialAction\":[{\"@type\":\"SearchAction\",\"target\":{\"@type\":\"EntryPoint\",\"urlTemplate\":\"https:\\\/\\\/esp.championforest.org\\\/devotionals\\\/?s={search_term_string}\"},\"query-input\":{\"@type\":\"PropertyValueSpecification\",\"valueRequired\":true,\"valueName\":\"search_term_string\"}}],\"inLanguage\":\"en-US\"},{\"@type\":\"Person\",\"@id\":\"https:\\\/\\\/esp.championforest.org\\\/devotionals\\\/#\\\/schema\\\/person\\\/0d7b32cb6698781087962c699912c666\",\"name\":\"Champion Forest\",\"image\":{\"@type\":\"ImageObject\",\"inLanguage\":\"en-US\",\"@id\":\"https:\\\/\\\/secure.gravatar.com\\\/avatar\\\/978ba5d6180fa65624708e969f442efde16543b129f0679a2cb301024d170062?s=96&d=mm&r=g\",\"url\":\"https:\\\/\\\/secure.gravatar.com\\\/avatar\\\/978ba5d6180fa65624708e969f442efde16543b129f0679a2cb301024d170062?s=96&d=mm&r=g\",\"contentUrl\":\"https:\\\/\\\/secure.gravatar.com\\\/avatar\\\/978ba5d6180fa65624708e969f442efde16543b129f0679a2cb301024d170062?s=96&d=mm&r=g\",\"caption\":\"Champion Forest\"},\"url\":\"https:\\\/\\\/esp.championforest.org\\\/devotionals\\\/author\\\/cfbcms_admin\\\/\"}]}<\/script>\n<!-- \/ Yoast SEO plugin. -->","yoast_head_json":{"title":"D\u00eda Dieciocho | El Libro de Hechos - Devocionales","robots":{"index":"index","follow":"follow","max-snippet":"max-snippet:-1","max-image-preview":"max-image-preview:large","max-video-preview":"max-video-preview:-1"},"canonical":"https:\/\/esp.championforest.org\/devotionals\/1-25-2024\/","og_locale":"en_US","og_type":"article","og_title":"D\u00eda Dieciocho | El Libro de Hechos - Devocionales","og_description":"Devocional por Emory Cothen Hechos 18 Pablo en Corinto 18\u00a0Despu\u00e9s de estas cosas, Pablo sali\u00f3 de Atenas y fue a Corinto.\u00a02\u00a0Y hall\u00f3 a un jud\u00edo llamado Aquila, natural del Ponto, reci\u00e9n venido de Italia con Priscila su mujer, por cuanto Claudio hab\u00eda mandado que todos los jud\u00edos saliesen de Roma. Fue a ellos,\u00a03\u00a0y como era &hellip; Continue reading D\u00eda Dieciocho | El Libro de Hechos","og_url":"https:\/\/esp.championforest.org\/devotionals\/1-25-2024\/","og_site_name":"Devocionales","article_published_time":"2024-01-25T06:03:50+00:00","og_image":[{"width":1080,"height":581,"url":"https:\/\/esp.championforest.org\/devotionals\/wp-content\/uploads\/2023\/12\/Acts-BG.jpg","type":"image\/jpeg"}],"author":"Champion Forest","twitter_card":"summary_large_image","twitter_misc":{"Written by":"Champion Forest","Est. reading time":"5 minutes"},"schema":{"@context":"https:\/\/schema.org","@graph":[{"@type":"Article","@id":"https:\/\/esp.championforest.org\/devotionals\/1-25-2024\/#article","isPartOf":{"@id":"https:\/\/esp.championforest.org\/devotionals\/1-25-2024\/"},"author":{"name":"Champion Forest","@id":"https:\/\/esp.championforest.org\/devotionals\/#\/schema\/person\/0d7b32cb6698781087962c699912c666"},"headline":"D\u00eda Dieciocho | El Libro de Hechos","datePublished":"2024-01-25T06:03:50+00:00","mainEntityOfPage":{"@id":"https:\/\/esp.championforest.org\/devotionals\/1-25-2024\/"},"wordCount":1094,"commentCount":6,"image":{"@id":"https:\/\/esp.championforest.org\/devotionals\/1-25-2024\/#primaryimage"},"thumbnailUrl":"https:\/\/esp.championforest.org\/devotionals\/wp-content\/uploads\/2023\/12\/Acts-BG.jpg","keywords":["Hechos"],"articleSection":["Devocionales","Hechos"],"inLanguage":"en-US","potentialAction":[{"@type":"CommentAction","name":"Comment","target":["https:\/\/esp.championforest.org\/devotionals\/1-25-2024\/#respond"]}]},{"@type":"WebPage","@id":"https:\/\/esp.championforest.org\/devotionals\/1-25-2024\/","url":"https:\/\/esp.championforest.org\/devotionals\/1-25-2024\/","name":"D\u00eda Dieciocho | El Libro de Hechos - Devocionales","isPartOf":{"@id":"https:\/\/esp.championforest.org\/devotionals\/#website"},"primaryImageOfPage":{"@id":"https:\/\/esp.championforest.org\/devotionals\/1-25-2024\/#primaryimage"},"image":{"@id":"https:\/\/esp.championforest.org\/devotionals\/1-25-2024\/#primaryimage"},"thumbnailUrl":"https:\/\/esp.championforest.org\/devotionals\/wp-content\/uploads\/2023\/12\/Acts-BG.jpg","datePublished":"2024-01-25T06:03:50+00:00","author":{"@id":"https:\/\/esp.championforest.org\/devotionals\/#\/schema\/person\/0d7b32cb6698781087962c699912c666"},"breadcrumb":{"@id":"https:\/\/esp.championforest.org\/devotionals\/1-25-2024\/#breadcrumb"},"inLanguage":"en-US","potentialAction":[{"@type":"ReadAction","target":["https:\/\/esp.championforest.org\/devotionals\/1-25-2024\/"]}]},{"@type":"ImageObject","inLanguage":"en-US","@id":"https:\/\/esp.championforest.org\/devotionals\/1-25-2024\/#primaryimage","url":"https:\/\/esp.championforest.org\/devotionals\/wp-content\/uploads\/2023\/12\/Acts-BG.jpg","contentUrl":"https:\/\/esp.championforest.org\/devotionals\/wp-content\/uploads\/2023\/12\/Acts-BG.jpg","width":1080,"height":581},{"@type":"BreadcrumbList","@id":"https:\/\/esp.championforest.org\/devotionals\/1-25-2024\/#breadcrumb","itemListElement":[{"@type":"ListItem","position":1,"name":"Casa","item":"https:\/\/esp.championforest.org\/devotionals\/"},{"@type":"ListItem","position":2,"name":"D\u00eda Dieciocho | El Libro de Hechos"}]},{"@type":"WebSite","@id":"https:\/\/esp.championforest.org\/devotionals\/#website","url":"https:\/\/esp.championforest.org\/devotionals\/","name":"Devocionales","description":"","potentialAction":[{"@type":"SearchAction","target":{"@type":"EntryPoint","urlTemplate":"https:\/\/esp.championforest.org\/devotionals\/?s={search_term_string}"},"query-input":{"@type":"PropertyValueSpecification","valueRequired":true,"valueName":"search_term_string"}}],"inLanguage":"en-US"},{"@type":"Person","@id":"https:\/\/esp.championforest.org\/devotionals\/#\/schema\/person\/0d7b32cb6698781087962c699912c666","name":"Champion Forest","image":{"@type":"ImageObject","inLanguage":"en-US","@id":"https:\/\/secure.gravatar.com\/avatar\/978ba5d6180fa65624708e969f442efde16543b129f0679a2cb301024d170062?s=96&d=mm&r=g","url":"https:\/\/secure.gravatar.com\/avatar\/978ba5d6180fa65624708e969f442efde16543b129f0679a2cb301024d170062?s=96&d=mm&r=g","contentUrl":"https:\/\/secure.gravatar.com\/avatar\/978ba5d6180fa65624708e969f442efde16543b129f0679a2cb301024d170062?s=96&d=mm&r=g","caption":"Champion Forest"},"url":"https:\/\/esp.championforest.org\/devotionals\/author\/cfbcms_admin\/"}]}},"_links":{"self":[{"href":"https:\/\/esp.championforest.org\/devotionals\/wp-json\/wp\/v2\/posts\/1942","targetHints":{"allow":["GET"]}}],"collection":[{"href":"https:\/\/esp.championforest.org\/devotionals\/wp-json\/wp\/v2\/posts"}],"about":[{"href":"https:\/\/esp.championforest.org\/devotionals\/wp-json\/wp\/v2\/types\/post"}],"author":[{"embeddable":true,"href":"https:\/\/esp.championforest.org\/devotionals\/wp-json\/wp\/v2\/users\/2"}],"replies":[{"embeddable":true,"href":"https:\/\/esp.championforest.org\/devotionals\/wp-json\/wp\/v2\/comments?post=1942"}],"version-history":[{"count":2,"href":"https:\/\/esp.championforest.org\/devotionals\/wp-json\/wp\/v2\/posts\/1942\/revisions"}],"predecessor-version":[{"id":1944,"href":"https:\/\/esp.championforest.org\/devotionals\/wp-json\/wp\/v2\/posts\/1942\/revisions\/1944"}],"wp:featuredmedia":[{"embeddable":true,"href":"https:\/\/esp.championforest.org\/devotionals\/wp-json\/wp\/v2\/media\/1834"}],"wp:attachment":[{"href":"https:\/\/esp.championforest.org\/devotionals\/wp-json\/wp\/v2\/media?parent=1942"}],"wp:term":[{"taxonomy":"category","embeddable":true,"href":"https:\/\/esp.championforest.org\/devotionals\/wp-json\/wp\/v2\/categories?post=1942"},{"taxonomy":"post_tag","embeddable":true,"href":"https:\/\/esp.championforest.org\/devotionals\/wp-json\/wp\/v2\/tags?post=1942"}],"curies":[{"name":"wp","href":"https:\/\/api.w.org\/{rel}","templated":true}]}}