{"id":1936,"date":"2024-01-23T00:03:05","date_gmt":"2024-01-23T06:03:05","guid":{"rendered":"https:\/\/esp.championforest.org\/devotionals\/?p=1936"},"modified":"2024-01-19T12:00:51","modified_gmt":"2024-01-19T18:00:51","slug":"1-23-2024","status":"publish","type":"post","link":"https:\/\/esp.championforest.org\/devotionals\/1-23-2024\/","title":{"rendered":"D\u00eda Diecis\u00e9is | El Libro de Hechos"},"content":{"rendered":"\n<p><span style=\"color: #000000;\" class=\"stk-highlight\">Devocional por<\/span> <span style=\"color: #000000;\" class=\"stk-highlight\"><span style=\"color: #000000;\" class=\"stk-highlight\"><span style=\"color: #000000;\" class=\"stk-highlight\">Hannah Rolfe<\/span><\/span><\/span><\/p>\n\n\n\n<div class=\"wp-block-group\"><div class=\"wp-block-group__inner-container is-layout-constrained wp-block-group-is-layout-constrained\">\n<div class=\"wp-block-stackable-hero stk-block-hero stk-block stk-bb37f46 is-style-default\" data-v=\"2\" data-block-id=\"bb37f46\"><style>.stk-bb37f46-inner-blocks{justify-content:center !important}.stk-bb37f46-container{background-color:#f7f7f7 !important}.stk-bb37f46-container:before{background-color:#f7f7f7 !important}.stk-bb37f46 .stk-block-hero__content{min-height:500px !important;align-items:center !important;display:flex !important}<\/style><div class=\"stk-block-hero__content stk-content-align stk-bb37f46-column stk-container stk-bb37f46-container stk-hover-parent\"><div class=\"stk-block-content stk-inner-blocks has-text-align-left stk--column-flex stk-bb37f46-inner-blocks\">\n<div class=\"wp-block-stackable-heading stk-block-heading stk-block-heading--v2 stk-block stk-4fd618f\" id=\"hechos-16\" data-block-id=\"4fd618f\"><style>.stk-4fd618f{margin-bottom:1px !important}<\/style><h4 class=\"stk-block-heading__text\">Hechos 16<\/h4><\/div>\n\n\n\n<h5 class=\"wp-block-heading\">Timoteo acompa\u00f1a a Pablo y a Silas<\/h5>\n\n\n\n<p><strong>16&nbsp;<\/strong>Despu\u00e9s lleg\u00f3 a Derbe y a Listra; y he aqu\u00ed, hab\u00eda all\u00ed cierto disc\u00edpulo llamado Timoteo, hijo de una mujer jud\u00eda creyente, pero de padre griego;&nbsp;<sup>2&nbsp;<\/sup>y daban buen testimonio de \u00e9l los hermanos que estaban en Listra y en Iconio.&nbsp;<sup>3&nbsp;<\/sup>Quiso Pablo que este fuese con \u00e9l; y tom\u00e1ndole, le circuncid\u00f3 por causa de los jud\u00edos que hab\u00eda en aquellos lugares; porque todos sab\u00edan que su padre era griego.&nbsp;<sup>4&nbsp;<\/sup>Y al pasar por las ciudades, les entregaban las ordenanzas que hab\u00edan acordado los ap\u00f3stoles y los ancianos que estaban en Jerusal\u00e9n, para que las guardasen.&nbsp;<sup>5&nbsp;<\/sup>As\u00ed que las iglesias eran confirmadas en la fe, y aumentaban en n\u00famero cada d\u00eda.<\/p>\n\n\n\n<h5 class=\"wp-block-heading\">La visi\u00f3n del var\u00f3n macedonio<\/h5>\n\n\n\n<p><sup>6&nbsp;<\/sup>Y atravesando Frigia y la provincia de Galacia, les fue prohibido por el Esp\u00edritu Santo hablar la palabra en Asia;&nbsp;<sup>7&nbsp;<\/sup>y cuando llegaron a Misia, intentaron ir a Bitinia, pero el Esp\u00edritu no se lo permiti\u00f3.&nbsp;<sup>8&nbsp;<\/sup>Y pasando junto a Misia, descendieron a Troas.&nbsp;<sup>9&nbsp;<\/sup>Y se le mostr\u00f3 a Pablo una visi\u00f3n de noche: un var\u00f3n macedonio estaba en pie, rog\u00e1ndole y diciendo: Pasa a Macedonia y ay\u00fadanos.&nbsp;<sup>10&nbsp;<\/sup>Cuando vio la visi\u00f3n, en seguida procuramos partir para Macedonia, dando por cierto que Dios nos llamaba para que les anunci\u00e1semos el evangelio.<\/p>\n\n\n\n<h5 class=\"wp-block-heading\">Encarcelados en Filipos<\/h5>\n\n\n\n<p><sup>11\u00a0<\/sup>Zarpando, pues, de Troas, vinimos con rumbo directo a Samotracia, y el d\u00eda siguiente a Ne\u00e1polis;\u00a0<sup>12\u00a0<\/sup>y de all\u00ed a Filipos, que es la primera ciudad de la provincia de Macedonia, y una colonia; y estuvimos en aquella ciudad algunos d\u00edas.\u00a0<sup>13\u00a0<\/sup>Y un d\u00eda de reposo\u00a0salimos fuera de la puerta, junto al r\u00edo, donde sol\u00eda hacerse la oraci\u00f3n; y sent\u00e1ndonos, hablamos a las mujeres que se hab\u00edan reunido.\u00a0<sup>14\u00a0<\/sup>Entonces una mujer llamada Lidia, vendedora de p\u00farpura, de la ciudad de Tiatira, que adoraba a Dios, estaba oyendo; y el Se\u00f1or abri\u00f3 el coraz\u00f3n de ella para que estuviese atenta a lo que Pablo dec\u00eda.\u00a0<sup>15\u00a0<\/sup>Y cuando fue bautizada, y su familia, nos rog\u00f3 diciendo: Si hab\u00e9is juzgado que yo sea fiel al Se\u00f1or, entrad en mi casa, y posad. Y nos oblig\u00f3 a quedarnos.<\/p>\n\n\n\n<p><sup>16&nbsp;<\/sup>Aconteci\u00f3 que mientras \u00edbamos a la oraci\u00f3n, nos sali\u00f3 al encuentro una muchacha que ten\u00eda esp\u00edritu de adivinaci\u00f3n, la cual daba gran ganancia a sus amos, adivinando.&nbsp;<sup>17&nbsp;<\/sup>Esta, siguiendo a Pablo y a nosotros, daba voces, diciendo: Estos hombres son siervos del Dios Alt\u00edsimo, quienes os anuncian el camino de salvaci\u00f3n.&nbsp;<sup>18&nbsp;<\/sup>Y esto lo hac\u00eda por muchos d\u00edas; mas desagradando a Pablo, este se volvi\u00f3 y dijo al esp\u00edritu: Te mando en el nombre de Jesucristo, que salgas de ella. Y sali\u00f3 en aquella misma hora.<\/p>\n\n\n\n<p><sup>19&nbsp;<\/sup>Pero viendo sus amos que hab\u00eda salido la esperanza de su ganancia, prendieron a Pablo y a Silas, y los trajeron al foro, ante las autoridades;&nbsp;<sup>20&nbsp;<\/sup>y present\u00e1ndolos a los magistrados, dijeron: Estos hombres, siendo jud\u00edos, alborotan nuestra ciudad,&nbsp;<sup>21&nbsp;<\/sup>y ense\u00f1an costumbres que no nos es l\u00edcito recibir ni hacer, pues somos romanos.&nbsp;<sup>22&nbsp;<\/sup>Y se agolp\u00f3 el pueblo contra ellos; y los magistrados, rasg\u00e1ndoles las ropas, ordenaron azotarles con varas.&nbsp;<sup>23&nbsp;<\/sup>Despu\u00e9s de haberles azotado mucho, los echaron en la c\u00e1rcel, mandando al carcelero que los guardase con seguridad.&nbsp;<sup>24&nbsp;<\/sup>El cual, recibido este mandato, los meti\u00f3 en el calabozo de m\u00e1s adentro, y les asegur\u00f3 los pies en el cepo.<\/p>\n\n\n\n<p><sup>25&nbsp;<\/sup>Pero a medianoche, orando Pablo y Silas, cantaban himnos a Dios; y los presos los o\u00edan.&nbsp;<sup>26&nbsp;<\/sup>Entonces sobrevino de repente un gran terremoto, de tal manera que los cimientos de la c\u00e1rcel se sacud\u00edan; y al instante se abrieron todas las puertas, y las cadenas de todos se soltaron.&nbsp;<sup>27&nbsp;<\/sup>Despertando el carcelero, y viendo abiertas las puertas de la c\u00e1rcel, sac\u00f3 la espada y se iba a matar, pensando que los presos hab\u00edan huido.&nbsp;<sup>28&nbsp;<\/sup>Mas Pablo clam\u00f3 a gran voz, diciendo: No te hagas ning\u00fan mal, pues todos estamos aqu\u00ed.&nbsp;<sup>29&nbsp;<\/sup>\u00c9l entonces, pidiendo luz, se precipit\u00f3 adentro, y temblando, se postr\u00f3 a los pies de Pablo y de Silas;&nbsp;<sup>30&nbsp;<\/sup>y sac\u00e1ndolos, les dijo: Se\u00f1ores, \u00bfqu\u00e9 debo hacer para ser salvo?&nbsp;<sup>31&nbsp;<\/sup>Ellos dijeron: Cree en el Se\u00f1or Jesucristo, y ser\u00e1s salvo, t\u00fa y tu casa.&nbsp;<sup>32&nbsp;<\/sup>Y le hablaron la palabra del Se\u00f1or a \u00e9l y a todos los que estaban en su casa.&nbsp;<sup>33&nbsp;<\/sup>Y \u00e9l, tom\u00e1ndolos en aquella misma hora de la noche, les lav\u00f3 las heridas; y en seguida se bautiz\u00f3 \u00e9l con todos los suyos.&nbsp;<sup>34&nbsp;<\/sup>Y llev\u00e1ndolos a su casa, les puso la mesa; y se regocij\u00f3 con toda su casa de haber cre\u00eddo a Dios.<\/p>\n\n\n\n<p><sup>35&nbsp;<\/sup>Cuando fue de d\u00eda, los magistrados enviaron alguaciles a decir: Suelta a aquellos hombres.&nbsp;<sup>36&nbsp;<\/sup>Y el carcelero hizo saber estas palabras a Pablo: Los magistrados han mandado a decir que se os suelte; as\u00ed que ahora salid, y marchaos en paz.&nbsp;<sup>37&nbsp;<\/sup>Pero Pablo les dijo: Despu\u00e9s de azotarnos p\u00fablicamente sin sentencia judicial, siendo ciudadanos romanos, nos echaron en la c\u00e1rcel, \u00bfy ahora nos echan encubiertamente? No, por cierto, sino vengan ellos mismos a sacarnos.&nbsp;<sup>38&nbsp;<\/sup>Y los alguaciles hicieron saber estas palabras a los magistrados, los cuales tuvieron miedo al o\u00edr que eran romanos.&nbsp;<sup>39&nbsp;<\/sup>Y viniendo, les rogaron; y sac\u00e1ndolos, les pidieron que salieran de la ciudad.&nbsp;<sup>40&nbsp;<\/sup>Entonces, saliendo de la c\u00e1rcel, entraron en casa de Lidia, y habiendo visto a los hermanos, los consolaron, y se fueron.<\/p>\n\n\n\n<div class=\"wp-block-stackable-text stk-block-text stk-block stk-3f49bf1 stk-block-background\" data-block-id=\"3f49bf1\"><style>.stk-3f49bf1 .stk-block-text__text{font-size:13px !important}@media screen and (max-width:1023px){.stk-3f49bf1 .stk-block-text__text{font-size:13px !important}}<\/style><p class=\"stk-block-text__text\">Reina-Valera 1960 \u00ae \u00a9 Sociedades B\u00edblicas en Am\u00e9rica Latina, 1960. Renovado \u00a9 Sociedades B\u00edblicas Unidas, 1988. Utilizado con permiso. Si desea m\u00e1s informaci\u00f3n visite&nbsp;<a href=\"https:\/\/www.americanbible.org\/\">americanbible.org<\/a>,&nbsp;<a href=\"https:\/\/www.unitedbiblesocieties.org\/\">unitedbiblesocieties.org<\/a>,&nbsp;<a href=\"https:\/\/www.vivelabiblia.com\/\">vivelabiblia.com<\/a>,&nbsp;<a href=\"http:\/\/unitedbiblesocieties.org\/es\/casa\/\">unitedbiblesocieties.org\/es\/casa\/<\/a>,&nbsp;<a href=\"https:\/\/rvr60.bible\/?utm_source=website&amp;utm_medium=link&amp;utm_campaign=BGWYCEV11232021&amp;utm_id=biblegateway\/\">www.rvr60.bible<\/a><\/p><\/div>\n<\/div><\/div><\/div>\n<\/div><\/div>\n\n\n\n<p>En Hechos 16, Pablo y Silas est\u00e1n en un viaje misionero. Se encuentran con la adversidad cuando liberan a una joven de la esclavitud espiritual y esto genera que sean encarcelados injustamente. Sin embargo, en medio de la oscuridad y el confinamiento, ellos toman una decisi\u00f3n sorprendente\u2026 \u00a1decidieron adorar! Su elecci\u00f3n de alabar al Se\u00f1or en su encarcelamiento no fue simplemente una reacci\u00f3n, fue una respuesta deliberada de fe en Dios.<\/p>\n\n\n\n<p>En medio de su adoraci\u00f3n se produce un terremoto. Como consecuencia del terremoto, se abrieron sus cadenas y las puertas de la prisi\u00f3n que los manten\u00edan confinados. Las Escrituras nos dicen que cuando el carcelero se despert\u00f3 y vio que las puertas estaban abiertas y asumiendo que los prisioneros hab\u00edan escapado, desenvain\u00f3 su espada para acabar con su propia vida. Pablo lo detiene y le habla de Jes\u00fas. El carcelero de Filipos pone su fe en Cristo junto con su familia. Gracias a su adoraci\u00f3n, Pablo y Silas fueron liberados de sus cadenas f\u00edsicas, y el carcelero fue liberado de la ceguera espiritual de su propia vida. Este es un testimonio del poder de la adoraci\u00f3n en medio de la adversidad.<\/p>\n\n\n\n<p>Elegir alabar en medio de la adversidad es lo que nos libera de nuestras cadenas. Es f\u00e1cil estar encadenado por el miedo, la duda y la incertidumbre durante estos tiempos, pero aqu\u00ed podemos aprender algo de Pablo y Silas. Su adoraci\u00f3n no s\u00f3lo los liber\u00f3 de su prisi\u00f3n. Toc\u00f3 las vidas de las personas que los rodeaban y, en \u00faltima instancia, llev\u00f3 a alguien a la salvaci\u00f3n. Esto es algo desafiante y, a menudo, no es mi primera respuesta, pero si cambiamos nuestro enfoque de las cadenas que nos atan a aquel que puede romperlas, encontraremos la libertad. Nuestra respuesta a la adversidad importa. Si desde ahora cultivamos un coraz\u00f3n de adoraci\u00f3n en nuestras vidas, cuando llegue la adversidad tendremos esperanza porque podremos descansar en aquel que rompe las cadenas.<\/p>\n\n\n\n<p><strong><em>\u00bfEn la adversidad, es la adoraci\u00f3n su respuesta inmediata? \u00bfPor qu\u00e9 s\u00ed o por qu\u00e9 no?<\/em><\/strong><\/p>\n","protected":false},"excerpt":{"rendered":"<p>Devocional por Hannah Rolfe Hechos 16 Timoteo acompa\u00f1a a Pablo y a Silas 16&nbsp;Despu\u00e9s lleg\u00f3 a Derbe y a Listra; y he aqu\u00ed, hab\u00eda all\u00ed cierto disc\u00edpulo llamado Timoteo, hijo de una mujer jud\u00eda creyente, pero de padre griego;&nbsp;2&nbsp;y daban buen testimonio de \u00e9l los hermanos que estaban en Listra y en Iconio.&nbsp;3&nbsp;Quiso Pablo que &hellip; <a href=\"https:\/\/esp.championforest.org\/devotionals\/1-23-2024\/\" class=\"more-link\">Continue reading <span class=\"screen-reader-text\">D\u00eda Diecis\u00e9is | El Libro de Hechos<\/span><\/a><\/p>\n","protected":false},"author":2,"featured_media":1834,"comment_status":"open","ping_status":"closed","sticky":false,"template":"","format":"standard","meta":{"footnotes":""},"categories":[6,29],"tags":[28],"class_list":["post-1936","post","type-post","status-publish","format-standard","has-post-thumbnail","hentry","category-devocionales","category-hechos","tag-hechos"],"featured_image_urls_v2":{"full":["https:\/\/esp.championforest.org\/devotionals\/wp-content\/uploads\/2023\/12\/Acts-BG.jpg",1080,581,false],"thumbnail":["https:\/\/esp.championforest.org\/devotionals\/wp-content\/uploads\/2023\/12\/Acts-BG-150x150.jpg",150,150,true],"medium":["https:\/\/esp.championforest.org\/devotionals\/wp-content\/uploads\/2023\/12\/Acts-BG-300x161.jpg",300,161,true],"medium_large":["https:\/\/esp.championforest.org\/devotionals\/wp-content\/uploads\/2023\/12\/Acts-BG-768x413.jpg",768,413,true],"large":["https:\/\/esp.championforest.org\/devotionals\/wp-content\/uploads\/2023\/12\/Acts-BG-1024x551.jpg",900,484,true],"1536x1536":["https:\/\/esp.championforest.org\/devotionals\/wp-content\/uploads\/2023\/12\/Acts-BG.jpg",1080,581,false],"2048x2048":["https:\/\/esp.championforest.org\/devotionals\/wp-content\/uploads\/2023\/12\/Acts-BG.jpg",1080,581,false],"post-thumbnail":["https:\/\/esp.championforest.org\/devotionals\/wp-content\/uploads\/2023\/12\/Acts-BG.jpg",1080,581,false]},"post_excerpt_stackable_v2":"<p>Devocional por Hannah Rolfe Hechos 16 Timoteo acompa\u00f1a a Pablo y a Silas 16&nbsp;Despu\u00e9s lleg\u00f3 a Derbe y a Listra; y he aqu\u00ed, hab\u00eda all\u00ed cierto disc\u00edpulo llamado Timoteo, hijo de una mujer jud\u00eda creyente, pero de padre griego;&nbsp;2&nbsp;y daban buen testimonio de \u00e9l los hermanos que estaban en Listra y en Iconio.&nbsp;3&nbsp;Quiso Pablo que este fuese con \u00e9l; y tom\u00e1ndole, le circuncid\u00f3 por causa de los jud\u00edos que hab\u00eda en aquellos lugares; porque todos sab\u00edan que su padre era griego.&nbsp;4&nbsp;Y al pasar por las ciudades, les entregaban las ordenanzas que hab\u00edan acordado los ap\u00f3stoles y los ancianos que estaban&hellip;<\/p>\n","category_list_v2":"<a href=\"https:\/\/esp.championforest.org\/devotionals\/category\/devocionales\/\" rel=\"category tag\">Devocionales<\/a>, <a href=\"https:\/\/esp.championforest.org\/devotionals\/category\/hechos\/\" rel=\"category tag\">Hechos<\/a>","author_info_v2":{"name":"Champion Forest","url":"https:\/\/esp.championforest.org\/devotionals\/author\/cfbcms_admin\/"},"comments_num_v2":"9 comments","yoast_head":"<!-- This site is optimized with the Yoast SEO plugin v27.3 - https:\/\/yoast.com\/product\/yoast-seo-wordpress\/ -->\n<title>D\u00eda Diecis\u00e9is | El Libro de Hechos - Devocionales<\/title>\n<meta name=\"robots\" content=\"index, follow, max-snippet:-1, max-image-preview:large, max-video-preview:-1\" \/>\n<link rel=\"canonical\" href=\"https:\/\/esp.championforest.org\/devotionals\/1-23-2024\/\" \/>\n<meta property=\"og:locale\" content=\"en_US\" \/>\n<meta property=\"og:type\" content=\"article\" \/>\n<meta property=\"og:title\" content=\"D\u00eda Diecis\u00e9is | El Libro de Hechos - Devocionales\" \/>\n<meta property=\"og:description\" content=\"Devocional por Hannah Rolfe Hechos 16 Timoteo acompa\u00f1a a Pablo y a Silas 16&nbsp;Despu\u00e9s lleg\u00f3 a Derbe y a Listra; y he aqu\u00ed, hab\u00eda all\u00ed cierto disc\u00edpulo llamado Timoteo, hijo de una mujer jud\u00eda creyente, pero de padre griego;&nbsp;2&nbsp;y daban buen testimonio de \u00e9l los hermanos que estaban en Listra y en Iconio.&nbsp;3&nbsp;Quiso Pablo que &hellip; Continue reading D\u00eda Diecis\u00e9is | El Libro de Hechos\" \/>\n<meta property=\"og:url\" content=\"https:\/\/esp.championforest.org\/devotionals\/1-23-2024\/\" \/>\n<meta property=\"og:site_name\" content=\"Devocionales\" \/>\n<meta property=\"article:published_time\" content=\"2024-01-23T06:03:05+00:00\" \/>\n<meta property=\"og:image\" content=\"https:\/\/esp.championforest.org\/devotionals\/wp-content\/uploads\/2023\/12\/Acts-BG.jpg\" \/>\n\t<meta property=\"og:image:width\" content=\"1080\" \/>\n\t<meta property=\"og:image:height\" content=\"581\" \/>\n\t<meta property=\"og:image:type\" content=\"image\/jpeg\" \/>\n<meta name=\"author\" content=\"Champion Forest\" \/>\n<meta name=\"twitter:card\" content=\"summary_large_image\" \/>\n<meta name=\"twitter:label1\" content=\"Written by\" \/>\n\t<meta name=\"twitter:data1\" content=\"Champion Forest\" \/>\n\t<meta name=\"twitter:label2\" content=\"Est. reading time\" \/>\n\t<meta name=\"twitter:data2\" content=\"6 minutes\" \/>\n<script type=\"application\/ld+json\" class=\"yoast-schema-graph\">{\"@context\":\"https:\\\/\\\/schema.org\",\"@graph\":[{\"@type\":\"Article\",\"@id\":\"https:\\\/\\\/esp.championforest.org\\\/devotionals\\\/1-23-2024\\\/#article\",\"isPartOf\":{\"@id\":\"https:\\\/\\\/esp.championforest.org\\\/devotionals\\\/1-23-2024\\\/\"},\"author\":{\"name\":\"Champion Forest\",\"@id\":\"https:\\\/\\\/esp.championforest.org\\\/devotionals\\\/#\\\/schema\\\/person\\\/0d7b32cb6698781087962c699912c666\"},\"headline\":\"D\u00eda Diecis\u00e9is | El Libro de Hechos\",\"datePublished\":\"2024-01-23T06:03:05+00:00\",\"mainEntityOfPage\":{\"@id\":\"https:\\\/\\\/esp.championforest.org\\\/devotionals\\\/1-23-2024\\\/\"},\"wordCount\":1425,\"commentCount\":9,\"image\":{\"@id\":\"https:\\\/\\\/esp.championforest.org\\\/devotionals\\\/1-23-2024\\\/#primaryimage\"},\"thumbnailUrl\":\"https:\\\/\\\/esp.championforest.org\\\/devotionals\\\/wp-content\\\/uploads\\\/2023\\\/12\\\/Acts-BG.jpg\",\"keywords\":[\"Hechos\"],\"articleSection\":[\"Devocionales\",\"Hechos\"],\"inLanguage\":\"en-US\",\"potentialAction\":[{\"@type\":\"CommentAction\",\"name\":\"Comment\",\"target\":[\"https:\\\/\\\/esp.championforest.org\\\/devotionals\\\/1-23-2024\\\/#respond\"]}]},{\"@type\":\"WebPage\",\"@id\":\"https:\\\/\\\/esp.championforest.org\\\/devotionals\\\/1-23-2024\\\/\",\"url\":\"https:\\\/\\\/esp.championforest.org\\\/devotionals\\\/1-23-2024\\\/\",\"name\":\"D\u00eda Diecis\u00e9is | El Libro de Hechos - Devocionales\",\"isPartOf\":{\"@id\":\"https:\\\/\\\/esp.championforest.org\\\/devotionals\\\/#website\"},\"primaryImageOfPage\":{\"@id\":\"https:\\\/\\\/esp.championforest.org\\\/devotionals\\\/1-23-2024\\\/#primaryimage\"},\"image\":{\"@id\":\"https:\\\/\\\/esp.championforest.org\\\/devotionals\\\/1-23-2024\\\/#primaryimage\"},\"thumbnailUrl\":\"https:\\\/\\\/esp.championforest.org\\\/devotionals\\\/wp-content\\\/uploads\\\/2023\\\/12\\\/Acts-BG.jpg\",\"datePublished\":\"2024-01-23T06:03:05+00:00\",\"author\":{\"@id\":\"https:\\\/\\\/esp.championforest.org\\\/devotionals\\\/#\\\/schema\\\/person\\\/0d7b32cb6698781087962c699912c666\"},\"breadcrumb\":{\"@id\":\"https:\\\/\\\/esp.championforest.org\\\/devotionals\\\/1-23-2024\\\/#breadcrumb\"},\"inLanguage\":\"en-US\",\"potentialAction\":[{\"@type\":\"ReadAction\",\"target\":[\"https:\\\/\\\/esp.championforest.org\\\/devotionals\\\/1-23-2024\\\/\"]}]},{\"@type\":\"ImageObject\",\"inLanguage\":\"en-US\",\"@id\":\"https:\\\/\\\/esp.championforest.org\\\/devotionals\\\/1-23-2024\\\/#primaryimage\",\"url\":\"https:\\\/\\\/esp.championforest.org\\\/devotionals\\\/wp-content\\\/uploads\\\/2023\\\/12\\\/Acts-BG.jpg\",\"contentUrl\":\"https:\\\/\\\/esp.championforest.org\\\/devotionals\\\/wp-content\\\/uploads\\\/2023\\\/12\\\/Acts-BG.jpg\",\"width\":1080,\"height\":581},{\"@type\":\"BreadcrumbList\",\"@id\":\"https:\\\/\\\/esp.championforest.org\\\/devotionals\\\/1-23-2024\\\/#breadcrumb\",\"itemListElement\":[{\"@type\":\"ListItem\",\"position\":1,\"name\":\"Casa\",\"item\":\"https:\\\/\\\/esp.championforest.org\\\/devotionals\\\/\"},{\"@type\":\"ListItem\",\"position\":2,\"name\":\"D\u00eda Diecis\u00e9is | El Libro de Hechos\"}]},{\"@type\":\"WebSite\",\"@id\":\"https:\\\/\\\/esp.championforest.org\\\/devotionals\\\/#website\",\"url\":\"https:\\\/\\\/esp.championforest.org\\\/devotionals\\\/\",\"name\":\"Devocionales\",\"description\":\"\",\"potentialAction\":[{\"@type\":\"SearchAction\",\"target\":{\"@type\":\"EntryPoint\",\"urlTemplate\":\"https:\\\/\\\/esp.championforest.org\\\/devotionals\\\/?s={search_term_string}\"},\"query-input\":{\"@type\":\"PropertyValueSpecification\",\"valueRequired\":true,\"valueName\":\"search_term_string\"}}],\"inLanguage\":\"en-US\"},{\"@type\":\"Person\",\"@id\":\"https:\\\/\\\/esp.championforest.org\\\/devotionals\\\/#\\\/schema\\\/person\\\/0d7b32cb6698781087962c699912c666\",\"name\":\"Champion Forest\",\"image\":{\"@type\":\"ImageObject\",\"inLanguage\":\"en-US\",\"@id\":\"https:\\\/\\\/secure.gravatar.com\\\/avatar\\\/978ba5d6180fa65624708e969f442efde16543b129f0679a2cb301024d170062?s=96&d=mm&r=g\",\"url\":\"https:\\\/\\\/secure.gravatar.com\\\/avatar\\\/978ba5d6180fa65624708e969f442efde16543b129f0679a2cb301024d170062?s=96&d=mm&r=g\",\"contentUrl\":\"https:\\\/\\\/secure.gravatar.com\\\/avatar\\\/978ba5d6180fa65624708e969f442efde16543b129f0679a2cb301024d170062?s=96&d=mm&r=g\",\"caption\":\"Champion Forest\"},\"url\":\"https:\\\/\\\/esp.championforest.org\\\/devotionals\\\/author\\\/cfbcms_admin\\\/\"}]}<\/script>\n<!-- \/ Yoast SEO plugin. -->","yoast_head_json":{"title":"D\u00eda Diecis\u00e9is | El Libro de Hechos - Devocionales","robots":{"index":"index","follow":"follow","max-snippet":"max-snippet:-1","max-image-preview":"max-image-preview:large","max-video-preview":"max-video-preview:-1"},"canonical":"https:\/\/esp.championforest.org\/devotionals\/1-23-2024\/","og_locale":"en_US","og_type":"article","og_title":"D\u00eda Diecis\u00e9is | El Libro de Hechos - Devocionales","og_description":"Devocional por Hannah Rolfe Hechos 16 Timoteo acompa\u00f1a a Pablo y a Silas 16&nbsp;Despu\u00e9s lleg\u00f3 a Derbe y a Listra; y he aqu\u00ed, hab\u00eda all\u00ed cierto disc\u00edpulo llamado Timoteo, hijo de una mujer jud\u00eda creyente, pero de padre griego;&nbsp;2&nbsp;y daban buen testimonio de \u00e9l los hermanos que estaban en Listra y en Iconio.&nbsp;3&nbsp;Quiso Pablo que &hellip; Continue reading D\u00eda Diecis\u00e9is | El Libro de Hechos","og_url":"https:\/\/esp.championforest.org\/devotionals\/1-23-2024\/","og_site_name":"Devocionales","article_published_time":"2024-01-23T06:03:05+00:00","og_image":[{"width":1080,"height":581,"url":"https:\/\/esp.championforest.org\/devotionals\/wp-content\/uploads\/2023\/12\/Acts-BG.jpg","type":"image\/jpeg"}],"author":"Champion Forest","twitter_card":"summary_large_image","twitter_misc":{"Written by":"Champion Forest","Est. reading time":"6 minutes"},"schema":{"@context":"https:\/\/schema.org","@graph":[{"@type":"Article","@id":"https:\/\/esp.championforest.org\/devotionals\/1-23-2024\/#article","isPartOf":{"@id":"https:\/\/esp.championforest.org\/devotionals\/1-23-2024\/"},"author":{"name":"Champion Forest","@id":"https:\/\/esp.championforest.org\/devotionals\/#\/schema\/person\/0d7b32cb6698781087962c699912c666"},"headline":"D\u00eda Diecis\u00e9is | El Libro de Hechos","datePublished":"2024-01-23T06:03:05+00:00","mainEntityOfPage":{"@id":"https:\/\/esp.championforest.org\/devotionals\/1-23-2024\/"},"wordCount":1425,"commentCount":9,"image":{"@id":"https:\/\/esp.championforest.org\/devotionals\/1-23-2024\/#primaryimage"},"thumbnailUrl":"https:\/\/esp.championforest.org\/devotionals\/wp-content\/uploads\/2023\/12\/Acts-BG.jpg","keywords":["Hechos"],"articleSection":["Devocionales","Hechos"],"inLanguage":"en-US","potentialAction":[{"@type":"CommentAction","name":"Comment","target":["https:\/\/esp.championforest.org\/devotionals\/1-23-2024\/#respond"]}]},{"@type":"WebPage","@id":"https:\/\/esp.championforest.org\/devotionals\/1-23-2024\/","url":"https:\/\/esp.championforest.org\/devotionals\/1-23-2024\/","name":"D\u00eda Diecis\u00e9is | El Libro de Hechos - Devocionales","isPartOf":{"@id":"https:\/\/esp.championforest.org\/devotionals\/#website"},"primaryImageOfPage":{"@id":"https:\/\/esp.championforest.org\/devotionals\/1-23-2024\/#primaryimage"},"image":{"@id":"https:\/\/esp.championforest.org\/devotionals\/1-23-2024\/#primaryimage"},"thumbnailUrl":"https:\/\/esp.championforest.org\/devotionals\/wp-content\/uploads\/2023\/12\/Acts-BG.jpg","datePublished":"2024-01-23T06:03:05+00:00","author":{"@id":"https:\/\/esp.championforest.org\/devotionals\/#\/schema\/person\/0d7b32cb6698781087962c699912c666"},"breadcrumb":{"@id":"https:\/\/esp.championforest.org\/devotionals\/1-23-2024\/#breadcrumb"},"inLanguage":"en-US","potentialAction":[{"@type":"ReadAction","target":["https:\/\/esp.championforest.org\/devotionals\/1-23-2024\/"]}]},{"@type":"ImageObject","inLanguage":"en-US","@id":"https:\/\/esp.championforest.org\/devotionals\/1-23-2024\/#primaryimage","url":"https:\/\/esp.championforest.org\/devotionals\/wp-content\/uploads\/2023\/12\/Acts-BG.jpg","contentUrl":"https:\/\/esp.championforest.org\/devotionals\/wp-content\/uploads\/2023\/12\/Acts-BG.jpg","width":1080,"height":581},{"@type":"BreadcrumbList","@id":"https:\/\/esp.championforest.org\/devotionals\/1-23-2024\/#breadcrumb","itemListElement":[{"@type":"ListItem","position":1,"name":"Casa","item":"https:\/\/esp.championforest.org\/devotionals\/"},{"@type":"ListItem","position":2,"name":"D\u00eda Diecis\u00e9is | El Libro de Hechos"}]},{"@type":"WebSite","@id":"https:\/\/esp.championforest.org\/devotionals\/#website","url":"https:\/\/esp.championforest.org\/devotionals\/","name":"Devocionales","description":"","potentialAction":[{"@type":"SearchAction","target":{"@type":"EntryPoint","urlTemplate":"https:\/\/esp.championforest.org\/devotionals\/?s={search_term_string}"},"query-input":{"@type":"PropertyValueSpecification","valueRequired":true,"valueName":"search_term_string"}}],"inLanguage":"en-US"},{"@type":"Person","@id":"https:\/\/esp.championforest.org\/devotionals\/#\/schema\/person\/0d7b32cb6698781087962c699912c666","name":"Champion Forest","image":{"@type":"ImageObject","inLanguage":"en-US","@id":"https:\/\/secure.gravatar.com\/avatar\/978ba5d6180fa65624708e969f442efde16543b129f0679a2cb301024d170062?s=96&d=mm&r=g","url":"https:\/\/secure.gravatar.com\/avatar\/978ba5d6180fa65624708e969f442efde16543b129f0679a2cb301024d170062?s=96&d=mm&r=g","contentUrl":"https:\/\/secure.gravatar.com\/avatar\/978ba5d6180fa65624708e969f442efde16543b129f0679a2cb301024d170062?s=96&d=mm&r=g","caption":"Champion Forest"},"url":"https:\/\/esp.championforest.org\/devotionals\/author\/cfbcms_admin\/"}]}},"_links":{"self":[{"href":"https:\/\/esp.championforest.org\/devotionals\/wp-json\/wp\/v2\/posts\/1936","targetHints":{"allow":["GET"]}}],"collection":[{"href":"https:\/\/esp.championforest.org\/devotionals\/wp-json\/wp\/v2\/posts"}],"about":[{"href":"https:\/\/esp.championforest.org\/devotionals\/wp-json\/wp\/v2\/types\/post"}],"author":[{"embeddable":true,"href":"https:\/\/esp.championforest.org\/devotionals\/wp-json\/wp\/v2\/users\/2"}],"replies":[{"embeddable":true,"href":"https:\/\/esp.championforest.org\/devotionals\/wp-json\/wp\/v2\/comments?post=1936"}],"version-history":[{"count":2,"href":"https:\/\/esp.championforest.org\/devotionals\/wp-json\/wp\/v2\/posts\/1936\/revisions"}],"predecessor-version":[{"id":1938,"href":"https:\/\/esp.championforest.org\/devotionals\/wp-json\/wp\/v2\/posts\/1936\/revisions\/1938"}],"wp:featuredmedia":[{"embeddable":true,"href":"https:\/\/esp.championforest.org\/devotionals\/wp-json\/wp\/v2\/media\/1834"}],"wp:attachment":[{"href":"https:\/\/esp.championforest.org\/devotionals\/wp-json\/wp\/v2\/media?parent=1936"}],"wp:term":[{"taxonomy":"category","embeddable":true,"href":"https:\/\/esp.championforest.org\/devotionals\/wp-json\/wp\/v2\/categories?post=1936"},{"taxonomy":"post_tag","embeddable":true,"href":"https:\/\/esp.championforest.org\/devotionals\/wp-json\/wp\/v2\/tags?post=1936"}],"curies":[{"name":"wp","href":"https:\/\/api.w.org\/{rel}","templated":true}]}}