{"id":1926,"date":"2024-01-20T00:03:16","date_gmt":"2024-01-20T06:03:16","guid":{"rendered":"https:\/\/esp.championforest.org\/devotionals\/?p=1926"},"modified":"2024-01-16T10:46:15","modified_gmt":"2024-01-16T16:46:15","slug":"1-20-2024","status":"publish","type":"post","link":"https:\/\/esp.championforest.org\/devotionals\/1-20-2024\/","title":{"rendered":"D\u00eda Trece | El Libro de Hechos"},"content":{"rendered":"\n<p><span style=\"color: #000000;\" class=\"stk-highlight\">Devocional por<\/span> <span style=\"color: #000000;\" class=\"stk-highlight\"><span style=\"color: #000000;\" class=\"stk-highlight\"><span style=\"color: #000000;\" class=\"stk-highlight\"><span style=\"color: #000000;\" class=\"stk-highlight\">Abigail O&#8217;Nee<\/span>l<\/span><\/span><\/span><\/p>\n\n\n\n<div class=\"wp-block-group\"><div class=\"wp-block-group__inner-container is-layout-constrained wp-block-group-is-layout-constrained\">\n<div class=\"wp-block-stackable-hero stk-block-hero stk-block stk-bb37f46 is-style-default\" data-v=\"2\" data-block-id=\"bb37f46\"><style>.stk-bb37f46-inner-blocks{justify-content:center !important}.stk-bb37f46-container{background-color:#f7f7f7 !important}.stk-bb37f46-container:before{background-color:#f7f7f7 !important}.stk-bb37f46 .stk-block-hero__content{min-height:500px !important;align-items:center !important;display:flex !important}<\/style><div class=\"stk-block-hero__content stk-content-align stk-bb37f46-column stk-container stk-bb37f46-container stk-hover-parent\"><div class=\"stk-block-content stk-inner-blocks has-text-align-left stk--column-flex stk-bb37f46-inner-blocks\">\n<div class=\"wp-block-stackable-heading stk-block-heading stk-block-heading--v2 stk-block stk-4fd618f\" id=\"hechos-13\" data-block-id=\"4fd618f\"><style>.stk-4fd618f{margin-bottom:1px !important}<\/style><h4 class=\"stk-block-heading__text\">Hechos 13<\/h4><\/div>\n\n\n\n<h5 class=\"wp-block-heading\">Bernab\u00e9 y Saulo comienzan su primer viaje misionero<\/h5>\n\n\n\n<p><strong>13&nbsp;<\/strong>Hab\u00eda entonces en la iglesia que estaba en Antioqu\u00eda, profetas y maestros: Bernab\u00e9, Sim\u00f3n el que se llamaba Niger, Lucio de Cirene, Mana\u00e9n el que se hab\u00eda criado junto con Herodes el tetrarca, y Saulo.&nbsp;<sup>2&nbsp;<\/sup>Ministrando estos al Se\u00f1or, y ayunando, dijo el Esp\u00edritu Santo: Apartadme a Bernab\u00e9 y a Saulo para la obra a que los he llamado.&nbsp;<sup>3&nbsp;<\/sup>Entonces, habiendo ayunado y orado, les impusieron las manos y los despidieron.<\/p>\n\n\n\n<h5 class=\"wp-block-heading\">Los ap\u00f3stoles predican en Chipre<\/h5>\n\n\n\n<p><sup>4&nbsp;<\/sup>Ellos, entonces, enviados por el Esp\u00edritu Santo, descendieron a Seleucia, y de all\u00ed navegaron a Chipre.&nbsp;<sup>5&nbsp;<\/sup>Y llegados a Salamina, anunciaban la palabra de Dios en las sinagogas de los jud\u00edos. Ten\u00edan tambi\u00e9n a Juan de ayudante.&nbsp;<sup>6&nbsp;<\/sup>Y habiendo atravesado toda la isla hasta Pafos, hallaron a cierto mago, falso profeta, jud\u00edo, llamado Barjes\u00fas,&nbsp;<sup>7&nbsp;<\/sup>que estaba con el proc\u00f3nsul Sergio Paulo, var\u00f3n prudente. Este, llamando a Bernab\u00e9 y a Saulo, deseaba o\u00edr la palabra de Dios.&nbsp;<sup>8&nbsp;<\/sup>Pero les resist\u00eda Elimas, el mago (pues as\u00ed se traduce su nombre), procurando apartar de la fe al proc\u00f3nsul.&nbsp;<sup>9&nbsp;<\/sup>Entonces Saulo, que tambi\u00e9n es Pablo, lleno del Esp\u00edritu Santo, fijando en \u00e9l los ojos,&nbsp;<sup>10&nbsp;<\/sup>dijo: \u00a1Oh, lleno de todo enga\u00f1o y de toda maldad, hijo del diablo, enemigo de toda justicia! \u00bfNo cesar\u00e1s de trastornar los caminos rectos del Se\u00f1or?&nbsp;<sup>11&nbsp;<\/sup>Ahora, pues, he aqu\u00ed la mano del Se\u00f1or est\u00e1 contra ti, y ser\u00e1s ciego, y no ver\u00e1s el sol por alg\u00fan tiempo. E inmediatamente cayeron sobre \u00e9l oscuridad y tinieblas; y andando alrededor, buscaba quien le condujese de la mano.&nbsp;<sup>12&nbsp;<\/sup>Entonces el proc\u00f3nsul, viendo lo que hab\u00eda sucedido, crey\u00f3, maravillado de la doctrina del Se\u00f1or.<\/p>\n\n\n\n<h5 class=\"wp-block-heading\">Pablo y Bernab\u00e9 en Antioqu\u00eda de Pisidia<\/h5>\n\n\n\n<p><sup>13\u00a0<\/sup>Habiendo zarpado de Pafos, Pablo y sus compa\u00f1eros arribaron a Perge de Panfilia; pero Juan, apart\u00e1ndose de ellos, volvi\u00f3 a Jerusal\u00e9n.\u00a0<sup>14\u00a0<\/sup>Ellos, pasando de Perge, llegaron a Antioqu\u00eda de Pisidia; y entraron en la sinagoga un d\u00eda de reposo\u00a0y se sentaron.\u00a0<sup>15\u00a0<\/sup>Y despu\u00e9s de la lectura de la ley y de los profetas, los principales de la sinagoga mandaron a decirles: Varones hermanos, si ten\u00e9is alguna palabra de exhortaci\u00f3n para el pueblo, hablad.\u00a0<sup>16\u00a0<\/sup>Entonces Pablo, levant\u00e1ndose, hecha se\u00f1al de silencio con la mano, dijo:<\/p>\n\n\n\n<p>Varones israelitas, y los que tem\u00e9is a Dios, o\u00edd:&nbsp;<sup>17&nbsp;<\/sup>El Dios de este pueblo de Israel escogi\u00f3 a nuestros padres, y enalteci\u00f3 al pueblo, siendo ellos extranjeros en tierra de Egipto,&nbsp;y con brazo levantado los sac\u00f3 de ella.&nbsp;<sup>18&nbsp;<\/sup>Y por un tiempo como de cuarenta a\u00f1os los soport\u00f3 en el desierto;&nbsp;<sup>19&nbsp;<\/sup>y habiendo destruido siete naciones en la tierra de Cana\u00e1n,&nbsp;les dio en herencia su territorio.&nbsp;<sup>20&nbsp;<\/sup>Despu\u00e9s, como por cuatrocientos cincuenta a\u00f1os, les dio jueces&nbsp;hasta el profeta Samuel.&nbsp;<sup>21&nbsp;<\/sup>Luego pidieron rey,&nbsp;y Dios les dio a Sa\u00fal hijo de Cis, var\u00f3n de la tribu de Benjam\u00edn,&nbsp;por cuarenta a\u00f1os.&nbsp;<sup>22&nbsp;<\/sup>Quitado este,&nbsp;les levant\u00f3 por rey a David, de quien dio tambi\u00e9n testimonio diciendo: He hallado a David hijo de Isa\u00ed, var\u00f3n conforme a mi coraz\u00f3n, quien har\u00e1 todo lo que yo quiero.&nbsp;<sup>23&nbsp;<\/sup>De la descendencia de este, y conforme a la promesa, Dios levant\u00f3 a Jes\u00fas por Salvador a Israel.&nbsp;<sup>24&nbsp;<\/sup>Antes de su venida, predic\u00f3 Juan el bautismo de arrepentimiento&nbsp;a todo el pueblo de Israel.&nbsp;<sup>25&nbsp;<\/sup>Mas cuando Juan terminaba su carrera, dijo: \u00bfQui\u00e9n pens\u00e1is que soy? No soy yo \u00e9l;&nbsp;mas he aqu\u00ed viene tras m\u00ed uno de quien no soy digno de desatar el calzado de los pies.<\/p>\n\n\n\n<p><sup>26\u00a0<\/sup>Varones hermanos, hijos del linaje de Abraham, y los que entre vosotros tem\u00e9is a Dios, a vosotros es enviada la palabra de esta salvaci\u00f3n.\u00a0<sup>27\u00a0<\/sup>Porque los habitantes de Jerusal\u00e9n y sus gobernantes, no conociendo a Jes\u00fas, ni las palabras de los profetas que se leen todos los d\u00edas de reposo,\u00a0las cumplieron al condenarle.\u00a0<sup>28\u00a0<\/sup>Y sin hallar en \u00e9l causa digna de muerte, pidieron a Pilato que se le matase.\u00a0<sup>29\u00a0<\/sup>Y habiendo cumplido todas las cosas que de \u00e9l estaban escritas, quit\u00e1ndolo del madero, lo pusieron en el sepulcro.\u00a0<sup>30\u00a0<\/sup>Mas Dios le levant\u00f3 de los muertos.\u00a0<sup>31\u00a0<\/sup>Y \u00e9l se apareci\u00f3 durante muchos d\u00edas a los que hab\u00edan subido juntamente con \u00e9l de Galilea a Jerusal\u00e9n,\u00a0los cuales ahora son sus testigos ante el pueblo.\u00a0<sup>32\u00a0<\/sup>Y nosotros tambi\u00e9n os anunciamos el evangelio de aquella promesa hecha a nuestros padres,\u00a0<sup>33\u00a0<\/sup>la cual Dios ha cumplido a los hijos de ellos, a nosotros, resucitando a Jes\u00fas; como est\u00e1 escrito tambi\u00e9n en el salmo segundo: Mi hijo eres t\u00fa, yo te he engendrado hoy.\u00a0<sup>34\u00a0<\/sup>Y en cuanto a que le levant\u00f3 de los muertos para nunca m\u00e1s volver a corrupci\u00f3n, lo dijo as\u00ed: Os dar\u00e9 las misericordias fieles de David.<\/p>\n\n\n\n<p><sup>35&nbsp;<\/sup>Por eso dice tambi\u00e9n en otro salmo: No permitir\u00e1s que tu Santo vea corrupci\u00f3n.&nbsp;<sup>36&nbsp;<\/sup>Porque a la verdad David, habiendo servido a su propia generaci\u00f3n seg\u00fan la voluntad de Dios, durmi\u00f3, y fue reunido con sus padres, y vio corrupci\u00f3n.&nbsp;<sup>37&nbsp;<\/sup>Mas aquel a quien Dios levant\u00f3, no vio corrupci\u00f3n.&nbsp;<sup>38&nbsp;<\/sup>Sabed, pues, esto, varones hermanos: que por medio de \u00e9l se os anuncia perd\u00f3n de pecados,&nbsp;<sup>39&nbsp;<\/sup>y que de todo aquello de que por la ley de Mois\u00e9s no pudisteis ser justificados, en \u00e9l es justificado todo aquel que cree.&nbsp;<sup>40&nbsp;<\/sup>Mirad, pues, que no venga sobre vosotros lo que est\u00e1 dicho en los profetas:<\/p>\n\n\n\n<p><sup>41&nbsp;<\/sup>Mirad, oh menospreciadores, y asombraos, y desapareced;<\/p>\n\n\n\n<p>Porque yo hago una obra en vuestros d\u00edas,<\/p>\n\n\n\n<p>Obra que no creer\u00e9is, si alguien os la contare.<\/p>\n\n\n\n<p><sup>42\u00a0<\/sup>Cuando salieron ellos de la sinagoga de los jud\u00edos, los gentiles les rogaron que el siguiente d\u00eda de reposo\u00a0les hablasen de estas cosas.\u00a0<sup>43\u00a0<\/sup>Y despedida la congregaci\u00f3n, muchos de los jud\u00edos y de los pros\u00e9litos piadosos siguieron a Pablo y a Bernab\u00e9, quienes habl\u00e1ndoles, les persuad\u00edan a que perseverasen en la gracia de Dios.<\/p>\n\n\n\n<p><sup>44\u00a0<\/sup>El siguiente d\u00eda de reposo\u00a0se junt\u00f3 casi toda la ciudad para o\u00edr la palabra de Dios.\u00a0<sup>45\u00a0<\/sup>Pero viendo los jud\u00edos la muchedumbre, se llenaron de celos, y rebat\u00edan lo que Pablo dec\u00eda, contradiciendo y blasfemando.\u00a0<sup>46\u00a0<\/sup>Entonces Pablo y Bernab\u00e9, hablando con denuedo, dijeron: A vosotros a la verdad era necesario que se os hablase primero la palabra de Dios; mas puesto que la desech\u00e1is, y no os juzg\u00e1is dignos de la vida eterna, he aqu\u00ed, nos volvemos a los gentiles.\u00a0<sup>47\u00a0<\/sup>Porque as\u00ed nos ha mandado el Se\u00f1or, diciendo:<\/p>\n\n\n\n<p>Te he puesto para luz de los gentiles,<\/p>\n\n\n\n<p>A fin de que seas para salvaci\u00f3n hasta lo \u00faltimo de la tierra.<\/p>\n\n\n\n<p><sup>48&nbsp;<\/sup>Los gentiles, oyendo esto, se regocijaban y glorificaban la palabra del Se\u00f1or, y creyeron todos los que estaban ordenados para vida eterna.&nbsp;<sup>49&nbsp;<\/sup>Y la palabra del Se\u00f1or se difund\u00eda por toda aquella provincia.&nbsp;<sup>50&nbsp;<\/sup>Pero los jud\u00edos instigaron a mujeres piadosas y distinguidas, y a los principales de la ciudad, y levantaron persecuci\u00f3n contra Pablo y Bernab\u00e9, y los expulsaron de sus l\u00edmites.&nbsp;<sup>51&nbsp;<\/sup>Ellos entonces, sacudiendo contra ellos el polvo de sus pies,&nbsp;llegaron a Iconio.&nbsp;<sup>52&nbsp;<\/sup>Y los disc\u00edpulos estaban llenos de gozo y del Esp\u00edritu Santo.<\/p>\n\n\n\n<div class=\"wp-block-stackable-text stk-block-text stk-block stk-3f49bf1 stk-block-background\" data-block-id=\"3f49bf1\"><style>.stk-3f49bf1 .stk-block-text__text{font-size:13px !important}@media screen and (max-width:1023px){.stk-3f49bf1 .stk-block-text__text{font-size:13px !important}}<\/style><p class=\"stk-block-text__text\">Reina-Valera 1960 \u00ae \u00a9 Sociedades B\u00edblicas en Am\u00e9rica Latina, 1960. Renovado \u00a9 Sociedades B\u00edblicas Unidas, 1988. Utilizado con permiso. Si desea m\u00e1s informaci\u00f3n visite&nbsp;<a href=\"https:\/\/www.americanbible.org\/\">americanbible.org<\/a>,&nbsp;<a href=\"https:\/\/www.unitedbiblesocieties.org\/\">unitedbiblesocieties.org<\/a>,&nbsp;<a href=\"https:\/\/www.vivelabiblia.com\/\">vivelabiblia.com<\/a>,&nbsp;<a href=\"http:\/\/unitedbiblesocieties.org\/es\/casa\/\">unitedbiblesocieties.org\/es\/casa\/<\/a>,&nbsp;<a href=\"https:\/\/rvr60.bible\/?utm_source=website&amp;utm_medium=link&amp;utm_campaign=BGWYCEV11232021&amp;utm_id=biblegateway\/\">www.rvr60.bible<\/a><\/p><\/div>\n<\/div><\/div><\/div>\n<\/div><\/div>\n\n\n\n<p>Hechos 13 cuenta una historia maravillosa y aleccionadora. El cap\u00edtulo comienza con la despedida de los misioneros y un conflicto entre estos misioneros enviados y un mago enga\u00f1oso, pero no es esto lo que me llam\u00f3 la atenci\u00f3n. Me sorprendi\u00f3 el resto del cap\u00edtulo.<\/p>\n\n\n\n<p>A partir del vers\u00edculo trece, vemos la historia del pueblo de Dios resumida con precisi\u00f3n ante nuestros ojos. Desde Abraham hasta Cristo resucitado, Dios cumpli\u00f3 sus promesas a los israelitas.<\/p>\n\n\n\n<p>Con el brazo alzado los sac\u00f3 de la tierra de Egipto.<\/p>\n\n\n\n<p>Los sostuvo en el desierto y destruy\u00f3 naciones para que pudieran heredar la tierra de Cana\u00e1n.<\/p>\n\n\n\n<p>Les dio jueces y reyes a petici\u00f3n de ellos, aunque sab\u00eda que \u00c9l era mejor Juez y Rey que los que ellos codiciaban.<\/p>\n\n\n\n<p>Ungi\u00f3 a David como rey, un hombre conforme a su coraz\u00f3n, cuya descendencia marc\u00f3 el comienzo del Salvador prometido.<\/p>\n\n\n\n<p>\u00a1Qu\u00e9 relato tan maravilloso!<\/p>\n\n\n\n<p>Pero esta historia no solo es maravillosa, tambi\u00e9n deja una lecci\u00f3n cuando ese mismo pueblo escogido no quiso reconocer al Salvador prometido. Hechos 13:28 dice: \u201cY no hallando en \u00e9l ning\u00fan delito digno de muerte, pidieron a Pilato que lo ejecutara\u201d.<\/p>\n\n\n\n<p>Ejecutado. \u00bfQu\u00e9 israelita se atrever\u00eda a dudar de la confiabilidad del Se\u00f1or despu\u00e9s de todo lo que hab\u00eda hecho por ellos? Esos mismos israelitas que se llenaron de celos, levantaron injurias e incitaron una persecuci\u00f3n contra Pablo y Bernab\u00e9. Sin embargo, los gentiles se regocijaron y celebraron que la Palabra del Se\u00f1or fuera para todos. Los gentiles creyeron y los corazones de los jud\u00edos se endurecieron a\u00fan m\u00e1s. Pero el plan de Dios era mayor.<\/p>\n\n\n\n<p><strong><em>Reflexione sobre el contraste entre la respuesta de los gentiles y los israelitas en Hechos 13. \u00bfC\u00f3mo desaf\u00eda esta descripci\u00f3n su comprensi\u00f3n de la fe, su receptividad al mensaje de Dios y las actuales barreras que podr\u00edan impedir el reconocimiento de la obra de Dios en su vida?<\/em><\/strong><\/p>\n","protected":false},"excerpt":{"rendered":"<p>Devocional por Abigail O&#8217;Neel Hechos 13 Bernab\u00e9 y Saulo comienzan su primer viaje misionero 13&nbsp;Hab\u00eda entonces en la iglesia que estaba en Antioqu\u00eda, profetas y maestros: Bernab\u00e9, Sim\u00f3n el que se llamaba Niger, Lucio de Cirene, Mana\u00e9n el que se hab\u00eda criado junto con Herodes el tetrarca, y Saulo.&nbsp;2&nbsp;Ministrando estos al Se\u00f1or, y ayunando, dijo &hellip; <a href=\"https:\/\/esp.championforest.org\/devotionals\/1-20-2024\/\" class=\"more-link\">Continue reading <span class=\"screen-reader-text\">D\u00eda Trece | El Libro de Hechos<\/span><\/a><\/p>\n","protected":false},"author":2,"featured_media":1834,"comment_status":"open","ping_status":"closed","sticky":false,"template":"","format":"standard","meta":{"footnotes":""},"categories":[6,29],"tags":[28],"class_list":["post-1926","post","type-post","status-publish","format-standard","has-post-thumbnail","hentry","category-devocionales","category-hechos","tag-hechos"],"featured_image_urls_v2":{"full":["https:\/\/esp.championforest.org\/devotionals\/wp-content\/uploads\/2023\/12\/Acts-BG.jpg",1080,581,false],"thumbnail":["https:\/\/esp.championforest.org\/devotionals\/wp-content\/uploads\/2023\/12\/Acts-BG-150x150.jpg",150,150,true],"medium":["https:\/\/esp.championforest.org\/devotionals\/wp-content\/uploads\/2023\/12\/Acts-BG-300x161.jpg",300,161,true],"medium_large":["https:\/\/esp.championforest.org\/devotionals\/wp-content\/uploads\/2023\/12\/Acts-BG-768x413.jpg",768,413,true],"large":["https:\/\/esp.championforest.org\/devotionals\/wp-content\/uploads\/2023\/12\/Acts-BG-1024x551.jpg",900,484,true],"1536x1536":["https:\/\/esp.championforest.org\/devotionals\/wp-content\/uploads\/2023\/12\/Acts-BG.jpg",1080,581,false],"2048x2048":["https:\/\/esp.championforest.org\/devotionals\/wp-content\/uploads\/2023\/12\/Acts-BG.jpg",1080,581,false],"post-thumbnail":["https:\/\/esp.championforest.org\/devotionals\/wp-content\/uploads\/2023\/12\/Acts-BG.jpg",1080,581,false]},"post_excerpt_stackable_v2":"<p>Devocional por Abigail O&#8217;Neel Hechos 13 Bernab\u00e9 y Saulo comienzan su primer viaje misionero 13&nbsp;Hab\u00eda entonces en la iglesia que estaba en Antioqu\u00eda, profetas y maestros: Bernab\u00e9, Sim\u00f3n el que se llamaba Niger, Lucio de Cirene, Mana\u00e9n el que se hab\u00eda criado junto con Herodes el tetrarca, y Saulo.&nbsp;2&nbsp;Ministrando estos al Se\u00f1or, y ayunando, dijo el Esp\u00edritu Santo: Apartadme a Bernab\u00e9 y a Saulo para la obra a que los he llamado.&nbsp;3&nbsp;Entonces, habiendo ayunado y orado, les impusieron las manos y los despidieron. Los ap\u00f3stoles predican en Chipre 4&nbsp;Ellos, entonces, enviados por el Esp\u00edritu Santo, descendieron a Seleucia, y de&hellip;<\/p>\n","category_list_v2":"<a href=\"https:\/\/esp.championforest.org\/devotionals\/category\/devocionales\/\" rel=\"category tag\">Devocionales<\/a>, <a href=\"https:\/\/esp.championforest.org\/devotionals\/category\/hechos\/\" rel=\"category tag\">Hechos<\/a>","author_info_v2":{"name":"Champion Forest","url":"https:\/\/esp.championforest.org\/devotionals\/author\/cfbcms_admin\/"},"comments_num_v2":"8 comments","yoast_head":"<!-- This site is optimized with the Yoast SEO plugin v27.3 - https:\/\/yoast.com\/product\/yoast-seo-wordpress\/ -->\n<title>D\u00eda Trece | El Libro de Hechos - Devocionales<\/title>\n<meta name=\"robots\" content=\"index, follow, max-snippet:-1, max-image-preview:large, max-video-preview:-1\" \/>\n<link rel=\"canonical\" href=\"https:\/\/esp.championforest.org\/devotionals\/1-20-2024\/\" \/>\n<meta property=\"og:locale\" content=\"en_US\" \/>\n<meta property=\"og:type\" content=\"article\" \/>\n<meta property=\"og:title\" content=\"D\u00eda Trece | El Libro de Hechos - Devocionales\" \/>\n<meta property=\"og:description\" content=\"Devocional por Abigail O&#8217;Neel Hechos 13 Bernab\u00e9 y Saulo comienzan su primer viaje misionero 13&nbsp;Hab\u00eda entonces en la iglesia que estaba en Antioqu\u00eda, profetas y maestros: Bernab\u00e9, Sim\u00f3n el que se llamaba Niger, Lucio de Cirene, Mana\u00e9n el que se hab\u00eda criado junto con Herodes el tetrarca, y Saulo.&nbsp;2&nbsp;Ministrando estos al Se\u00f1or, y ayunando, dijo &hellip; Continue reading D\u00eda Trece | El Libro de Hechos\" \/>\n<meta property=\"og:url\" content=\"https:\/\/esp.championforest.org\/devotionals\/1-20-2024\/\" \/>\n<meta property=\"og:site_name\" content=\"Devocionales\" \/>\n<meta property=\"article:published_time\" content=\"2024-01-20T06:03:16+00:00\" \/>\n<meta property=\"og:image\" content=\"https:\/\/esp.championforest.org\/devotionals\/wp-content\/uploads\/2023\/12\/Acts-BG.jpg\" \/>\n\t<meta property=\"og:image:width\" content=\"1080\" \/>\n\t<meta property=\"og:image:height\" content=\"581\" \/>\n\t<meta property=\"og:image:type\" content=\"image\/jpeg\" \/>\n<meta name=\"author\" content=\"Champion Forest\" \/>\n<meta name=\"twitter:card\" content=\"summary_large_image\" \/>\n<meta name=\"twitter:label1\" content=\"Written by\" \/>\n\t<meta name=\"twitter:data1\" content=\"Champion Forest\" \/>\n\t<meta name=\"twitter:label2\" content=\"Est. reading time\" \/>\n\t<meta name=\"twitter:data2\" content=\"7 minutes\" \/>\n<script type=\"application\/ld+json\" class=\"yoast-schema-graph\">{\"@context\":\"https:\\\/\\\/schema.org\",\"@graph\":[{\"@type\":\"Article\",\"@id\":\"https:\\\/\\\/esp.championforest.org\\\/devotionals\\\/1-20-2024\\\/#article\",\"isPartOf\":{\"@id\":\"https:\\\/\\\/esp.championforest.org\\\/devotionals\\\/1-20-2024\\\/\"},\"author\":{\"name\":\"Champion Forest\",\"@id\":\"https:\\\/\\\/esp.championforest.org\\\/devotionals\\\/#\\\/schema\\\/person\\\/0d7b32cb6698781087962c699912c666\"},\"headline\":\"D\u00eda Trece | El Libro de Hechos\",\"datePublished\":\"2024-01-20T06:03:16+00:00\",\"mainEntityOfPage\":{\"@id\":\"https:\\\/\\\/esp.championforest.org\\\/devotionals\\\/1-20-2024\\\/\"},\"wordCount\":1710,\"commentCount\":8,\"image\":{\"@id\":\"https:\\\/\\\/esp.championforest.org\\\/devotionals\\\/1-20-2024\\\/#primaryimage\"},\"thumbnailUrl\":\"https:\\\/\\\/esp.championforest.org\\\/devotionals\\\/wp-content\\\/uploads\\\/2023\\\/12\\\/Acts-BG.jpg\",\"keywords\":[\"Hechos\"],\"articleSection\":[\"Devocionales\",\"Hechos\"],\"inLanguage\":\"en-US\",\"potentialAction\":[{\"@type\":\"CommentAction\",\"name\":\"Comment\",\"target\":[\"https:\\\/\\\/esp.championforest.org\\\/devotionals\\\/1-20-2024\\\/#respond\"]}]},{\"@type\":\"WebPage\",\"@id\":\"https:\\\/\\\/esp.championforest.org\\\/devotionals\\\/1-20-2024\\\/\",\"url\":\"https:\\\/\\\/esp.championforest.org\\\/devotionals\\\/1-20-2024\\\/\",\"name\":\"D\u00eda Trece | El Libro de Hechos - Devocionales\",\"isPartOf\":{\"@id\":\"https:\\\/\\\/esp.championforest.org\\\/devotionals\\\/#website\"},\"primaryImageOfPage\":{\"@id\":\"https:\\\/\\\/esp.championforest.org\\\/devotionals\\\/1-20-2024\\\/#primaryimage\"},\"image\":{\"@id\":\"https:\\\/\\\/esp.championforest.org\\\/devotionals\\\/1-20-2024\\\/#primaryimage\"},\"thumbnailUrl\":\"https:\\\/\\\/esp.championforest.org\\\/devotionals\\\/wp-content\\\/uploads\\\/2023\\\/12\\\/Acts-BG.jpg\",\"datePublished\":\"2024-01-20T06:03:16+00:00\",\"author\":{\"@id\":\"https:\\\/\\\/esp.championforest.org\\\/devotionals\\\/#\\\/schema\\\/person\\\/0d7b32cb6698781087962c699912c666\"},\"breadcrumb\":{\"@id\":\"https:\\\/\\\/esp.championforest.org\\\/devotionals\\\/1-20-2024\\\/#breadcrumb\"},\"inLanguage\":\"en-US\",\"potentialAction\":[{\"@type\":\"ReadAction\",\"target\":[\"https:\\\/\\\/esp.championforest.org\\\/devotionals\\\/1-20-2024\\\/\"]}]},{\"@type\":\"ImageObject\",\"inLanguage\":\"en-US\",\"@id\":\"https:\\\/\\\/esp.championforest.org\\\/devotionals\\\/1-20-2024\\\/#primaryimage\",\"url\":\"https:\\\/\\\/esp.championforest.org\\\/devotionals\\\/wp-content\\\/uploads\\\/2023\\\/12\\\/Acts-BG.jpg\",\"contentUrl\":\"https:\\\/\\\/esp.championforest.org\\\/devotionals\\\/wp-content\\\/uploads\\\/2023\\\/12\\\/Acts-BG.jpg\",\"width\":1080,\"height\":581},{\"@type\":\"BreadcrumbList\",\"@id\":\"https:\\\/\\\/esp.championforest.org\\\/devotionals\\\/1-20-2024\\\/#breadcrumb\",\"itemListElement\":[{\"@type\":\"ListItem\",\"position\":1,\"name\":\"Casa\",\"item\":\"https:\\\/\\\/esp.championforest.org\\\/devotionals\\\/\"},{\"@type\":\"ListItem\",\"position\":2,\"name\":\"D\u00eda Trece | El Libro de Hechos\"}]},{\"@type\":\"WebSite\",\"@id\":\"https:\\\/\\\/esp.championforest.org\\\/devotionals\\\/#website\",\"url\":\"https:\\\/\\\/esp.championforest.org\\\/devotionals\\\/\",\"name\":\"Devocionales\",\"description\":\"\",\"potentialAction\":[{\"@type\":\"SearchAction\",\"target\":{\"@type\":\"EntryPoint\",\"urlTemplate\":\"https:\\\/\\\/esp.championforest.org\\\/devotionals\\\/?s={search_term_string}\"},\"query-input\":{\"@type\":\"PropertyValueSpecification\",\"valueRequired\":true,\"valueName\":\"search_term_string\"}}],\"inLanguage\":\"en-US\"},{\"@type\":\"Person\",\"@id\":\"https:\\\/\\\/esp.championforest.org\\\/devotionals\\\/#\\\/schema\\\/person\\\/0d7b32cb6698781087962c699912c666\",\"name\":\"Champion Forest\",\"image\":{\"@type\":\"ImageObject\",\"inLanguage\":\"en-US\",\"@id\":\"https:\\\/\\\/secure.gravatar.com\\\/avatar\\\/978ba5d6180fa65624708e969f442efde16543b129f0679a2cb301024d170062?s=96&d=mm&r=g\",\"url\":\"https:\\\/\\\/secure.gravatar.com\\\/avatar\\\/978ba5d6180fa65624708e969f442efde16543b129f0679a2cb301024d170062?s=96&d=mm&r=g\",\"contentUrl\":\"https:\\\/\\\/secure.gravatar.com\\\/avatar\\\/978ba5d6180fa65624708e969f442efde16543b129f0679a2cb301024d170062?s=96&d=mm&r=g\",\"caption\":\"Champion Forest\"},\"url\":\"https:\\\/\\\/esp.championforest.org\\\/devotionals\\\/author\\\/cfbcms_admin\\\/\"}]}<\/script>\n<!-- \/ Yoast SEO plugin. -->","yoast_head_json":{"title":"D\u00eda Trece | El Libro de Hechos - Devocionales","robots":{"index":"index","follow":"follow","max-snippet":"max-snippet:-1","max-image-preview":"max-image-preview:large","max-video-preview":"max-video-preview:-1"},"canonical":"https:\/\/esp.championforest.org\/devotionals\/1-20-2024\/","og_locale":"en_US","og_type":"article","og_title":"D\u00eda Trece | El Libro de Hechos - Devocionales","og_description":"Devocional por Abigail O&#8217;Neel Hechos 13 Bernab\u00e9 y Saulo comienzan su primer viaje misionero 13&nbsp;Hab\u00eda entonces en la iglesia que estaba en Antioqu\u00eda, profetas y maestros: Bernab\u00e9, Sim\u00f3n el que se llamaba Niger, Lucio de Cirene, Mana\u00e9n el que se hab\u00eda criado junto con Herodes el tetrarca, y Saulo.&nbsp;2&nbsp;Ministrando estos al Se\u00f1or, y ayunando, dijo &hellip; Continue reading D\u00eda Trece | El Libro de Hechos","og_url":"https:\/\/esp.championforest.org\/devotionals\/1-20-2024\/","og_site_name":"Devocionales","article_published_time":"2024-01-20T06:03:16+00:00","og_image":[{"width":1080,"height":581,"url":"https:\/\/esp.championforest.org\/devotionals\/wp-content\/uploads\/2023\/12\/Acts-BG.jpg","type":"image\/jpeg"}],"author":"Champion Forest","twitter_card":"summary_large_image","twitter_misc":{"Written by":"Champion Forest","Est. reading time":"7 minutes"},"schema":{"@context":"https:\/\/schema.org","@graph":[{"@type":"Article","@id":"https:\/\/esp.championforest.org\/devotionals\/1-20-2024\/#article","isPartOf":{"@id":"https:\/\/esp.championforest.org\/devotionals\/1-20-2024\/"},"author":{"name":"Champion Forest","@id":"https:\/\/esp.championforest.org\/devotionals\/#\/schema\/person\/0d7b32cb6698781087962c699912c666"},"headline":"D\u00eda Trece | El Libro de Hechos","datePublished":"2024-01-20T06:03:16+00:00","mainEntityOfPage":{"@id":"https:\/\/esp.championforest.org\/devotionals\/1-20-2024\/"},"wordCount":1710,"commentCount":8,"image":{"@id":"https:\/\/esp.championforest.org\/devotionals\/1-20-2024\/#primaryimage"},"thumbnailUrl":"https:\/\/esp.championforest.org\/devotionals\/wp-content\/uploads\/2023\/12\/Acts-BG.jpg","keywords":["Hechos"],"articleSection":["Devocionales","Hechos"],"inLanguage":"en-US","potentialAction":[{"@type":"CommentAction","name":"Comment","target":["https:\/\/esp.championforest.org\/devotionals\/1-20-2024\/#respond"]}]},{"@type":"WebPage","@id":"https:\/\/esp.championforest.org\/devotionals\/1-20-2024\/","url":"https:\/\/esp.championforest.org\/devotionals\/1-20-2024\/","name":"D\u00eda Trece | El Libro de Hechos - Devocionales","isPartOf":{"@id":"https:\/\/esp.championforest.org\/devotionals\/#website"},"primaryImageOfPage":{"@id":"https:\/\/esp.championforest.org\/devotionals\/1-20-2024\/#primaryimage"},"image":{"@id":"https:\/\/esp.championforest.org\/devotionals\/1-20-2024\/#primaryimage"},"thumbnailUrl":"https:\/\/esp.championforest.org\/devotionals\/wp-content\/uploads\/2023\/12\/Acts-BG.jpg","datePublished":"2024-01-20T06:03:16+00:00","author":{"@id":"https:\/\/esp.championforest.org\/devotionals\/#\/schema\/person\/0d7b32cb6698781087962c699912c666"},"breadcrumb":{"@id":"https:\/\/esp.championforest.org\/devotionals\/1-20-2024\/#breadcrumb"},"inLanguage":"en-US","potentialAction":[{"@type":"ReadAction","target":["https:\/\/esp.championforest.org\/devotionals\/1-20-2024\/"]}]},{"@type":"ImageObject","inLanguage":"en-US","@id":"https:\/\/esp.championforest.org\/devotionals\/1-20-2024\/#primaryimage","url":"https:\/\/esp.championforest.org\/devotionals\/wp-content\/uploads\/2023\/12\/Acts-BG.jpg","contentUrl":"https:\/\/esp.championforest.org\/devotionals\/wp-content\/uploads\/2023\/12\/Acts-BG.jpg","width":1080,"height":581},{"@type":"BreadcrumbList","@id":"https:\/\/esp.championforest.org\/devotionals\/1-20-2024\/#breadcrumb","itemListElement":[{"@type":"ListItem","position":1,"name":"Casa","item":"https:\/\/esp.championforest.org\/devotionals\/"},{"@type":"ListItem","position":2,"name":"D\u00eda Trece | El Libro de Hechos"}]},{"@type":"WebSite","@id":"https:\/\/esp.championforest.org\/devotionals\/#website","url":"https:\/\/esp.championforest.org\/devotionals\/","name":"Devocionales","description":"","potentialAction":[{"@type":"SearchAction","target":{"@type":"EntryPoint","urlTemplate":"https:\/\/esp.championforest.org\/devotionals\/?s={search_term_string}"},"query-input":{"@type":"PropertyValueSpecification","valueRequired":true,"valueName":"search_term_string"}}],"inLanguage":"en-US"},{"@type":"Person","@id":"https:\/\/esp.championforest.org\/devotionals\/#\/schema\/person\/0d7b32cb6698781087962c699912c666","name":"Champion Forest","image":{"@type":"ImageObject","inLanguage":"en-US","@id":"https:\/\/secure.gravatar.com\/avatar\/978ba5d6180fa65624708e969f442efde16543b129f0679a2cb301024d170062?s=96&d=mm&r=g","url":"https:\/\/secure.gravatar.com\/avatar\/978ba5d6180fa65624708e969f442efde16543b129f0679a2cb301024d170062?s=96&d=mm&r=g","contentUrl":"https:\/\/secure.gravatar.com\/avatar\/978ba5d6180fa65624708e969f442efde16543b129f0679a2cb301024d170062?s=96&d=mm&r=g","caption":"Champion Forest"},"url":"https:\/\/esp.championforest.org\/devotionals\/author\/cfbcms_admin\/"}]}},"_links":{"self":[{"href":"https:\/\/esp.championforest.org\/devotionals\/wp-json\/wp\/v2\/posts\/1926","targetHints":{"allow":["GET"]}}],"collection":[{"href":"https:\/\/esp.championforest.org\/devotionals\/wp-json\/wp\/v2\/posts"}],"about":[{"href":"https:\/\/esp.championforest.org\/devotionals\/wp-json\/wp\/v2\/types\/post"}],"author":[{"embeddable":true,"href":"https:\/\/esp.championforest.org\/devotionals\/wp-json\/wp\/v2\/users\/2"}],"replies":[{"embeddable":true,"href":"https:\/\/esp.championforest.org\/devotionals\/wp-json\/wp\/v2\/comments?post=1926"}],"version-history":[{"count":2,"href":"https:\/\/esp.championforest.org\/devotionals\/wp-json\/wp\/v2\/posts\/1926\/revisions"}],"predecessor-version":[{"id":1928,"href":"https:\/\/esp.championforest.org\/devotionals\/wp-json\/wp\/v2\/posts\/1926\/revisions\/1928"}],"wp:featuredmedia":[{"embeddable":true,"href":"https:\/\/esp.championforest.org\/devotionals\/wp-json\/wp\/v2\/media\/1834"}],"wp:attachment":[{"href":"https:\/\/esp.championforest.org\/devotionals\/wp-json\/wp\/v2\/media?parent=1926"}],"wp:term":[{"taxonomy":"category","embeddable":true,"href":"https:\/\/esp.championforest.org\/devotionals\/wp-json\/wp\/v2\/categories?post=1926"},{"taxonomy":"post_tag","embeddable":true,"href":"https:\/\/esp.championforest.org\/devotionals\/wp-json\/wp\/v2\/tags?post=1926"}],"curies":[{"name":"wp","href":"https:\/\/api.w.org\/{rel}","templated":true}]}}