{"id":1923,"date":"2024-01-19T00:03:01","date_gmt":"2024-01-19T06:03:01","guid":{"rendered":"https:\/\/esp.championforest.org\/devotionals\/?p=1923"},"modified":"2024-01-16T10:36:03","modified_gmt":"2024-01-16T16:36:03","slug":"1-19-2024","status":"publish","type":"post","link":"https:\/\/esp.championforest.org\/devotionals\/1-19-2024\/","title":{"rendered":"D\u00eda Doce | El Libro de Hechos"},"content":{"rendered":"\n<p><span style=\"color: #000000;\" class=\"stk-highlight\">Devocional por<\/span> <span style=\"color: #000000;\" class=\"stk-highlight\"><span style=\"color: #000000;\" class=\"stk-highlight\"><span style=\"color: #000000;\" class=\"stk-highlight\"><span style=\"color: #000000;\" class=\"stk-highlight\">Abigail O&#8217;Nee<\/span>l<\/span><\/span><\/span><\/p>\n\n\n\n<div class=\"wp-block-group\"><div class=\"wp-block-group__inner-container is-layout-constrained wp-block-group-is-layout-constrained\">\n<div class=\"wp-block-stackable-hero stk-block-hero stk-block stk-bb37f46 is-style-default\" data-v=\"2\" data-block-id=\"bb37f46\"><style>.stk-bb37f46-inner-blocks{justify-content:center !important}.stk-bb37f46-container{background-color:#f7f7f7 !important}.stk-bb37f46-container:before{background-color:#f7f7f7 !important}.stk-bb37f46 .stk-block-hero__content{min-height:500px !important;align-items:center !important;display:flex !important}<\/style><div class=\"stk-block-hero__content stk-content-align stk-bb37f46-column stk-container stk-bb37f46-container stk-hover-parent\"><div class=\"stk-block-content stk-inner-blocks has-text-align-left stk--column-flex stk-bb37f46-inner-blocks\">\n<div class=\"wp-block-stackable-heading stk-block-heading stk-block-heading--v2 stk-block stk-4fd618f\" id=\"hechos-12\" data-block-id=\"4fd618f\"><style>.stk-4fd618f{margin-bottom:1px !important}<\/style><h4 class=\"stk-block-heading__text\">Hechos 12<\/h4><\/div>\n\n\n\n<h5 class=\"wp-block-heading\">Jacobo, muerto; Pedro, encarcelado<\/h5>\n\n\n\n<p><strong>12&nbsp;<\/strong>En aquel mismo tiempo el rey Herodes ech\u00f3 mano a algunos de la iglesia para maltratarles.&nbsp;<sup>2&nbsp;<\/sup>Y mat\u00f3 a espada a Jacobo, hermano de Juan.&nbsp;<sup>3&nbsp;<\/sup>Y viendo que esto hab\u00eda agradado a los jud\u00edos, procedi\u00f3 a prender tambi\u00e9n a Pedro. Eran entonces los d\u00edas de los panes sin levadura.&nbsp;<sup>4&nbsp;<\/sup>Y habi\u00e9ndole tomado preso, le puso en la c\u00e1rcel, entreg\u00e1ndole a cuatro grupos de cuatro soldados cada uno, para que le custodiasen; y se propon\u00eda sacarle al pueblo despu\u00e9s de la pascua.&nbsp;<sup>5&nbsp;<\/sup>As\u00ed que Pedro estaba custodiado en la c\u00e1rcel; pero la iglesia hac\u00eda sin cesar oraci\u00f3n a Dios por \u00e9l.<\/p>\n\n\n\n<h5 class=\"wp-block-heading\">Pedro es librado de la c\u00e1rcel<\/h5>\n\n\n\n<p><sup>6&nbsp;<\/sup>Y cuando Herodes le iba a sacar, aquella misma noche estaba Pedro durmiendo entre dos soldados, sujeto con dos cadenas, y los guardas delante de la puerta custodiaban la c\u00e1rcel.&nbsp;<sup>7&nbsp;<\/sup>Y he aqu\u00ed que se present\u00f3 un \u00e1ngel del Se\u00f1or, y una luz resplandeci\u00f3 en la c\u00e1rcel; y tocando a Pedro en el costado, le despert\u00f3, diciendo: Lev\u00e1ntate pronto. Y las cadenas se le cayeron de las manos.&nbsp;<sup>8&nbsp;<\/sup>Le dijo el \u00e1ngel: C\u00ed\u00f1ete, y \u00e1tate las sandalias. Y lo hizo as\u00ed. Y le dijo: Envu\u00e9lvete en tu manto, y s\u00edgueme.&nbsp;<sup>9&nbsp;<\/sup>Y saliendo, le segu\u00eda; pero no sab\u00eda que era verdad lo que hac\u00eda el \u00e1ngel, sino que pensaba que ve\u00eda una visi\u00f3n.&nbsp;<sup>10&nbsp;<\/sup>Habiendo pasado la primera y la segunda guardia, llegaron a la puerta de hierro que daba a la ciudad, la cual se les abri\u00f3 por s\u00ed misma; y salidos, pasaron una calle, y luego el \u00e1ngel se apart\u00f3 de \u00e9l.&nbsp;<sup>11&nbsp;<\/sup>Entonces Pedro, volviendo en s\u00ed, dijo: Ahora entiendo verdaderamente que el Se\u00f1or ha enviado su \u00e1ngel, y me ha librado de la mano de Herodes, y de todo lo que el pueblo de los jud\u00edos esperaba.<\/p>\n\n\n\n<p><sup>12&nbsp;<\/sup>Y habiendo considerado esto, lleg\u00f3 a casa de Mar\u00eda la madre de Juan, el que ten\u00eda por sobrenombre Marcos, donde muchos estaban reunidos orando.&nbsp;<sup>13&nbsp;<\/sup>Cuando llam\u00f3 Pedro a la puerta del patio, sali\u00f3 a escuchar una muchacha llamada Rode,&nbsp;<sup>14&nbsp;<\/sup>la cual, cuando reconoci\u00f3 la voz de Pedro, de gozo no abri\u00f3 la puerta, sino que corriendo adentro, dio la nueva de que Pedro estaba a la puerta.&nbsp;<sup>15&nbsp;<\/sup>Y ellos le dijeron: Est\u00e1s loca. Pero ella aseguraba que as\u00ed era. Entonces ellos dec\u00edan: \u00a1Es su \u00e1ngel!&nbsp;<sup>16&nbsp;<\/sup>Mas Pedro persist\u00eda en llamar; y cuando abrieron y le vieron, se quedaron at\u00f3nitos.&nbsp;<sup>17&nbsp;<\/sup>Pero \u00e9l, haci\u00e9ndoles con la mano se\u00f1al de que callasen, les cont\u00f3 c\u00f3mo el Se\u00f1or le hab\u00eda sacado de la c\u00e1rcel. Y dijo: Haced saber esto a Jacobo y a los hermanos. Y sali\u00f3, y se fue a otro lugar.<\/p>\n\n\n\n<p><sup>18&nbsp;<\/sup>Luego que fue de d\u00eda, hubo no poco alboroto entre los soldados sobre qu\u00e9 hab\u00eda sido de Pedro.&nbsp;<sup>19&nbsp;<\/sup>Mas Herodes, habi\u00e9ndole buscado sin hallarle, despu\u00e9s de interrogar a los guardas, orden\u00f3 llevarlos a la muerte. Despu\u00e9s descendi\u00f3 de Judea a Cesarea y se qued\u00f3 all\u00ed.<\/p>\n\n\n\n<h5 class=\"wp-block-heading\">Muerte de Herodes<\/h5>\n\n\n\n<p><sup>20&nbsp;<\/sup>Y Herodes estaba enojado contra los de Tiro y de Sid\u00f3n; pero ellos vinieron de acuerdo ante \u00e9l, y sobornado Blasto, que era camarero mayor del rey, ped\u00edan paz, porque su territorio era abastecido por el del rey.&nbsp;<sup>21&nbsp;<\/sup>Y un d\u00eda se\u00f1alado, Herodes, vestido de ropas reales, se sent\u00f3 en el tribunal y les areng\u00f3.&nbsp;<sup>22&nbsp;<\/sup>Y el pueblo aclamaba gritando: \u00a1Voz de Dios, y no de hombre!&nbsp;<sup>23&nbsp;<\/sup>Al momento un \u00e1ngel del Se\u00f1or le hiri\u00f3, por cuanto no dio la gloria a Dios; y expir\u00f3 comido de gusanos.<\/p>\n\n\n\n<p><sup>24&nbsp;<\/sup>Pero la palabra del Se\u00f1or crec\u00eda y se multiplicaba.<\/p>\n\n\n\n<p><sup>25&nbsp;<\/sup>Y Bernab\u00e9 y Saulo, cumplido su servicio, volvieron de Jerusal\u00e9n, llevando tambi\u00e9n consigo a Juan, el que ten\u00eda por sobrenombre Marcos.<\/p>\n\n\n\n<div class=\"wp-block-stackable-text stk-block-text stk-block stk-3f49bf1 stk-block-background\" data-block-id=\"3f49bf1\"><style>.stk-3f49bf1 .stk-block-text__text{font-size:13px !important}@media screen and (max-width:1023px){.stk-3f49bf1 .stk-block-text__text{font-size:13px !important}}<\/style><p class=\"stk-block-text__text\">Reina-Valera 1960 \u00ae \u00a9 Sociedades B\u00edblicas en Am\u00e9rica Latina, 1960. Renovado \u00a9 Sociedades B\u00edblicas Unidas, 1988. Utilizado con permiso. Si desea m\u00e1s informaci\u00f3n visite&nbsp;<a href=\"https:\/\/www.americanbible.org\/\">americanbible.org<\/a>,&nbsp;<a href=\"https:\/\/www.unitedbiblesocieties.org\/\">unitedbiblesocieties.org<\/a>,&nbsp;<a href=\"https:\/\/www.vivelabiblia.com\/\">vivelabiblia.com<\/a>,&nbsp;<a href=\"http:\/\/unitedbiblesocieties.org\/es\/casa\/\">unitedbiblesocieties.org\/es\/casa\/<\/a>,&nbsp;<a href=\"https:\/\/rvr60.bible\/?utm_source=website&amp;utm_medium=link&amp;utm_campaign=BGWYCEV11232021&amp;utm_id=biblegateway\/\">www.rvr60.bible<\/a><\/p><\/div>\n<\/div><\/div><\/div>\n<\/div><\/div>\n\n\n\n<p>Si cambiara el t\u00edtulo del cap\u00edtulo 12, lo titular\u00eda &#8220;La historia de dos destinos&#8221;. Por un lado, Peter escapa milagrosamente de la prisi\u00f3n a pesar de estar fuertemente custodiado y encadenado. Se libera no de una sino de dos cadenas, pasa no por uno sino por dos guardias y atraviesa una puerta de hierro que \u201cse abri\u00f3 por s\u00ed sola\u201d. Despu\u00e9s de volver a la realidad tras los sorprendentes acontecimientos de la noche, la respuesta inmediata de Pedro es: \u201cAhora entiendo que el Se\u00f1or me ha librado.\u201d<\/p>\n\n\n\n<p>Mientras tanto, Herodes se deleita en su propia importancia. Deseoso de complacer a los jud\u00edos, ejecuta a Santiago y encarcela a Pedro. Ciertamente podemos especular sobre los planes de Herodes para Pedro, pero sin que \u00e9l lo supiera, el destino de Pedro no estaba en manos de Herodes. Los destinos de Pedro y Herodes estaban completamente en manos del Se\u00f1or, y el tiempo verdaderamente dijo lo que sucede cuando el hombre usa la gloria de Dios como si fuera suya.<\/p>\n\n\n\n<p>Al final, la palabra de Dios aument\u00f3 y se multiplic\u00f3 porque, por supuesto, as\u00ed fue. Ninguna autoridad terrenal puede contener a la iglesia de Dios ni obstaculizar la obra de los fieles.<\/p>\n\n\n\n<p><strong><em>La fuga de Pedro de la prisi\u00f3n y la muerte de Herodes revelan las consecuencias de reconocer o ignorar la gloria de Dios. \u00bfDe qu\u00e9 manera te encuentras buscando reconocimiento o validaci\u00f3n de fuentes humanas en lugar de reconocer la supremac\u00eda de Dios en tu vida?<\/em><\/strong><\/p>\n","protected":false},"excerpt":{"rendered":"<p>Devocional por Abigail O&#8217;Neel Hechos 12 Jacobo, muerto; Pedro, encarcelado 12&nbsp;En aquel mismo tiempo el rey Herodes ech\u00f3 mano a algunos de la iglesia para maltratarles.&nbsp;2&nbsp;Y mat\u00f3 a espada a Jacobo, hermano de Juan.&nbsp;3&nbsp;Y viendo que esto hab\u00eda agradado a los jud\u00edos, procedi\u00f3 a prender tambi\u00e9n a Pedro. Eran entonces los d\u00edas de los panes &hellip; <a href=\"https:\/\/esp.championforest.org\/devotionals\/1-19-2024\/\" class=\"more-link\">Continue reading <span class=\"screen-reader-text\">D\u00eda Doce | El Libro de Hechos<\/span><\/a><\/p>\n","protected":false},"author":2,"featured_media":1834,"comment_status":"open","ping_status":"closed","sticky":false,"template":"","format":"standard","meta":{"footnotes":""},"categories":[6,29],"tags":[28],"class_list":["post-1923","post","type-post","status-publish","format-standard","has-post-thumbnail","hentry","category-devocionales","category-hechos","tag-hechos"],"featured_image_urls_v2":{"full":["https:\/\/esp.championforest.org\/devotionals\/wp-content\/uploads\/2023\/12\/Acts-BG.jpg",1080,581,false],"thumbnail":["https:\/\/esp.championforest.org\/devotionals\/wp-content\/uploads\/2023\/12\/Acts-BG-150x150.jpg",150,150,true],"medium":["https:\/\/esp.championforest.org\/devotionals\/wp-content\/uploads\/2023\/12\/Acts-BG-300x161.jpg",300,161,true],"medium_large":["https:\/\/esp.championforest.org\/devotionals\/wp-content\/uploads\/2023\/12\/Acts-BG-768x413.jpg",768,413,true],"large":["https:\/\/esp.championforest.org\/devotionals\/wp-content\/uploads\/2023\/12\/Acts-BG-1024x551.jpg",900,484,true],"1536x1536":["https:\/\/esp.championforest.org\/devotionals\/wp-content\/uploads\/2023\/12\/Acts-BG.jpg",1080,581,false],"2048x2048":["https:\/\/esp.championforest.org\/devotionals\/wp-content\/uploads\/2023\/12\/Acts-BG.jpg",1080,581,false],"post-thumbnail":["https:\/\/esp.championforest.org\/devotionals\/wp-content\/uploads\/2023\/12\/Acts-BG.jpg",1080,581,false]},"post_excerpt_stackable_v2":"<p>Devocional por Abigail O&#8217;Neel Hechos 12 Jacobo, muerto; Pedro, encarcelado 12&nbsp;En aquel mismo tiempo el rey Herodes ech\u00f3 mano a algunos de la iglesia para maltratarles.&nbsp;2&nbsp;Y mat\u00f3 a espada a Jacobo, hermano de Juan.&nbsp;3&nbsp;Y viendo que esto hab\u00eda agradado a los jud\u00edos, procedi\u00f3 a prender tambi\u00e9n a Pedro. Eran entonces los d\u00edas de los panes sin levadura.&nbsp;4&nbsp;Y habi\u00e9ndole tomado preso, le puso en la c\u00e1rcel, entreg\u00e1ndole a cuatro grupos de cuatro soldados cada uno, para que le custodiasen; y se propon\u00eda sacarle al pueblo despu\u00e9s de la pascua.&nbsp;5&nbsp;As\u00ed que Pedro estaba custodiado en la c\u00e1rcel; pero la iglesia hac\u00eda sin&hellip;<\/p>\n","category_list_v2":"<a href=\"https:\/\/esp.championforest.org\/devotionals\/category\/devocionales\/\" rel=\"category tag\">Devocionales<\/a>, <a href=\"https:\/\/esp.championforest.org\/devotionals\/category\/hechos\/\" rel=\"category tag\">Hechos<\/a>","author_info_v2":{"name":"Champion Forest","url":"https:\/\/esp.championforest.org\/devotionals\/author\/cfbcms_admin\/"},"comments_num_v2":"7 comments","yoast_head":"<!-- This site is optimized with the Yoast SEO plugin v27.3 - https:\/\/yoast.com\/product\/yoast-seo-wordpress\/ -->\n<title>D\u00eda Doce | El Libro de Hechos - Devocionales<\/title>\n<meta name=\"robots\" content=\"index, follow, max-snippet:-1, max-image-preview:large, max-video-preview:-1\" \/>\n<link rel=\"canonical\" href=\"https:\/\/esp.championforest.org\/devotionals\/1-19-2024\/\" \/>\n<meta property=\"og:locale\" content=\"en_US\" \/>\n<meta property=\"og:type\" content=\"article\" \/>\n<meta property=\"og:title\" content=\"D\u00eda Doce | El Libro de Hechos - Devocionales\" \/>\n<meta property=\"og:description\" content=\"Devocional por Abigail O&#8217;Neel Hechos 12 Jacobo, muerto; Pedro, encarcelado 12&nbsp;En aquel mismo tiempo el rey Herodes ech\u00f3 mano a algunos de la iglesia para maltratarles.&nbsp;2&nbsp;Y mat\u00f3 a espada a Jacobo, hermano de Juan.&nbsp;3&nbsp;Y viendo que esto hab\u00eda agradado a los jud\u00edos, procedi\u00f3 a prender tambi\u00e9n a Pedro. Eran entonces los d\u00edas de los panes &hellip; Continue reading D\u00eda Doce | El Libro de Hechos\" \/>\n<meta property=\"og:url\" content=\"https:\/\/esp.championforest.org\/devotionals\/1-19-2024\/\" \/>\n<meta property=\"og:site_name\" content=\"Devocionales\" \/>\n<meta property=\"article:published_time\" content=\"2024-01-19T06:03:01+00:00\" \/>\n<meta property=\"og:image\" content=\"https:\/\/esp.championforest.org\/devotionals\/wp-content\/uploads\/2023\/12\/Acts-BG.jpg\" \/>\n\t<meta property=\"og:image:width\" content=\"1080\" \/>\n\t<meta property=\"og:image:height\" content=\"581\" \/>\n\t<meta property=\"og:image:type\" content=\"image\/jpeg\" \/>\n<meta name=\"author\" content=\"Champion Forest\" \/>\n<meta name=\"twitter:card\" content=\"summary_large_image\" \/>\n<meta name=\"twitter:label1\" content=\"Written by\" \/>\n\t<meta name=\"twitter:data1\" content=\"Champion Forest\" \/>\n\t<meta name=\"twitter:label2\" content=\"Est. reading time\" \/>\n\t<meta name=\"twitter:data2\" content=\"5 minutes\" \/>\n<script type=\"application\/ld+json\" class=\"yoast-schema-graph\">{\"@context\":\"https:\\\/\\\/schema.org\",\"@graph\":[{\"@type\":\"Article\",\"@id\":\"https:\\\/\\\/esp.championforest.org\\\/devotionals\\\/1-19-2024\\\/#article\",\"isPartOf\":{\"@id\":\"https:\\\/\\\/esp.championforest.org\\\/devotionals\\\/1-19-2024\\\/\"},\"author\":{\"name\":\"Champion Forest\",\"@id\":\"https:\\\/\\\/esp.championforest.org\\\/devotionals\\\/#\\\/schema\\\/person\\\/0d7b32cb6698781087962c699912c666\"},\"headline\":\"D\u00eda Doce | El Libro de Hechos\",\"datePublished\":\"2024-01-19T06:03:01+00:00\",\"mainEntityOfPage\":{\"@id\":\"https:\\\/\\\/esp.championforest.org\\\/devotionals\\\/1-19-2024\\\/\"},\"wordCount\":1009,\"commentCount\":7,\"image\":{\"@id\":\"https:\\\/\\\/esp.championforest.org\\\/devotionals\\\/1-19-2024\\\/#primaryimage\"},\"thumbnailUrl\":\"https:\\\/\\\/esp.championforest.org\\\/devotionals\\\/wp-content\\\/uploads\\\/2023\\\/12\\\/Acts-BG.jpg\",\"keywords\":[\"Hechos\"],\"articleSection\":[\"Devocionales\",\"Hechos\"],\"inLanguage\":\"en-US\",\"potentialAction\":[{\"@type\":\"CommentAction\",\"name\":\"Comment\",\"target\":[\"https:\\\/\\\/esp.championforest.org\\\/devotionals\\\/1-19-2024\\\/#respond\"]}]},{\"@type\":\"WebPage\",\"@id\":\"https:\\\/\\\/esp.championforest.org\\\/devotionals\\\/1-19-2024\\\/\",\"url\":\"https:\\\/\\\/esp.championforest.org\\\/devotionals\\\/1-19-2024\\\/\",\"name\":\"D\u00eda Doce | El Libro de Hechos - Devocionales\",\"isPartOf\":{\"@id\":\"https:\\\/\\\/esp.championforest.org\\\/devotionals\\\/#website\"},\"primaryImageOfPage\":{\"@id\":\"https:\\\/\\\/esp.championforest.org\\\/devotionals\\\/1-19-2024\\\/#primaryimage\"},\"image\":{\"@id\":\"https:\\\/\\\/esp.championforest.org\\\/devotionals\\\/1-19-2024\\\/#primaryimage\"},\"thumbnailUrl\":\"https:\\\/\\\/esp.championforest.org\\\/devotionals\\\/wp-content\\\/uploads\\\/2023\\\/12\\\/Acts-BG.jpg\",\"datePublished\":\"2024-01-19T06:03:01+00:00\",\"author\":{\"@id\":\"https:\\\/\\\/esp.championforest.org\\\/devotionals\\\/#\\\/schema\\\/person\\\/0d7b32cb6698781087962c699912c666\"},\"breadcrumb\":{\"@id\":\"https:\\\/\\\/esp.championforest.org\\\/devotionals\\\/1-19-2024\\\/#breadcrumb\"},\"inLanguage\":\"en-US\",\"potentialAction\":[{\"@type\":\"ReadAction\",\"target\":[\"https:\\\/\\\/esp.championforest.org\\\/devotionals\\\/1-19-2024\\\/\"]}]},{\"@type\":\"ImageObject\",\"inLanguage\":\"en-US\",\"@id\":\"https:\\\/\\\/esp.championforest.org\\\/devotionals\\\/1-19-2024\\\/#primaryimage\",\"url\":\"https:\\\/\\\/esp.championforest.org\\\/devotionals\\\/wp-content\\\/uploads\\\/2023\\\/12\\\/Acts-BG.jpg\",\"contentUrl\":\"https:\\\/\\\/esp.championforest.org\\\/devotionals\\\/wp-content\\\/uploads\\\/2023\\\/12\\\/Acts-BG.jpg\",\"width\":1080,\"height\":581},{\"@type\":\"BreadcrumbList\",\"@id\":\"https:\\\/\\\/esp.championforest.org\\\/devotionals\\\/1-19-2024\\\/#breadcrumb\",\"itemListElement\":[{\"@type\":\"ListItem\",\"position\":1,\"name\":\"Casa\",\"item\":\"https:\\\/\\\/esp.championforest.org\\\/devotionals\\\/\"},{\"@type\":\"ListItem\",\"position\":2,\"name\":\"D\u00eda Doce | El Libro de Hechos\"}]},{\"@type\":\"WebSite\",\"@id\":\"https:\\\/\\\/esp.championforest.org\\\/devotionals\\\/#website\",\"url\":\"https:\\\/\\\/esp.championforest.org\\\/devotionals\\\/\",\"name\":\"Devocionales\",\"description\":\"\",\"potentialAction\":[{\"@type\":\"SearchAction\",\"target\":{\"@type\":\"EntryPoint\",\"urlTemplate\":\"https:\\\/\\\/esp.championforest.org\\\/devotionals\\\/?s={search_term_string}\"},\"query-input\":{\"@type\":\"PropertyValueSpecification\",\"valueRequired\":true,\"valueName\":\"search_term_string\"}}],\"inLanguage\":\"en-US\"},{\"@type\":\"Person\",\"@id\":\"https:\\\/\\\/esp.championforest.org\\\/devotionals\\\/#\\\/schema\\\/person\\\/0d7b32cb6698781087962c699912c666\",\"name\":\"Champion Forest\",\"image\":{\"@type\":\"ImageObject\",\"inLanguage\":\"en-US\",\"@id\":\"https:\\\/\\\/secure.gravatar.com\\\/avatar\\\/978ba5d6180fa65624708e969f442efde16543b129f0679a2cb301024d170062?s=96&d=mm&r=g\",\"url\":\"https:\\\/\\\/secure.gravatar.com\\\/avatar\\\/978ba5d6180fa65624708e969f442efde16543b129f0679a2cb301024d170062?s=96&d=mm&r=g\",\"contentUrl\":\"https:\\\/\\\/secure.gravatar.com\\\/avatar\\\/978ba5d6180fa65624708e969f442efde16543b129f0679a2cb301024d170062?s=96&d=mm&r=g\",\"caption\":\"Champion Forest\"},\"url\":\"https:\\\/\\\/esp.championforest.org\\\/devotionals\\\/author\\\/cfbcms_admin\\\/\"}]}<\/script>\n<!-- \/ Yoast SEO plugin. -->","yoast_head_json":{"title":"D\u00eda Doce | El Libro de Hechos - Devocionales","robots":{"index":"index","follow":"follow","max-snippet":"max-snippet:-1","max-image-preview":"max-image-preview:large","max-video-preview":"max-video-preview:-1"},"canonical":"https:\/\/esp.championforest.org\/devotionals\/1-19-2024\/","og_locale":"en_US","og_type":"article","og_title":"D\u00eda Doce | El Libro de Hechos - Devocionales","og_description":"Devocional por Abigail O&#8217;Neel Hechos 12 Jacobo, muerto; Pedro, encarcelado 12&nbsp;En aquel mismo tiempo el rey Herodes ech\u00f3 mano a algunos de la iglesia para maltratarles.&nbsp;2&nbsp;Y mat\u00f3 a espada a Jacobo, hermano de Juan.&nbsp;3&nbsp;Y viendo que esto hab\u00eda agradado a los jud\u00edos, procedi\u00f3 a prender tambi\u00e9n a Pedro. Eran entonces los d\u00edas de los panes &hellip; Continue reading D\u00eda Doce | El Libro de Hechos","og_url":"https:\/\/esp.championforest.org\/devotionals\/1-19-2024\/","og_site_name":"Devocionales","article_published_time":"2024-01-19T06:03:01+00:00","og_image":[{"width":1080,"height":581,"url":"https:\/\/esp.championforest.org\/devotionals\/wp-content\/uploads\/2023\/12\/Acts-BG.jpg","type":"image\/jpeg"}],"author":"Champion Forest","twitter_card":"summary_large_image","twitter_misc":{"Written by":"Champion Forest","Est. reading time":"5 minutes"},"schema":{"@context":"https:\/\/schema.org","@graph":[{"@type":"Article","@id":"https:\/\/esp.championforest.org\/devotionals\/1-19-2024\/#article","isPartOf":{"@id":"https:\/\/esp.championforest.org\/devotionals\/1-19-2024\/"},"author":{"name":"Champion Forest","@id":"https:\/\/esp.championforest.org\/devotionals\/#\/schema\/person\/0d7b32cb6698781087962c699912c666"},"headline":"D\u00eda Doce | El Libro de Hechos","datePublished":"2024-01-19T06:03:01+00:00","mainEntityOfPage":{"@id":"https:\/\/esp.championforest.org\/devotionals\/1-19-2024\/"},"wordCount":1009,"commentCount":7,"image":{"@id":"https:\/\/esp.championforest.org\/devotionals\/1-19-2024\/#primaryimage"},"thumbnailUrl":"https:\/\/esp.championforest.org\/devotionals\/wp-content\/uploads\/2023\/12\/Acts-BG.jpg","keywords":["Hechos"],"articleSection":["Devocionales","Hechos"],"inLanguage":"en-US","potentialAction":[{"@type":"CommentAction","name":"Comment","target":["https:\/\/esp.championforest.org\/devotionals\/1-19-2024\/#respond"]}]},{"@type":"WebPage","@id":"https:\/\/esp.championforest.org\/devotionals\/1-19-2024\/","url":"https:\/\/esp.championforest.org\/devotionals\/1-19-2024\/","name":"D\u00eda Doce | El Libro de Hechos - Devocionales","isPartOf":{"@id":"https:\/\/esp.championforest.org\/devotionals\/#website"},"primaryImageOfPage":{"@id":"https:\/\/esp.championforest.org\/devotionals\/1-19-2024\/#primaryimage"},"image":{"@id":"https:\/\/esp.championforest.org\/devotionals\/1-19-2024\/#primaryimage"},"thumbnailUrl":"https:\/\/esp.championforest.org\/devotionals\/wp-content\/uploads\/2023\/12\/Acts-BG.jpg","datePublished":"2024-01-19T06:03:01+00:00","author":{"@id":"https:\/\/esp.championforest.org\/devotionals\/#\/schema\/person\/0d7b32cb6698781087962c699912c666"},"breadcrumb":{"@id":"https:\/\/esp.championforest.org\/devotionals\/1-19-2024\/#breadcrumb"},"inLanguage":"en-US","potentialAction":[{"@type":"ReadAction","target":["https:\/\/esp.championforest.org\/devotionals\/1-19-2024\/"]}]},{"@type":"ImageObject","inLanguage":"en-US","@id":"https:\/\/esp.championforest.org\/devotionals\/1-19-2024\/#primaryimage","url":"https:\/\/esp.championforest.org\/devotionals\/wp-content\/uploads\/2023\/12\/Acts-BG.jpg","contentUrl":"https:\/\/esp.championforest.org\/devotionals\/wp-content\/uploads\/2023\/12\/Acts-BG.jpg","width":1080,"height":581},{"@type":"BreadcrumbList","@id":"https:\/\/esp.championforest.org\/devotionals\/1-19-2024\/#breadcrumb","itemListElement":[{"@type":"ListItem","position":1,"name":"Casa","item":"https:\/\/esp.championforest.org\/devotionals\/"},{"@type":"ListItem","position":2,"name":"D\u00eda Doce | El Libro de Hechos"}]},{"@type":"WebSite","@id":"https:\/\/esp.championforest.org\/devotionals\/#website","url":"https:\/\/esp.championforest.org\/devotionals\/","name":"Devocionales","description":"","potentialAction":[{"@type":"SearchAction","target":{"@type":"EntryPoint","urlTemplate":"https:\/\/esp.championforest.org\/devotionals\/?s={search_term_string}"},"query-input":{"@type":"PropertyValueSpecification","valueRequired":true,"valueName":"search_term_string"}}],"inLanguage":"en-US"},{"@type":"Person","@id":"https:\/\/esp.championforest.org\/devotionals\/#\/schema\/person\/0d7b32cb6698781087962c699912c666","name":"Champion Forest","image":{"@type":"ImageObject","inLanguage":"en-US","@id":"https:\/\/secure.gravatar.com\/avatar\/978ba5d6180fa65624708e969f442efde16543b129f0679a2cb301024d170062?s=96&d=mm&r=g","url":"https:\/\/secure.gravatar.com\/avatar\/978ba5d6180fa65624708e969f442efde16543b129f0679a2cb301024d170062?s=96&d=mm&r=g","contentUrl":"https:\/\/secure.gravatar.com\/avatar\/978ba5d6180fa65624708e969f442efde16543b129f0679a2cb301024d170062?s=96&d=mm&r=g","caption":"Champion Forest"},"url":"https:\/\/esp.championforest.org\/devotionals\/author\/cfbcms_admin\/"}]}},"_links":{"self":[{"href":"https:\/\/esp.championforest.org\/devotionals\/wp-json\/wp\/v2\/posts\/1923","targetHints":{"allow":["GET"]}}],"collection":[{"href":"https:\/\/esp.championforest.org\/devotionals\/wp-json\/wp\/v2\/posts"}],"about":[{"href":"https:\/\/esp.championforest.org\/devotionals\/wp-json\/wp\/v2\/types\/post"}],"author":[{"embeddable":true,"href":"https:\/\/esp.championforest.org\/devotionals\/wp-json\/wp\/v2\/users\/2"}],"replies":[{"embeddable":true,"href":"https:\/\/esp.championforest.org\/devotionals\/wp-json\/wp\/v2\/comments?post=1923"}],"version-history":[{"count":2,"href":"https:\/\/esp.championforest.org\/devotionals\/wp-json\/wp\/v2\/posts\/1923\/revisions"}],"predecessor-version":[{"id":1925,"href":"https:\/\/esp.championforest.org\/devotionals\/wp-json\/wp\/v2\/posts\/1923\/revisions\/1925"}],"wp:featuredmedia":[{"embeddable":true,"href":"https:\/\/esp.championforest.org\/devotionals\/wp-json\/wp\/v2\/media\/1834"}],"wp:attachment":[{"href":"https:\/\/esp.championforest.org\/devotionals\/wp-json\/wp\/v2\/media?parent=1923"}],"wp:term":[{"taxonomy":"category","embeddable":true,"href":"https:\/\/esp.championforest.org\/devotionals\/wp-json\/wp\/v2\/categories?post=1923"},{"taxonomy":"post_tag","embeddable":true,"href":"https:\/\/esp.championforest.org\/devotionals\/wp-json\/wp\/v2\/tags?post=1923"}],"curies":[{"name":"wp","href":"https:\/\/api.w.org\/{rel}","templated":true}]}}