{"id":191,"date":"2020-03-26T01:00:00","date_gmt":"2020-03-26T07:00:00","guid":{"rendered":"https:\/\/esp.championforest.org\/devotionals\/?p=191"},"modified":"2020-03-22T05:58:47","modified_gmt":"2020-03-22T11:58:47","slug":"marcos-marzo-26","status":"publish","type":"post","link":"https:\/\/esp.championforest.org\/devotionals\/marcos-marzo-26\/","title":{"rendered":"Marcos Cap\u00edtulo 5"},"content":{"rendered":"\n<div class=\"wp-block-ugb-container ugb-container ugb-9334249 ugb-container--v2 ugb-container--design-basic ugb-main-block\" id=\"\"><style>.ugb-9334249-wrapper.ugb-container__wrapper{border-radius:12px !important;background-color:#f1f1f1 !important}.ugb-9334249-content-wrapper.ugb-container__content-wrapper{width:100% !important}.ugb-9334249-wrapper.ugb-container__wrapper:before{background-color:#f1f1f1 !important}.ugb-9334249-content-wrapper > h1,.ugb-9334249-content-wrapper > h2,.ugb-9334249-content-wrapper > h3,.ugb-9334249-content-wrapper > h4,.ugb-9334249-content-wrapper > h5,.ugb-9334249-content-wrapper > h6{color:#222222}.ugb-9334249-content-wrapper > p,.ugb-9334249-content-wrapper > ol li,.ugb-9334249-content-wrapper > ul li{color:#222222}<\/style><div class=\"ugb-inner-block\"><div class=\"ugb-block-content\"><div class=\"ugb-container__wrapper ugb-9334249-wrapper ugb--shadow-3\"><div class=\"ugb-container__side\"><div class=\"ugb-container__content-wrapper ugb-9334249-content-wrapper\">\n<h3 class=\"wp-block-heading\">Marcos 5<\/h3>\n\n\n\n<h5 class=\"wp-block-heading\">El endemoniado gadareno<\/h5>\n\n\n\n<h6 class=\"wp-block-heading\">(Mt. 8.28-34; Lc. 8.26-39)<\/h6>\n\n\n\n<p>1Vinieron al otro lado del mar, a la regi\u00f3n de los gadarenos.<\/p>\n\n\n\n<p><sup>2&nbsp;<\/sup>Y cuando sali\u00f3 \u00e9l de la barca, en seguida vino a su encuentro, de los sepulcros, un hombre con un esp\u00edritu inmundo,<\/p>\n\n\n\n<p><sup>3&nbsp;<\/sup>que ten\u00eda su morada en los sepulcros, y nadie pod\u00eda atarle, ni aun con cadenas.<\/p>\n\n\n\n<p><sup>4&nbsp;<\/sup>Porque muchas veces hab\u00eda sido atado con grillos y cadenas, mas las cadenas hab\u00edan sido hechas pedazos por \u00e9l, y desmenuzados los grillos; y nadie le pod\u00eda dominar.<\/p>\n\n\n\n<p><sup>5&nbsp;<\/sup>Y siempre, de d\u00eda y de noche, andaba dando voces en los montes y en los sepulcros, e hiri\u00e9ndose con piedras.<\/p>\n\n\n\n<p><sup>6&nbsp;<\/sup>Cuando vio, pues, a Jes\u00fas de lejos, corri\u00f3, y se arrodill\u00f3 ante \u00e9l.<\/p>\n\n\n\n<p><sup>7&nbsp;<\/sup>Y clamando a gran voz, dijo: \u00bfQu\u00e9 tienes conmigo, Jes\u00fas, Hijo del Dios Alt\u00edsimo? Te conjuro por Dios que no me atormentes.<\/p>\n\n\n\n<p><sup>8&nbsp;<\/sup>Porque le dec\u00eda: Sal de este hombre, esp\u00edritu inmundo.<\/p>\n\n\n\n<p><sup>9&nbsp;<\/sup>Y le pregunt\u00f3: \u00bfC\u00f3mo te llamas? Y respondi\u00f3 diciendo: Legi\u00f3n me llamo; porque somos muchos.<\/p>\n\n\n\n<p><sup>10&nbsp;<\/sup>Y le rogaba mucho que no los enviase fuera de aquella regi\u00f3n.<\/p>\n\n\n\n<p><sup>11&nbsp;<\/sup>Estaba all\u00ed cerca del monte un gran hato de cerdos paciendo.<\/p>\n\n\n\n<p><sup>12&nbsp;<\/sup>Y le rogaron todos los demonios, diciendo: Env\u00edanos a los cerdos para que entremos en ellos.<\/p>\n\n\n\n<p><sup>13&nbsp;<\/sup>Y luego Jes\u00fas les dio permiso. Y saliendo aquellos esp\u00edritus inmundos, entraron en los cerdos, los cuales eran como dos mil; y el hato se precipit\u00f3 en el mar por un despe\u00f1adero, y en el mar se ahogaron.<\/p>\n\n\n\n<p><sup>14&nbsp;<\/sup>Y los que apacentaban los cerdos huyeron, y dieron aviso en la ciudad y en los campos. Y salieron a ver qu\u00e9 era aquello que hab\u00eda sucedido.<\/p>\n\n\n\n<p><sup>15&nbsp;<\/sup>Vienen a Jes\u00fas, y ven al que hab\u00eda sido atormentado del demonio, y que hab\u00eda tenido la legi\u00f3n, sentado, vestido y en su juicio cabal; y tuvieron miedo.<\/p>\n\n\n\n<p><sup>16&nbsp;<\/sup>Y les contaron los que lo hab\u00edan visto, c\u00f3mo le hab\u00eda acontecido al que hab\u00eda tenido el demonio, y lo de los cerdos.<\/p>\n\n\n\n<p><sup>17&nbsp;<\/sup>Y comenzaron a rogarle que se fuera de sus contornos.<\/p>\n\n\n\n<p><sup>18&nbsp;<\/sup>Al entrar \u00e9l en la barca, el que hab\u00eda estado endemoniado le rogaba que le dejase estar con \u00e9l.<\/p>\n\n\n\n<p><sup>19&nbsp;<\/sup>Mas Jes\u00fas no se lo permiti\u00f3, sino que le dijo: Vete a tu casa, a los tuyos, y cu\u00e9ntales cu\u00e1n grandes cosas el Se\u00f1or ha hecho contigo, y c\u00f3mo ha tenido misericordia de ti.<\/p>\n\n\n\n<p><sup>20&nbsp;<\/sup>Y se fue, y comenz\u00f3 a publicar en Dec\u00e1polis cu\u00e1n grandes cosas hab\u00eda hecho Jes\u00fas con \u00e9l; y todos se maravillaban.<\/p>\n\n\n\n<h5 class=\"wp-block-heading\">La hija de Jairo, y la mujer que toc\u00f3 el manto de Jes\u00fas<\/h5>\n\n\n\n<h6 class=\"wp-block-heading\">(Mt. 9.18-26; Lc. 8.40-56)<\/h6>\n\n\n\n<p><sup>21&nbsp;<\/sup>Pasando otra vez Jes\u00fas en una barca a la otra orilla, se reuni\u00f3 alrededor de \u00e9l una gran multitud; y \u00e9l estaba junto al mar.<\/p>\n\n\n\n<p><sup>22&nbsp;<\/sup>Y vino uno de los principales de la sinagoga, llamado Jairo; y luego que le vio, se postr\u00f3 a sus pies,<\/p>\n\n\n\n<p><sup>23&nbsp;<\/sup>y le rogaba mucho, diciendo: Mi hija est\u00e1 agonizando; ven y pon las manos sobre ella para que sea salva, y vivir\u00e1.<\/p>\n\n\n\n<p><sup>24&nbsp;<\/sup>Fue, pues, con \u00e9l; y le segu\u00eda una gran multitud, y le apretaban.<\/p>\n\n\n\n<p><sup>25&nbsp;<\/sup>Pero una mujer que desde hac\u00eda doce a\u00f1os padec\u00eda de flujo de sangre,<\/p>\n\n\n\n<p><sup>26&nbsp;<\/sup>y hab\u00eda sufrido mucho de muchos m\u00e9dicos, y gastado todo lo que ten\u00eda, y nada hab\u00eda aprovechado, antes le iba peor,<\/p>\n\n\n\n<p><sup>27&nbsp;<\/sup>cuando oy\u00f3 hablar de Jes\u00fas, vino por detr\u00e1s entre la multitud, y toc\u00f3 su manto.<\/p>\n\n\n\n<p><sup>28&nbsp;<\/sup>Porque dec\u00eda: Si tocare tan solamente su manto, ser\u00e9 salva.<\/p>\n\n\n\n<p><sup>29&nbsp;<\/sup>Y en seguida la fuente de su sangre se sec\u00f3; y sinti\u00f3 en el cuerpo que estaba sana de aquel azote.<\/p>\n\n\n\n<p><sup>30&nbsp;<\/sup>Luego Jes\u00fas, conociendo en s\u00ed mismo el poder que hab\u00eda salido de \u00e9l, volvi\u00e9ndose a la multitud, dijo: \u00bfQui\u00e9n ha tocado mis vestidos?<\/p>\n\n\n\n<p><sup>31&nbsp;<\/sup>Sus disc\u00edpulos le dijeron: Ves que la multitud te aprieta, y dices: \u00bfQui\u00e9n me ha tocado?<\/p>\n\n\n\n<p><sup>32&nbsp;<\/sup>Pero \u00e9l miraba alrededor para ver qui\u00e9n hab\u00eda hecho esto.<\/p>\n\n\n\n<p><sup>33&nbsp;<\/sup>Entonces la mujer, temiendo y temblando, sabiendo lo que en ella hab\u00eda sido hecho, vino y se postr\u00f3 delante de \u00e9l, y le dijo toda la verdad.<\/p>\n\n\n\n<p><sup>34&nbsp;<\/sup>Y \u00e9l le dijo: Hija, tu fe te ha hecho salva; ve en paz, y queda sana de tu azote.<\/p>\n\n\n\n<p><sup>35&nbsp;<\/sup>Mientras \u00e9l a\u00fan hablaba, vinieron de casa del principal de la sinagoga, diciendo: Tu hija ha muerto; \u00bfpara qu\u00e9 molestas m\u00e1s al Maestro?<\/p>\n\n\n\n<p><sup>36&nbsp;<\/sup>Pero Jes\u00fas, luego que oy\u00f3 lo que se dec\u00eda, dijo al principal de la sinagoga: No temas, cree solamente.<\/p>\n\n\n\n<p><sup>37&nbsp;<\/sup>Y no permiti\u00f3 que le siguiese nadie sino Pedro, Jacobo, y Juan hermano de Jacobo.<\/p>\n\n\n\n<p><sup>38&nbsp;<\/sup>Y vino a casa del principal de la sinagoga, y vio el alboroto y a los que lloraban y lamentaban mucho.<\/p>\n\n\n\n<p><sup>39&nbsp;<\/sup>Y entrando, les dijo: \u00bfPor qu\u00e9 alborot\u00e1is y llor\u00e1is? La ni\u00f1a no est\u00e1 muerta, sino duerme.<\/p>\n\n\n\n<p><sup>40&nbsp;<\/sup>Y se burlaban de \u00e9l. Mas \u00e9l, echando fuera a todos, tom\u00f3 al padre y a la madre de la ni\u00f1a, y a los que estaban con \u00e9l, y entr\u00f3 donde estaba la ni\u00f1a.<\/p>\n\n\n\n<p><sup>41&nbsp;<\/sup>Y tomando la mano de la ni\u00f1a, le dijo: Talita cumi; que traducido es: Ni\u00f1a, a ti te digo, lev\u00e1ntate.<\/p>\n\n\n\n<p><sup>42&nbsp;<\/sup>Y luego la ni\u00f1a se levant\u00f3 y andaba, pues ten\u00eda doce a\u00f1os. Y se espantaron grandemente.<\/p>\n\n\n\n<p><sup>43&nbsp;<\/sup>Pero \u00e9l les mand\u00f3 mucho que nadie lo supiese, y dijo que se le diese de comer.<\/p>\n\n\n\n<p>Versi\u00f3n Reina-Valera 1960 \u00a9 Sociedades B\u00edblicas en Am\u00e9rica Latina, 1960. Renovado \u00a9 Sociedades B\u00edblicas Unidas, 1988.<\/p>\n<\/div><\/div><\/div><\/div><\/div><\/div>\n","protected":false},"excerpt":{"rendered":"<p>Marcos 5 El endemoniado gadareno (Mt. 8.28-34; Lc. 8.26-39) 1Vinieron al otro lado del mar, a la regi\u00f3n de los gadarenos. 2&nbsp;Y cuando sali\u00f3 \u00e9l de la barca, en seguida vino a su encuentro, de los sepulcros, un hombre con un esp\u00edritu inmundo, 3&nbsp;que ten\u00eda su morada en los sepulcros, y nadie pod\u00eda atarle, ni &hellip; <a href=\"https:\/\/esp.championforest.org\/devotionals\/marcos-marzo-26\/\" class=\"more-link\">Continue reading <span class=\"screen-reader-text\">Marcos Cap\u00edtulo 5<\/span><\/a><\/p>\n","protected":false},"author":2,"featured_media":9,"comment_status":"open","ping_status":"open","sticky":false,"template":"","format":"standard","meta":{"footnotes":""},"categories":[3],"tags":[],"class_list":["post-191","post","type-post","status-publish","format-standard","has-post-thumbnail","hentry","category-marcos"],"featured_image_urls_v2":{"full":["https:\/\/esp.championforest.org\/devotionals\/wp-content\/uploads\/2019\/11\/bible-banner.jpg",2000,733,false],"thumbnail":["https:\/\/esp.championforest.org\/devotionals\/wp-content\/uploads\/2019\/11\/bible-banner-150x150.jpg",150,150,true],"medium":["https:\/\/esp.championforest.org\/devotionals\/wp-content\/uploads\/2019\/11\/bible-banner-300x110.jpg",300,110,true],"medium_large":["https:\/\/esp.championforest.org\/devotionals\/wp-content\/uploads\/2019\/11\/bible-banner-768x281.jpg",768,281,true],"large":["https:\/\/esp.championforest.org\/devotionals\/wp-content\/uploads\/2019\/11\/bible-banner-1024x375.jpg",900,330,true],"1536x1536":["https:\/\/esp.championforest.org\/devotionals\/wp-content\/uploads\/2019\/11\/bible-banner-1536x563.jpg",1536,563,true],"2048x2048":["https:\/\/esp.championforest.org\/devotionals\/wp-content\/uploads\/2019\/11\/bible-banner.jpg",2000,733,false],"post-thumbnail":["https:\/\/esp.championforest.org\/devotionals\/wp-content\/uploads\/2019\/11\/bible-banner.jpg",2000,733,false]},"post_excerpt_stackable_v2":"<p>Marcos 5 El endemoniado gadareno (Mt. 8.28-34; Lc. 8.26-39) 1Vinieron al otro lado del mar, a la regi\u00f3n de los gadarenos. 2&nbsp;Y cuando sali\u00f3 \u00e9l de la barca, en seguida vino a su encuentro, de los sepulcros, un hombre con un esp\u00edritu inmundo, 3&nbsp;que ten\u00eda su morada en los sepulcros, y nadie pod\u00eda atarle, ni aun con cadenas. 4&nbsp;Porque muchas veces hab\u00eda sido atado con grillos y cadenas, mas las cadenas hab\u00edan sido hechas pedazos por \u00e9l, y desmenuzados los grillos; y nadie le pod\u00eda dominar. 5&nbsp;Y siempre, de d\u00eda y de noche, andaba dando voces en los montes y&hellip;<\/p>\n","category_list_v2":"<a href=\"https:\/\/esp.championforest.org\/devotionals\/category\/marcos\/\" rel=\"category tag\">Marcos<\/a>","author_info_v2":{"name":"Champion Forest","url":"https:\/\/esp.championforest.org\/devotionals\/author\/cfbcms_admin\/"},"comments_num_v2":"5 comments","yoast_head":"<!-- This site is optimized with the Yoast SEO plugin v27.3 - https:\/\/yoast.com\/product\/yoast-seo-wordpress\/ -->\n<title>Marcos Cap\u00edtulo 5 - Devocionales<\/title>\n<meta name=\"robots\" content=\"index, follow, max-snippet:-1, max-image-preview:large, max-video-preview:-1\" \/>\n<link rel=\"canonical\" href=\"https:\/\/esp.championforest.org\/devotionals\/marcos-marzo-26\/\" \/>\n<meta property=\"og:locale\" content=\"en_US\" \/>\n<meta property=\"og:type\" content=\"article\" \/>\n<meta property=\"og:title\" content=\"Marcos Cap\u00edtulo 5 - Devocionales\" \/>\n<meta property=\"og:description\" content=\"Marcos 5 El endemoniado gadareno (Mt. 8.28-34; Lc. 8.26-39) 1Vinieron al otro lado del mar, a la regi\u00f3n de los gadarenos. 2&nbsp;Y cuando sali\u00f3 \u00e9l de la barca, en seguida vino a su encuentro, de los sepulcros, un hombre con un esp\u00edritu inmundo, 3&nbsp;que ten\u00eda su morada en los sepulcros, y nadie pod\u00eda atarle, ni &hellip; Continue reading Marcos Cap\u00edtulo 5\" \/>\n<meta property=\"og:url\" content=\"https:\/\/esp.championforest.org\/devotionals\/marcos-marzo-26\/\" \/>\n<meta property=\"og:site_name\" content=\"Devocionales\" \/>\n<meta property=\"article:published_time\" content=\"2020-03-26T07:00:00+00:00\" \/>\n<meta property=\"og:image\" content=\"https:\/\/esp.championforest.org\/devotionals\/wp-content\/uploads\/2019\/11\/bible-banner.jpg\" \/>\n\t<meta property=\"og:image:width\" content=\"2000\" \/>\n\t<meta property=\"og:image:height\" content=\"733\" \/>\n\t<meta property=\"og:image:type\" content=\"image\/jpeg\" \/>\n<meta name=\"author\" content=\"Champion Forest\" \/>\n<meta name=\"twitter:card\" content=\"summary_large_image\" \/>\n<meta name=\"twitter:label1\" content=\"Written by\" \/>\n\t<meta name=\"twitter:data1\" content=\"Champion Forest\" \/>\n\t<meta name=\"twitter:label2\" content=\"Est. reading time\" \/>\n\t<meta name=\"twitter:data2\" content=\"5 minutes\" \/>\n<script type=\"application\/ld+json\" class=\"yoast-schema-graph\">{\"@context\":\"https:\\\/\\\/schema.org\",\"@graph\":[{\"@type\":\"Article\",\"@id\":\"https:\\\/\\\/esp.championforest.org\\\/devotionals\\\/marcos-marzo-26\\\/#article\",\"isPartOf\":{\"@id\":\"https:\\\/\\\/esp.championforest.org\\\/devotionals\\\/marcos-marzo-26\\\/\"},\"author\":{\"name\":\"Champion Forest\",\"@id\":\"https:\\\/\\\/esp.championforest.org\\\/devotionals\\\/#\\\/schema\\\/person\\\/0d7b32cb6698781087962c699912c666\"},\"headline\":\"Marcos Cap\u00edtulo 5\",\"datePublished\":\"2020-03-26T07:00:00+00:00\",\"mainEntityOfPage\":{\"@id\":\"https:\\\/\\\/esp.championforest.org\\\/devotionals\\\/marcos-marzo-26\\\/\"},\"wordCount\":996,\"commentCount\":5,\"image\":{\"@id\":\"https:\\\/\\\/esp.championforest.org\\\/devotionals\\\/marcos-marzo-26\\\/#primaryimage\"},\"thumbnailUrl\":\"https:\\\/\\\/esp.championforest.org\\\/devotionals\\\/wp-content\\\/uploads\\\/2019\\\/11\\\/bible-banner.jpg\",\"articleSection\":[\"Marcos\"],\"inLanguage\":\"en-US\",\"potentialAction\":[{\"@type\":\"CommentAction\",\"name\":\"Comment\",\"target\":[\"https:\\\/\\\/esp.championforest.org\\\/devotionals\\\/marcos-marzo-26\\\/#respond\"]}]},{\"@type\":\"WebPage\",\"@id\":\"https:\\\/\\\/esp.championforest.org\\\/devotionals\\\/marcos-marzo-26\\\/\",\"url\":\"https:\\\/\\\/esp.championforest.org\\\/devotionals\\\/marcos-marzo-26\\\/\",\"name\":\"Marcos Cap\u00edtulo 5 - Devocionales\",\"isPartOf\":{\"@id\":\"https:\\\/\\\/esp.championforest.org\\\/devotionals\\\/#website\"},\"primaryImageOfPage\":{\"@id\":\"https:\\\/\\\/esp.championforest.org\\\/devotionals\\\/marcos-marzo-26\\\/#primaryimage\"},\"image\":{\"@id\":\"https:\\\/\\\/esp.championforest.org\\\/devotionals\\\/marcos-marzo-26\\\/#primaryimage\"},\"thumbnailUrl\":\"https:\\\/\\\/esp.championforest.org\\\/devotionals\\\/wp-content\\\/uploads\\\/2019\\\/11\\\/bible-banner.jpg\",\"datePublished\":\"2020-03-26T07:00:00+00:00\",\"author\":{\"@id\":\"https:\\\/\\\/esp.championforest.org\\\/devotionals\\\/#\\\/schema\\\/person\\\/0d7b32cb6698781087962c699912c666\"},\"breadcrumb\":{\"@id\":\"https:\\\/\\\/esp.championforest.org\\\/devotionals\\\/marcos-marzo-26\\\/#breadcrumb\"},\"inLanguage\":\"en-US\",\"potentialAction\":[{\"@type\":\"ReadAction\",\"target\":[\"https:\\\/\\\/esp.championforest.org\\\/devotionals\\\/marcos-marzo-26\\\/\"]}]},{\"@type\":\"ImageObject\",\"inLanguage\":\"en-US\",\"@id\":\"https:\\\/\\\/esp.championforest.org\\\/devotionals\\\/marcos-marzo-26\\\/#primaryimage\",\"url\":\"https:\\\/\\\/esp.championforest.org\\\/devotionals\\\/wp-content\\\/uploads\\\/2019\\\/11\\\/bible-banner.jpg\",\"contentUrl\":\"https:\\\/\\\/esp.championforest.org\\\/devotionals\\\/wp-content\\\/uploads\\\/2019\\\/11\\\/bible-banner.jpg\",\"width\":2000,\"height\":733},{\"@type\":\"BreadcrumbList\",\"@id\":\"https:\\\/\\\/esp.championforest.org\\\/devotionals\\\/marcos-marzo-26\\\/#breadcrumb\",\"itemListElement\":[{\"@type\":\"ListItem\",\"position\":1,\"name\":\"Casa\",\"item\":\"https:\\\/\\\/esp.championforest.org\\\/devotionals\\\/\"},{\"@type\":\"ListItem\",\"position\":2,\"name\":\"Marcos Cap\u00edtulo 5\"}]},{\"@type\":\"WebSite\",\"@id\":\"https:\\\/\\\/esp.championforest.org\\\/devotionals\\\/#website\",\"url\":\"https:\\\/\\\/esp.championforest.org\\\/devotionals\\\/\",\"name\":\"Devocionales\",\"description\":\"\",\"potentialAction\":[{\"@type\":\"SearchAction\",\"target\":{\"@type\":\"EntryPoint\",\"urlTemplate\":\"https:\\\/\\\/esp.championforest.org\\\/devotionals\\\/?s={search_term_string}\"},\"query-input\":{\"@type\":\"PropertyValueSpecification\",\"valueRequired\":true,\"valueName\":\"search_term_string\"}}],\"inLanguage\":\"en-US\"},{\"@type\":\"Person\",\"@id\":\"https:\\\/\\\/esp.championforest.org\\\/devotionals\\\/#\\\/schema\\\/person\\\/0d7b32cb6698781087962c699912c666\",\"name\":\"Champion Forest\",\"image\":{\"@type\":\"ImageObject\",\"inLanguage\":\"en-US\",\"@id\":\"https:\\\/\\\/secure.gravatar.com\\\/avatar\\\/978ba5d6180fa65624708e969f442efde16543b129f0679a2cb301024d170062?s=96&d=mm&r=g\",\"url\":\"https:\\\/\\\/secure.gravatar.com\\\/avatar\\\/978ba5d6180fa65624708e969f442efde16543b129f0679a2cb301024d170062?s=96&d=mm&r=g\",\"contentUrl\":\"https:\\\/\\\/secure.gravatar.com\\\/avatar\\\/978ba5d6180fa65624708e969f442efde16543b129f0679a2cb301024d170062?s=96&d=mm&r=g\",\"caption\":\"Champion Forest\"},\"url\":\"https:\\\/\\\/esp.championforest.org\\\/devotionals\\\/author\\\/cfbcms_admin\\\/\"}]}<\/script>\n<!-- \/ Yoast SEO plugin. -->","yoast_head_json":{"title":"Marcos Cap\u00edtulo 5 - Devocionales","robots":{"index":"index","follow":"follow","max-snippet":"max-snippet:-1","max-image-preview":"max-image-preview:large","max-video-preview":"max-video-preview:-1"},"canonical":"https:\/\/esp.championforest.org\/devotionals\/marcos-marzo-26\/","og_locale":"en_US","og_type":"article","og_title":"Marcos Cap\u00edtulo 5 - Devocionales","og_description":"Marcos 5 El endemoniado gadareno (Mt. 8.28-34; Lc. 8.26-39) 1Vinieron al otro lado del mar, a la regi\u00f3n de los gadarenos. 2&nbsp;Y cuando sali\u00f3 \u00e9l de la barca, en seguida vino a su encuentro, de los sepulcros, un hombre con un esp\u00edritu inmundo, 3&nbsp;que ten\u00eda su morada en los sepulcros, y nadie pod\u00eda atarle, ni &hellip; Continue reading Marcos Cap\u00edtulo 5","og_url":"https:\/\/esp.championforest.org\/devotionals\/marcos-marzo-26\/","og_site_name":"Devocionales","article_published_time":"2020-03-26T07:00:00+00:00","og_image":[{"width":2000,"height":733,"url":"https:\/\/esp.championforest.org\/devotionals\/wp-content\/uploads\/2019\/11\/bible-banner.jpg","type":"image\/jpeg"}],"author":"Champion Forest","twitter_card":"summary_large_image","twitter_misc":{"Written by":"Champion Forest","Est. reading time":"5 minutes"},"schema":{"@context":"https:\/\/schema.org","@graph":[{"@type":"Article","@id":"https:\/\/esp.championforest.org\/devotionals\/marcos-marzo-26\/#article","isPartOf":{"@id":"https:\/\/esp.championforest.org\/devotionals\/marcos-marzo-26\/"},"author":{"name":"Champion Forest","@id":"https:\/\/esp.championforest.org\/devotionals\/#\/schema\/person\/0d7b32cb6698781087962c699912c666"},"headline":"Marcos Cap\u00edtulo 5","datePublished":"2020-03-26T07:00:00+00:00","mainEntityOfPage":{"@id":"https:\/\/esp.championforest.org\/devotionals\/marcos-marzo-26\/"},"wordCount":996,"commentCount":5,"image":{"@id":"https:\/\/esp.championforest.org\/devotionals\/marcos-marzo-26\/#primaryimage"},"thumbnailUrl":"https:\/\/esp.championforest.org\/devotionals\/wp-content\/uploads\/2019\/11\/bible-banner.jpg","articleSection":["Marcos"],"inLanguage":"en-US","potentialAction":[{"@type":"CommentAction","name":"Comment","target":["https:\/\/esp.championforest.org\/devotionals\/marcos-marzo-26\/#respond"]}]},{"@type":"WebPage","@id":"https:\/\/esp.championforest.org\/devotionals\/marcos-marzo-26\/","url":"https:\/\/esp.championforest.org\/devotionals\/marcos-marzo-26\/","name":"Marcos Cap\u00edtulo 5 - Devocionales","isPartOf":{"@id":"https:\/\/esp.championforest.org\/devotionals\/#website"},"primaryImageOfPage":{"@id":"https:\/\/esp.championforest.org\/devotionals\/marcos-marzo-26\/#primaryimage"},"image":{"@id":"https:\/\/esp.championforest.org\/devotionals\/marcos-marzo-26\/#primaryimage"},"thumbnailUrl":"https:\/\/esp.championforest.org\/devotionals\/wp-content\/uploads\/2019\/11\/bible-banner.jpg","datePublished":"2020-03-26T07:00:00+00:00","author":{"@id":"https:\/\/esp.championforest.org\/devotionals\/#\/schema\/person\/0d7b32cb6698781087962c699912c666"},"breadcrumb":{"@id":"https:\/\/esp.championforest.org\/devotionals\/marcos-marzo-26\/#breadcrumb"},"inLanguage":"en-US","potentialAction":[{"@type":"ReadAction","target":["https:\/\/esp.championforest.org\/devotionals\/marcos-marzo-26\/"]}]},{"@type":"ImageObject","inLanguage":"en-US","@id":"https:\/\/esp.championforest.org\/devotionals\/marcos-marzo-26\/#primaryimage","url":"https:\/\/esp.championforest.org\/devotionals\/wp-content\/uploads\/2019\/11\/bible-banner.jpg","contentUrl":"https:\/\/esp.championforest.org\/devotionals\/wp-content\/uploads\/2019\/11\/bible-banner.jpg","width":2000,"height":733},{"@type":"BreadcrumbList","@id":"https:\/\/esp.championforest.org\/devotionals\/marcos-marzo-26\/#breadcrumb","itemListElement":[{"@type":"ListItem","position":1,"name":"Casa","item":"https:\/\/esp.championforest.org\/devotionals\/"},{"@type":"ListItem","position":2,"name":"Marcos Cap\u00edtulo 5"}]},{"@type":"WebSite","@id":"https:\/\/esp.championforest.org\/devotionals\/#website","url":"https:\/\/esp.championforest.org\/devotionals\/","name":"Devocionales","description":"","potentialAction":[{"@type":"SearchAction","target":{"@type":"EntryPoint","urlTemplate":"https:\/\/esp.championforest.org\/devotionals\/?s={search_term_string}"},"query-input":{"@type":"PropertyValueSpecification","valueRequired":true,"valueName":"search_term_string"}}],"inLanguage":"en-US"},{"@type":"Person","@id":"https:\/\/esp.championforest.org\/devotionals\/#\/schema\/person\/0d7b32cb6698781087962c699912c666","name":"Champion Forest","image":{"@type":"ImageObject","inLanguage":"en-US","@id":"https:\/\/secure.gravatar.com\/avatar\/978ba5d6180fa65624708e969f442efde16543b129f0679a2cb301024d170062?s=96&d=mm&r=g","url":"https:\/\/secure.gravatar.com\/avatar\/978ba5d6180fa65624708e969f442efde16543b129f0679a2cb301024d170062?s=96&d=mm&r=g","contentUrl":"https:\/\/secure.gravatar.com\/avatar\/978ba5d6180fa65624708e969f442efde16543b129f0679a2cb301024d170062?s=96&d=mm&r=g","caption":"Champion Forest"},"url":"https:\/\/esp.championforest.org\/devotionals\/author\/cfbcms_admin\/"}]}},"_links":{"self":[{"href":"https:\/\/esp.championforest.org\/devotionals\/wp-json\/wp\/v2\/posts\/191","targetHints":{"allow":["GET"]}}],"collection":[{"href":"https:\/\/esp.championforest.org\/devotionals\/wp-json\/wp\/v2\/posts"}],"about":[{"href":"https:\/\/esp.championforest.org\/devotionals\/wp-json\/wp\/v2\/types\/post"}],"author":[{"embeddable":true,"href":"https:\/\/esp.championforest.org\/devotionals\/wp-json\/wp\/v2\/users\/2"}],"replies":[{"embeddable":true,"href":"https:\/\/esp.championforest.org\/devotionals\/wp-json\/wp\/v2\/comments?post=191"}],"version-history":[{"count":2,"href":"https:\/\/esp.championforest.org\/devotionals\/wp-json\/wp\/v2\/posts\/191\/revisions"}],"predecessor-version":[{"id":203,"href":"https:\/\/esp.championforest.org\/devotionals\/wp-json\/wp\/v2\/posts\/191\/revisions\/203"}],"wp:featuredmedia":[{"embeddable":true,"href":"https:\/\/esp.championforest.org\/devotionals\/wp-json\/wp\/v2\/media\/9"}],"wp:attachment":[{"href":"https:\/\/esp.championforest.org\/devotionals\/wp-json\/wp\/v2\/media?parent=191"}],"wp:term":[{"taxonomy":"category","embeddable":true,"href":"https:\/\/esp.championforest.org\/devotionals\/wp-json\/wp\/v2\/categories?post=191"},{"taxonomy":"post_tag","embeddable":true,"href":"https:\/\/esp.championforest.org\/devotionals\/wp-json\/wp\/v2\/tags?post=191"}],"curies":[{"name":"wp","href":"https:\/\/api.w.org\/{rel}","templated":true}]}}