{"id":1868,"date":"2024-01-14T00:03:35","date_gmt":"2024-01-14T06:03:35","guid":{"rendered":"https:\/\/esp.championforest.org\/devotionals\/?p=1868"},"modified":"2024-01-08T17:22:04","modified_gmt":"2024-01-08T23:22:04","slug":"1-14-2024","status":"publish","type":"post","link":"https:\/\/esp.championforest.org\/devotionals\/1-14-2024\/","title":{"rendered":"D\u00eda Siete | El Libro de Hechos"},"content":{"rendered":"\n<p>Devocional por Jeff Young<\/p>\n\n\n\n<div class=\"wp-block-group\"><div class=\"wp-block-group__inner-container is-layout-constrained wp-block-group-is-layout-constrained\">\n<div class=\"wp-block-stackable-hero stk-block-hero stk-block stk-bb37f46 is-style-default\" data-v=\"2\" data-block-id=\"bb37f46\"><style>.stk-bb37f46-inner-blocks{justify-content:center !important}.stk-bb37f46-container{background-color:#f7f7f7 !important}.stk-bb37f46-container:before{background-color:#f7f7f7 !important}.stk-bb37f46 .stk-block-hero__content{min-height:500px !important;align-items:center !important;display:flex !important}<\/style><div class=\"stk-block-hero__content stk-content-align stk-bb37f46-column stk-container stk-bb37f46-container stk-hover-parent\"><div class=\"stk-block-content stk-inner-blocks has-text-align-left stk--column-flex stk-bb37f46-inner-blocks\">\n<div class=\"wp-block-stackable-heading stk-block-heading stk-block-heading--v2 stk-block stk-4fd618f\" id=\"hechos-7\" data-block-id=\"4fd618f\"><style>.stk-4fd618f{margin-bottom:1px !important}<\/style><h4 class=\"stk-block-heading__text\">Hechos 7<\/h4><\/div>\n\n\n\n<h5 class=\"wp-block-heading\">Defensa y muerte de Esteban<\/h5>\n\n\n\n<p><strong>7&nbsp;<\/strong>El sumo sacerdote dijo entonces: \u00bfEs esto as\u00ed?&nbsp;<sup>2&nbsp;<\/sup>Y \u00e9l dijo:<\/p>\n\n\n\n<p>Varones hermanos y padres, o\u00edd: El Dios de la gloria apareci\u00f3 a nuestro padre Abraham, estando en Mesopotamia, antes que morase en Har\u00e1n,&nbsp;<sup>3&nbsp;<\/sup>y le dijo: Sal de tu tierra y de tu parentela, y ven a la tierra que yo te mostrar\u00e9.&nbsp;<sup>4&nbsp;<\/sup>Entonces sali\u00f3 de la tierra de los caldeos y habit\u00f3 en Har\u00e1n;&nbsp;y de all\u00ed, muerto su padre, Dios le traslad\u00f3 a esta tierra, en la cual vosotros habit\u00e1is ahora.&nbsp;<sup>5&nbsp;<\/sup>Y no le dio herencia en ella, ni aun para asentar un pie; pero le prometi\u00f3 que se la dar\u00eda en posesi\u00f3n, y a su descendencia despu\u00e9s de \u00e9l,&nbsp;cuando \u00e9l a\u00fan no ten\u00eda hijo.&nbsp;<sup>6&nbsp;<\/sup>Y le dijo Dios as\u00ed: Que su descendencia ser\u00eda extranjera en tierra ajena, y que los reducir\u00edan a servidumbre y los maltratar\u00edan, por cuatrocientos a\u00f1os.&nbsp;<sup>7&nbsp;<\/sup>Mas yo juzgar\u00e9, dijo Dios, a la naci\u00f3n de la cual ser\u00e1n siervos; y despu\u00e9s de esto saldr\u00e1n y me servir\u00e1n en este lugar.&nbsp;<sup>8&nbsp;<\/sup>Y le dio el pacto de la circuncisi\u00f3n;&nbsp;y as\u00ed Abraham engendr\u00f3 a Isaac,&nbsp;y le circuncid\u00f3 al octavo d\u00eda; e Isaac a Jacob,&nbsp;y Jacob a los doce patriarcas.&nbsp;<sup>9&nbsp;<\/sup>Los patriarcas, movidos por envidia,&nbsp;vendieron a Jos\u00e9 para Egipto;&nbsp;pero Dios estaba con \u00e9l,&nbsp;<sup>10&nbsp;<\/sup>y le libr\u00f3 de todas sus tribulaciones, y le dio gracia y sabidur\u00eda delante de Fara\u00f3n rey de Egipto, el cual lo puso por gobernador sobre Egipto y sobre toda su casa.&nbsp;<sup>11&nbsp;<\/sup>Vino entonces hambre en toda la tierra de Egipto y de Cana\u00e1n, y grande tribulaci\u00f3n; y nuestros padres no hallaban alimentos.&nbsp;<sup>12&nbsp;<\/sup>Cuando oy\u00f3 Jacob que hab\u00eda trigo en Egipto, envi\u00f3 a nuestros padres la primera vez.&nbsp;<sup>13&nbsp;<\/sup>Y en la segunda, Jos\u00e9 se dio a conocer a sus hermanos,&nbsp;y fue manifestado a Fara\u00f3n el linaje de Jos\u00e9.&nbsp;<sup>14&nbsp;<\/sup>Y enviando Jos\u00e9, hizo venir a su padre Jacob,&nbsp;y a toda su parentela, en n\u00famero de setenta y cinco personas.&nbsp;<sup>15&nbsp;<\/sup>As\u00ed descendi\u00f3 Jacob a Egipto,&nbsp;donde muri\u00f3 \u00e9l,&nbsp;y tambi\u00e9n nuestros padres;&nbsp;<sup>16&nbsp;<\/sup>los cuales fueron trasladados a Siquem, y puestos en el sepulcro que a precio de dinero compr\u00f3 Abraham de los hijos de Hamor en Siquem.<\/p>\n\n\n\n<p><sup>17&nbsp;<\/sup>Pero cuando se acercaba el tiempo de la promesa, que Dios hab\u00eda jurado a Abraham, el pueblo creci\u00f3 y se multiplic\u00f3 en Egipto,&nbsp;<sup>18&nbsp;<\/sup>hasta que se levant\u00f3 en Egipto otro rey que no conoc\u00eda a Jos\u00e9.&nbsp;<sup>19&nbsp;<\/sup>Este rey, usando de astucia con nuestro pueblo, maltrat\u00f3 a nuestros padres,&nbsp;a fin de que expusiesen a la muerte a sus ni\u00f1os, para que no se propagasen.&nbsp;<sup>20&nbsp;<\/sup>En aquel mismo tiempo naci\u00f3 Mois\u00e9s, y fue agradable a Dios; y fue criado tres meses en casa de su padre.&nbsp;<sup>21&nbsp;<\/sup>Pero siendo expuesto a la muerte, la hija de Fara\u00f3n le recogi\u00f3 y le crio como a hijo suyo.&nbsp;<sup>22&nbsp;<\/sup>Y fue ense\u00f1ado Mois\u00e9s en toda la sabidur\u00eda de los egipcios; y era poderoso en sus palabras y obras.<\/p>\n\n\n\n<p><sup>23&nbsp;<\/sup>Cuando hubo cumplido la edad de cuarenta a\u00f1os, le vino al coraz\u00f3n el visitar a sus hermanos, los hijos de Israel.&nbsp;<sup>24&nbsp;<\/sup>Y al ver a uno que era maltratado, lo defendi\u00f3, e hiriendo al egipcio, veng\u00f3 al oprimido.&nbsp;<sup>25&nbsp;<\/sup>Pero \u00e9l pensaba que sus hermanos comprend\u00edan que Dios les dar\u00eda libertad por mano suya; mas ellos no lo hab\u00edan entendido as\u00ed.&nbsp;<sup>26&nbsp;<\/sup>Y al d\u00eda siguiente, se present\u00f3 a unos de ellos que re\u00f1\u00edan, y los pon\u00eda en paz, diciendo: Varones, hermanos sois, \u00bfpor qu\u00e9 os maltrat\u00e1is el uno al otro?&nbsp;<sup>27&nbsp;<\/sup>Entonces el que maltrataba a su pr\u00f3jimo le rechaz\u00f3, diciendo: \u00bfQui\u00e9n te ha puesto por gobernante y juez sobre nosotros?&nbsp;<sup>28&nbsp;<\/sup>\u00bfQuieres t\u00fa matarme, como mataste ayer al egipcio?&nbsp;<sup>29&nbsp;<\/sup>Al o\u00edr esta palabra, Mois\u00e9s huy\u00f3, y vivi\u00f3 como extranjero en tierra de Madi\u00e1n,&nbsp;donde engendr\u00f3 dos hijos.<\/p>\n\n\n\n<p><sup>30&nbsp;<\/sup>Pasados cuarenta a\u00f1os, un \u00e1ngel se le apareci\u00f3 en el desierto del monte Sina\u00ed, en la llama de fuego de una zarza.&nbsp;<sup>31&nbsp;<\/sup>Entonces Mois\u00e9s, mirando, se maravill\u00f3 de la visi\u00f3n; y acerc\u00e1ndose para observar, vino a \u00e9l la voz del Se\u00f1or:&nbsp;<sup>32&nbsp;<\/sup>Yo soy el Dios de tus padres, el Dios de Abraham, el Dios de Isaac, y el Dios de Jacob. Y Mois\u00e9s, temblando, no se atrev\u00eda a mirar.&nbsp;<sup>33&nbsp;<\/sup>Y le dijo el Se\u00f1or: Quita el calzado de tus pies, porque el lugar en que est\u00e1s es tierra santa.&nbsp;<sup>34&nbsp;<\/sup>Ciertamente he visto la aflicci\u00f3n de mi pueblo que est\u00e1 en Egipto, y he o\u00eddo su gemido, y he descendido para librarlos. Ahora, pues, ven, te enviar\u00e9 a Egipto.<\/p>\n\n\n\n<p><sup>35&nbsp;<\/sup>A este Mois\u00e9s, a quien hab\u00edan rechazado, diciendo: \u00bfQui\u00e9n te ha puesto por gobernante y juez?, a este lo envi\u00f3 Dios como gobernante y libertador por mano del \u00e1ngel que se le apareci\u00f3 en la zarza.&nbsp;<sup>36&nbsp;<\/sup>Este los sac\u00f3, habiendo hecho prodigios y se\u00f1ales en tierra de Egipto,&nbsp;y en el Mar Rojo,&nbsp;y en el desierto por cuarenta a\u00f1os.&nbsp;<sup>37&nbsp;<\/sup>Este Mois\u00e9s es el que dijo a los hijos de Israel: Profeta os levantar\u00e1 el Se\u00f1or vuestro Dios de entre vuestros hermanos, como a m\u00ed;&nbsp;a \u00e9l oir\u00e9is.&nbsp;<sup>38&nbsp;<\/sup>Este es aquel Mois\u00e9s que estuvo en la congregaci\u00f3n en el desierto con el \u00e1ngel que le hablaba en el monte Sina\u00ed,&nbsp;y con nuestros padres, y que recibi\u00f3 palabras de vida que darnos;&nbsp;<sup>39&nbsp;<\/sup>al cual nuestros padres no quisieron obedecer, sino que le desecharon, y en sus corazones se volvieron a Egipto,&nbsp;<sup>40&nbsp;<\/sup>cuando dijeron a Aar\u00f3n: Haznos dioses que vayan delante de nosotros; porque a este Mois\u00e9s, que nos sac\u00f3 de la tierra de Egipto, no sabemos qu\u00e9 le haya acontecido.&nbsp;<sup>41&nbsp;<\/sup>Entonces hicieron un becerro, y ofrecieron sacrificio al \u00eddolo, y en las obras de sus manos se regocijaron.&nbsp;<sup>42&nbsp;<\/sup>Y Dios se apart\u00f3, y los entreg\u00f3 a que rindiesen culto al ej\u00e9rcito del cielo; como est\u00e1 escrito en el libro de los profetas:<\/p>\n\n\n\n<p>\u00bfAcaso me ofrecisteis v\u00edctimas y sacrificios<\/p>\n\n\n\n<p>En el desierto por cuarenta a\u00f1os, casa de Israel?<\/p>\n\n\n\n<p><sup>43&nbsp;<\/sup>Antes bien llevasteis el tabern\u00e1culo de Moloc,<\/p>\n\n\n\n<p>Y la estrella de vuestro dios Renf\u00e1n,<\/p>\n\n\n\n<p>Figuras que os hicisteis para adorarlas.<\/p>\n\n\n\n<p>Os transportar\u00e9, pues, m\u00e1s all\u00e1 de Babilonia.<\/p>\n\n\n\n<p><sup>44&nbsp;<\/sup>Tuvieron nuestros padres el tabern\u00e1culo del testimonio en el desierto, como hab\u00eda ordenado Dios cuando dijo a Mois\u00e9s que lo hiciese conforme al modelo que hab\u00eda visto.&nbsp;<sup>45&nbsp;<\/sup>El cual, recibido a su vez por nuestros padres, lo introdujeron con Josu\u00e9&nbsp;al tomar posesi\u00f3n de la tierra de los gentiles, a los cuales Dios arroj\u00f3 de la presencia de nuestros padres, hasta los d\u00edas de David.&nbsp;<sup>46&nbsp;<\/sup>Este hall\u00f3 gracia delante de Dios, y pidi\u00f3 proveer tabern\u00e1culo para el Dios de Jacob.&nbsp;<sup>47&nbsp;<\/sup>Mas Salom\u00f3n le edific\u00f3 casa;&nbsp;<sup>48&nbsp;<\/sup>si bien el Alt\u00edsimo no habita en templos hechos de mano, como dice el profeta:<\/p>\n\n\n\n<p><sup>49&nbsp;<\/sup>El cielo es mi trono,<\/p>\n\n\n\n<p>Y la tierra el estrado de mis pies.<\/p>\n\n\n\n<p>\u00bfQu\u00e9 casa me edificar\u00e9is? dice el Se\u00f1or;<\/p>\n\n\n\n<p>\u00bfO cu\u00e1l es el lugar de mi reposo?<\/p>\n\n\n\n<p><sup>50&nbsp;<\/sup>\u00bfNo hizo mi mano todas estas cosas?<\/p>\n\n\n\n<p><sup>51&nbsp;<\/sup>\u00a1Duros de cerviz, e incircuncisos de coraz\u00f3n y de o\u00eddos! Vosotros resist\u00eds siempre al Esp\u00edritu Santo; como vuestros padres, as\u00ed tambi\u00e9n vosotros.&nbsp;<sup>52&nbsp;<\/sup>\u00bfA cu\u00e1l de los profetas no persiguieron vuestros padres? Y mataron a los que anunciaron de antemano la venida del Justo, de quien vosotros ahora hab\u00e9is sido entregadores y matadores;&nbsp;<sup>53&nbsp;<\/sup>vosotros que recibisteis la ley por disposici\u00f3n de \u00e1ngeles, y no la guardasteis.<\/p>\n\n\n\n<p><sup>54&nbsp;<\/sup>Oyendo estas cosas, se enfurec\u00edan en sus corazones, y cruj\u00edan los dientes contra \u00e9l.&nbsp;<sup>55&nbsp;<\/sup>Pero Esteban, lleno del Esp\u00edritu Santo, puestos los ojos en el cielo, vio la gloria de Dios, y a Jes\u00fas que estaba a la diestra de Dios,&nbsp;<sup>56&nbsp;<\/sup>y dijo: He aqu\u00ed, veo los cielos abiertos, y al Hijo del Hombre que est\u00e1 a la diestra de Dios.&nbsp;<sup>57&nbsp;<\/sup>Entonces ellos, dando grandes voces, se taparon los o\u00eddos, y arremetieron a una contra \u00e9l.&nbsp;<sup>58&nbsp;<\/sup>Y ech\u00e1ndole fuera de la ciudad, le apedrearon; y los testigos pusieron sus ropas a los pies de un joven que se llamaba Saulo.&nbsp;<sup>59&nbsp;<\/sup>Y apedreaban a Esteban, mientras \u00e9l invocaba y dec\u00eda: Se\u00f1or Jes\u00fas, recibe mi esp\u00edritu.&nbsp;<sup>60&nbsp;<\/sup>Y puesto de rodillas, clam\u00f3 a gran voz: Se\u00f1or, no les tomes en cuenta este pecado. Y habiendo dicho esto, durmi\u00f3.<\/p>\n\n\n\n<div class=\"wp-block-stackable-text stk-block-text stk-block stk-3f49bf1 stk-block-background\" data-block-id=\"3f49bf1\"><p class=\"stk-block-text__text\">Reina-Valera 1960 \u00ae \u00a9 Sociedades B\u00edblicas en Am\u00e9rica Latina, 1960. Renovado \u00a9 Sociedades B\u00edblicas Unidas, 1988. Utilizado con permiso. Si desea m\u00e1s informaci\u00f3n visite&nbsp;<a href=\"https:\/\/www.americanbible.org\/\">americanbible.org<\/a>,&nbsp;<a href=\"https:\/\/www.unitedbiblesocieties.org\/\">unitedbiblesocieties.org<\/a>,&nbsp;<a href=\"https:\/\/www.vivelabiblia.com\/\">vivelabiblia.com<\/a>,&nbsp;<a href=\"http:\/\/unitedbiblesocieties.org\/es\/casa\/\">unitedbiblesocieties.org\/es\/casa\/<\/a>,&nbsp;<a href=\"https:\/\/rvr60.bible\/?utm_source=website&amp;utm_medium=link&amp;utm_campaign=BGWYCEV11232021&amp;utm_id=biblegateway\/\">www.rvr60.bible<\/a><\/p><\/div>\n<\/div><\/div><\/div>\n<\/div><\/div>\n\n\n\n<p>Este cap\u00edtulo registra la extensa respuesta de Esteban a Caif\u00e1s, un sumo sacerdote, quien, curiosamente, le hizo una pregunta similar a Jes\u00fas la noche en que fue traicionado. Este cap\u00edtulo se conoce com\u00fanmente como la defensa de Esteban. Pero no en el sentido normal de la palabra. En realidad, Esteban defiende el cristianismo como el camino de Dios hacia la redenci\u00f3n. Su discurso sigue un patr\u00f3n bien establecido en la tradici\u00f3n jud\u00eda y tiene su paralelo en los Salmos 78 y 107. Repasa la historia de la naci\u00f3n, enfoc\u00e1ndose en tres temas: el per\u00edodo patriarcal (v. 2-16), Mois\u00e9s y la ley (v. 17-43), y el Tabern\u00e1culo y el Templo (v.44-50).<\/p>\n\n\n\n<p>&nbsp;Pero el discurso de Esteban es m\u00e1s que un recuento de la historia de Israel. Hay m\u00faltiples aplicaciones que debemos considerar:<\/p>\n\n\n\n<p>\u27a2 Esteban presenta c\u00f3mo el desafiar el plan de redenci\u00f3n de Dios siempre ha estado profundamente arraigado en nosotros.&nbsp; Por ejemplo, los hermanos de Jos\u00e9 lo odiaban, a pesar de que \u00e9l era el escogido para liberarlos y, por supuesto, se podr\u00eda decir algo similar acerca de Mois\u00e9s, los profetas y, en \u00faltima instancia, Jes\u00fas, cuando fue asesinado por aquellos a quienes vino a redimir.<\/p>\n\n\n\n<p><strong>\u00bfSoy consciente de mi tendencia al orgullo o la autosuficiencia?<\/strong><\/p>\n\n\n\n<p>\u27a2 Esteban da a entender que mientras los jud\u00edos estaban circuncidados f\u00edsicamente, sus corazones todav\u00eda estaban llenos de rebeli\u00f3n. Ya sea que estuvieran adorando \u00eddolos en el Tabern\u00e1culo o en el Templo de Salom\u00f3n, no cumplieron el deseo de Dios de tener una adoraci\u00f3n genuina.<\/p>\n\n\n\n<p><strong>\u00bfEstoy dej\u00e1ndome llevar por la religiosidad y poniendo poco inter\u00e9s en mi caminar con Jes\u00fas?<\/strong><\/p>\n\n\n\n<p>\u27a2 Esteban fue un testigo fiel. Note las similitudes entre las \u00faltimas palabras de Jes\u00fas y las de Esteban. Y no te pierdas la clara diferencia (7:59). Esteban identifica a Jes\u00fas como aquel que puede recibir su esp\u00edritu, un testimonio claro de la muerte redentora de Cristo y Su plena deidad.<\/p>\n\n\n\n<p><strong>\u00bfEstoy aprovechando las oportunidades que tengo para presentar a Cristo y Su plan de redenci\u00f3n?<\/strong><\/p>\n","protected":false},"excerpt":{"rendered":"<p>Devocional por Jeff Young Hechos 7 Defensa y muerte de Esteban 7&nbsp;El sumo sacerdote dijo entonces: \u00bfEs esto as\u00ed?&nbsp;2&nbsp;Y \u00e9l dijo: Varones hermanos y padres, o\u00edd: El Dios de la gloria apareci\u00f3 a nuestro padre Abraham, estando en Mesopotamia, antes que morase en Har\u00e1n,&nbsp;3&nbsp;y le dijo: Sal de tu tierra y de tu parentela, y &hellip; <a href=\"https:\/\/esp.championforest.org\/devotionals\/1-14-2024\/\" class=\"more-link\">Continue reading <span class=\"screen-reader-text\">D\u00eda Siete | El Libro de Hechos<\/span><\/a><\/p>\n","protected":false},"author":2,"featured_media":1834,"comment_status":"open","ping_status":"closed","sticky":false,"template":"","format":"standard","meta":{"footnotes":""},"categories":[6,29],"tags":[28],"class_list":["post-1868","post","type-post","status-publish","format-standard","has-post-thumbnail","hentry","category-devocionales","category-hechos","tag-hechos"],"featured_image_urls_v2":{"full":["https:\/\/esp.championforest.org\/devotionals\/wp-content\/uploads\/2023\/12\/Acts-BG.jpg",1080,581,false],"thumbnail":["https:\/\/esp.championforest.org\/devotionals\/wp-content\/uploads\/2023\/12\/Acts-BG-150x150.jpg",150,150,true],"medium":["https:\/\/esp.championforest.org\/devotionals\/wp-content\/uploads\/2023\/12\/Acts-BG-300x161.jpg",300,161,true],"medium_large":["https:\/\/esp.championforest.org\/devotionals\/wp-content\/uploads\/2023\/12\/Acts-BG-768x413.jpg",768,413,true],"large":["https:\/\/esp.championforest.org\/devotionals\/wp-content\/uploads\/2023\/12\/Acts-BG-1024x551.jpg",900,484,true],"1536x1536":["https:\/\/esp.championforest.org\/devotionals\/wp-content\/uploads\/2023\/12\/Acts-BG.jpg",1080,581,false],"2048x2048":["https:\/\/esp.championforest.org\/devotionals\/wp-content\/uploads\/2023\/12\/Acts-BG.jpg",1080,581,false],"post-thumbnail":["https:\/\/esp.championforest.org\/devotionals\/wp-content\/uploads\/2023\/12\/Acts-BG.jpg",1080,581,false]},"post_excerpt_stackable_v2":"<p>Devocional por Jeff Young Hechos 7 Defensa y muerte de Esteban 7&nbsp;El sumo sacerdote dijo entonces: \u00bfEs esto as\u00ed?&nbsp;2&nbsp;Y \u00e9l dijo: Varones hermanos y padres, o\u00edd: El Dios de la gloria apareci\u00f3 a nuestro padre Abraham, estando en Mesopotamia, antes que morase en Har\u00e1n,&nbsp;3&nbsp;y le dijo: Sal de tu tierra y de tu parentela, y ven a la tierra que yo te mostrar\u00e9.&nbsp;4&nbsp;Entonces sali\u00f3 de la tierra de los caldeos y habit\u00f3 en Har\u00e1n;&nbsp;y de all\u00ed, muerto su padre, Dios le traslad\u00f3 a esta tierra, en la cual vosotros habit\u00e1is ahora.&nbsp;5&nbsp;Y no le dio herencia en ella, ni aun para&hellip;<\/p>\n","category_list_v2":"<a href=\"https:\/\/esp.championforest.org\/devotionals\/category\/devocionales\/\" rel=\"category tag\">Devocionales<\/a>, <a href=\"https:\/\/esp.championforest.org\/devotionals\/category\/hechos\/\" rel=\"category tag\">Hechos<\/a>","author_info_v2":{"name":"Champion Forest","url":"https:\/\/esp.championforest.org\/devotionals\/author\/cfbcms_admin\/"},"comments_num_v2":"3 comments","yoast_head":"<!-- This site is optimized with the Yoast SEO plugin v27.3 - https:\/\/yoast.com\/product\/yoast-seo-wordpress\/ -->\n<title>D\u00eda Siete | El Libro de Hechos - Devocionales<\/title>\n<meta name=\"robots\" content=\"index, follow, max-snippet:-1, max-image-preview:large, max-video-preview:-1\" \/>\n<link rel=\"canonical\" href=\"https:\/\/esp.championforest.org\/devotionals\/1-14-2024\/\" \/>\n<meta property=\"og:locale\" content=\"en_US\" \/>\n<meta property=\"og:type\" content=\"article\" \/>\n<meta property=\"og:title\" content=\"D\u00eda Siete | El Libro de Hechos - Devocionales\" \/>\n<meta property=\"og:description\" content=\"Devocional por Jeff Young Hechos 7 Defensa y muerte de Esteban 7&nbsp;El sumo sacerdote dijo entonces: \u00bfEs esto as\u00ed?&nbsp;2&nbsp;Y \u00e9l dijo: Varones hermanos y padres, o\u00edd: El Dios de la gloria apareci\u00f3 a nuestro padre Abraham, estando en Mesopotamia, antes que morase en Har\u00e1n,&nbsp;3&nbsp;y le dijo: Sal de tu tierra y de tu parentela, y &hellip; Continue reading D\u00eda Siete | El Libro de Hechos\" \/>\n<meta property=\"og:url\" content=\"https:\/\/esp.championforest.org\/devotionals\/1-14-2024\/\" \/>\n<meta property=\"og:site_name\" content=\"Devocionales\" \/>\n<meta property=\"article:published_time\" content=\"2024-01-14T06:03:35+00:00\" \/>\n<meta property=\"og:image\" content=\"https:\/\/esp.championforest.org\/devotionals\/wp-content\/uploads\/2023\/12\/Acts-BG.jpg\" \/>\n\t<meta property=\"og:image:width\" content=\"1080\" \/>\n\t<meta property=\"og:image:height\" content=\"581\" \/>\n\t<meta property=\"og:image:type\" content=\"image\/jpeg\" \/>\n<meta name=\"author\" content=\"Champion Forest\" \/>\n<meta name=\"twitter:card\" content=\"summary_large_image\" \/>\n<meta name=\"twitter:label1\" content=\"Written by\" \/>\n\t<meta name=\"twitter:data1\" content=\"Champion Forest\" \/>\n\t<meta name=\"twitter:label2\" content=\"Est. reading time\" \/>\n\t<meta name=\"twitter:data2\" content=\"8 minutes\" \/>\n<script type=\"application\/ld+json\" class=\"yoast-schema-graph\">{\"@context\":\"https:\\\/\\\/schema.org\",\"@graph\":[{\"@type\":\"Article\",\"@id\":\"https:\\\/\\\/esp.championforest.org\\\/devotionals\\\/1-14-2024\\\/#article\",\"isPartOf\":{\"@id\":\"https:\\\/\\\/esp.championforest.org\\\/devotionals\\\/1-14-2024\\\/\"},\"author\":{\"name\":\"Champion Forest\",\"@id\":\"https:\\\/\\\/esp.championforest.org\\\/devotionals\\\/#\\\/schema\\\/person\\\/0d7b32cb6698781087962c699912c666\"},\"headline\":\"D\u00eda Siete | El Libro de Hechos\",\"datePublished\":\"2024-01-14T06:03:35+00:00\",\"mainEntityOfPage\":{\"@id\":\"https:\\\/\\\/esp.championforest.org\\\/devotionals\\\/1-14-2024\\\/\"},\"wordCount\":1984,\"commentCount\":3,\"image\":{\"@id\":\"https:\\\/\\\/esp.championforest.org\\\/devotionals\\\/1-14-2024\\\/#primaryimage\"},\"thumbnailUrl\":\"https:\\\/\\\/esp.championforest.org\\\/devotionals\\\/wp-content\\\/uploads\\\/2023\\\/12\\\/Acts-BG.jpg\",\"keywords\":[\"Hechos\"],\"articleSection\":[\"Devocionales\",\"Hechos\"],\"inLanguage\":\"en-US\",\"potentialAction\":[{\"@type\":\"CommentAction\",\"name\":\"Comment\",\"target\":[\"https:\\\/\\\/esp.championforest.org\\\/devotionals\\\/1-14-2024\\\/#respond\"]}]},{\"@type\":\"WebPage\",\"@id\":\"https:\\\/\\\/esp.championforest.org\\\/devotionals\\\/1-14-2024\\\/\",\"url\":\"https:\\\/\\\/esp.championforest.org\\\/devotionals\\\/1-14-2024\\\/\",\"name\":\"D\u00eda Siete | El Libro de Hechos - Devocionales\",\"isPartOf\":{\"@id\":\"https:\\\/\\\/esp.championforest.org\\\/devotionals\\\/#website\"},\"primaryImageOfPage\":{\"@id\":\"https:\\\/\\\/esp.championforest.org\\\/devotionals\\\/1-14-2024\\\/#primaryimage\"},\"image\":{\"@id\":\"https:\\\/\\\/esp.championforest.org\\\/devotionals\\\/1-14-2024\\\/#primaryimage\"},\"thumbnailUrl\":\"https:\\\/\\\/esp.championforest.org\\\/devotionals\\\/wp-content\\\/uploads\\\/2023\\\/12\\\/Acts-BG.jpg\",\"datePublished\":\"2024-01-14T06:03:35+00:00\",\"author\":{\"@id\":\"https:\\\/\\\/esp.championforest.org\\\/devotionals\\\/#\\\/schema\\\/person\\\/0d7b32cb6698781087962c699912c666\"},\"breadcrumb\":{\"@id\":\"https:\\\/\\\/esp.championforest.org\\\/devotionals\\\/1-14-2024\\\/#breadcrumb\"},\"inLanguage\":\"en-US\",\"potentialAction\":[{\"@type\":\"ReadAction\",\"target\":[\"https:\\\/\\\/esp.championforest.org\\\/devotionals\\\/1-14-2024\\\/\"]}]},{\"@type\":\"ImageObject\",\"inLanguage\":\"en-US\",\"@id\":\"https:\\\/\\\/esp.championforest.org\\\/devotionals\\\/1-14-2024\\\/#primaryimage\",\"url\":\"https:\\\/\\\/esp.championforest.org\\\/devotionals\\\/wp-content\\\/uploads\\\/2023\\\/12\\\/Acts-BG.jpg\",\"contentUrl\":\"https:\\\/\\\/esp.championforest.org\\\/devotionals\\\/wp-content\\\/uploads\\\/2023\\\/12\\\/Acts-BG.jpg\",\"width\":1080,\"height\":581},{\"@type\":\"BreadcrumbList\",\"@id\":\"https:\\\/\\\/esp.championforest.org\\\/devotionals\\\/1-14-2024\\\/#breadcrumb\",\"itemListElement\":[{\"@type\":\"ListItem\",\"position\":1,\"name\":\"Casa\",\"item\":\"https:\\\/\\\/esp.championforest.org\\\/devotionals\\\/\"},{\"@type\":\"ListItem\",\"position\":2,\"name\":\"D\u00eda Siete | El Libro de Hechos\"}]},{\"@type\":\"WebSite\",\"@id\":\"https:\\\/\\\/esp.championforest.org\\\/devotionals\\\/#website\",\"url\":\"https:\\\/\\\/esp.championforest.org\\\/devotionals\\\/\",\"name\":\"Devocionales\",\"description\":\"\",\"potentialAction\":[{\"@type\":\"SearchAction\",\"target\":{\"@type\":\"EntryPoint\",\"urlTemplate\":\"https:\\\/\\\/esp.championforest.org\\\/devotionals\\\/?s={search_term_string}\"},\"query-input\":{\"@type\":\"PropertyValueSpecification\",\"valueRequired\":true,\"valueName\":\"search_term_string\"}}],\"inLanguage\":\"en-US\"},{\"@type\":\"Person\",\"@id\":\"https:\\\/\\\/esp.championforest.org\\\/devotionals\\\/#\\\/schema\\\/person\\\/0d7b32cb6698781087962c699912c666\",\"name\":\"Champion Forest\",\"image\":{\"@type\":\"ImageObject\",\"inLanguage\":\"en-US\",\"@id\":\"https:\\\/\\\/secure.gravatar.com\\\/avatar\\\/978ba5d6180fa65624708e969f442efde16543b129f0679a2cb301024d170062?s=96&d=mm&r=g\",\"url\":\"https:\\\/\\\/secure.gravatar.com\\\/avatar\\\/978ba5d6180fa65624708e969f442efde16543b129f0679a2cb301024d170062?s=96&d=mm&r=g\",\"contentUrl\":\"https:\\\/\\\/secure.gravatar.com\\\/avatar\\\/978ba5d6180fa65624708e969f442efde16543b129f0679a2cb301024d170062?s=96&d=mm&r=g\",\"caption\":\"Champion Forest\"},\"url\":\"https:\\\/\\\/esp.championforest.org\\\/devotionals\\\/author\\\/cfbcms_admin\\\/\"}]}<\/script>\n<!-- \/ Yoast SEO plugin. -->","yoast_head_json":{"title":"D\u00eda Siete | El Libro de Hechos - Devocionales","robots":{"index":"index","follow":"follow","max-snippet":"max-snippet:-1","max-image-preview":"max-image-preview:large","max-video-preview":"max-video-preview:-1"},"canonical":"https:\/\/esp.championforest.org\/devotionals\/1-14-2024\/","og_locale":"en_US","og_type":"article","og_title":"D\u00eda Siete | El Libro de Hechos - Devocionales","og_description":"Devocional por Jeff Young Hechos 7 Defensa y muerte de Esteban 7&nbsp;El sumo sacerdote dijo entonces: \u00bfEs esto as\u00ed?&nbsp;2&nbsp;Y \u00e9l dijo: Varones hermanos y padres, o\u00edd: El Dios de la gloria apareci\u00f3 a nuestro padre Abraham, estando en Mesopotamia, antes que morase en Har\u00e1n,&nbsp;3&nbsp;y le dijo: Sal de tu tierra y de tu parentela, y &hellip; Continue reading D\u00eda Siete | El Libro de Hechos","og_url":"https:\/\/esp.championforest.org\/devotionals\/1-14-2024\/","og_site_name":"Devocionales","article_published_time":"2024-01-14T06:03:35+00:00","og_image":[{"width":1080,"height":581,"url":"https:\/\/esp.championforest.org\/devotionals\/wp-content\/uploads\/2023\/12\/Acts-BG.jpg","type":"image\/jpeg"}],"author":"Champion Forest","twitter_card":"summary_large_image","twitter_misc":{"Written by":"Champion Forest","Est. reading time":"8 minutes"},"schema":{"@context":"https:\/\/schema.org","@graph":[{"@type":"Article","@id":"https:\/\/esp.championforest.org\/devotionals\/1-14-2024\/#article","isPartOf":{"@id":"https:\/\/esp.championforest.org\/devotionals\/1-14-2024\/"},"author":{"name":"Champion Forest","@id":"https:\/\/esp.championforest.org\/devotionals\/#\/schema\/person\/0d7b32cb6698781087962c699912c666"},"headline":"D\u00eda Siete | El Libro de Hechos","datePublished":"2024-01-14T06:03:35+00:00","mainEntityOfPage":{"@id":"https:\/\/esp.championforest.org\/devotionals\/1-14-2024\/"},"wordCount":1984,"commentCount":3,"image":{"@id":"https:\/\/esp.championforest.org\/devotionals\/1-14-2024\/#primaryimage"},"thumbnailUrl":"https:\/\/esp.championforest.org\/devotionals\/wp-content\/uploads\/2023\/12\/Acts-BG.jpg","keywords":["Hechos"],"articleSection":["Devocionales","Hechos"],"inLanguage":"en-US","potentialAction":[{"@type":"CommentAction","name":"Comment","target":["https:\/\/esp.championforest.org\/devotionals\/1-14-2024\/#respond"]}]},{"@type":"WebPage","@id":"https:\/\/esp.championforest.org\/devotionals\/1-14-2024\/","url":"https:\/\/esp.championforest.org\/devotionals\/1-14-2024\/","name":"D\u00eda Siete | El Libro de Hechos - Devocionales","isPartOf":{"@id":"https:\/\/esp.championforest.org\/devotionals\/#website"},"primaryImageOfPage":{"@id":"https:\/\/esp.championforest.org\/devotionals\/1-14-2024\/#primaryimage"},"image":{"@id":"https:\/\/esp.championforest.org\/devotionals\/1-14-2024\/#primaryimage"},"thumbnailUrl":"https:\/\/esp.championforest.org\/devotionals\/wp-content\/uploads\/2023\/12\/Acts-BG.jpg","datePublished":"2024-01-14T06:03:35+00:00","author":{"@id":"https:\/\/esp.championforest.org\/devotionals\/#\/schema\/person\/0d7b32cb6698781087962c699912c666"},"breadcrumb":{"@id":"https:\/\/esp.championforest.org\/devotionals\/1-14-2024\/#breadcrumb"},"inLanguage":"en-US","potentialAction":[{"@type":"ReadAction","target":["https:\/\/esp.championforest.org\/devotionals\/1-14-2024\/"]}]},{"@type":"ImageObject","inLanguage":"en-US","@id":"https:\/\/esp.championforest.org\/devotionals\/1-14-2024\/#primaryimage","url":"https:\/\/esp.championforest.org\/devotionals\/wp-content\/uploads\/2023\/12\/Acts-BG.jpg","contentUrl":"https:\/\/esp.championforest.org\/devotionals\/wp-content\/uploads\/2023\/12\/Acts-BG.jpg","width":1080,"height":581},{"@type":"BreadcrumbList","@id":"https:\/\/esp.championforest.org\/devotionals\/1-14-2024\/#breadcrumb","itemListElement":[{"@type":"ListItem","position":1,"name":"Casa","item":"https:\/\/esp.championforest.org\/devotionals\/"},{"@type":"ListItem","position":2,"name":"D\u00eda Siete | El Libro de Hechos"}]},{"@type":"WebSite","@id":"https:\/\/esp.championforest.org\/devotionals\/#website","url":"https:\/\/esp.championforest.org\/devotionals\/","name":"Devocionales","description":"","potentialAction":[{"@type":"SearchAction","target":{"@type":"EntryPoint","urlTemplate":"https:\/\/esp.championforest.org\/devotionals\/?s={search_term_string}"},"query-input":{"@type":"PropertyValueSpecification","valueRequired":true,"valueName":"search_term_string"}}],"inLanguage":"en-US"},{"@type":"Person","@id":"https:\/\/esp.championforest.org\/devotionals\/#\/schema\/person\/0d7b32cb6698781087962c699912c666","name":"Champion Forest","image":{"@type":"ImageObject","inLanguage":"en-US","@id":"https:\/\/secure.gravatar.com\/avatar\/978ba5d6180fa65624708e969f442efde16543b129f0679a2cb301024d170062?s=96&d=mm&r=g","url":"https:\/\/secure.gravatar.com\/avatar\/978ba5d6180fa65624708e969f442efde16543b129f0679a2cb301024d170062?s=96&d=mm&r=g","contentUrl":"https:\/\/secure.gravatar.com\/avatar\/978ba5d6180fa65624708e969f442efde16543b129f0679a2cb301024d170062?s=96&d=mm&r=g","caption":"Champion Forest"},"url":"https:\/\/esp.championforest.org\/devotionals\/author\/cfbcms_admin\/"}]}},"_links":{"self":[{"href":"https:\/\/esp.championforest.org\/devotionals\/wp-json\/wp\/v2\/posts\/1868","targetHints":{"allow":["GET"]}}],"collection":[{"href":"https:\/\/esp.championforest.org\/devotionals\/wp-json\/wp\/v2\/posts"}],"about":[{"href":"https:\/\/esp.championforest.org\/devotionals\/wp-json\/wp\/v2\/types\/post"}],"author":[{"embeddable":true,"href":"https:\/\/esp.championforest.org\/devotionals\/wp-json\/wp\/v2\/users\/2"}],"replies":[{"embeddable":true,"href":"https:\/\/esp.championforest.org\/devotionals\/wp-json\/wp\/v2\/comments?post=1868"}],"version-history":[{"count":4,"href":"https:\/\/esp.championforest.org\/devotionals\/wp-json\/wp\/v2\/posts\/1868\/revisions"}],"predecessor-version":[{"id":1910,"href":"https:\/\/esp.championforest.org\/devotionals\/wp-json\/wp\/v2\/posts\/1868\/revisions\/1910"}],"wp:featuredmedia":[{"embeddable":true,"href":"https:\/\/esp.championforest.org\/devotionals\/wp-json\/wp\/v2\/media\/1834"}],"wp:attachment":[{"href":"https:\/\/esp.championforest.org\/devotionals\/wp-json\/wp\/v2\/media?parent=1868"}],"wp:term":[{"taxonomy":"category","embeddable":true,"href":"https:\/\/esp.championforest.org\/devotionals\/wp-json\/wp\/v2\/categories?post=1868"},{"taxonomy":"post_tag","embeddable":true,"href":"https:\/\/esp.championforest.org\/devotionals\/wp-json\/wp\/v2\/tags?post=1868"}],"curies":[{"name":"wp","href":"https:\/\/api.w.org\/{rel}","templated":true}]}}