{"id":1854,"date":"2024-01-11T00:03:01","date_gmt":"2024-01-11T06:03:01","guid":{"rendered":"https:\/\/esp.championforest.org\/devotionals\/?p=1854"},"modified":"2024-01-08T14:35:14","modified_gmt":"2024-01-08T20:35:14","slug":"1-11-2024","status":"publish","type":"post","link":"https:\/\/esp.championforest.org\/devotionals\/1-11-2024\/","title":{"rendered":"D\u00eda Cuatro | El Libro de Hechos"},"content":{"rendered":"\n<p>Devocional por Jeremy Hamblen<\/p>\n\n\n\n<div class=\"wp-block-group\"><div class=\"wp-block-group__inner-container is-layout-constrained wp-block-group-is-layout-constrained\">\n<div class=\"wp-block-stackable-hero stk-block-hero stk-block stk-bb37f46 is-style-default\" data-v=\"2\" data-block-id=\"bb37f46\"><style>.stk-bb37f46-inner-blocks{justify-content:center !important}.stk-bb37f46-container{background-color:#f7f7f7 !important}.stk-bb37f46-container:before{background-color:#f7f7f7 !important}.stk-bb37f46 .stk-block-hero__content{min-height:500px !important;align-items:center !important;display:flex !important}<\/style><div class=\"stk-block-hero__content stk-content-align stk-bb37f46-column stk-container stk-bb37f46-container stk-hover-parent\"><div class=\"stk-block-content stk-inner-blocks has-text-align-left stk--column-flex stk-bb37f46-inner-blocks\">\n<div class=\"wp-block-stackable-heading stk-block-heading stk-block-heading--v2 stk-block stk-4fd618f\" id=\"hechos-4\" data-block-id=\"4fd618f\"><h4 class=\"stk-block-heading__text\">Hechos 4<\/h4><\/div>\n\n\n\n<h5 class=\"wp-block-heading\">Pedro y Juan ante el concilio<\/h5>\n\n\n\n<p><strong>4&nbsp;<\/strong>Hablando ellos al pueblo, vinieron sobre ellos los sacerdotes con el jefe de la guardia del templo, y los saduceos,&nbsp;<sup>2&nbsp;<\/sup>resentidos de que ense\u00f1asen al pueblo, y anunciasen en Jes\u00fas la resurrecci\u00f3n de entre los muertos.&nbsp;<sup>3&nbsp;<\/sup>Y les echaron mano, y los pusieron en la c\u00e1rcel hasta el d\u00eda siguiente, porque era ya tarde.&nbsp;<sup>4&nbsp;<\/sup>Pero muchos de los que hab\u00edan o\u00eddo la palabra, creyeron; y el n\u00famero de los varones era como cinco mil.<\/p>\n\n\n\n<p><sup>5&nbsp;<\/sup>Aconteci\u00f3 al d\u00eda siguiente, que se reunieron en Jerusal\u00e9n los gobernantes, los ancianos y los escribas,&nbsp;<sup>6&nbsp;<\/sup>y el sumo sacerdote An\u00e1s, y Caif\u00e1s y Juan y Alejandro, y todos los que eran de la familia de los sumos sacerdotes;&nbsp;<sup>7&nbsp;<\/sup>y poni\u00e9ndoles en medio, les preguntaron: \u00bfCon qu\u00e9 potestad, o en qu\u00e9 nombre, hab\u00e9is hecho vosotros esto?&nbsp;<sup>8&nbsp;<\/sup>Entonces Pedro, lleno del Esp\u00edritu Santo, les dijo: Gobernantes del pueblo, y ancianos de Israel:&nbsp;<sup>9&nbsp;<\/sup>Puesto que hoy se nos interroga acerca del beneficio hecho a un hombre enfermo, de qu\u00e9 manera este haya sido sanado,&nbsp;<sup>10&nbsp;<\/sup>sea notorio a todos vosotros, y a todo el pueblo de Israel, que en el nombre de Jesucristo de Nazaret, a quien vosotros crucificasteis y a quien Dios resucit\u00f3 de los muertos, por \u00e9l este hombre est\u00e1 en vuestra presencia sano.&nbsp;<sup>11&nbsp;<\/sup>Este Jes\u00fas es la piedra reprobada por vosotros los edificadores, la cual ha venido a ser cabeza del \u00e1ngulo.&nbsp;<sup>12&nbsp;<\/sup>Y en ning\u00fan otro hay salvaci\u00f3n; porque no hay otro nombre bajo el cielo, dado a los hombres, en que podamos ser salvos.<\/p>\n\n\n\n<p><sup>13&nbsp;<\/sup>Entonces viendo el denuedo de Pedro y de Juan, y sabiendo que eran hombres sin letras y del vulgo, se maravillaban; y les reconoc\u00edan que hab\u00edan estado con Jes\u00fas.&nbsp;<sup>14&nbsp;<\/sup>Y viendo al hombre que hab\u00eda sido sanado, que estaba en pie con ellos, no pod\u00edan decir nada en contra.&nbsp;<sup>15&nbsp;<\/sup>Entonces les ordenaron que saliesen del concilio; y conferenciaban entre s\u00ed,&nbsp;<sup>16&nbsp;<\/sup>diciendo: \u00bfQu\u00e9 haremos con estos hombres? Porque de cierto, se\u00f1al manifiesta ha sido hecha por ellos, notoria a todos los que moran en Jerusal\u00e9n, y no lo podemos negar.&nbsp;<sup>17&nbsp;<\/sup>Sin embargo, para que no se divulgue m\u00e1s entre el pueblo, amenac\u00e9mosles para que no hablen de aqu\u00ed en adelante a hombre alguno en este nombre.&nbsp;<sup>18&nbsp;<\/sup>Y llam\u00e1ndolos, les intimaron que en ninguna manera hablasen ni ense\u00f1asen en el nombre de Jes\u00fas.&nbsp;<sup>19&nbsp;<\/sup>Mas Pedro y Juan respondieron dici\u00e9ndoles: Juzgad si es justo delante de Dios obedecer a vosotros antes que a Dios;&nbsp;<sup>20&nbsp;<\/sup>porque no podemos dejar de decir lo que hemos visto y o\u00eddo.&nbsp;<sup>21&nbsp;<\/sup>Ellos entonces les amenazaron y les soltaron, no hallando ning\u00fan modo de castigarles, por causa del pueblo; porque todos glorificaban a Dios por lo que se hab\u00eda hecho,&nbsp;<sup>22&nbsp;<\/sup>ya que el hombre en quien se hab\u00eda hecho este milagro de sanidad, ten\u00eda m\u00e1s de cuarenta a\u00f1os.<\/p>\n\n\n\n<h5 class=\"wp-block-heading\">Los creyentes piden confianza y valor<\/h5>\n\n\n\n<p><sup>23&nbsp;<\/sup>Y puestos en libertad, vinieron a los suyos y contaron todo lo que los principales sacerdotes y los ancianos les hab\u00edan dicho.&nbsp;<sup>24&nbsp;<\/sup>Y ellos, habi\u00e9ndolo o\u00eddo, alzaron un\u00e1nimes la voz a Dios, y dijeron: Soberano Se\u00f1or, t\u00fa eres el Dios que hiciste el cielo y la tierra, el mar y todo lo que en ellos hay;&nbsp;<sup>25&nbsp;<\/sup>que por boca de David tu siervo dijiste:<\/p>\n\n\n\n<p>\u00bfPor qu\u00e9 se amotinan las gentes,<\/p>\n\n\n\n<p>Y los pueblos piensan cosas vanas?<\/p>\n\n\n\n<p><sup>26&nbsp;<\/sup>Se reunieron los reyes de la tierra,<\/p>\n\n\n\n<p>Y los pr\u00edncipes se juntaron en uno<\/p>\n\n\n\n<p>Contra el Se\u00f1or, y contra su Cristo.<\/p>\n\n\n\n<p><sup>27&nbsp;<\/sup>Porque verdaderamente se unieron en esta ciudad contra tu santo Hijo Jes\u00fas, a quien ungiste, Herodes&nbsp;y Poncio Pilato,&nbsp;con los gentiles y el pueblo de Israel,&nbsp;<sup>28&nbsp;<\/sup>para hacer cuanto tu mano y tu consejo hab\u00edan antes determinado que sucediera.&nbsp;<sup>29&nbsp;<\/sup>Y ahora, Se\u00f1or, mira sus amenazas, y concede a tus siervos que con todo denuedo hablen tu palabra,&nbsp;<sup>30&nbsp;<\/sup>mientras extiendes tu mano para que se hagan sanidades y se\u00f1ales y prodigios mediante el nombre de tu santo Hijo Jes\u00fas.&nbsp;<sup>31&nbsp;<\/sup>Cuando hubieron orado, el lugar en que estaban congregados tembl\u00f3; y todos fueron llenos del Esp\u00edritu Santo, y hablaban con denuedo la palabra de Dios.<\/p>\n\n\n\n<h5 class=\"wp-block-heading\">Todas las cosas en com\u00fan<\/h5>\n\n\n\n<p><sup>32&nbsp;<\/sup>Y la multitud de los que hab\u00edan cre\u00eddo era de un coraz\u00f3n y un alma; y ninguno dec\u00eda ser suyo propio nada de lo que pose\u00eda, sino que ten\u00edan todas las cosas en com\u00fan.&nbsp;<sup>33&nbsp;<\/sup>Y con gran poder los ap\u00f3stoles daban testimonio de la resurrecci\u00f3n del Se\u00f1or Jes\u00fas, y abundante gracia era sobre todos ellos.&nbsp;<sup>34&nbsp;<\/sup>As\u00ed que no hab\u00eda entre ellos ning\u00fan necesitado; porque todos los que pose\u00edan heredades o casas, las vend\u00edan, y tra\u00edan el precio de lo vendido,&nbsp;<sup>35&nbsp;<\/sup>y lo pon\u00edan a los pies de los ap\u00f3stoles; y se repart\u00eda a cada uno seg\u00fan su necesidad.&nbsp;<sup>36&nbsp;<\/sup>Entonces Jos\u00e9, a quien los ap\u00f3stoles pusieron por sobrenombre Bernab\u00e9 (que traducido es, Hijo de consolaci\u00f3n), levita, natural de Chipre,&nbsp;<sup>37&nbsp;<\/sup>como ten\u00eda una heredad, la vendi\u00f3 y trajo el precio y lo puso a los pies de los ap\u00f3stoles.<\/p>\n\n\n\n<div class=\"wp-block-stackable-text stk-block-text stk-block stk-3f49bf1 stk-block-background\" data-block-id=\"3f49bf1\"><p class=\"stk-block-text__text\">Reina-Valera 1960 \u00ae \u00a9 Sociedades B\u00edblicas en Am\u00e9rica Latina, 1960. Renovado \u00a9 Sociedades B\u00edblicas Unidas, 1988. Utilizado con permiso. Si desea m\u00e1s informaci\u00f3n visite&nbsp;<a href=\"https:\/\/www.americanbible.org\/\">americanbible.org<\/a>,&nbsp;<a href=\"https:\/\/www.unitedbiblesocieties.org\/\">unitedbiblesocieties.org<\/a>,&nbsp;<a href=\"https:\/\/www.vivelabiblia.com\/\">vivelabiblia.com<\/a>,&nbsp;<a href=\"http:\/\/unitedbiblesocieties.org\/es\/casa\/\">unitedbiblesocieties.org\/es\/casa\/<\/a>,&nbsp;<a href=\"https:\/\/rvr60.bible\/?utm_source=website&amp;utm_medium=link&amp;utm_campaign=BGWYCEV11232021&amp;utm_id=biblegateway\/\">www.rvr60.bible<\/a><\/p><\/div>\n<\/div><\/div><\/div>\n<\/div><\/div>\n\n\n\n<p>No hay nada como la iglesia local cuando la iglesia local est\u00e1 trabajando bien, y en la lectura de hoy la primera iglesia local simplemente sobresal\u00eda. Despu\u00e9s de la sanaci\u00f3n del mendigo cojo y el mensaje de Pedro en el templo, el cap\u00edtulo cuatro documenta la primera persecuci\u00f3n de la iglesia cristiana y su respuesta a dicha persecuci\u00f3n. Los l\u00edderes saduceos no cre\u00edan en la resurrecci\u00f3n, por lo que encontraron ofensiva la predicaci\u00f3n de Pedro y Juan, lo que llev\u00f3 a su arresto y juicio ante el Sanedr\u00edn. Lleno del Esp\u00edritu, Pedro responde con valent\u00eda a las acusaciones sin ceder ni un cent\u00edmetro y, junto con Juan, efectivamente dicen: &#8220;no dejaremos de hablar&#8221; cuando el concilio les advirti\u00f3 que dejaran de predicar en el nombre de Jes\u00fas.<\/p>\n\n\n\n<p>&nbsp;Si nos ponemos en su lugar, esta fue una experiencia incre\u00edble y explica por qu\u00e9 lo sucedido inspir\u00f3 a los cristianos a reunirse y orar por audacia en su misi\u00f3n, expresando y mostrando a\u00fan m\u00e1s el significado de la unidad.<\/p>\n\n\n\n<p>&nbsp;Tomando el cap\u00edtulo cuatro en su conjunto, podemos ver que Lucas destaca tres disciplinas claves de la iglesia ideal, especialmente cuando \u00e9sta enfrenta persecuci\u00f3n. Estas son iglesias que:<\/p>\n\n\n\n<p>1) <strong>Proclaman la verdad<\/strong> (v. 1-22): As\u00ed como Pedro y Juan se mantuvieron firmes frente a un peligro enorme, nosotros tambi\u00e9n debemos mantenernos firmes en nuestra misi\u00f3n de compartir las Buenas Nuevas en medio de nuestras pruebas, anclados en la confianza inquebrantable de que nuestro Dios es fiel a sus promesas y en el poder interior del Esp\u00edritu Santo que obra a trav\u00e9s de nosotros.<\/p>\n\n\n\n<p>2) <strong>Oran juntos<\/strong> (v. 23-31): De la misma manera que los primeros creyentes buscaron fervientemente el poder de Dios para seguir adelante con la misi\u00f3n en momentos de persecuci\u00f3n. Nosotros tambi\u00e9n debemos acercarnos al trono de la gracia con similar resoluci\u00f3n, reconociendo nuestra total dependencia de \u00c9l, y buscando alinear nuestro coraz\u00f3n y voluntad con el prop\u00f3sito divino de Dios.<\/p>\n\n\n\n<p>3) <strong>Proveen para las necesidades de cada uno<\/strong> (v. 32-37): Al igual que aquella comunidad cristiana tan unida que Lucas describe como \u201ccreyentes que estaban unidos de coraz\u00f3n y en esp\u00edritu\u201d, nuestra misi\u00f3n se extiende m\u00e1s all\u00e1 de la simple comuni\u00f3n; implica satisfacer activamente las necesidades f\u00edsicas, emocionales y espirituales de aquellos dentro y fuera de nuestra comunidad.<\/p>\n\n\n\n<p>Habr\u00e1s notado que en todas estas disciplinas hay una caracter\u00edstica adicional en com\u00fan: <strong>la unidad<\/strong>. Pedro y Juan estaban unidos en mensaje y misi\u00f3n, la iglesia oraba junta colectivamente y su provisi\u00f3n era una actividad comunitaria. Estas son las caracter\u00edsticas de una iglesia que funciona correctamente, \u00a1y no hay nada como una iglesia as\u00ed!<\/p>\n\n\n\n<div class=\"wp-block-stackable-divider stk-block-divider stk-block stk-665b6f3\" data-block-id=\"665b6f3\"><hr class=\"stk-block-divider__hr\"\/><\/div>\n\n\n\n<p><strong><strong><em><strong><em><strong><em>Las redes sociales y el internet facilitan el experimentar una unidad poco profunda, pero cuando se trata de su iglesia local, \u00bfc\u00f3mo podr\u00eda usted fomentar un mayor sentido de unidad? y \u00bfc\u00f3mo esto impactar\u00eda la forma en la que usted proclama, ora o provee hoy<\/em><\/strong><\/em><\/strong><span style=\"color: #000000;\" class=\"stk-highlight\"><strong><em>?<\/em><\/strong><\/span><\/em><\/strong><\/strong><\/p>\n","protected":false},"excerpt":{"rendered":"<p>Devocional por Jeremy Hamblen Hechos 4 Pedro y Juan ante el concilio 4&nbsp;Hablando ellos al pueblo, vinieron sobre ellos los sacerdotes con el jefe de la guardia del templo, y los saduceos,&nbsp;2&nbsp;resentidos de que ense\u00f1asen al pueblo, y anunciasen en Jes\u00fas la resurrecci\u00f3n de entre los muertos.&nbsp;3&nbsp;Y les echaron mano, y los pusieron en la &hellip; <a href=\"https:\/\/esp.championforest.org\/devotionals\/1-11-2024\/\" class=\"more-link\">Continue reading <span class=\"screen-reader-text\">D\u00eda Cuatro | El Libro de Hechos<\/span><\/a><\/p>\n","protected":false},"author":2,"featured_media":1834,"comment_status":"open","ping_status":"closed","sticky":false,"template":"","format":"standard","meta":{"footnotes":""},"categories":[6,29],"tags":[28],"class_list":["post-1854","post","type-post","status-publish","format-standard","has-post-thumbnail","hentry","category-devocionales","category-hechos","tag-hechos"],"featured_image_urls_v2":{"full":["https:\/\/esp.championforest.org\/devotionals\/wp-content\/uploads\/2023\/12\/Acts-BG.jpg",1080,581,false],"thumbnail":["https:\/\/esp.championforest.org\/devotionals\/wp-content\/uploads\/2023\/12\/Acts-BG-150x150.jpg",150,150,true],"medium":["https:\/\/esp.championforest.org\/devotionals\/wp-content\/uploads\/2023\/12\/Acts-BG-300x161.jpg",300,161,true],"medium_large":["https:\/\/esp.championforest.org\/devotionals\/wp-content\/uploads\/2023\/12\/Acts-BG-768x413.jpg",768,413,true],"large":["https:\/\/esp.championforest.org\/devotionals\/wp-content\/uploads\/2023\/12\/Acts-BG-1024x551.jpg",900,484,true],"1536x1536":["https:\/\/esp.championforest.org\/devotionals\/wp-content\/uploads\/2023\/12\/Acts-BG.jpg",1080,581,false],"2048x2048":["https:\/\/esp.championforest.org\/devotionals\/wp-content\/uploads\/2023\/12\/Acts-BG.jpg",1080,581,false],"post-thumbnail":["https:\/\/esp.championforest.org\/devotionals\/wp-content\/uploads\/2023\/12\/Acts-BG.jpg",1080,581,false]},"post_excerpt_stackable_v2":"<p>Devocional por Jeremy Hamblen Hechos 4 Pedro y Juan ante el concilio 4&nbsp;Hablando ellos al pueblo, vinieron sobre ellos los sacerdotes con el jefe de la guardia del templo, y los saduceos,&nbsp;2&nbsp;resentidos de que ense\u00f1asen al pueblo, y anunciasen en Jes\u00fas la resurrecci\u00f3n de entre los muertos.&nbsp;3&nbsp;Y les echaron mano, y los pusieron en la c\u00e1rcel hasta el d\u00eda siguiente, porque era ya tarde.&nbsp;4&nbsp;Pero muchos de los que hab\u00edan o\u00eddo la palabra, creyeron; y el n\u00famero de los varones era como cinco mil. 5&nbsp;Aconteci\u00f3 al d\u00eda siguiente, que se reunieron en Jerusal\u00e9n los gobernantes, los ancianos y los escribas,&nbsp;6&nbsp;y el&hellip;<\/p>\n","category_list_v2":"<a href=\"https:\/\/esp.championforest.org\/devotionals\/category\/devocionales\/\" rel=\"category tag\">Devocionales<\/a>, <a href=\"https:\/\/esp.championforest.org\/devotionals\/category\/hechos\/\" rel=\"category tag\">Hechos<\/a>","author_info_v2":{"name":"Champion Forest","url":"https:\/\/esp.championforest.org\/devotionals\/author\/cfbcms_admin\/"},"comments_num_v2":"9 comments","yoast_head":"<!-- This site is optimized with the Yoast SEO plugin v27.3 - https:\/\/yoast.com\/product\/yoast-seo-wordpress\/ -->\n<title>D\u00eda Cuatro | El Libro de Hechos - Devocionales<\/title>\n<meta name=\"robots\" content=\"index, follow, max-snippet:-1, max-image-preview:large, max-video-preview:-1\" \/>\n<link rel=\"canonical\" href=\"https:\/\/esp.championforest.org\/devotionals\/1-11-2024\/\" \/>\n<meta property=\"og:locale\" content=\"en_US\" \/>\n<meta property=\"og:type\" content=\"article\" \/>\n<meta property=\"og:title\" content=\"D\u00eda Cuatro | El Libro de Hechos - Devocionales\" \/>\n<meta property=\"og:description\" content=\"Devocional por Jeremy Hamblen Hechos 4 Pedro y Juan ante el concilio 4&nbsp;Hablando ellos al pueblo, vinieron sobre ellos los sacerdotes con el jefe de la guardia del templo, y los saduceos,&nbsp;2&nbsp;resentidos de que ense\u00f1asen al pueblo, y anunciasen en Jes\u00fas la resurrecci\u00f3n de entre los muertos.&nbsp;3&nbsp;Y les echaron mano, y los pusieron en la &hellip; Continue reading D\u00eda Cuatro | El Libro de Hechos\" \/>\n<meta property=\"og:url\" content=\"https:\/\/esp.championforest.org\/devotionals\/1-11-2024\/\" \/>\n<meta property=\"og:site_name\" content=\"Devocionales\" \/>\n<meta property=\"article:published_time\" content=\"2024-01-11T06:03:01+00:00\" \/>\n<meta property=\"og:image\" content=\"https:\/\/esp.championforest.org\/devotionals\/wp-content\/uploads\/2023\/12\/Acts-BG.jpg\" \/>\n\t<meta property=\"og:image:width\" content=\"1080\" \/>\n\t<meta property=\"og:image:height\" content=\"581\" \/>\n\t<meta property=\"og:image:type\" content=\"image\/jpeg\" \/>\n<meta name=\"author\" content=\"Champion Forest\" \/>\n<meta name=\"twitter:card\" content=\"summary_large_image\" \/>\n<meta name=\"twitter:label1\" content=\"Written by\" \/>\n\t<meta name=\"twitter:data1\" content=\"Champion Forest\" \/>\n\t<meta name=\"twitter:label2\" content=\"Est. reading time\" \/>\n\t<meta name=\"twitter:data2\" content=\"7 minutes\" \/>\n<script type=\"application\/ld+json\" class=\"yoast-schema-graph\">{\"@context\":\"https:\\\/\\\/schema.org\",\"@graph\":[{\"@type\":\"Article\",\"@id\":\"https:\\\/\\\/esp.championforest.org\\\/devotionals\\\/1-11-2024\\\/#article\",\"isPartOf\":{\"@id\":\"https:\\\/\\\/esp.championforest.org\\\/devotionals\\\/1-11-2024\\\/\"},\"author\":{\"name\":\"Champion Forest\",\"@id\":\"https:\\\/\\\/esp.championforest.org\\\/devotionals\\\/#\\\/schema\\\/person\\\/0d7b32cb6698781087962c699912c666\"},\"headline\":\"D\u00eda Cuatro | El Libro de Hechos\",\"datePublished\":\"2024-01-11T06:03:01+00:00\",\"mainEntityOfPage\":{\"@id\":\"https:\\\/\\\/esp.championforest.org\\\/devotionals\\\/1-11-2024\\\/\"},\"wordCount\":1534,\"commentCount\":9,\"image\":{\"@id\":\"https:\\\/\\\/esp.championforest.org\\\/devotionals\\\/1-11-2024\\\/#primaryimage\"},\"thumbnailUrl\":\"https:\\\/\\\/esp.championforest.org\\\/devotionals\\\/wp-content\\\/uploads\\\/2023\\\/12\\\/Acts-BG.jpg\",\"keywords\":[\"Hechos\"],\"articleSection\":[\"Devocionales\",\"Hechos\"],\"inLanguage\":\"en-US\",\"potentialAction\":[{\"@type\":\"CommentAction\",\"name\":\"Comment\",\"target\":[\"https:\\\/\\\/esp.championforest.org\\\/devotionals\\\/1-11-2024\\\/#respond\"]}]},{\"@type\":\"WebPage\",\"@id\":\"https:\\\/\\\/esp.championforest.org\\\/devotionals\\\/1-11-2024\\\/\",\"url\":\"https:\\\/\\\/esp.championforest.org\\\/devotionals\\\/1-11-2024\\\/\",\"name\":\"D\u00eda Cuatro | El Libro de Hechos - Devocionales\",\"isPartOf\":{\"@id\":\"https:\\\/\\\/esp.championforest.org\\\/devotionals\\\/#website\"},\"primaryImageOfPage\":{\"@id\":\"https:\\\/\\\/esp.championforest.org\\\/devotionals\\\/1-11-2024\\\/#primaryimage\"},\"image\":{\"@id\":\"https:\\\/\\\/esp.championforest.org\\\/devotionals\\\/1-11-2024\\\/#primaryimage\"},\"thumbnailUrl\":\"https:\\\/\\\/esp.championforest.org\\\/devotionals\\\/wp-content\\\/uploads\\\/2023\\\/12\\\/Acts-BG.jpg\",\"datePublished\":\"2024-01-11T06:03:01+00:00\",\"author\":{\"@id\":\"https:\\\/\\\/esp.championforest.org\\\/devotionals\\\/#\\\/schema\\\/person\\\/0d7b32cb6698781087962c699912c666\"},\"breadcrumb\":{\"@id\":\"https:\\\/\\\/esp.championforest.org\\\/devotionals\\\/1-11-2024\\\/#breadcrumb\"},\"inLanguage\":\"en-US\",\"potentialAction\":[{\"@type\":\"ReadAction\",\"target\":[\"https:\\\/\\\/esp.championforest.org\\\/devotionals\\\/1-11-2024\\\/\"]}]},{\"@type\":\"ImageObject\",\"inLanguage\":\"en-US\",\"@id\":\"https:\\\/\\\/esp.championforest.org\\\/devotionals\\\/1-11-2024\\\/#primaryimage\",\"url\":\"https:\\\/\\\/esp.championforest.org\\\/devotionals\\\/wp-content\\\/uploads\\\/2023\\\/12\\\/Acts-BG.jpg\",\"contentUrl\":\"https:\\\/\\\/esp.championforest.org\\\/devotionals\\\/wp-content\\\/uploads\\\/2023\\\/12\\\/Acts-BG.jpg\",\"width\":1080,\"height\":581},{\"@type\":\"BreadcrumbList\",\"@id\":\"https:\\\/\\\/esp.championforest.org\\\/devotionals\\\/1-11-2024\\\/#breadcrumb\",\"itemListElement\":[{\"@type\":\"ListItem\",\"position\":1,\"name\":\"Casa\",\"item\":\"https:\\\/\\\/esp.championforest.org\\\/devotionals\\\/\"},{\"@type\":\"ListItem\",\"position\":2,\"name\":\"D\u00eda Cuatro | El Libro de Hechos\"}]},{\"@type\":\"WebSite\",\"@id\":\"https:\\\/\\\/esp.championforest.org\\\/devotionals\\\/#website\",\"url\":\"https:\\\/\\\/esp.championforest.org\\\/devotionals\\\/\",\"name\":\"Devocionales\",\"description\":\"\",\"potentialAction\":[{\"@type\":\"SearchAction\",\"target\":{\"@type\":\"EntryPoint\",\"urlTemplate\":\"https:\\\/\\\/esp.championforest.org\\\/devotionals\\\/?s={search_term_string}\"},\"query-input\":{\"@type\":\"PropertyValueSpecification\",\"valueRequired\":true,\"valueName\":\"search_term_string\"}}],\"inLanguage\":\"en-US\"},{\"@type\":\"Person\",\"@id\":\"https:\\\/\\\/esp.championforest.org\\\/devotionals\\\/#\\\/schema\\\/person\\\/0d7b32cb6698781087962c699912c666\",\"name\":\"Champion Forest\",\"image\":{\"@type\":\"ImageObject\",\"inLanguage\":\"en-US\",\"@id\":\"https:\\\/\\\/secure.gravatar.com\\\/avatar\\\/978ba5d6180fa65624708e969f442efde16543b129f0679a2cb301024d170062?s=96&d=mm&r=g\",\"url\":\"https:\\\/\\\/secure.gravatar.com\\\/avatar\\\/978ba5d6180fa65624708e969f442efde16543b129f0679a2cb301024d170062?s=96&d=mm&r=g\",\"contentUrl\":\"https:\\\/\\\/secure.gravatar.com\\\/avatar\\\/978ba5d6180fa65624708e969f442efde16543b129f0679a2cb301024d170062?s=96&d=mm&r=g\",\"caption\":\"Champion Forest\"},\"url\":\"https:\\\/\\\/esp.championforest.org\\\/devotionals\\\/author\\\/cfbcms_admin\\\/\"}]}<\/script>\n<!-- \/ Yoast SEO plugin. -->","yoast_head_json":{"title":"D\u00eda Cuatro | El Libro de Hechos - Devocionales","robots":{"index":"index","follow":"follow","max-snippet":"max-snippet:-1","max-image-preview":"max-image-preview:large","max-video-preview":"max-video-preview:-1"},"canonical":"https:\/\/esp.championforest.org\/devotionals\/1-11-2024\/","og_locale":"en_US","og_type":"article","og_title":"D\u00eda Cuatro | El Libro de Hechos - Devocionales","og_description":"Devocional por Jeremy Hamblen Hechos 4 Pedro y Juan ante el concilio 4&nbsp;Hablando ellos al pueblo, vinieron sobre ellos los sacerdotes con el jefe de la guardia del templo, y los saduceos,&nbsp;2&nbsp;resentidos de que ense\u00f1asen al pueblo, y anunciasen en Jes\u00fas la resurrecci\u00f3n de entre los muertos.&nbsp;3&nbsp;Y les echaron mano, y los pusieron en la &hellip; Continue reading D\u00eda Cuatro | El Libro de Hechos","og_url":"https:\/\/esp.championforest.org\/devotionals\/1-11-2024\/","og_site_name":"Devocionales","article_published_time":"2024-01-11T06:03:01+00:00","og_image":[{"width":1080,"height":581,"url":"https:\/\/esp.championforest.org\/devotionals\/wp-content\/uploads\/2023\/12\/Acts-BG.jpg","type":"image\/jpeg"}],"author":"Champion Forest","twitter_card":"summary_large_image","twitter_misc":{"Written by":"Champion Forest","Est. reading time":"7 minutes"},"schema":{"@context":"https:\/\/schema.org","@graph":[{"@type":"Article","@id":"https:\/\/esp.championforest.org\/devotionals\/1-11-2024\/#article","isPartOf":{"@id":"https:\/\/esp.championforest.org\/devotionals\/1-11-2024\/"},"author":{"name":"Champion Forest","@id":"https:\/\/esp.championforest.org\/devotionals\/#\/schema\/person\/0d7b32cb6698781087962c699912c666"},"headline":"D\u00eda Cuatro | El Libro de Hechos","datePublished":"2024-01-11T06:03:01+00:00","mainEntityOfPage":{"@id":"https:\/\/esp.championforest.org\/devotionals\/1-11-2024\/"},"wordCount":1534,"commentCount":9,"image":{"@id":"https:\/\/esp.championforest.org\/devotionals\/1-11-2024\/#primaryimage"},"thumbnailUrl":"https:\/\/esp.championforest.org\/devotionals\/wp-content\/uploads\/2023\/12\/Acts-BG.jpg","keywords":["Hechos"],"articleSection":["Devocionales","Hechos"],"inLanguage":"en-US","potentialAction":[{"@type":"CommentAction","name":"Comment","target":["https:\/\/esp.championforest.org\/devotionals\/1-11-2024\/#respond"]}]},{"@type":"WebPage","@id":"https:\/\/esp.championforest.org\/devotionals\/1-11-2024\/","url":"https:\/\/esp.championforest.org\/devotionals\/1-11-2024\/","name":"D\u00eda Cuatro | El Libro de Hechos - Devocionales","isPartOf":{"@id":"https:\/\/esp.championforest.org\/devotionals\/#website"},"primaryImageOfPage":{"@id":"https:\/\/esp.championforest.org\/devotionals\/1-11-2024\/#primaryimage"},"image":{"@id":"https:\/\/esp.championforest.org\/devotionals\/1-11-2024\/#primaryimage"},"thumbnailUrl":"https:\/\/esp.championforest.org\/devotionals\/wp-content\/uploads\/2023\/12\/Acts-BG.jpg","datePublished":"2024-01-11T06:03:01+00:00","author":{"@id":"https:\/\/esp.championforest.org\/devotionals\/#\/schema\/person\/0d7b32cb6698781087962c699912c666"},"breadcrumb":{"@id":"https:\/\/esp.championforest.org\/devotionals\/1-11-2024\/#breadcrumb"},"inLanguage":"en-US","potentialAction":[{"@type":"ReadAction","target":["https:\/\/esp.championforest.org\/devotionals\/1-11-2024\/"]}]},{"@type":"ImageObject","inLanguage":"en-US","@id":"https:\/\/esp.championforest.org\/devotionals\/1-11-2024\/#primaryimage","url":"https:\/\/esp.championforest.org\/devotionals\/wp-content\/uploads\/2023\/12\/Acts-BG.jpg","contentUrl":"https:\/\/esp.championforest.org\/devotionals\/wp-content\/uploads\/2023\/12\/Acts-BG.jpg","width":1080,"height":581},{"@type":"BreadcrumbList","@id":"https:\/\/esp.championforest.org\/devotionals\/1-11-2024\/#breadcrumb","itemListElement":[{"@type":"ListItem","position":1,"name":"Casa","item":"https:\/\/esp.championforest.org\/devotionals\/"},{"@type":"ListItem","position":2,"name":"D\u00eda Cuatro | El Libro de Hechos"}]},{"@type":"WebSite","@id":"https:\/\/esp.championforest.org\/devotionals\/#website","url":"https:\/\/esp.championforest.org\/devotionals\/","name":"Devocionales","description":"","potentialAction":[{"@type":"SearchAction","target":{"@type":"EntryPoint","urlTemplate":"https:\/\/esp.championforest.org\/devotionals\/?s={search_term_string}"},"query-input":{"@type":"PropertyValueSpecification","valueRequired":true,"valueName":"search_term_string"}}],"inLanguage":"en-US"},{"@type":"Person","@id":"https:\/\/esp.championforest.org\/devotionals\/#\/schema\/person\/0d7b32cb6698781087962c699912c666","name":"Champion Forest","image":{"@type":"ImageObject","inLanguage":"en-US","@id":"https:\/\/secure.gravatar.com\/avatar\/978ba5d6180fa65624708e969f442efde16543b129f0679a2cb301024d170062?s=96&d=mm&r=g","url":"https:\/\/secure.gravatar.com\/avatar\/978ba5d6180fa65624708e969f442efde16543b129f0679a2cb301024d170062?s=96&d=mm&r=g","contentUrl":"https:\/\/secure.gravatar.com\/avatar\/978ba5d6180fa65624708e969f442efde16543b129f0679a2cb301024d170062?s=96&d=mm&r=g","caption":"Champion Forest"},"url":"https:\/\/esp.championforest.org\/devotionals\/author\/cfbcms_admin\/"}]}},"_links":{"self":[{"href":"https:\/\/esp.championforest.org\/devotionals\/wp-json\/wp\/v2\/posts\/1854","targetHints":{"allow":["GET"]}}],"collection":[{"href":"https:\/\/esp.championforest.org\/devotionals\/wp-json\/wp\/v2\/posts"}],"about":[{"href":"https:\/\/esp.championforest.org\/devotionals\/wp-json\/wp\/v2\/types\/post"}],"author":[{"embeddable":true,"href":"https:\/\/esp.championforest.org\/devotionals\/wp-json\/wp\/v2\/users\/2"}],"replies":[{"embeddable":true,"href":"https:\/\/esp.championforest.org\/devotionals\/wp-json\/wp\/v2\/comments?post=1854"}],"version-history":[{"count":5,"href":"https:\/\/esp.championforest.org\/devotionals\/wp-json\/wp\/v2\/posts\/1854\/revisions"}],"predecessor-version":[{"id":1904,"href":"https:\/\/esp.championforest.org\/devotionals\/wp-json\/wp\/v2\/posts\/1854\/revisions\/1904"}],"wp:featuredmedia":[{"embeddable":true,"href":"https:\/\/esp.championforest.org\/devotionals\/wp-json\/wp\/v2\/media\/1834"}],"wp:attachment":[{"href":"https:\/\/esp.championforest.org\/devotionals\/wp-json\/wp\/v2\/media?parent=1854"}],"wp:term":[{"taxonomy":"category","embeddable":true,"href":"https:\/\/esp.championforest.org\/devotionals\/wp-json\/wp\/v2\/categories?post=1854"},{"taxonomy":"post_tag","embeddable":true,"href":"https:\/\/esp.championforest.org\/devotionals\/wp-json\/wp\/v2\/tags?post=1854"}],"curies":[{"name":"wp","href":"https:\/\/api.w.org\/{rel}","templated":true}]}}