{"id":1844,"date":"2024-01-09T00:03:27","date_gmt":"2024-01-09T06:03:27","guid":{"rendered":"https:\/\/esp.championforest.org\/devotionals\/?p=1844"},"modified":"2024-01-08T14:31:02","modified_gmt":"2024-01-08T20:31:02","slug":"1-9-2024","status":"publish","type":"post","link":"https:\/\/esp.championforest.org\/devotionals\/1-9-2024\/","title":{"rendered":"D\u00eda Dos | El Libro de Hechos"},"content":{"rendered":"\n<p>Devocional por Garrett Hall<\/p>\n\n\n\n<div class=\"wp-block-group\"><div class=\"wp-block-group__inner-container is-layout-constrained wp-block-group-is-layout-constrained\">\n<div class=\"wp-block-stackable-hero stk-block-hero stk-block stk-bb37f46 is-style-default\" data-v=\"2\" data-block-id=\"bb37f46\"><style>.stk-bb37f46-inner-blocks{justify-content:center !important}.stk-bb37f46-container{background-color:#f7f7f7 !important}.stk-bb37f46-container:before{background-color:#f7f7f7 !important}.stk-bb37f46 .stk-block-hero__content{min-height:500px !important;align-items:center !important;display:flex !important}<\/style><div class=\"stk-block-hero__content stk-content-align stk-bb37f46-column stk-container stk-bb37f46-container stk-hover-parent\"><div class=\"stk-block-content stk-inner-blocks has-text-align-left stk--column-flex stk-bb37f46-inner-blocks\">\n<div class=\"wp-block-stackable-heading stk-block-heading stk-block-heading--v2 stk-block stk-4fd618f\" id=\"hechos-2\" data-block-id=\"4fd618f\"><h3 class=\"stk-block-heading__text\">Hechos 2<\/h3><\/div>\n\n\n\n<h4 class=\"wp-block-heading\">La venida del Esp\u00edritu Santo<\/h4>\n\n\n\n<p><strong>2&nbsp;<\/strong>Cuando lleg\u00f3 el d\u00eda de Pentecost\u00e9s,&nbsp;estaban todos un\u00e1nimes juntos.&nbsp;<sup>2&nbsp;<\/sup>Y de repente vino del cielo un estruendo como de un viento recio que soplaba, el cual llen\u00f3 toda la casa donde estaban sentados;&nbsp;<sup>3&nbsp;<\/sup>y se les aparecieron lenguas repartidas, como de fuego, asent\u00e1ndose sobre cada uno de ellos.&nbsp;<sup>4&nbsp;<\/sup>Y fueron todos llenos del Esp\u00edritu Santo, y comenzaron a hablar en otras lenguas, seg\u00fan el Esp\u00edritu les daba que hablasen.<\/p>\n\n\n\n<p><sup>5&nbsp;<\/sup>Moraban entonces en Jerusal\u00e9n jud\u00edos, varones piadosos, de todas las naciones bajo el cielo.&nbsp;<sup>6&nbsp;<\/sup>Y hecho este estruendo, se junt\u00f3 la multitud; y estaban confusos, porque cada uno les o\u00eda hablar en su propia lengua.&nbsp;<sup>7&nbsp;<\/sup>Y estaban at\u00f3nitos y maravillados, diciendo: Mirad, \u00bfno son galileos todos estos que hablan?&nbsp;<sup>8&nbsp;<\/sup>\u00bfC\u00f3mo, pues, les o\u00edmos nosotros hablar cada uno en nuestra lengua en la que hemos nacido?&nbsp;<sup>9&nbsp;<\/sup>Partos, medos, elamitas, y los que habitamos en Mesopotamia, en Judea, en Capadocia, en el Ponto y en Asia,&nbsp;<sup>10&nbsp;<\/sup>en Frigia y Panfilia, en Egipto y en las regiones de \u00c1frica m\u00e1s all\u00e1 de Cirene, y romanos aqu\u00ed residentes, tanto jud\u00edos como pros\u00e9litos,&nbsp;<sup>11&nbsp;<\/sup>cretenses y \u00e1rabes, les o\u00edmos hablar en nuestras lenguas las maravillas de Dios.&nbsp;<sup>12&nbsp;<\/sup>Y estaban todos at\u00f3nitos y perplejos, dici\u00e9ndose unos a otros: \u00bfQu\u00e9 quiere decir esto?&nbsp;<sup>13&nbsp;<\/sup>Mas otros, burl\u00e1ndose, dec\u00edan: Est\u00e1n llenos de mosto.<\/p>\n\n\n\n<h4 class=\"wp-block-heading\">Primer discurso de Pedro<\/h4>\n\n\n\n<p><sup>14&nbsp;<\/sup>Entonces Pedro, poni\u00e9ndose en pie con los once, alz\u00f3 la voz y les habl\u00f3 diciendo: Varones jud\u00edos, y todos los que habit\u00e1is en Jerusal\u00e9n, esto os sea notorio, y o\u00edd mis palabras.&nbsp;<sup>15&nbsp;<\/sup>Porque estos no est\u00e1n ebrios, como vosotros supon\u00e9is, puesto que es la hora tercera del d\u00eda.&nbsp;<sup>16&nbsp;<\/sup>Mas esto es lo dicho por el profeta Joel:<\/p>\n\n\n\n<p><sup>17&nbsp;<\/sup>Y en los postreros d\u00edas, dice Dios,<\/p>\n\n\n\n<p>Derramar\u00e9 de mi Esp\u00edritu sobre toda carne,<\/p>\n\n\n\n<p>Y vuestros hijos y vuestras hijas profetizar\u00e1n;<\/p>\n\n\n\n<p>Vuestros j\u00f3venes ver\u00e1n visiones,<\/p>\n\n\n\n<p>Y vuestros ancianos so\u00f1ar\u00e1n sue\u00f1os;<\/p>\n\n\n\n<p><sup>18&nbsp;<\/sup>Y de cierto sobre mis siervos y sobre mis siervas en aquellos d\u00edas<\/p>\n\n\n\n<p>Derramar\u00e9 de mi Esp\u00edritu, y profetizar\u00e1n.<\/p>\n\n\n\n<p><sup>19&nbsp;<\/sup>Y dar\u00e9 prodigios arriba en el cielo,<\/p>\n\n\n\n<p>Y se\u00f1ales abajo en la tierra,<\/p>\n\n\n\n<p>Sangre y fuego y vapor de humo;<\/p>\n\n\n\n<p><sup>20&nbsp;<\/sup>El sol se convertir\u00e1 en tinieblas,<\/p>\n\n\n\n<p>Y la luna en sangre,<\/p>\n\n\n\n<p>Antes que venga el d\u00eda del Se\u00f1or,<\/p>\n\n\n\n<p>Grande y manifiesto;<\/p>\n\n\n\n<p><sup>21&nbsp;<\/sup>Y todo aquel que invocare el nombre del Se\u00f1or, ser\u00e1 salvo.<\/p>\n\n\n\n<p><sup>22&nbsp;<\/sup>Varones israelitas, o\u00edd estas palabras: Jes\u00fas nazareno, var\u00f3n aprobado por Dios entre vosotros con las maravillas, prodigios y se\u00f1ales que Dios hizo entre vosotros por medio de \u00e9l, como vosotros mismos sab\u00e9is;&nbsp;<sup>23&nbsp;<\/sup>a este, entregado por el determinado consejo y anticipado conocimiento de Dios, prendisteis y matasteis por manos de inicuos, crucific\u00e1ndole;&nbsp;<sup>24&nbsp;<\/sup>al cual Dios levant\u00f3,&nbsp;sueltos los dolores de la muerte, por cuanto era imposible que fuese retenido por ella.&nbsp;<sup>25&nbsp;<\/sup>Porque David dice de \u00e9l:<\/p>\n\n\n\n<p>Ve\u00eda al Se\u00f1or siempre delante de m\u00ed;<\/p>\n\n\n\n<p>Porque est\u00e1 a mi diestra, no ser\u00e9 conmovido.<\/p>\n\n\n\n<p><sup>26&nbsp;<\/sup>Por lo cual mi coraz\u00f3n se alegr\u00f3, y se goz\u00f3 mi lengua,<\/p>\n\n\n\n<p>Y aun mi carne descansar\u00e1 en esperanza;<\/p>\n\n\n\n<p><sup>27&nbsp;<\/sup>Porque no dejar\u00e1s mi alma en el Hades,<\/p>\n\n\n\n<p>Ni permitir\u00e1s que tu Santo vea corrupci\u00f3n.<\/p>\n\n\n\n<p><sup>28&nbsp;<\/sup>Me hiciste conocer los caminos de la vida;<\/p>\n\n\n\n<p>Me llenar\u00e1s de gozo con tu presencia.<\/p>\n\n\n\n<p><sup>29&nbsp;<\/sup>Varones hermanos, se os puede decir libremente del patriarca David, que muri\u00f3 y fue sepultado, y su sepulcro est\u00e1 con nosotros hasta el d\u00eda de hoy.&nbsp;<sup>30&nbsp;<\/sup>Pero siendo profeta, y sabiendo que con juramento Dios le hab\u00eda jurado que de su descendencia, en cuanto a la carne, levantar\u00eda al Cristo para que se sentase en su trono,&nbsp;<sup>31&nbsp;<\/sup>vi\u00e9ndolo antes, habl\u00f3 de la resurrecci\u00f3n de Cristo, que su alma no fue dejada en el Hades, ni su carne vio corrupci\u00f3n.&nbsp;<sup>32&nbsp;<\/sup>A este Jes\u00fas resucit\u00f3 Dios, de lo cual todos nosotros somos testigos.&nbsp;<sup>33&nbsp;<\/sup>As\u00ed que, exaltado por la diestra de Dios, y habiendo recibido del Padre la promesa del Esp\u00edritu Santo, ha derramado esto que vosotros veis y o\u00eds.&nbsp;<sup>34&nbsp;<\/sup>Porque David no subi\u00f3 a los cielos; pero \u00e9l mismo dice:<\/p>\n\n\n\n<p>Dijo el Se\u00f1or a mi Se\u00f1or:<\/p>\n\n\n\n<p>Si\u00e9ntate a mi diestra,<\/p>\n\n\n\n<p><sup>35&nbsp;<\/sup>Hasta que ponga a tus enemigos por estrado de tus pies.<\/p>\n\n\n\n<p><sup>36&nbsp;<\/sup>Sepa, pues, ciert\u00edsimamente toda la casa de Israel, que a este Jes\u00fas a quien vosotros crucificasteis, Dios le ha hecho Se\u00f1or y Cristo.<\/p>\n\n\n\n<p><sup>37&nbsp;<\/sup>Al o\u00edr esto, se compungieron de coraz\u00f3n, y dijeron a Pedro y a los otros ap\u00f3stoles: Varones hermanos, \u00bfqu\u00e9 haremos?&nbsp;<sup>38&nbsp;<\/sup>Pedro les dijo: Arrepent\u00edos, y baut\u00edcese cada uno de vosotros en el nombre de Jesucristo para perd\u00f3n de los pecados; y recibir\u00e9is el don del Esp\u00edritu Santo.&nbsp;<sup>39&nbsp;<\/sup>Porque para vosotros es la promesa, y para vuestros hijos, y para todos los que est\u00e1n lejos; para cuantos el Se\u00f1or nuestro Dios llamare.&nbsp;<sup>40&nbsp;<\/sup>Y con otras muchas palabras testificaba y les exhortaba, diciendo: Sed salvos de esta perversa generaci\u00f3n.&nbsp;<sup>41&nbsp;<\/sup>As\u00ed que, los que recibieron su palabra fueron bautizados; y se a\u00f1adieron aquel d\u00eda como tres mil personas.&nbsp;<sup>42&nbsp;<\/sup>Y perseveraban en la doctrina de los ap\u00f3stoles, en la comuni\u00f3n unos con otros, en el partimiento del pan y en las oraciones.<\/p>\n\n\n\n<h4 class=\"wp-block-heading\">La vida de los primeros cristianos<\/h4>\n\n\n\n<p><sup>43&nbsp;<\/sup>Y sobrevino temor a toda persona; y muchas maravillas y se\u00f1ales eran hechas por los ap\u00f3stoles.&nbsp;<sup>44&nbsp;<\/sup>Todos los que hab\u00edan cre\u00eddo estaban juntos, y ten\u00edan en com\u00fan todas las cosas;&nbsp;<sup>45&nbsp;<\/sup>y vend\u00edan sus propiedades y sus bienes, y lo repart\u00edan a todos seg\u00fan la necesidad de cada uno.&nbsp;<sup>46&nbsp;<\/sup>Y perseverando un\u00e1nimes cada d\u00eda en el templo, y partiendo el pan en las casas, com\u00edan juntos con alegr\u00eda y sencillez de coraz\u00f3n,&nbsp;<sup>47&nbsp;<\/sup>alabando a Dios, y teniendo favor con todo el pueblo. Y el Se\u00f1or a\u00f1ad\u00eda cada d\u00eda a la iglesia los que hab\u00edan de ser salvos.<\/p>\n\n\n\n<div class=\"wp-block-stackable-text stk-block-text stk-block stk-3f49bf1 stk-block-background\" data-block-id=\"3f49bf1\"><p class=\"stk-block-text__text\">Reina-Valera 1960 \u00ae \u00a9 Sociedades B\u00edblicas en Am\u00e9rica Latina, 1960. Renovado \u00a9 Sociedades B\u00edblicas Unidas, 1988. Utilizado con permiso. <\/p><\/div>\n<\/div><\/div><\/div>\n<\/div><\/div>\n\n\n\n<p class=\"has-text-align-left\">Hoy leemos acerca de dos eventos monumentales en la historia de la iglesia. La venida del Esp\u00edritu Santo y el serm\u00f3n de Pedro en el Pentecost\u00e9s. Estos son dos eventos incre\u00edbles porque (1) el Esp\u00edritu Santo ahora puede morar en los creyentes cuando antes solo reposaba en alguien por un per\u00edodo de tiempo (ver los Profetas), y (2) el serm\u00f3n de Pedro en el Pentecost\u00e9s es uno de los m\u00e1s grandes sermones, si no el m\u00e1s grande, jam\u00e1s predicado.<\/p>\n\n\n\n<p class=\"has-text-align-left\">Sin embargo, quiero dirigir nuestro enfoque a los vers\u00edculos 42-47 y el compa\u00f1erismo de los creyentes. Quiero que enmarquemos esto en el contexto de un Grupo de Vida y veamos c\u00f3mo las acciones de la iglesia primitiva reflejan los valores fundamentales de nuestro propio Grupo de Vida: Invitar, Aprender y Amar.<\/p>\n\n\n\n<ul class=\"wp-block-list\">\n<li>Primero, <strong>invitamos<\/strong> a personas a nuestras vidas para que ellos inviten a Jes\u00fas a las suyas. La iglesia primitiva \u201cpart\u00edan el pan juntos y ten\u00edan comuni\u00f3n unos con otros\u201d (v. 42). Tambi\u00e9n asistieron juntos al templo y compartieron comidas en los hogares de los dem\u00e1s. Debido a esto hallaron favor con todo el pueblo (v. 46-47).<\/li>\n\n\n\n<li>Segundo, <strong>aprendemos<\/strong> a seguir a Jes\u00fas. De manera similar, la iglesia primitiva \u201cse dedicaba a la ense\u00f1anza de los ap\u00f3stoles\u201d (v. 42).<\/li>\n\n\n\n<li>Tercero, <strong>amamos<\/strong> a los dem\u00e1s cuid\u00e1ndolos y ministr\u00e1ndolos en el contexto de la comunidad b\u00edblica. Hechos 2:44-45 nos dice que \u201cTodos los creyentes estaban juntos y ten\u00edan todo en com\u00fan: vend\u00edan sus propiedades y posesiones, y compart\u00edan sus bienes entre s\u00ed seg\u00fan la necesidad de cada uno.\u201d (v. 44-45). Es importante se\u00f1alar que la iglesia primitiva ejerci\u00f3 una generosidad voluntaria, no fue un mandato.<\/li>\n<\/ul>\n\n\n\n<div class=\"wp-block-stackable-divider stk-block-divider stk-block stk-665b6f3\" data-block-id=\"665b6f3\"><hr class=\"stk-block-divider__hr\"\/><\/div>\n\n\n\n<p><strong><strong><em><span style=\"color: #000000;\" class=\"stk-highlight\"><strong><em>\u00bfC\u00f3mo est\u00e1n viviendo estos valores fundamentales en su Grupo de Vida?<\/em><\/strong><\/span><\/em><\/strong><\/strong><\/p>\n","protected":false},"excerpt":{"rendered":"<p>Devocional por Garrett Hall Hechos 2 La venida del Esp\u00edritu Santo 2&nbsp;Cuando lleg\u00f3 el d\u00eda de Pentecost\u00e9s,&nbsp;estaban todos un\u00e1nimes juntos.&nbsp;2&nbsp;Y de repente vino del cielo un estruendo como de un viento recio que soplaba, el cual llen\u00f3 toda la casa donde estaban sentados;&nbsp;3&nbsp;y se les aparecieron lenguas repartidas, como de fuego, asent\u00e1ndose sobre cada uno &hellip; <a href=\"https:\/\/esp.championforest.org\/devotionals\/1-9-2024\/\" class=\"more-link\">Continue reading <span class=\"screen-reader-text\">D\u00eda Dos | El Libro de Hechos<\/span><\/a><\/p>\n","protected":false},"author":2,"featured_media":1834,"comment_status":"open","ping_status":"closed","sticky":false,"template":"","format":"standard","meta":{"footnotes":""},"categories":[6,29],"tags":[28],"class_list":["post-1844","post","type-post","status-publish","format-standard","has-post-thumbnail","hentry","category-devocionales","category-hechos","tag-hechos"],"featured_image_urls_v2":{"full":["https:\/\/esp.championforest.org\/devotionals\/wp-content\/uploads\/2023\/12\/Acts-BG.jpg",1080,581,false],"thumbnail":["https:\/\/esp.championforest.org\/devotionals\/wp-content\/uploads\/2023\/12\/Acts-BG-150x150.jpg",150,150,true],"medium":["https:\/\/esp.championforest.org\/devotionals\/wp-content\/uploads\/2023\/12\/Acts-BG-300x161.jpg",300,161,true],"medium_large":["https:\/\/esp.championforest.org\/devotionals\/wp-content\/uploads\/2023\/12\/Acts-BG-768x413.jpg",768,413,true],"large":["https:\/\/esp.championforest.org\/devotionals\/wp-content\/uploads\/2023\/12\/Acts-BG-1024x551.jpg",900,484,true],"1536x1536":["https:\/\/esp.championforest.org\/devotionals\/wp-content\/uploads\/2023\/12\/Acts-BG.jpg",1080,581,false],"2048x2048":["https:\/\/esp.championforest.org\/devotionals\/wp-content\/uploads\/2023\/12\/Acts-BG.jpg",1080,581,false],"post-thumbnail":["https:\/\/esp.championforest.org\/devotionals\/wp-content\/uploads\/2023\/12\/Acts-BG.jpg",1080,581,false]},"post_excerpt_stackable_v2":"<p>Devocional por Garrett Hall Hechos 2 La venida del Esp\u00edritu Santo 2&nbsp;Cuando lleg\u00f3 el d\u00eda de Pentecost\u00e9s,&nbsp;estaban todos un\u00e1nimes juntos.&nbsp;2&nbsp;Y de repente vino del cielo un estruendo como de un viento recio que soplaba, el cual llen\u00f3 toda la casa donde estaban sentados;&nbsp;3&nbsp;y se les aparecieron lenguas repartidas, como de fuego, asent\u00e1ndose sobre cada uno de ellos.&nbsp;4&nbsp;Y fueron todos llenos del Esp\u00edritu Santo, y comenzaron a hablar en otras lenguas, seg\u00fan el Esp\u00edritu les daba que hablasen. 5&nbsp;Moraban entonces en Jerusal\u00e9n jud\u00edos, varones piadosos, de todas las naciones bajo el cielo.&nbsp;6&nbsp;Y hecho este estruendo, se junt\u00f3 la multitud; y estaban&hellip;<\/p>\n","category_list_v2":"<a href=\"https:\/\/esp.championforest.org\/devotionals\/category\/devocionales\/\" rel=\"category tag\">Devocionales<\/a>, <a href=\"https:\/\/esp.championforest.org\/devotionals\/category\/hechos\/\" rel=\"category tag\">Hechos<\/a>","author_info_v2":{"name":"Champion Forest","url":"https:\/\/esp.championforest.org\/devotionals\/author\/cfbcms_admin\/"},"comments_num_v2":"4 comments","yoast_head":"<!-- This site is optimized with the Yoast SEO plugin v27.3 - https:\/\/yoast.com\/product\/yoast-seo-wordpress\/ -->\n<title>D\u00eda Dos | El Libro de Hechos - Devocionales<\/title>\n<meta name=\"robots\" content=\"index, follow, max-snippet:-1, max-image-preview:large, max-video-preview:-1\" \/>\n<link rel=\"canonical\" href=\"https:\/\/esp.championforest.org\/devotionals\/1-9-2024\/\" \/>\n<meta property=\"og:locale\" content=\"en_US\" \/>\n<meta property=\"og:type\" content=\"article\" \/>\n<meta property=\"og:title\" content=\"D\u00eda Dos | El Libro de Hechos - Devocionales\" \/>\n<meta property=\"og:description\" content=\"Devocional por Garrett Hall Hechos 2 La venida del Esp\u00edritu Santo 2&nbsp;Cuando lleg\u00f3 el d\u00eda de Pentecost\u00e9s,&nbsp;estaban todos un\u00e1nimes juntos.&nbsp;2&nbsp;Y de repente vino del cielo un estruendo como de un viento recio que soplaba, el cual llen\u00f3 toda la casa donde estaban sentados;&nbsp;3&nbsp;y se les aparecieron lenguas repartidas, como de fuego, asent\u00e1ndose sobre cada uno &hellip; Continue reading D\u00eda Dos | El Libro de Hechos\" \/>\n<meta property=\"og:url\" content=\"https:\/\/esp.championforest.org\/devotionals\/1-9-2024\/\" \/>\n<meta property=\"og:site_name\" content=\"Devocionales\" \/>\n<meta property=\"article:published_time\" content=\"2024-01-09T06:03:27+00:00\" \/>\n<meta property=\"og:image\" content=\"https:\/\/esp.championforest.org\/devotionals\/wp-content\/uploads\/2023\/12\/Acts-BG.jpg\" \/>\n\t<meta property=\"og:image:width\" content=\"1080\" \/>\n\t<meta property=\"og:image:height\" content=\"581\" \/>\n\t<meta property=\"og:image:type\" content=\"image\/jpeg\" \/>\n<meta name=\"author\" content=\"Champion Forest\" \/>\n<meta name=\"twitter:card\" content=\"summary_large_image\" \/>\n<meta name=\"twitter:label1\" content=\"Written by\" \/>\n\t<meta name=\"twitter:data1\" content=\"Champion Forest\" \/>\n\t<meta name=\"twitter:label2\" content=\"Est. reading time\" \/>\n\t<meta name=\"twitter:data2\" content=\"6 minutes\" \/>\n<script type=\"application\/ld+json\" class=\"yoast-schema-graph\">{\"@context\":\"https:\\\/\\\/schema.org\",\"@graph\":[{\"@type\":\"Article\",\"@id\":\"https:\\\/\\\/esp.championforest.org\\\/devotionals\\\/1-9-2024\\\/#article\",\"isPartOf\":{\"@id\":\"https:\\\/\\\/esp.championforest.org\\\/devotionals\\\/1-9-2024\\\/\"},\"author\":{\"name\":\"Champion Forest\",\"@id\":\"https:\\\/\\\/esp.championforest.org\\\/devotionals\\\/#\\\/schema\\\/person\\\/0d7b32cb6698781087962c699912c666\"},\"headline\":\"D\u00eda Dos | El Libro de Hechos\",\"datePublished\":\"2024-01-09T06:03:27+00:00\",\"mainEntityOfPage\":{\"@id\":\"https:\\\/\\\/esp.championforest.org\\\/devotionals\\\/1-9-2024\\\/\"},\"wordCount\":1451,\"commentCount\":4,\"image\":{\"@id\":\"https:\\\/\\\/esp.championforest.org\\\/devotionals\\\/1-9-2024\\\/#primaryimage\"},\"thumbnailUrl\":\"https:\\\/\\\/esp.championforest.org\\\/devotionals\\\/wp-content\\\/uploads\\\/2023\\\/12\\\/Acts-BG.jpg\",\"keywords\":[\"Hechos\"],\"articleSection\":[\"Devocionales\",\"Hechos\"],\"inLanguage\":\"en-US\",\"potentialAction\":[{\"@type\":\"CommentAction\",\"name\":\"Comment\",\"target\":[\"https:\\\/\\\/esp.championforest.org\\\/devotionals\\\/1-9-2024\\\/#respond\"]}]},{\"@type\":\"WebPage\",\"@id\":\"https:\\\/\\\/esp.championforest.org\\\/devotionals\\\/1-9-2024\\\/\",\"url\":\"https:\\\/\\\/esp.championforest.org\\\/devotionals\\\/1-9-2024\\\/\",\"name\":\"D\u00eda Dos | El Libro de Hechos - Devocionales\",\"isPartOf\":{\"@id\":\"https:\\\/\\\/esp.championforest.org\\\/devotionals\\\/#website\"},\"primaryImageOfPage\":{\"@id\":\"https:\\\/\\\/esp.championforest.org\\\/devotionals\\\/1-9-2024\\\/#primaryimage\"},\"image\":{\"@id\":\"https:\\\/\\\/esp.championforest.org\\\/devotionals\\\/1-9-2024\\\/#primaryimage\"},\"thumbnailUrl\":\"https:\\\/\\\/esp.championforest.org\\\/devotionals\\\/wp-content\\\/uploads\\\/2023\\\/12\\\/Acts-BG.jpg\",\"datePublished\":\"2024-01-09T06:03:27+00:00\",\"author\":{\"@id\":\"https:\\\/\\\/esp.championforest.org\\\/devotionals\\\/#\\\/schema\\\/person\\\/0d7b32cb6698781087962c699912c666\"},\"breadcrumb\":{\"@id\":\"https:\\\/\\\/esp.championforest.org\\\/devotionals\\\/1-9-2024\\\/#breadcrumb\"},\"inLanguage\":\"en-US\",\"potentialAction\":[{\"@type\":\"ReadAction\",\"target\":[\"https:\\\/\\\/esp.championforest.org\\\/devotionals\\\/1-9-2024\\\/\"]}]},{\"@type\":\"ImageObject\",\"inLanguage\":\"en-US\",\"@id\":\"https:\\\/\\\/esp.championforest.org\\\/devotionals\\\/1-9-2024\\\/#primaryimage\",\"url\":\"https:\\\/\\\/esp.championforest.org\\\/devotionals\\\/wp-content\\\/uploads\\\/2023\\\/12\\\/Acts-BG.jpg\",\"contentUrl\":\"https:\\\/\\\/esp.championforest.org\\\/devotionals\\\/wp-content\\\/uploads\\\/2023\\\/12\\\/Acts-BG.jpg\",\"width\":1080,\"height\":581},{\"@type\":\"BreadcrumbList\",\"@id\":\"https:\\\/\\\/esp.championforest.org\\\/devotionals\\\/1-9-2024\\\/#breadcrumb\",\"itemListElement\":[{\"@type\":\"ListItem\",\"position\":1,\"name\":\"Casa\",\"item\":\"https:\\\/\\\/esp.championforest.org\\\/devotionals\\\/\"},{\"@type\":\"ListItem\",\"position\":2,\"name\":\"D\u00eda Dos | El Libro de Hechos\"}]},{\"@type\":\"WebSite\",\"@id\":\"https:\\\/\\\/esp.championforest.org\\\/devotionals\\\/#website\",\"url\":\"https:\\\/\\\/esp.championforest.org\\\/devotionals\\\/\",\"name\":\"Devocionales\",\"description\":\"\",\"potentialAction\":[{\"@type\":\"SearchAction\",\"target\":{\"@type\":\"EntryPoint\",\"urlTemplate\":\"https:\\\/\\\/esp.championforest.org\\\/devotionals\\\/?s={search_term_string}\"},\"query-input\":{\"@type\":\"PropertyValueSpecification\",\"valueRequired\":true,\"valueName\":\"search_term_string\"}}],\"inLanguage\":\"en-US\"},{\"@type\":\"Person\",\"@id\":\"https:\\\/\\\/esp.championforest.org\\\/devotionals\\\/#\\\/schema\\\/person\\\/0d7b32cb6698781087962c699912c666\",\"name\":\"Champion Forest\",\"image\":{\"@type\":\"ImageObject\",\"inLanguage\":\"en-US\",\"@id\":\"https:\\\/\\\/secure.gravatar.com\\\/avatar\\\/978ba5d6180fa65624708e969f442efde16543b129f0679a2cb301024d170062?s=96&d=mm&r=g\",\"url\":\"https:\\\/\\\/secure.gravatar.com\\\/avatar\\\/978ba5d6180fa65624708e969f442efde16543b129f0679a2cb301024d170062?s=96&d=mm&r=g\",\"contentUrl\":\"https:\\\/\\\/secure.gravatar.com\\\/avatar\\\/978ba5d6180fa65624708e969f442efde16543b129f0679a2cb301024d170062?s=96&d=mm&r=g\",\"caption\":\"Champion Forest\"},\"url\":\"https:\\\/\\\/esp.championforest.org\\\/devotionals\\\/author\\\/cfbcms_admin\\\/\"}]}<\/script>\n<!-- \/ Yoast SEO plugin. -->","yoast_head_json":{"title":"D\u00eda Dos | El Libro de Hechos - Devocionales","robots":{"index":"index","follow":"follow","max-snippet":"max-snippet:-1","max-image-preview":"max-image-preview:large","max-video-preview":"max-video-preview:-1"},"canonical":"https:\/\/esp.championforest.org\/devotionals\/1-9-2024\/","og_locale":"en_US","og_type":"article","og_title":"D\u00eda Dos | El Libro de Hechos - Devocionales","og_description":"Devocional por Garrett Hall Hechos 2 La venida del Esp\u00edritu Santo 2&nbsp;Cuando lleg\u00f3 el d\u00eda de Pentecost\u00e9s,&nbsp;estaban todos un\u00e1nimes juntos.&nbsp;2&nbsp;Y de repente vino del cielo un estruendo como de un viento recio que soplaba, el cual llen\u00f3 toda la casa donde estaban sentados;&nbsp;3&nbsp;y se les aparecieron lenguas repartidas, como de fuego, asent\u00e1ndose sobre cada uno &hellip; Continue reading D\u00eda Dos | El Libro de Hechos","og_url":"https:\/\/esp.championforest.org\/devotionals\/1-9-2024\/","og_site_name":"Devocionales","article_published_time":"2024-01-09T06:03:27+00:00","og_image":[{"width":1080,"height":581,"url":"https:\/\/esp.championforest.org\/devotionals\/wp-content\/uploads\/2023\/12\/Acts-BG.jpg","type":"image\/jpeg"}],"author":"Champion Forest","twitter_card":"summary_large_image","twitter_misc":{"Written by":"Champion Forest","Est. reading time":"6 minutes"},"schema":{"@context":"https:\/\/schema.org","@graph":[{"@type":"Article","@id":"https:\/\/esp.championforest.org\/devotionals\/1-9-2024\/#article","isPartOf":{"@id":"https:\/\/esp.championforest.org\/devotionals\/1-9-2024\/"},"author":{"name":"Champion Forest","@id":"https:\/\/esp.championforest.org\/devotionals\/#\/schema\/person\/0d7b32cb6698781087962c699912c666"},"headline":"D\u00eda Dos | El Libro de Hechos","datePublished":"2024-01-09T06:03:27+00:00","mainEntityOfPage":{"@id":"https:\/\/esp.championforest.org\/devotionals\/1-9-2024\/"},"wordCount":1451,"commentCount":4,"image":{"@id":"https:\/\/esp.championforest.org\/devotionals\/1-9-2024\/#primaryimage"},"thumbnailUrl":"https:\/\/esp.championforest.org\/devotionals\/wp-content\/uploads\/2023\/12\/Acts-BG.jpg","keywords":["Hechos"],"articleSection":["Devocionales","Hechos"],"inLanguage":"en-US","potentialAction":[{"@type":"CommentAction","name":"Comment","target":["https:\/\/esp.championforest.org\/devotionals\/1-9-2024\/#respond"]}]},{"@type":"WebPage","@id":"https:\/\/esp.championforest.org\/devotionals\/1-9-2024\/","url":"https:\/\/esp.championforest.org\/devotionals\/1-9-2024\/","name":"D\u00eda Dos | El Libro de Hechos - Devocionales","isPartOf":{"@id":"https:\/\/esp.championforest.org\/devotionals\/#website"},"primaryImageOfPage":{"@id":"https:\/\/esp.championforest.org\/devotionals\/1-9-2024\/#primaryimage"},"image":{"@id":"https:\/\/esp.championforest.org\/devotionals\/1-9-2024\/#primaryimage"},"thumbnailUrl":"https:\/\/esp.championforest.org\/devotionals\/wp-content\/uploads\/2023\/12\/Acts-BG.jpg","datePublished":"2024-01-09T06:03:27+00:00","author":{"@id":"https:\/\/esp.championforest.org\/devotionals\/#\/schema\/person\/0d7b32cb6698781087962c699912c666"},"breadcrumb":{"@id":"https:\/\/esp.championforest.org\/devotionals\/1-9-2024\/#breadcrumb"},"inLanguage":"en-US","potentialAction":[{"@type":"ReadAction","target":["https:\/\/esp.championforest.org\/devotionals\/1-9-2024\/"]}]},{"@type":"ImageObject","inLanguage":"en-US","@id":"https:\/\/esp.championforest.org\/devotionals\/1-9-2024\/#primaryimage","url":"https:\/\/esp.championforest.org\/devotionals\/wp-content\/uploads\/2023\/12\/Acts-BG.jpg","contentUrl":"https:\/\/esp.championforest.org\/devotionals\/wp-content\/uploads\/2023\/12\/Acts-BG.jpg","width":1080,"height":581},{"@type":"BreadcrumbList","@id":"https:\/\/esp.championforest.org\/devotionals\/1-9-2024\/#breadcrumb","itemListElement":[{"@type":"ListItem","position":1,"name":"Casa","item":"https:\/\/esp.championforest.org\/devotionals\/"},{"@type":"ListItem","position":2,"name":"D\u00eda Dos | El Libro de Hechos"}]},{"@type":"WebSite","@id":"https:\/\/esp.championforest.org\/devotionals\/#website","url":"https:\/\/esp.championforest.org\/devotionals\/","name":"Devocionales","description":"","potentialAction":[{"@type":"SearchAction","target":{"@type":"EntryPoint","urlTemplate":"https:\/\/esp.championforest.org\/devotionals\/?s={search_term_string}"},"query-input":{"@type":"PropertyValueSpecification","valueRequired":true,"valueName":"search_term_string"}}],"inLanguage":"en-US"},{"@type":"Person","@id":"https:\/\/esp.championforest.org\/devotionals\/#\/schema\/person\/0d7b32cb6698781087962c699912c666","name":"Champion Forest","image":{"@type":"ImageObject","inLanguage":"en-US","@id":"https:\/\/secure.gravatar.com\/avatar\/978ba5d6180fa65624708e969f442efde16543b129f0679a2cb301024d170062?s=96&d=mm&r=g","url":"https:\/\/secure.gravatar.com\/avatar\/978ba5d6180fa65624708e969f442efde16543b129f0679a2cb301024d170062?s=96&d=mm&r=g","contentUrl":"https:\/\/secure.gravatar.com\/avatar\/978ba5d6180fa65624708e969f442efde16543b129f0679a2cb301024d170062?s=96&d=mm&r=g","caption":"Champion Forest"},"url":"https:\/\/esp.championforest.org\/devotionals\/author\/cfbcms_admin\/"}]}},"_links":{"self":[{"href":"https:\/\/esp.championforest.org\/devotionals\/wp-json\/wp\/v2\/posts\/1844","targetHints":{"allow":["GET"]}}],"collection":[{"href":"https:\/\/esp.championforest.org\/devotionals\/wp-json\/wp\/v2\/posts"}],"about":[{"href":"https:\/\/esp.championforest.org\/devotionals\/wp-json\/wp\/v2\/types\/post"}],"author":[{"embeddable":true,"href":"https:\/\/esp.championforest.org\/devotionals\/wp-json\/wp\/v2\/users\/2"}],"replies":[{"embeddable":true,"href":"https:\/\/esp.championforest.org\/devotionals\/wp-json\/wp\/v2\/comments?post=1844"}],"version-history":[{"count":9,"href":"https:\/\/esp.championforest.org\/devotionals\/wp-json\/wp\/v2\/posts\/1844\/revisions"}],"predecessor-version":[{"id":1902,"href":"https:\/\/esp.championforest.org\/devotionals\/wp-json\/wp\/v2\/posts\/1844\/revisions\/1902"}],"wp:featuredmedia":[{"embeddable":true,"href":"https:\/\/esp.championforest.org\/devotionals\/wp-json\/wp\/v2\/media\/1834"}],"wp:attachment":[{"href":"https:\/\/esp.championforest.org\/devotionals\/wp-json\/wp\/v2\/media?parent=1844"}],"wp:term":[{"taxonomy":"category","embeddable":true,"href":"https:\/\/esp.championforest.org\/devotionals\/wp-json\/wp\/v2\/categories?post=1844"},{"taxonomy":"post_tag","embeddable":true,"href":"https:\/\/esp.championforest.org\/devotionals\/wp-json\/wp\/v2\/tags?post=1844"}],"curies":[{"name":"wp","href":"https:\/\/api.w.org\/{rel}","templated":true}]}}