{"id":1819,"date":"2023-04-09T00:01:25","date_gmt":"2023-04-09T05:01:25","guid":{"rendered":"https:\/\/esp.championforest.org\/devotionals\/?p=1819"},"modified":"2023-04-06T14:38:46","modified_gmt":"2023-04-06T19:38:46","slug":"4-9-2023","status":"publish","type":"post","link":"https:\/\/esp.championforest.org\/devotionals\/4-9-2023\/","title":{"rendered":"Mar\u00eda Magdalena | Semana Santa 2023"},"content":{"rendered":"\n<div class=\"wp-block-stackable-heading stk-block-heading stk-block stk-2e2e891\" data-block-id=\"2e2e891\"><h4 class=\"stk-block-heading__text\">D\u00eda 8: <strong><strong><strong><strong>Mar\u00eda Magdalen<\/strong>s<\/strong><\/strong><\/strong><\/h4><\/div>\n\n\n\n<p><strong><strong>Abigail O&#8217;Neel<\/strong><\/strong><\/p>\n\n\n\n<div class=\"wp-block-stackable-hero stk-block-hero stk-block stk-20c89d2\" data-block-id=\"20c89d2\"><style>.stk-20c89d2-container{background-color:#f7f7f7 !important}.stk-20c89d2-container:before{background-color:#f7f7f7 !important}.stk-20c89d2 .stk-block-hero__content{min-height:24px !important;display:flex !important}.stk-20c89d2 .stk-block-hero__content{align-items:center !important}<\/style><div class=\"stk-block-hero__content stk-content-align stk-20c89d2-column stk-container stk-20c89d2-container stk-hover-parent\"><div class=\"stk-block-content stk-inner-blocks has-text-align-center\">\n<p class=\"has-text-align-left\"><strong>Lea Juan 20:11-18<\/strong><\/p>\n\n\n\n<p class=\"has-text-align-left\">11 pero Mar\u00eda se qued\u00f3 afuera, llorando junto al sepulcro. Mientras lloraba, se inclin\u00f3 para mirar dentro del sepulcro, 12 y vio a dos \u00e1ngeles vestidos de blanco, sentados donde hab\u00eda estado el cuerpo de Jes\u00fas, uno a la cabecera y otro a los pies. 13 \u2014\u00bfPor qu\u00e9 lloras, mujer? \u2014le preguntaron los \u00e1ngeles. \u2014Es que se han llevado a mi Se\u00f1or, y no s\u00e9 d\u00f3nde lo han puesto \u2014les respondi\u00f3. 14 Apenas dijo esto, volvi\u00f3 la mirada y all\u00ed vio a Jes\u00fas de pie, aunque no sab\u00eda que era \u00e9l. 15 Jes\u00fas le dijo: \u2014\u00bfPor qu\u00e9 lloras, mujer? \u00bfA qui\u00e9n buscas? Ella, pensando que se trataba del que cuidaba el huerto, le dijo: \u2014Se\u00f1or, si usted se lo ha llevado, d\u00edgame d\u00f3nde lo ha puesto, y yo ir\u00e9 por \u00e9l. 16 \u2014Mar\u00eda \u2014le dijo Jes\u00fas. Ella se volvi\u00f3 y exclam\u00f3: \u2014\u00a1Raboni! (que en arameo significa: Maestro). 17 \u2014Su\u00e9ltame, porque todav\u00eda no he vuelto al Padre. Ve m\u00e1s bien a mis hermanos y diles: \u201cVuelvo a mi Padre, que es Padre de ustedes; a mi Dios, que es Dios de ustedes\u201d. 18 Mar\u00eda Magdalena fue a darles la noticia a los disc\u00edpulos. \u201c\u00a1He visto al Se\u00f1or!\u201d, exclamaba, y les contaba lo que \u00e9l le hab\u00eda dicho.<\/p>\n<\/div><\/div><\/div>\n\n\n\n<p><strong>Devocional<\/strong><\/p>\n\n\n\n<p>Es probable que no comiences una relaci\u00f3n \u00edntima con alguien sin antes crecer en el conocimiento de qui\u00e9n es. La mayor\u00eda de las personas ven la cercan\u00eda como un requisito previo para la familiaridad y, en la mayor\u00eda de las situaciones, creo que esta es una forma saludable de relacionarse.<\/p>\n\n\n\n<p>Mar\u00eda Magdalena se encuentra llorando frente a la entrada de la tumba donde yac\u00eda su Salvador. El mismo Salvador del que nos dice Lucas la libr\u00f3 de siete demonios (Lucas 8:2). Su llanto solo se intensifica cuando nota que el cuerpo de su Salvador ha sido movido. Los \u00e1ngeles preguntan por su llanto, a lo que ella responde: \u201cSe han llevado a mi Se\u00f1or, y no s\u00e9 d\u00f3nde lo han puesto\u201d.<\/p>\n\n\n\n<p>Mi se\u00f1or. Para Mar\u00eda, Jes\u00fas no era simplemente el Se\u00f1or, un se\u00f1or o incluso el Se\u00f1or de Israel. \u00c9l era su Se\u00f1or. Ella lo conoc\u00eda profundamente. Ella lo hab\u00eda seguido desde Galilea (Mateo 27:57) hasta la cruz (Juan 19:25) y ahora hasta la tumba. Este profundo amor por su Se\u00f1or, la llev\u00f3 a donde \u00c9l estaba, y por eso se convirti\u00f3 en una de las primeras en verlo vivo. Por supuesto, ella no lo reconoce al principio. Tal vez eso se deba a que, como sugieren algunos te\u00f3logos, sus l\u00e1grimas y el dolor le bloquearon su capacidad de ver qui\u00e9n estaba tan claramente frente a ella.&nbsp; Mas, sin embargo, cuando Jes\u00fas la llama por su nombre \u201cMar\u00eda\u201d, ella inmediatamente responde \u201c\u00a1Rabboni!\u201d y se aferra a \u00c9l. Como ovejas que reconocen la voz de su pastor, Mar\u00eda reconoci\u00f3 la voz de su Salvador.<\/p>\n\n\n\n<p>Jes\u00fas era el amado Se\u00f1or de Mar\u00eda, cuya muerte le rompi\u00f3 el coraz\u00f3n. \u00c9l era su Salvador, quien la libr\u00f3 de las tinieblas. \u00c9l fue su maestro (\u201c\u00a1Rabboni!\u201d), quien le ense\u00f1\u00f3 mientras a\u00fan estaba en Galilea (Lucas 24:6). Y ahora, al reconocerlo, Jes\u00fas se convirti\u00f3 en su hermano y en el que la comisiona (Juan 20:17-18). \u201cVe a mis hermanos y diles\u201d, ordena Jes\u00fas a Mar\u00eda, y ella se dirige obedientemente a los hermanos, proclamando: \u201c\u00a1He visto al Se\u00f1or!\u201d.<\/p>\n\n\n\n<p><strong>Preguntas<\/strong><\/p>\n\n\n\n<p>1. Como Mar\u00eda Magdalena, \u00bfpuedes decir con confianza que Jesucristo es tu Se\u00f1or?<\/p>\n\n\n\n<p>2. \u00bfHay alguien en tu vida a quien necesites ir obedientemente y proclamar: \u201cHe visto al Se\u00f1or\u201d?<\/p>\n\n\n\n<p>3. \u00bfEs tu amor por el Se\u00f1or tan \u00edntimo que deseas estar donde \u00c9l est\u00e1? \u00bfC\u00f3mo puedes despertar diariamente un afecto tan \u00edntimo por \u00c9l?<\/p>\n\n\n\n<p><strong>Para leer<\/strong><\/p>\n\n\n\n<p>En Lucas 8:1-3, aprendemos que varias mujeres estaban entre los seguidores de Jes\u00fas. Consulte este art\u00edculo de <a href=\"https:\/\/www.thegospelcoalition.org\/article\/female-disciples\/\">https:\/\/www.thegospelcoalition.org\/article\/female-disciples\/<\/a> para obtener m\u00e1s informaci\u00f3n sobre dos de estas mujeres que siguieron a Jes\u00fas.<\/p>\n","protected":false},"excerpt":{"rendered":"<p>D\u00eda 8: Mar\u00eda Magdalens Abigail O&#8217;Neel Lea Juan 20:11-18 11 pero Mar\u00eda se qued\u00f3 afuera, llorando junto al sepulcro. Mientras lloraba, se inclin\u00f3 para mirar dentro del sepulcro, 12 y vio a dos \u00e1ngeles vestidos de blanco, sentados donde hab\u00eda estado el cuerpo de Jes\u00fas, uno a la cabecera y otro a los pies. 13 &hellip; <a href=\"https:\/\/esp.championforest.org\/devotionals\/4-9-2023\/\" class=\"more-link\">Continue reading <span class=\"screen-reader-text\">Mar\u00eda Magdalena | Semana Santa 2023<\/span><\/a><\/p>\n","protected":false},"author":2,"featured_media":0,"comment_status":"open","ping_status":"closed","sticky":false,"template":"","format":"standard","meta":{"footnotes":""},"categories":[6,5],"tags":[27],"class_list":["post-1819","post","type-post","status-publish","format-standard","hentry","category-devocionales","category-semana-santa","tag-semana-santa-2023"],"featured_image_urls_v2":{"full":"","thumbnail":"","medium":"","medium_large":"","large":"","1536x1536":"","2048x2048":"","post-thumbnail":""},"post_excerpt_stackable_v2":"<p>D\u00eda 8: Mar\u00eda Magdalens Abigail O&#8217;Neel Lea Juan 20:11-18 11 pero Mar\u00eda se qued\u00f3 afuera, llorando junto al sepulcro. Mientras lloraba, se inclin\u00f3 para mirar dentro del sepulcro, 12 y vio a dos \u00e1ngeles vestidos de blanco, sentados donde hab\u00eda estado el cuerpo de Jes\u00fas, uno a la cabecera y otro a los pies. 13 \u2014\u00bfPor qu\u00e9 lloras, mujer? \u2014le preguntaron los \u00e1ngeles. \u2014Es que se han llevado a mi Se\u00f1or, y no s\u00e9 d\u00f3nde lo han puesto \u2014les respondi\u00f3. 14 Apenas dijo esto, volvi\u00f3 la mirada y all\u00ed vio a Jes\u00fas de pie, aunque no sab\u00eda que era \u00e9l.&hellip;<\/p>\n","category_list_v2":"<a href=\"https:\/\/esp.championforest.org\/devotionals\/category\/devocionales\/\" rel=\"category tag\">Devocionales<\/a>, <a href=\"https:\/\/esp.championforest.org\/devotionals\/category\/semana-santa\/\" rel=\"category tag\">Semana Santa<\/a>","author_info_v2":{"name":"Champion Forest","url":"https:\/\/esp.championforest.org\/devotionals\/author\/cfbcms_admin\/"},"comments_num_v2":"3 comments","yoast_head":"<!-- This site is optimized with the Yoast SEO plugin v27.3 - https:\/\/yoast.com\/product\/yoast-seo-wordpress\/ -->\n<title>Mar\u00eda Magdalena | Semana Santa 2023 - Devocionales<\/title>\n<meta name=\"robots\" content=\"index, follow, max-snippet:-1, max-image-preview:large, max-video-preview:-1\" \/>\n<link rel=\"canonical\" href=\"https:\/\/esp.championforest.org\/devotionals\/4-9-2023\/\" \/>\n<meta property=\"og:locale\" content=\"en_US\" \/>\n<meta property=\"og:type\" content=\"article\" \/>\n<meta property=\"og:title\" content=\"Mar\u00eda Magdalena | Semana Santa 2023 - Devocionales\" \/>\n<meta property=\"og:description\" content=\"D\u00eda 8: Mar\u00eda Magdalens Abigail O&#8217;Neel Lea Juan 20:11-18 11 pero Mar\u00eda se qued\u00f3 afuera, llorando junto al sepulcro. Mientras lloraba, se inclin\u00f3 para mirar dentro del sepulcro, 12 y vio a dos \u00e1ngeles vestidos de blanco, sentados donde hab\u00eda estado el cuerpo de Jes\u00fas, uno a la cabecera y otro a los pies. 13 &hellip; Continue reading Mar\u00eda Magdalena | Semana Santa 2023\" \/>\n<meta property=\"og:url\" content=\"https:\/\/esp.championforest.org\/devotionals\/4-9-2023\/\" \/>\n<meta property=\"og:site_name\" content=\"Devocionales\" \/>\n<meta property=\"article:published_time\" content=\"2023-04-09T05:01:25+00:00\" \/>\n<meta name=\"author\" content=\"Champion Forest\" \/>\n<meta name=\"twitter:card\" content=\"summary_large_image\" \/>\n<meta name=\"twitter:label1\" content=\"Written by\" \/>\n\t<meta name=\"twitter:data1\" content=\"Champion Forest\" \/>\n\t<meta name=\"twitter:label2\" content=\"Est. reading time\" \/>\n\t<meta name=\"twitter:data2\" content=\"3 minutes\" \/>\n<script type=\"application\/ld+json\" class=\"yoast-schema-graph\">{\"@context\":\"https:\\\/\\\/schema.org\",\"@graph\":[{\"@type\":\"Article\",\"@id\":\"https:\\\/\\\/esp.championforest.org\\\/devotionals\\\/4-9-2023\\\/#article\",\"isPartOf\":{\"@id\":\"https:\\\/\\\/esp.championforest.org\\\/devotionals\\\/4-9-2023\\\/\"},\"author\":{\"name\":\"Champion Forest\",\"@id\":\"https:\\\/\\\/esp.championforest.org\\\/devotionals\\\/#\\\/schema\\\/person\\\/0d7b32cb6698781087962c699912c666\"},\"headline\":\"Mar\u00eda Magdalena | Semana Santa 2023\",\"datePublished\":\"2023-04-09T05:01:25+00:00\",\"mainEntityOfPage\":{\"@id\":\"https:\\\/\\\/esp.championforest.org\\\/devotionals\\\/4-9-2023\\\/\"},\"wordCount\":710,\"commentCount\":3,\"keywords\":[\"Semana Santa 2023\"],\"articleSection\":[\"Devocionales\",\"Semana Santa\"],\"inLanguage\":\"en-US\",\"potentialAction\":[{\"@type\":\"CommentAction\",\"name\":\"Comment\",\"target\":[\"https:\\\/\\\/esp.championforest.org\\\/devotionals\\\/4-9-2023\\\/#respond\"]}]},{\"@type\":\"WebPage\",\"@id\":\"https:\\\/\\\/esp.championforest.org\\\/devotionals\\\/4-9-2023\\\/\",\"url\":\"https:\\\/\\\/esp.championforest.org\\\/devotionals\\\/4-9-2023\\\/\",\"name\":\"Mar\u00eda Magdalena | Semana Santa 2023 - Devocionales\",\"isPartOf\":{\"@id\":\"https:\\\/\\\/esp.championforest.org\\\/devotionals\\\/#website\"},\"datePublished\":\"2023-04-09T05:01:25+00:00\",\"author\":{\"@id\":\"https:\\\/\\\/esp.championforest.org\\\/devotionals\\\/#\\\/schema\\\/person\\\/0d7b32cb6698781087962c699912c666\"},\"breadcrumb\":{\"@id\":\"https:\\\/\\\/esp.championforest.org\\\/devotionals\\\/4-9-2023\\\/#breadcrumb\"},\"inLanguage\":\"en-US\",\"potentialAction\":[{\"@type\":\"ReadAction\",\"target\":[\"https:\\\/\\\/esp.championforest.org\\\/devotionals\\\/4-9-2023\\\/\"]}]},{\"@type\":\"BreadcrumbList\",\"@id\":\"https:\\\/\\\/esp.championforest.org\\\/devotionals\\\/4-9-2023\\\/#breadcrumb\",\"itemListElement\":[{\"@type\":\"ListItem\",\"position\":1,\"name\":\"Casa\",\"item\":\"https:\\\/\\\/esp.championforest.org\\\/devotionals\\\/\"},{\"@type\":\"ListItem\",\"position\":2,\"name\":\"Mar\u00eda Magdalena | Semana Santa 2023\"}]},{\"@type\":\"WebSite\",\"@id\":\"https:\\\/\\\/esp.championforest.org\\\/devotionals\\\/#website\",\"url\":\"https:\\\/\\\/esp.championforest.org\\\/devotionals\\\/\",\"name\":\"Devocionales\",\"description\":\"\",\"potentialAction\":[{\"@type\":\"SearchAction\",\"target\":{\"@type\":\"EntryPoint\",\"urlTemplate\":\"https:\\\/\\\/esp.championforest.org\\\/devotionals\\\/?s={search_term_string}\"},\"query-input\":{\"@type\":\"PropertyValueSpecification\",\"valueRequired\":true,\"valueName\":\"search_term_string\"}}],\"inLanguage\":\"en-US\"},{\"@type\":\"Person\",\"@id\":\"https:\\\/\\\/esp.championforest.org\\\/devotionals\\\/#\\\/schema\\\/person\\\/0d7b32cb6698781087962c699912c666\",\"name\":\"Champion Forest\",\"image\":{\"@type\":\"ImageObject\",\"inLanguage\":\"en-US\",\"@id\":\"https:\\\/\\\/secure.gravatar.com\\\/avatar\\\/978ba5d6180fa65624708e969f442efde16543b129f0679a2cb301024d170062?s=96&d=mm&r=g\",\"url\":\"https:\\\/\\\/secure.gravatar.com\\\/avatar\\\/978ba5d6180fa65624708e969f442efde16543b129f0679a2cb301024d170062?s=96&d=mm&r=g\",\"contentUrl\":\"https:\\\/\\\/secure.gravatar.com\\\/avatar\\\/978ba5d6180fa65624708e969f442efde16543b129f0679a2cb301024d170062?s=96&d=mm&r=g\",\"caption\":\"Champion Forest\"},\"url\":\"https:\\\/\\\/esp.championforest.org\\\/devotionals\\\/author\\\/cfbcms_admin\\\/\"}]}<\/script>\n<!-- \/ Yoast SEO plugin. -->","yoast_head_json":{"title":"Mar\u00eda Magdalena | Semana Santa 2023 - Devocionales","robots":{"index":"index","follow":"follow","max-snippet":"max-snippet:-1","max-image-preview":"max-image-preview:large","max-video-preview":"max-video-preview:-1"},"canonical":"https:\/\/esp.championforest.org\/devotionals\/4-9-2023\/","og_locale":"en_US","og_type":"article","og_title":"Mar\u00eda Magdalena | Semana Santa 2023 - Devocionales","og_description":"D\u00eda 8: Mar\u00eda Magdalens Abigail O&#8217;Neel Lea Juan 20:11-18 11 pero Mar\u00eda se qued\u00f3 afuera, llorando junto al sepulcro. Mientras lloraba, se inclin\u00f3 para mirar dentro del sepulcro, 12 y vio a dos \u00e1ngeles vestidos de blanco, sentados donde hab\u00eda estado el cuerpo de Jes\u00fas, uno a la cabecera y otro a los pies. 13 &hellip; Continue reading Mar\u00eda Magdalena | Semana Santa 2023","og_url":"https:\/\/esp.championforest.org\/devotionals\/4-9-2023\/","og_site_name":"Devocionales","article_published_time":"2023-04-09T05:01:25+00:00","author":"Champion Forest","twitter_card":"summary_large_image","twitter_misc":{"Written by":"Champion Forest","Est. reading time":"3 minutes"},"schema":{"@context":"https:\/\/schema.org","@graph":[{"@type":"Article","@id":"https:\/\/esp.championforest.org\/devotionals\/4-9-2023\/#article","isPartOf":{"@id":"https:\/\/esp.championforest.org\/devotionals\/4-9-2023\/"},"author":{"name":"Champion Forest","@id":"https:\/\/esp.championforest.org\/devotionals\/#\/schema\/person\/0d7b32cb6698781087962c699912c666"},"headline":"Mar\u00eda Magdalena | Semana Santa 2023","datePublished":"2023-04-09T05:01:25+00:00","mainEntityOfPage":{"@id":"https:\/\/esp.championforest.org\/devotionals\/4-9-2023\/"},"wordCount":710,"commentCount":3,"keywords":["Semana Santa 2023"],"articleSection":["Devocionales","Semana Santa"],"inLanguage":"en-US","potentialAction":[{"@type":"CommentAction","name":"Comment","target":["https:\/\/esp.championforest.org\/devotionals\/4-9-2023\/#respond"]}]},{"@type":"WebPage","@id":"https:\/\/esp.championforest.org\/devotionals\/4-9-2023\/","url":"https:\/\/esp.championforest.org\/devotionals\/4-9-2023\/","name":"Mar\u00eda Magdalena | Semana Santa 2023 - Devocionales","isPartOf":{"@id":"https:\/\/esp.championforest.org\/devotionals\/#website"},"datePublished":"2023-04-09T05:01:25+00:00","author":{"@id":"https:\/\/esp.championforest.org\/devotionals\/#\/schema\/person\/0d7b32cb6698781087962c699912c666"},"breadcrumb":{"@id":"https:\/\/esp.championforest.org\/devotionals\/4-9-2023\/#breadcrumb"},"inLanguage":"en-US","potentialAction":[{"@type":"ReadAction","target":["https:\/\/esp.championforest.org\/devotionals\/4-9-2023\/"]}]},{"@type":"BreadcrumbList","@id":"https:\/\/esp.championforest.org\/devotionals\/4-9-2023\/#breadcrumb","itemListElement":[{"@type":"ListItem","position":1,"name":"Casa","item":"https:\/\/esp.championforest.org\/devotionals\/"},{"@type":"ListItem","position":2,"name":"Mar\u00eda Magdalena | Semana Santa 2023"}]},{"@type":"WebSite","@id":"https:\/\/esp.championforest.org\/devotionals\/#website","url":"https:\/\/esp.championforest.org\/devotionals\/","name":"Devocionales","description":"","potentialAction":[{"@type":"SearchAction","target":{"@type":"EntryPoint","urlTemplate":"https:\/\/esp.championforest.org\/devotionals\/?s={search_term_string}"},"query-input":{"@type":"PropertyValueSpecification","valueRequired":true,"valueName":"search_term_string"}}],"inLanguage":"en-US"},{"@type":"Person","@id":"https:\/\/esp.championforest.org\/devotionals\/#\/schema\/person\/0d7b32cb6698781087962c699912c666","name":"Champion Forest","image":{"@type":"ImageObject","inLanguage":"en-US","@id":"https:\/\/secure.gravatar.com\/avatar\/978ba5d6180fa65624708e969f442efde16543b129f0679a2cb301024d170062?s=96&d=mm&r=g","url":"https:\/\/secure.gravatar.com\/avatar\/978ba5d6180fa65624708e969f442efde16543b129f0679a2cb301024d170062?s=96&d=mm&r=g","contentUrl":"https:\/\/secure.gravatar.com\/avatar\/978ba5d6180fa65624708e969f442efde16543b129f0679a2cb301024d170062?s=96&d=mm&r=g","caption":"Champion Forest"},"url":"https:\/\/esp.championforest.org\/devotionals\/author\/cfbcms_admin\/"}]}},"_links":{"self":[{"href":"https:\/\/esp.championforest.org\/devotionals\/wp-json\/wp\/v2\/posts\/1819","targetHints":{"allow":["GET"]}}],"collection":[{"href":"https:\/\/esp.championforest.org\/devotionals\/wp-json\/wp\/v2\/posts"}],"about":[{"href":"https:\/\/esp.championforest.org\/devotionals\/wp-json\/wp\/v2\/types\/post"}],"author":[{"embeddable":true,"href":"https:\/\/esp.championforest.org\/devotionals\/wp-json\/wp\/v2\/users\/2"}],"replies":[{"embeddable":true,"href":"https:\/\/esp.championforest.org\/devotionals\/wp-json\/wp\/v2\/comments?post=1819"}],"version-history":[{"count":2,"href":"https:\/\/esp.championforest.org\/devotionals\/wp-json\/wp\/v2\/posts\/1819\/revisions"}],"predecessor-version":[{"id":1821,"href":"https:\/\/esp.championforest.org\/devotionals\/wp-json\/wp\/v2\/posts\/1819\/revisions\/1821"}],"wp:attachment":[{"href":"https:\/\/esp.championforest.org\/devotionals\/wp-json\/wp\/v2\/media?parent=1819"}],"wp:term":[{"taxonomy":"category","embeddable":true,"href":"https:\/\/esp.championforest.org\/devotionals\/wp-json\/wp\/v2\/categories?post=1819"},{"taxonomy":"post_tag","embeddable":true,"href":"https:\/\/esp.championforest.org\/devotionals\/wp-json\/wp\/v2\/tags?post=1819"}],"curies":[{"name":"wp","href":"https:\/\/api.w.org\/{rel}","templated":true}]}}