{"id":1808,"date":"2023-04-06T00:01:37","date_gmt":"2023-04-06T05:01:37","guid":{"rendered":"https:\/\/esp.championforest.org\/devotionals\/?p=1808"},"modified":"2023-04-05T12:16:56","modified_gmt":"2023-04-05T17:16:56","slug":"4-6-2023","status":"publish","type":"post","link":"https:\/\/esp.championforest.org\/devotionals\/4-6-2023\/","title":{"rendered":"Pilato | Semana Santa 2023"},"content":{"rendered":"\n<div class=\"wp-block-stackable-heading stk-block-heading stk-block stk-2e2e891\" data-block-id=\"2e2e891\"><h4 class=\"stk-block-heading__text\">D\u00eda 5: <strong>Pilato <\/strong><\/h4><\/div>\n\n\n\n<p>Mark Lanier<\/p>\n\n\n\n<div class=\"wp-block-stackable-hero stk-block-hero stk-block stk-20c89d2\" data-block-id=\"20c89d2\"><style>.stk-20c89d2-container{background-color:#f7f7f7 !important}.stk-20c89d2-container:before{background-color:#f7f7f7 !important}.stk-20c89d2 .stk-block-hero__content{min-height:24px !important;display:flex !important}.stk-20c89d2 .stk-block-hero__content{align-items:center !important}<\/style><div class=\"stk-block-hero__content stk-content-align stk-20c89d2-column stk-container stk-20c89d2-container stk-hover-parent\"><div class=\"stk-block-content stk-inner-blocks has-text-align-center\">\n<p class=\"has-text-align-left\"><strong>Lea Juan 18:37-38a<\/strong><\/p>\n\n\n\n<p class=\"has-text-align-left\">37 \u2014\u00a1As\u00ed que eres rey! \u2014le dijo Pilato. \u2014Eres t\u00fa quien dice que soy rey. Yo para esto nac\u00ed, y para esto vine al mundo: para dar testimonio de la verdad. Todo el que est\u00e1 de parte de la verdad escucha mi voz. 38 \u2014\u00bfY qu\u00e9 es la verdad? \u2014pregunt\u00f3 Pilato.<\/p>\n<\/div><\/div><\/div>\n\n\n\n<p><strong>Devocional<\/strong><\/p>\n\n\n\n<p>Algunas personas tienen la capacidad para ver lo que es obvio. Otros, no logran verlo, aunque lo tengan en sus propias narices. Puse a Pilato en la categor\u00eda de \u201cotros\u201d.<\/p>\n\n\n\n<p>Pilato estaba pasando por su d\u00eda de rutina, habiendo recorrido 75 millas desde su base de operaciones en Cesarea hasta Jerusal\u00e9n para ocuparse de asuntos administrativos. Como procurador de la regi\u00f3n, Pilato estaba a cargo de mantener la paz y administrar el juicio de Roma.<\/p>\n\n\n\n<p>Tratar con Jes\u00fas no estaba en la agenda de Pilato. Jes\u00fas era un tema que acababa de surgir. Ciertas autoridades jud\u00edas estaban bastante molestas con Jes\u00fas y quer\u00edan que Pilato se ocupara de \u00e9l. La forma m\u00e1s f\u00e1cil era pintar a Jes\u00fas como alguien que lideraba una rebeli\u00f3n, alguien que afirmaba ser un rey en oposici\u00f3n a Roma y al C\u00e9sar. Esta acusaci\u00f3n elev\u00f3 a Jes\u00fas a un estado que requer\u00eda la atenci\u00f3n personal de Pilato.<\/p>\n\n\n\n<p>Pilato le pregunt\u00f3 a Jes\u00fas: \u201c\u00bfDe verdad pretendes ser rey?\u201d. Jes\u00fas respondi\u00f3: \u201cEsas son tus palabras. Vine al mundo para dar testimonio de la verdad\u201d. Jes\u00fas agreg\u00f3 que cualquier persona, independientemente de su estatus o ubicaci\u00f3n en el Imperio Romano, que oyera de \u00e9l y le escuchara, ser\u00eda parte de la verdad.<\/p>\n\n\n\n<p>Aqu\u00ed estaba el gran momento de Pilato. Pilato tuvo un encuentro personal con el Hijo de Dios. Pilato tuvo la oportunidad de hacer la pregunta que la mayor\u00eda de los ateos exigen: &#8220;\u00a1Si Dios es real, haz que se me presente y me lo diga!&#8221; Sin embargo, Pilato lo arruin\u00f3. No pod\u00eda ver la verdad que estaba parada justo frente a \u00e9l. Con la oportunidad de dialogar con Dios, de enderezar su vida, de encontrar el perd\u00f3n, de tener una relaci\u00f3n con Dios completamente restaurada, de dar un giro y encontrar la fe, con todas esas oportunidades y m\u00e1s, Pilato la perdi\u00f3. Pilato convirti\u00f3 la oportunidad en una respuesta mon\u00f3tona, desde\u00f1osa, casi c\u00ednica: \u201c\u00bfQu\u00e9 es la verdad?\u201d<\/p>\n\n\n\n<p>La verdad estaba mirando a Pilato a la cara, y \u00e9l no hizo nada con ella. Estaba demasiado ciego para ver lo que estaba justo frente a \u00e9l. \u00bfSer\u00e9 como Pilato?<\/p>\n\n\n\n<p><strong>Preguntas<\/strong><\/p>\n\n\n\n<p>Jes\u00fas est\u00e1 ante m\u00ed en este pasaje hoy. \u00bfLo veo por lo que \u00c9l es?<\/p>\n\n\n\n<p>\u00bfAprovecho este momento para dirigirme a \u00c9l como Dios o tambi\u00e9n lo descarto?<\/p>\n\n\n\n<p><strong>Oraci\u00f3n<\/strong><\/p>\n\n\n\n<p>Se\u00f1or, te abrazo hoy como mi Se\u00f1or, mi Dios y LA VERDAD que necesito en mi vida. Gu\u00edame por amor a tu nombre. En el nombre de Jes\u00fas, am\u00e9n.<\/p>\n","protected":false},"excerpt":{"rendered":"<p>D\u00eda 5: Pilato Mark Lanier Lea Juan 18:37-38a 37 \u2014\u00a1As\u00ed que eres rey! \u2014le dijo Pilato. \u2014Eres t\u00fa quien dice que soy rey. Yo para esto nac\u00ed, y para esto vine al mundo: para dar testimonio de la verdad. Todo el que est\u00e1 de parte de la verdad escucha mi voz. 38 \u2014\u00bfY qu\u00e9 es &hellip; <a href=\"https:\/\/esp.championforest.org\/devotionals\/4-6-2023\/\" class=\"more-link\">Continue reading <span class=\"screen-reader-text\">Pilato | Semana Santa 2023<\/span><\/a><\/p>\n","protected":false},"author":2,"featured_media":0,"comment_status":"open","ping_status":"closed","sticky":false,"template":"","format":"standard","meta":{"footnotes":""},"categories":[6,5],"tags":[27],"class_list":["post-1808","post","type-post","status-publish","format-standard","hentry","category-devocionales","category-semana-santa","tag-semana-santa-2023"],"featured_image_urls_v2":{"full":"","thumbnail":"","medium":"","medium_large":"","large":"","1536x1536":"","2048x2048":"","post-thumbnail":""},"post_excerpt_stackable_v2":"<p>D\u00eda 5: Pilato Mark Lanier Lea Juan 18:37-38a 37 \u2014\u00a1As\u00ed que eres rey! \u2014le dijo Pilato. \u2014Eres t\u00fa quien dice que soy rey. Yo para esto nac\u00ed, y para esto vine al mundo: para dar testimonio de la verdad. Todo el que est\u00e1 de parte de la verdad escucha mi voz. 38 \u2014\u00bfY qu\u00e9 es la verdad? \u2014pregunt\u00f3 Pilato. Devocional Algunas personas tienen la capacidad para ver lo que es obvio. Otros, no logran verlo, aunque lo tengan en sus propias narices. Puse a Pilato en la categor\u00eda de \u201cotros\u201d. Pilato estaba pasando por su d\u00eda de rutina, habiendo recorrido&hellip;<\/p>\n","category_list_v2":"<a href=\"https:\/\/esp.championforest.org\/devotionals\/category\/devocionales\/\" rel=\"category tag\">Devocionales<\/a>, <a href=\"https:\/\/esp.championforest.org\/devotionals\/category\/semana-santa\/\" rel=\"category tag\">Semana Santa<\/a>","author_info_v2":{"name":"Champion Forest","url":"https:\/\/esp.championforest.org\/devotionals\/author\/cfbcms_admin\/"},"comments_num_v2":"1 comment","yoast_head":"<!-- This site is optimized with the Yoast SEO plugin v27.3 - https:\/\/yoast.com\/product\/yoast-seo-wordpress\/ -->\n<title>Pilato | Semana Santa 2023 - Devocionales<\/title>\n<meta name=\"robots\" content=\"index, follow, max-snippet:-1, max-image-preview:large, max-video-preview:-1\" \/>\n<link rel=\"canonical\" href=\"https:\/\/esp.championforest.org\/devotionals\/4-6-2023\/\" \/>\n<meta property=\"og:locale\" content=\"en_US\" \/>\n<meta property=\"og:type\" content=\"article\" \/>\n<meta property=\"og:title\" content=\"Pilato | Semana Santa 2023 - Devocionales\" \/>\n<meta property=\"og:description\" content=\"D\u00eda 5: Pilato Mark Lanier Lea Juan 18:37-38a 37 \u2014\u00a1As\u00ed que eres rey! \u2014le dijo Pilato. \u2014Eres t\u00fa quien dice que soy rey. Yo para esto nac\u00ed, y para esto vine al mundo: para dar testimonio de la verdad. Todo el que est\u00e1 de parte de la verdad escucha mi voz. 38 \u2014\u00bfY qu\u00e9 es &hellip; Continue reading Pilato | Semana Santa 2023\" \/>\n<meta property=\"og:url\" content=\"https:\/\/esp.championforest.org\/devotionals\/4-6-2023\/\" \/>\n<meta property=\"og:site_name\" content=\"Devocionales\" \/>\n<meta property=\"article:published_time\" content=\"2023-04-06T05:01:37+00:00\" \/>\n<meta name=\"author\" content=\"Champion Forest\" \/>\n<meta name=\"twitter:card\" content=\"summary_large_image\" \/>\n<meta name=\"twitter:label1\" content=\"Written by\" \/>\n\t<meta name=\"twitter:data1\" content=\"Champion Forest\" \/>\n\t<meta name=\"twitter:label2\" content=\"Est. reading time\" \/>\n\t<meta name=\"twitter:data2\" content=\"3 minutes\" \/>\n<script type=\"application\/ld+json\" class=\"yoast-schema-graph\">{\"@context\":\"https:\\\/\\\/schema.org\",\"@graph\":[{\"@type\":\"Article\",\"@id\":\"https:\\\/\\\/esp.championforest.org\\\/devotionals\\\/4-6-2023\\\/#article\",\"isPartOf\":{\"@id\":\"https:\\\/\\\/esp.championforest.org\\\/devotionals\\\/4-6-2023\\\/\"},\"author\":{\"name\":\"Champion Forest\",\"@id\":\"https:\\\/\\\/esp.championforest.org\\\/devotionals\\\/#\\\/schema\\\/person\\\/0d7b32cb6698781087962c699912c666\"},\"headline\":\"Pilato | Semana Santa 2023\",\"datePublished\":\"2023-04-06T05:01:37+00:00\",\"mainEntityOfPage\":{\"@id\":\"https:\\\/\\\/esp.championforest.org\\\/devotionals\\\/4-6-2023\\\/\"},\"wordCount\":511,\"commentCount\":1,\"keywords\":[\"Semana Santa 2023\"],\"articleSection\":[\"Devocionales\",\"Semana Santa\"],\"inLanguage\":\"en-US\",\"potentialAction\":[{\"@type\":\"CommentAction\",\"name\":\"Comment\",\"target\":[\"https:\\\/\\\/esp.championforest.org\\\/devotionals\\\/4-6-2023\\\/#respond\"]}]},{\"@type\":\"WebPage\",\"@id\":\"https:\\\/\\\/esp.championforest.org\\\/devotionals\\\/4-6-2023\\\/\",\"url\":\"https:\\\/\\\/esp.championforest.org\\\/devotionals\\\/4-6-2023\\\/\",\"name\":\"Pilato | Semana Santa 2023 - Devocionales\",\"isPartOf\":{\"@id\":\"https:\\\/\\\/esp.championforest.org\\\/devotionals\\\/#website\"},\"datePublished\":\"2023-04-06T05:01:37+00:00\",\"author\":{\"@id\":\"https:\\\/\\\/esp.championforest.org\\\/devotionals\\\/#\\\/schema\\\/person\\\/0d7b32cb6698781087962c699912c666\"},\"breadcrumb\":{\"@id\":\"https:\\\/\\\/esp.championforest.org\\\/devotionals\\\/4-6-2023\\\/#breadcrumb\"},\"inLanguage\":\"en-US\",\"potentialAction\":[{\"@type\":\"ReadAction\",\"target\":[\"https:\\\/\\\/esp.championforest.org\\\/devotionals\\\/4-6-2023\\\/\"]}]},{\"@type\":\"BreadcrumbList\",\"@id\":\"https:\\\/\\\/esp.championforest.org\\\/devotionals\\\/4-6-2023\\\/#breadcrumb\",\"itemListElement\":[{\"@type\":\"ListItem\",\"position\":1,\"name\":\"Casa\",\"item\":\"https:\\\/\\\/esp.championforest.org\\\/devotionals\\\/\"},{\"@type\":\"ListItem\",\"position\":2,\"name\":\"Pilato | Semana Santa 2023\"}]},{\"@type\":\"WebSite\",\"@id\":\"https:\\\/\\\/esp.championforest.org\\\/devotionals\\\/#website\",\"url\":\"https:\\\/\\\/esp.championforest.org\\\/devotionals\\\/\",\"name\":\"Devocionales\",\"description\":\"\",\"potentialAction\":[{\"@type\":\"SearchAction\",\"target\":{\"@type\":\"EntryPoint\",\"urlTemplate\":\"https:\\\/\\\/esp.championforest.org\\\/devotionals\\\/?s={search_term_string}\"},\"query-input\":{\"@type\":\"PropertyValueSpecification\",\"valueRequired\":true,\"valueName\":\"search_term_string\"}}],\"inLanguage\":\"en-US\"},{\"@type\":\"Person\",\"@id\":\"https:\\\/\\\/esp.championforest.org\\\/devotionals\\\/#\\\/schema\\\/person\\\/0d7b32cb6698781087962c699912c666\",\"name\":\"Champion Forest\",\"image\":{\"@type\":\"ImageObject\",\"inLanguage\":\"en-US\",\"@id\":\"https:\\\/\\\/secure.gravatar.com\\\/avatar\\\/978ba5d6180fa65624708e969f442efde16543b129f0679a2cb301024d170062?s=96&d=mm&r=g\",\"url\":\"https:\\\/\\\/secure.gravatar.com\\\/avatar\\\/978ba5d6180fa65624708e969f442efde16543b129f0679a2cb301024d170062?s=96&d=mm&r=g\",\"contentUrl\":\"https:\\\/\\\/secure.gravatar.com\\\/avatar\\\/978ba5d6180fa65624708e969f442efde16543b129f0679a2cb301024d170062?s=96&d=mm&r=g\",\"caption\":\"Champion Forest\"},\"url\":\"https:\\\/\\\/esp.championforest.org\\\/devotionals\\\/author\\\/cfbcms_admin\\\/\"}]}<\/script>\n<!-- \/ Yoast SEO plugin. -->","yoast_head_json":{"title":"Pilato | Semana Santa 2023 - Devocionales","robots":{"index":"index","follow":"follow","max-snippet":"max-snippet:-1","max-image-preview":"max-image-preview:large","max-video-preview":"max-video-preview:-1"},"canonical":"https:\/\/esp.championforest.org\/devotionals\/4-6-2023\/","og_locale":"en_US","og_type":"article","og_title":"Pilato | Semana Santa 2023 - Devocionales","og_description":"D\u00eda 5: Pilato Mark Lanier Lea Juan 18:37-38a 37 \u2014\u00a1As\u00ed que eres rey! \u2014le dijo Pilato. \u2014Eres t\u00fa quien dice que soy rey. Yo para esto nac\u00ed, y para esto vine al mundo: para dar testimonio de la verdad. Todo el que est\u00e1 de parte de la verdad escucha mi voz. 38 \u2014\u00bfY qu\u00e9 es &hellip; Continue reading Pilato | Semana Santa 2023","og_url":"https:\/\/esp.championforest.org\/devotionals\/4-6-2023\/","og_site_name":"Devocionales","article_published_time":"2023-04-06T05:01:37+00:00","author":"Champion Forest","twitter_card":"summary_large_image","twitter_misc":{"Written by":"Champion Forest","Est. reading time":"3 minutes"},"schema":{"@context":"https:\/\/schema.org","@graph":[{"@type":"Article","@id":"https:\/\/esp.championforest.org\/devotionals\/4-6-2023\/#article","isPartOf":{"@id":"https:\/\/esp.championforest.org\/devotionals\/4-6-2023\/"},"author":{"name":"Champion Forest","@id":"https:\/\/esp.championforest.org\/devotionals\/#\/schema\/person\/0d7b32cb6698781087962c699912c666"},"headline":"Pilato | Semana Santa 2023","datePublished":"2023-04-06T05:01:37+00:00","mainEntityOfPage":{"@id":"https:\/\/esp.championforest.org\/devotionals\/4-6-2023\/"},"wordCount":511,"commentCount":1,"keywords":["Semana Santa 2023"],"articleSection":["Devocionales","Semana Santa"],"inLanguage":"en-US","potentialAction":[{"@type":"CommentAction","name":"Comment","target":["https:\/\/esp.championforest.org\/devotionals\/4-6-2023\/#respond"]}]},{"@type":"WebPage","@id":"https:\/\/esp.championforest.org\/devotionals\/4-6-2023\/","url":"https:\/\/esp.championforest.org\/devotionals\/4-6-2023\/","name":"Pilato | Semana Santa 2023 - Devocionales","isPartOf":{"@id":"https:\/\/esp.championforest.org\/devotionals\/#website"},"datePublished":"2023-04-06T05:01:37+00:00","author":{"@id":"https:\/\/esp.championforest.org\/devotionals\/#\/schema\/person\/0d7b32cb6698781087962c699912c666"},"breadcrumb":{"@id":"https:\/\/esp.championforest.org\/devotionals\/4-6-2023\/#breadcrumb"},"inLanguage":"en-US","potentialAction":[{"@type":"ReadAction","target":["https:\/\/esp.championforest.org\/devotionals\/4-6-2023\/"]}]},{"@type":"BreadcrumbList","@id":"https:\/\/esp.championforest.org\/devotionals\/4-6-2023\/#breadcrumb","itemListElement":[{"@type":"ListItem","position":1,"name":"Casa","item":"https:\/\/esp.championforest.org\/devotionals\/"},{"@type":"ListItem","position":2,"name":"Pilato | Semana Santa 2023"}]},{"@type":"WebSite","@id":"https:\/\/esp.championforest.org\/devotionals\/#website","url":"https:\/\/esp.championforest.org\/devotionals\/","name":"Devocionales","description":"","potentialAction":[{"@type":"SearchAction","target":{"@type":"EntryPoint","urlTemplate":"https:\/\/esp.championforest.org\/devotionals\/?s={search_term_string}"},"query-input":{"@type":"PropertyValueSpecification","valueRequired":true,"valueName":"search_term_string"}}],"inLanguage":"en-US"},{"@type":"Person","@id":"https:\/\/esp.championforest.org\/devotionals\/#\/schema\/person\/0d7b32cb6698781087962c699912c666","name":"Champion Forest","image":{"@type":"ImageObject","inLanguage":"en-US","@id":"https:\/\/secure.gravatar.com\/avatar\/978ba5d6180fa65624708e969f442efde16543b129f0679a2cb301024d170062?s=96&d=mm&r=g","url":"https:\/\/secure.gravatar.com\/avatar\/978ba5d6180fa65624708e969f442efde16543b129f0679a2cb301024d170062?s=96&d=mm&r=g","contentUrl":"https:\/\/secure.gravatar.com\/avatar\/978ba5d6180fa65624708e969f442efde16543b129f0679a2cb301024d170062?s=96&d=mm&r=g","caption":"Champion Forest"},"url":"https:\/\/esp.championforest.org\/devotionals\/author\/cfbcms_admin\/"}]}},"_links":{"self":[{"href":"https:\/\/esp.championforest.org\/devotionals\/wp-json\/wp\/v2\/posts\/1808","targetHints":{"allow":["GET"]}}],"collection":[{"href":"https:\/\/esp.championforest.org\/devotionals\/wp-json\/wp\/v2\/posts"}],"about":[{"href":"https:\/\/esp.championforest.org\/devotionals\/wp-json\/wp\/v2\/types\/post"}],"author":[{"embeddable":true,"href":"https:\/\/esp.championforest.org\/devotionals\/wp-json\/wp\/v2\/users\/2"}],"replies":[{"embeddable":true,"href":"https:\/\/esp.championforest.org\/devotionals\/wp-json\/wp\/v2\/comments?post=1808"}],"version-history":[{"count":2,"href":"https:\/\/esp.championforest.org\/devotionals\/wp-json\/wp\/v2\/posts\/1808\/revisions"}],"predecessor-version":[{"id":1810,"href":"https:\/\/esp.championforest.org\/devotionals\/wp-json\/wp\/v2\/posts\/1808\/revisions\/1810"}],"wp:attachment":[{"href":"https:\/\/esp.championforest.org\/devotionals\/wp-json\/wp\/v2\/media?parent=1808"}],"wp:term":[{"taxonomy":"category","embeddable":true,"href":"https:\/\/esp.championforest.org\/devotionals\/wp-json\/wp\/v2\/categories?post=1808"},{"taxonomy":"post_tag","embeddable":true,"href":"https:\/\/esp.championforest.org\/devotionals\/wp-json\/wp\/v2\/tags?post=1808"}],"curies":[{"name":"wp","href":"https:\/\/api.w.org\/{rel}","templated":true}]}}